{"id":6971,"date":"2025-10-10T12:36:48","date_gmt":"2025-10-10T16:36:48","guid":{"rendered":"https:\/\/www.manaus.am.gov.br\/implurb\/reuniao-inovacao-licenciamento-urbano\/"},"modified":"2025-10-10T12:36:48","modified_gmt":"2025-10-10T16:36:48","slug":"reuniao-inovacao-licenciamento-urbano","status":"publish","type":"post","link":"https:\/\/www.manaus.am.gov.br\/implurb\/reuniao-inovacao-licenciamento-urbano\/","title":{"rendered":"Retrofit e Studio s\u00e3o pautas de reuni\u00e3o sobre inova\u00e7\u00e3o em licenciamento urbano da Prefeitura de Manaus"},"content":{"rendered":"\n<p>Propostas que unem preserva\u00e7\u00e3o e modernidade, de um lado, o&nbsp;<em>Retrofit<\/em>, que atualiza edifica\u00e7\u00f5es antigas com tecnologia e efici\u00eancia sem perder sua identidade; e do outro, os&nbsp;<em>Studios<\/em>, modelo de moradia compacta e funcional, voltado a quem busca praticidade em espa\u00e7os otimizados e bem localizados. Esses s\u00e3o dois pontos em discuss\u00e3o para atualiza\u00e7\u00e3o na legisla\u00e7\u00e3o urbana da capital, mediados pela Prefeitura de Manaus, por meio da equipe do Instituto Municipal de Planejamento Urbano (Implurb).<\/p>\n\n\n\n<p>Equipes da Divis\u00e3o de Aprova\u00e7\u00e3o de Projetos (Diap) tem se debru\u00e7ado sobre os temas, fazendo apresenta\u00e7\u00f5es internas sobre \u201cSustentabilidade, Inova\u00e7\u00e3o e Valoriza\u00e7\u00e3o do Patrim\u00f4nio\u201d, voltadas para divulga\u00e7\u00e3o e an\u00e1lise de estudos t\u00e9cnicos sobre tend\u00eancias da constru\u00e7\u00e3o civil.<\/p>\n\n\n\n<p>Os temas, que v\u00eam ganhando destaque no Brasil e no mundo, representam uma transforma\u00e7\u00e3o na forma de morar e construir nas grandes cidades. O&nbsp;<em>retrofit&nbsp;<\/em>prop\u00f5e a moderniza\u00e7\u00e3o de edifica\u00e7\u00f5es antigas, adaptando-as \u00e0s novas demandas de conforto, sustentabilidade e efici\u00eancia. J\u00e1 os&nbsp;<em>studios<\/em>&nbsp;se consolidam como um modelo de moradia pr\u00e1tica e funcional em espa\u00e7os menores e bem integrados, com infraestrutura completa.<\/p>\n\n\n\n<p>De acordo com a engenheira civil Ang\u00e9lica da Silva Moreira, analista da Diap, a ideia \u00e9 incentivar os projetos na cidade, levando \u00e0 valoriza\u00e7\u00e3o imobili\u00e1ria das constru\u00e7\u00f5es que optarem por esse conceito.<\/p>\n\n\n\n<p>\u201cEstamos realizando os estudos t\u00e9cnicos e a proposta \u00e9 refor\u00e7ar o compromisso da prefeitura em estimular solu\u00e7\u00f5es urban\u00edsticas inovadoras e valorizar o desenvolvimento sustent\u00e1vel do espa\u00e7o urbano. Alguns empreendimentos com essas caracter\u00edsticas j\u00e1 est\u00e3o em desenvolvimento na capital, demonstrando o potencial de Manaus para acompanhar as tend\u00eancias da arquitetura e do mercado\u201d, comentou Ang\u00e9lica.<\/p>\n\n\n\n<p><strong>Urbanismo<\/strong><\/p>\n\n\n\n<p>A ideia \u00e9 evoluir os conceitos para uma futura resolu\u00e7\u00e3o urban\u00edstica que aborde o&nbsp;<em>retrofit<\/em>&nbsp;e o&nbsp;<em>studio<\/em>&nbsp;ap\u00f3s uma s\u00e9rie de discuss\u00f5es t\u00e9cnicas e apresenta\u00e7\u00f5es de&nbsp;<em>cases&nbsp;<\/em>e estudos.<\/p>\n\n\n\n<p>\u201cApresentamos os primeiros esbo\u00e7os para a Diretoria de Opera\u00e7\u00f5es e para a presid\u00eancia do Implurb para avan\u00e7ar nos temas, explicando os conceitos e defini\u00e7\u00f5es, assim como mostrando exemplos j\u00e1 em uso em Manaus, no Brasil e em outros pa\u00edses. O objetivo \u00e9 dar in\u00edcio \u00e0 constru\u00e7\u00e3o de uma legisla\u00e7\u00e3o espec\u00edfica que permita uma an\u00e1lise mais precisa e direcionada desses projetos, valorizando e dando maior visibilidade \u00e0 arquitetura local\u201d, disse a arquiteta e urbanista Cl\u00e1udia Brito, tamb\u00e9m da Diap.<\/p>\n\n\n\n<p>Um dos exemplos de&nbsp;<em>retrofit<\/em>&nbsp;em Manaus foi a obra do Casar\u00e3o da Inova\u00e7\u00e3o Cassina, que ficou abandonado por d\u00e9cadas no Centro e hoje se consolida como centro de tecnologia digital e empreendedorismo, com um pr\u00e9dio de 1.586 metros quadrados, quatro andares e que abriga espa\u00e7os de&nbsp;<em>coworking<\/em>&nbsp;e encontros para atores da economia digital.<\/p>\n\n\n\n<p>O&nbsp;<em>retrofit<\/em>&nbsp;busca atender a padr\u00f5es t\u00e9cnicos, est\u00e9ticos e de conforto atuais, sem demolir o edif\u00edcio, modernizando e prolongando a vida \u00fatil de edif\u00edcios antigos; aumentando a efici\u00eancia energ\u00e9tica e funcional; adequando normas atuais de seguran\u00e7a e acessibilidade; valorizando im\u00f3veis hist\u00f3ricos e urbanos; e promovendo a sustentabilidade e economia de recursos.<\/p>\n\n\n\n<p>O\u00a0<em>studio<\/em>\u00a0\u00e9 uma edifica\u00e7\u00e3o compacta com ambientes integrados e poucas divis\u00f3rias, que apenas setoriza os quartos e banheiros. Apesar de pequeno, os ambientes s\u00e3o capazes de comportar com conforto os moradores, sem preju\u00edzos em rela\u00e7\u00e3o ao acolhimento que um lar precisa ter.<\/p>\n\n\n\n<figure class=\"wp-block-image size-large\"><img decoding=\"async\" src=\"https:\/\/www.manaus.am.gov.br\/implurb\/wp-content\/uploads\/sites\/13\/2025\/10\/Reuniao-8-1024x768.jpeg\" alt=\"\" class=\"wp-image-6972\" \/><\/figure>\n\n\n\n<p><strong>&#8212; &#8212; &#8212;&nbsp;<\/strong><\/p>\n\n\n\n<p><strong>Texto \u2013<\/strong>\u00a0Divulga\u00e7\u00e3o\/Implurb<\/p>\n\n\n\n<p><strong>Fotos<\/strong>\u00a0\u2013 Maxwell Oliveira\/Implurb<\/p>\n","protected":false},"excerpt":{"rendered":"","protected":false},"author":39,"featured_media":6973,"comment_status":"closed","ping_status":"closed","sticky":false,"template":"","format":"standard","meta":{"footnotes":""},"categories":[822],"tags":[11,1940,1941,15,1942],"acf":[],"yoast_head":"<!-- This site is optimized with the Yoast SEO plugin v23.0 - https:\/\/yoast.com\/wordpress\/plugins\/seo\/ -->\n<title>Retrofit e Studio s\u00e3o pautas de reuni\u00e3o sobre inova\u00e7\u00e3o em licenciamento urbano<\/title>\n<meta name=\"description\" content=\"Retrofit e Studio s\u00e3o pautas de reuni\u00e3o sobre inova\u00e7\u00e3o em licenciamento urbano da Prefeitura de Manaus, por meio do Implurb.\" \/>\n<meta name=\"robots\" content=\"noindex, follow\" \/>\n<meta property=\"og:locale\" content=\"pt_BR\" \/>\n<meta property=\"og:type\" content=\"article\" \/>\n<meta property=\"og:title\" content=\"Retrofit e Studio s\u00e3o pautas de reuni\u00e3o sobre inova\u00e7\u00e3o em licenciamento urbano\" \/>\n<meta property=\"og:description\" content=\"Retrofit e Studio s\u00e3o pautas de reuni\u00e3o sobre inova\u00e7\u00e3o em licenciamento urbano da Prefeitura de Manaus, por meio do Implurb.\" \/>\n<meta property=\"og:url\" content=\"https:\/\/www.manaus.am.gov.br\/implurb\/reuniao-inovacao-licenciamento-urbano\/\" \/>\n<meta property=\"og:site_name\" content=\"IMPLURB\" \/>\n<meta property=\"article:published_time\" content=\"2025-10-10T16:36:48+00:00\" \/>\n<meta property=\"og:image\" content=\"https:\/\/www.manaus.am.gov.br\/implurb\/wp-content\/uploads\/sites\/13\/2025\/10\/Reuniao-3.jpeg\" \/>\n\t<meta property=\"og:image:width\" content=\"1280\" \/>\n\t<meta property=\"og:image:height\" content=\"960\" \/>\n\t<meta property=\"og:image:type\" content=\"image\/jpeg\" \/>\n<meta name=\"author\" content=\"Bruna Greco\" \/>\n<meta name=\"twitter:card\" content=\"summary_large_image\" \/>\n<meta name=\"twitter:label1\" content=\"Written by\" \/>\n\t<meta name=\"twitter:data1\" content=\"Bruna Greco\" \/>\n\t<meta name=\"twitter:label2\" content=\"Est. reading time\" \/>\n\t<meta name=\"twitter:data2\" content=\"4 minutos\" \/>\n<script type=\"application\/ld+json\" class=\"yoast-schema-graph\">{\"@context\":\"https:\/\/schema.org\",\"@graph\":[{\"@type\":\"WebPage\",\"@id\":\"https:\/\/www.manaus.am.gov.br\/implurb\/reuniao-inovacao-licenciamento-urbano\/\",\"url\":\"https:\/\/www.manaus.am.gov.br\/implurb\/reuniao-inovacao-licenciamento-urbano\/\",\"name\":\"Retrofit e Studio s\u00e3o pautas de reuni\u00e3o sobre inova\u00e7\u00e3o em licenciamento urbano\",\"isPartOf\":{\"@id\":\"https:\/\/www.manaus.am.gov.br\/implurb\/#website\"},\"primaryImageOfPage\":{\"@id\":\"https:\/\/www.manaus.am.gov.br\/implurb\/reuniao-inovacao-licenciamento-urbano\/#primaryimage\"},\"image\":{\"@id\":\"https:\/\/www.manaus.am.gov.br\/implurb\/reuniao-inovacao-licenciamento-urbano\/#primaryimage\"},\"thumbnailUrl\":\"https:\/\/www.manaus.am.gov.br\/implurb\/wp-content\/uploads\/sites\/13\/2025\/10\/Reuniao-3.jpeg\",\"datePublished\":\"2025-10-10T16:36:48+00:00\",\"dateModified\":\"2025-10-10T16:36:48+00:00\",\"author\":{\"@id\":\"https:\/\/www.manaus.am.gov.br\/implurb\/#\/schema\/person\/05d223aea2bf115f9883a6ff3683d81b\"},\"description\":\"Retrofit e Studio s\u00e3o pautas de reuni\u00e3o sobre inova\u00e7\u00e3o em licenciamento urbano da Prefeitura de Manaus, por meio do Implurb.\",\"breadcrumb\":{\"@id\":\"https:\/\/www.manaus.am.gov.br\/implurb\/reuniao-inovacao-licenciamento-urbano\/#breadcrumb\"},\"inLanguage\":\"pt-BR\",\"potentialAction\":[{\"@type\":\"ReadAction\",\"target\":[\"https:\/\/www.manaus.am.gov.br\/implurb\/reuniao-inovacao-licenciamento-urbano\/\"]}]},{\"@type\":\"ImageObject\",\"inLanguage\":\"pt-BR\",\"@id\":\"https:\/\/www.manaus.am.gov.br\/implurb\/reuniao-inovacao-licenciamento-urbano\/#primaryimage\",\"url\":\"https:\/\/www.manaus.am.gov.br\/implurb\/wp-content\/uploads\/sites\/13\/2025\/10\/Reuniao-3.jpeg\",\"contentUrl\":\"https:\/\/www.manaus.am.gov.br\/implurb\/wp-content\/uploads\/sites\/13\/2025\/10\/Reuniao-3.jpeg\",\"width\":1280,\"height\":960,\"caption\":\"#paratodosverem - Diretor-presidente do Implurb, Carlos Valente, reunido com a equipe da autarquia para abordar temas sobre a inova\u00e7\u00e3o em licenciamento urbano\"},{\"@type\":\"BreadcrumbList\",\"@id\":\"https:\/\/www.manaus.am.gov.br\/implurb\/reuniao-inovacao-licenciamento-urbano\/#breadcrumb\",\"itemListElement\":[{\"@type\":\"ListItem\",\"position\":1,\"name\":\"Home\",\"item\":\"https:\/\/www.manaus.am.gov.br\/implurb\/\"},{\"@type\":\"ListItem\",\"position\":2,\"name\":\"Retrofit e Studio s\u00e3o pautas de reuni\u00e3o sobre inova\u00e7\u00e3o em licenciamento urbano da Prefeitura de Manaus\"}]},{\"@type\":\"WebSite\",\"@id\":\"https:\/\/www.manaus.am.gov.br\/implurb\/#website\",\"url\":\"https:\/\/www.manaus.am.gov.br\/implurb\/\",\"name\":\"IMPLURB\",\"description\":\"Prefeitura de Manaus\",\"potentialAction\":[{\"@type\":\"SearchAction\",\"target\":{\"@type\":\"EntryPoint\",\"urlTemplate\":\"https:\/\/www.manaus.am.gov.br\/implurb\/?s={search_term_string}\"},\"query-input\":\"required name=search_term_string\"}],\"inLanguage\":\"pt-BR\"},{\"@type\":\"Person\",\"@id\":\"https:\/\/www.manaus.am.gov.br\/implurb\/#\/schema\/person\/05d223aea2bf115f9883a6ff3683d81b\",\"name\":\"Bruna Greco\",\"image\":{\"@type\":\"ImageObject\",\"inLanguage\":\"pt-BR\",\"@id\":\"https:\/\/www.manaus.am.gov.br\/implurb\/#\/schema\/person\/image\/\",\"url\":\"https:\/\/secure.gravatar.com\/avatar\/9c877d1a6adc2a055330e5c09a8653ce?s=96&d=mm&r=g\",\"contentUrl\":\"https:\/\/secure.gravatar.com\/avatar\/9c877d1a6adc2a055330e5c09a8653ce?s=96&d=mm&r=g\",\"caption\":\"Bruna Greco\"}}]}<\/script>\n<!-- \/ Yoast SEO plugin. -->","yoast_head_json":{"title":"Retrofit e Studio s\u00e3o pautas de reuni\u00e3o sobre inova\u00e7\u00e3o em licenciamento urbano","description":"Retrofit e Studio s\u00e3o pautas de reuni\u00e3o sobre inova\u00e7\u00e3o em licenciamento urbano da Prefeitura de Manaus, por meio do Implurb.","robots":{"index":"noindex","follow":"follow"},"og_locale":"pt_BR","og_type":"article","og_title":"Retrofit e Studio s\u00e3o pautas de reuni\u00e3o sobre inova\u00e7\u00e3o em licenciamento urbano","og_description":"Retrofit e Studio s\u00e3o pautas de reuni\u00e3o sobre inova\u00e7\u00e3o em licenciamento urbano da Prefeitura de Manaus, por meio do Implurb.","og_url":"https:\/\/www.manaus.am.gov.br\/implurb\/reuniao-inovacao-licenciamento-urbano\/","og_site_name":"IMPLURB","article_published_time":"2025-10-10T16:36:48+00:00","og_image":[{"width":1280,"height":960,"url":"https:\/\/www.manaus.am.gov.br\/implurb\/wp-content\/uploads\/sites\/13\/2025\/10\/Reuniao-3.jpeg","type":"image\/jpeg"}],"author":"Bruna Greco","twitter_card":"summary_large_image","twitter_misc":{"Written by":"Bruna Greco","Est. reading time":"4 minutos"},"schema":{"@context":"https:\/\/schema.org","@graph":[{"@type":"WebPage","@id":"https:\/\/www.manaus.am.gov.br\/implurb\/reuniao-inovacao-licenciamento-urbano\/","url":"https:\/\/www.manaus.am.gov.br\/implurb\/reuniao-inovacao-licenciamento-urbano\/","name":"Retrofit e Studio s\u00e3o pautas de reuni\u00e3o sobre inova\u00e7\u00e3o em licenciamento urbano","isPartOf":{"@id":"https:\/\/www.manaus.am.gov.br\/implurb\/#website"},"primaryImageOfPage":{"@id":"https:\/\/www.manaus.am.gov.br\/implurb\/reuniao-inovacao-licenciamento-urbano\/#primaryimage"},"image":{"@id":"https:\/\/www.manaus.am.gov.br\/implurb\/reuniao-inovacao-licenciamento-urbano\/#primaryimage"},"thumbnailUrl":"https:\/\/www.manaus.am.gov.br\/implurb\/wp-content\/uploads\/sites\/13\/2025\/10\/Reuniao-3.jpeg","datePublished":"2025-10-10T16:36:48+00:00","dateModified":"2025-10-10T16:36:48+00:00","author":{"@id":"https:\/\/www.manaus.am.gov.br\/implurb\/#\/schema\/person\/05d223aea2bf115f9883a6ff3683d81b"},"description":"Retrofit e Studio s\u00e3o pautas de reuni\u00e3o sobre inova\u00e7\u00e3o em licenciamento urbano da Prefeitura de Manaus, por meio do Implurb.","breadcrumb":{"@id":"https:\/\/www.manaus.am.gov.br\/implurb\/reuniao-inovacao-licenciamento-urbano\/#breadcrumb"},"inLanguage":"pt-BR","potentialAction":[{"@type":"ReadAction","target":["https:\/\/www.manaus.am.gov.br\/implurb\/reuniao-inovacao-licenciamento-urbano\/"]}]},{"@type":"ImageObject","inLanguage":"pt-BR","@id":"https:\/\/www.manaus.am.gov.br\/implurb\/reuniao-inovacao-licenciamento-urbano\/#primaryimage","url":"https:\/\/www.manaus.am.gov.br\/implurb\/wp-content\/uploads\/sites\/13\/2025\/10\/Reuniao-3.jpeg","contentUrl":"https:\/\/www.manaus.am.gov.br\/implurb\/wp-content\/uploads\/sites\/13\/2025\/10\/Reuniao-3.jpeg","width":1280,"height":960,"caption":"#paratodosverem - Diretor-presidente do Implurb, Carlos Valente, reunido com a equipe da autarquia para abordar temas sobre a inova\u00e7\u00e3o em licenciamento urbano"},{"@type":"BreadcrumbList","@id":"https:\/\/www.manaus.am.gov.br\/implurb\/reuniao-inovacao-licenciamento-urbano\/#breadcrumb","itemListElement":[{"@type":"ListItem","position":1,"name":"Home","item":"https:\/\/www.manaus.am.gov.br\/implurb\/"},{"@type":"ListItem","position":2,"name":"Retrofit e Studio s\u00e3o pautas de reuni\u00e3o sobre inova\u00e7\u00e3o em licenciamento urbano da Prefeitura de Manaus"}]},{"@type":"WebSite","@id":"https:\/\/www.manaus.am.gov.br\/implurb\/#website","url":"https:\/\/www.manaus.am.gov.br\/implurb\/","name":"IMPLURB","description":"Prefeitura de Manaus","potentialAction":[{"@type":"SearchAction","target":{"@type":"EntryPoint","urlTemplate":"https:\/\/www.manaus.am.gov.br\/implurb\/?s={search_term_string}"},"query-input":"required name=search_term_string"}],"inLanguage":"pt-BR"},{"@type":"Person","@id":"https:\/\/www.manaus.am.gov.br\/implurb\/#\/schema\/person\/05d223aea2bf115f9883a6ff3683d81b","name":"Bruna Greco","image":{"@type":"ImageObject","inLanguage":"pt-BR","@id":"https:\/\/www.manaus.am.gov.br\/implurb\/#\/schema\/person\/image\/","url":"https:\/\/secure.gravatar.com\/avatar\/9c877d1a6adc2a055330e5c09a8653ce?s=96&d=mm&r=g","contentUrl":"https:\/\/secure.gravatar.com\/avatar\/9c877d1a6adc2a055330e5c09a8653ce?s=96&d=mm&r=g","caption":"Bruna Greco"}}]}},"_links":{"self":[{"href":"https:\/\/www.manaus.am.gov.br\/implurb\/wp-json\/wp\/v2\/posts\/6971"}],"collection":[{"href":"https:\/\/www.manaus.am.gov.br\/implurb\/wp-json\/wp\/v2\/posts"}],"about":[{"href":"https:\/\/www.manaus.am.gov.br\/implurb\/wp-json\/wp\/v2\/types\/post"}],"author":[{"embeddable":true,"href":"https:\/\/www.manaus.am.gov.br\/implurb\/wp-json\/wp\/v2\/users\/39"}],"replies":[{"embeddable":true,"href":"https:\/\/www.manaus.am.gov.br\/implurb\/wp-json\/wp\/v2\/comments?post=6971"}],"version-history":[{"count":1,"href":"https:\/\/www.manaus.am.gov.br\/implurb\/wp-json\/wp\/v2\/posts\/6971\/revisions"}],"predecessor-version":[{"id":6974,"href":"https:\/\/www.manaus.am.gov.br\/implurb\/wp-json\/wp\/v2\/posts\/6971\/revisions\/6974"}],"wp:featuredmedia":[{"embeddable":true,"href":"https:\/\/www.manaus.am.gov.br\/implurb\/wp-json\/wp\/v2\/media\/6973"}],"wp:attachment":[{"href":"https:\/\/www.manaus.am.gov.br\/implurb\/wp-json\/wp\/v2\/media?parent=6971"}],"wp:term":[{"taxonomy":"category","embeddable":true,"href":"https:\/\/www.manaus.am.gov.br\/implurb\/wp-json\/wp\/v2\/categories?post=6971"},{"taxonomy":"post_tag","embeddable":true,"href":"https:\/\/www.manaus.am.gov.br\/implurb\/wp-json\/wp\/v2\/tags?post=6971"}],"curies":[{"name":"wp","href":"https:\/\/api.w.org\/{rel}","templated":true}]}}