{"id":6964,"date":"2025-10-09T15:02:02","date_gmt":"2025-10-09T19:02:02","guid":{"rendered":"https:\/\/www.manaus.am.gov.br\/implurb\/despoluicao-visual-acao\/"},"modified":"2025-10-09T15:02:43","modified_gmt":"2025-10-09T19:02:43","slug":"despoluicao-visual-acao","status":"publish","type":"post","link":"https:\/\/www.manaus.am.gov.br\/implurb\/despoluicao-visual-acao\/","title":{"rendered":"Prefeitura de Manaus realiza nova a\u00e7\u00e3o para remover faixas, banners e cartazes instalados em locais proibidos"},"content":{"rendered":"\n<p>A Prefeitura de Manaus intensifica as a\u00e7\u00f5es de combate \u00e0 polui\u00e7\u00e3o visual e avan\u00e7a na retirada de engenhos publicit\u00e1rios irregulares espalhados por toda a cidade. Nesta quinta-feira, 9\/10, sob coordena\u00e7\u00e3o do Instituto Municipal de Planejamento Urbano (Implurb), mais uma a\u00e7\u00e3o de retirada foi realizada desde a rotat\u00f3ria do Coroado, entre as avenidas Cosme Ferreira, das Torres, Jacira Reis e estrada do S\u00e3o Jorge, removendo faixas, banners e cartazes instalados sem autoriza\u00e7\u00e3o, em descumprimento ao C\u00f3digo de Posturas de Manaus.<\/p>\n\n\n\n<p>Participaram dos servi\u00e7os as equipes das secretarias municipais de Limpeza Urbana (Semulsp) e de Seguran\u00e7a P\u00fablica e Defesa Social (Semseg), com a Guarda Municipal, al\u00e9m do Instituto Municipal de Mobilidade Urbana (IMMU).<\/p>\n\n\n\n<p>O objetivo \u00e9 combater a polui\u00e7\u00e3o visual, ordenar o espa\u00e7o p\u00fablico e valorizar a paisagem urbana, deixando Manaus mais limpa, bonita e organizada. Para o vice-presidente do instituto, Antonio Peixoto, o trabalho tem car\u00e1ter permanente e busca conscientizar a popula\u00e7\u00e3o sobre a import\u00e2ncia do cumprimento do ordenamento urbano, para o bem de todos.<\/p>\n\n\n\n<p>\u201cEssas a\u00e7\u00f5es s\u00e3o cont\u00ednuas e de rotina. A polui\u00e7\u00e3o visual deixa a cidade desorganizada e feia. S\u00e3o pr\u00e1ticas ilegais, que desvalorizam nosso contexto urbano, deixando a impress\u00e3o que a cidade tem sua paisagem muito polu\u00edda. O Implurb, com o apoio das secretarias, vem trabalhando diariamente para manter Manaus mais limpa e harmoniosa. Essa propaganda \u00e9 ilegal, assim como os lambe-lambes. Vamos seguir com as a\u00e7\u00f5es, incluindo notifica\u00e7\u00f5es e multas caso necess\u00e1rio, al\u00e9m das orienta\u00e7\u00f5es para a sociedade, que contribua e n\u00e3o fa\u00e7a uso desse tipo de publicidade\u201d, afirmou Peixoto.<\/p>\n\n\n\n<p>Atuando no servi\u00e7o de limpeza p\u00fablica, Tiago Lopes comentou que essas a\u00e7\u00f5es contribuem para reduzir a quantidade de publicidade instalada de forma ilegal na capital. \u201cCom o Implurb, Semulsp e secretarias vamos agindo para deixar Manaus mais limpa e agrad\u00e1vel. Todo mundo gosta de um lugar mais arrumado e ordenado para viver\u201d, explicou.<\/p>\n\n\n\n<p><strong>Avenidas<\/strong><\/p>\n\n\n\n<p>A a\u00e7\u00e3o desta quinta contemplou \u00e1reas de grandes avenidas e corredores vi\u00e1rios muito utilizados. Empresas e pessoas f\u00edsicas ou jur\u00eddicas que fazem publicidade irregular, em locais como postes, \u00e1rvores, logradouros p\u00fablicos, cal\u00e7adas, sinaliza\u00e7\u00e3o de tr\u00e2nsito, pontes, viadutos, passarelas e outros espa\u00e7os similares, est\u00e3o sujeitas ainda a aplica\u00e7\u00e3o de multas pela infra\u00e7\u00e3o, variando de 4 UFMs (Unidade Fiscal do Munic\u00edpio), R$ 581,48, at\u00e9 70 UFMs, R$ 10.175,90, conforme o C\u00f3digo de Posturas da cidade, a lei complementar 005\/2014. A UFM est\u00e1 em R$ 145,37.<\/p>\n\n\n\n<p>\u00c9 proibido, por exemplo, instalar engenhos em leitos dos rios, igarap\u00e9s, praias; postes de ilumina\u00e7\u00e3o p\u00fablica ou rede de telefonia, faixas ou placas acopladas \u00e0 sinaliza\u00e7\u00e3o de tr\u00e2nsito; obras p\u00fablicas, como pontes, viadutos, passarelas, al\u00e9m de est\u00e1tuas, esculturas, monumentos e bancos em logradouros e similares; no passeio p\u00fablico, salvo quando os mobili\u00e1rios urbanos s\u00e3o regulariz\u00e1veis e n\u00e3o prejudiquem a mobilidade urbana. A regulamenta\u00e7\u00e3o dos engenhos \u00e9 prevista no Plano Diretor.<\/p>\n\n\n\n<p>Em excesso, a m\u00eddia publicit\u00e1ria acaba formando polui\u00e7\u00e3o visual, especialmente com o uso de material gr\u00e1fico em papel e pl\u00e1stico, deteriorando a paisagem urbana.<\/p>\n\n\n\n<p>&#8212; &#8212; &#8212;<br><strong>Texto<\/strong> \u2013 Divulga\u00e7\u00e3o\/Implurb<br><strong>Fotos<\/strong> \u2013 Maxwell Oliveira\/ Implurb<\/p>\n","protected":false},"excerpt":{"rendered":"","protected":false},"author":68,"featured_media":6965,"comment_status":"closed","ping_status":"closed","sticky":false,"template":"","format":"standard","meta":{"footnotes":""},"categories":[173],"tags":[1882,11,274,15],"acf":[],"yoast_head":"<!-- This site is optimized with the Yoast SEO plugin v23.0 - https:\/\/yoast.com\/wordpress\/plugins\/seo\/ -->\n<title>Prefeitura de Manaus realiza nova a\u00e7\u00e3o para remover faixas<\/title>\n<meta name=\"description\" content=\"A Prefeitura de Manaus intensifica as a\u00e7\u00f5es de combate \u00e0 polui\u00e7\u00e3o visual e avan\u00e7a na retirada de engenhos publicit\u00e1rios irregulares.\" \/>\n<meta name=\"robots\" content=\"noindex, follow\" \/>\n<meta property=\"og:locale\" content=\"pt_BR\" \/>\n<meta property=\"og:type\" content=\"article\" \/>\n<meta property=\"og:title\" content=\"Prefeitura de Manaus realiza nova a\u00e7\u00e3o para remover faixas\" \/>\n<meta property=\"og:description\" content=\"A Prefeitura de Manaus intensifica as a\u00e7\u00f5es de combate \u00e0 polui\u00e7\u00e3o visual e avan\u00e7a na retirada de engenhos publicit\u00e1rios irregulares.\" \/>\n<meta property=\"og:url\" content=\"https:\/\/www.manaus.am.gov.br\/implurb\/despoluicao-visual-acao\/\" \/>\n<meta property=\"og:site_name\" content=\"IMPLURB\" \/>\n<meta property=\"article:published_time\" content=\"2025-10-09T19:02:02+00:00\" \/>\n<meta property=\"article:modified_time\" content=\"2025-10-09T19:02:43+00:00\" \/>\n<meta property=\"og:image\" content=\"https:\/\/www.manaus.am.gov.br\/implurb\/wp-content\/uploads\/sites\/13\/2025\/10\/acao11.jpeg\" \/>\n\t<meta property=\"og:image:width\" content=\"4032\" \/>\n\t<meta property=\"og:image:height\" content=\"3024\" \/>\n\t<meta property=\"og:image:type\" content=\"image\/jpeg\" \/>\n<meta name=\"author\" content=\"bvalente\" \/>\n<meta name=\"twitter:card\" content=\"summary_large_image\" \/>\n<meta name=\"twitter:label1\" content=\"Written by\" \/>\n\t<meta name=\"twitter:data1\" content=\"bvalente\" \/>\n\t<meta name=\"twitter:label2\" content=\"Est. reading time\" \/>\n\t<meta name=\"twitter:data2\" content=\"3 minutos\" \/>\n<script type=\"application\/ld+json\" class=\"yoast-schema-graph\">{\"@context\":\"https:\/\/schema.org\",\"@graph\":[{\"@type\":\"WebPage\",\"@id\":\"https:\/\/www.manaus.am.gov.br\/implurb\/despoluicao-visual-acao\/\",\"url\":\"https:\/\/www.manaus.am.gov.br\/implurb\/despoluicao-visual-acao\/\",\"name\":\"Prefeitura de Manaus realiza nova a\u00e7\u00e3o para remover faixas\",\"isPartOf\":{\"@id\":\"https:\/\/www.manaus.am.gov.br\/implurb\/#website\"},\"primaryImageOfPage\":{\"@id\":\"https:\/\/www.manaus.am.gov.br\/implurb\/despoluicao-visual-acao\/#primaryimage\"},\"image\":{\"@id\":\"https:\/\/www.manaus.am.gov.br\/implurb\/despoluicao-visual-acao\/#primaryimage\"},\"thumbnailUrl\":\"https:\/\/www.manaus.am.gov.br\/implurb\/wp-content\/uploads\/sites\/13\/2025\/10\/acao11.jpeg\",\"datePublished\":\"2025-10-09T19:02:02+00:00\",\"dateModified\":\"2025-10-09T19:02:43+00:00\",\"author\":{\"@id\":\"https:\/\/www.manaus.am.gov.br\/implurb\/#\/schema\/person\/466a0e03ae4b6062809046bd560ac955\"},\"description\":\"A Prefeitura de Manaus intensifica as a\u00e7\u00f5es de combate \u00e0 polui\u00e7\u00e3o visual e avan\u00e7a na retirada de engenhos publicit\u00e1rios irregulares.\",\"breadcrumb\":{\"@id\":\"https:\/\/www.manaus.am.gov.br\/implurb\/despoluicao-visual-acao\/#breadcrumb\"},\"inLanguage\":\"pt-BR\",\"potentialAction\":[{\"@type\":\"ReadAction\",\"target\":[\"https:\/\/www.manaus.am.gov.br\/implurb\/despoluicao-visual-acao\/\"]}]},{\"@type\":\"ImageObject\",\"inLanguage\":\"pt-BR\",\"@id\":\"https:\/\/www.manaus.am.gov.br\/implurb\/despoluicao-visual-acao\/#primaryimage\",\"url\":\"https:\/\/www.manaus.am.gov.br\/implurb\/wp-content\/uploads\/sites\/13\/2025\/10\/acao11.jpeg\",\"contentUrl\":\"https:\/\/www.manaus.am.gov.br\/implurb\/wp-content\/uploads\/sites\/13\/2025\/10\/acao11.jpeg\",\"width\":4032,\"height\":3024,\"caption\":\"#paratodosverem \u2013 Servidor da Semulsp removendo material irregular de poste durante a\u00e7\u00e3o\"},{\"@type\":\"BreadcrumbList\",\"@id\":\"https:\/\/www.manaus.am.gov.br\/implurb\/despoluicao-visual-acao\/#breadcrumb\",\"itemListElement\":[{\"@type\":\"ListItem\",\"position\":1,\"name\":\"Home\",\"item\":\"https:\/\/www.manaus.am.gov.br\/implurb\/\"},{\"@type\":\"ListItem\",\"position\":2,\"name\":\"Prefeitura de Manaus realiza nova a\u00e7\u00e3o para remover faixas, banners e cartazes instalados em locais proibidos\"}]},{\"@type\":\"WebSite\",\"@id\":\"https:\/\/www.manaus.am.gov.br\/implurb\/#website\",\"url\":\"https:\/\/www.manaus.am.gov.br\/implurb\/\",\"name\":\"IMPLURB\",\"description\":\"Prefeitura de Manaus\",\"potentialAction\":[{\"@type\":\"SearchAction\",\"target\":{\"@type\":\"EntryPoint\",\"urlTemplate\":\"https:\/\/www.manaus.am.gov.br\/implurb\/?s={search_term_string}\"},\"query-input\":\"required name=search_term_string\"}],\"inLanguage\":\"pt-BR\"},{\"@type\":\"Person\",\"@id\":\"https:\/\/www.manaus.am.gov.br\/implurb\/#\/schema\/person\/466a0e03ae4b6062809046bd560ac955\",\"name\":\"bvalente\",\"image\":{\"@type\":\"ImageObject\",\"inLanguage\":\"pt-BR\",\"@id\":\"https:\/\/www.manaus.am.gov.br\/implurb\/#\/schema\/person\/image\/\",\"url\":\"https:\/\/secure.gravatar.com\/avatar\/3e69bc2b014bdad41adfec3a39de07d2?s=96&d=mm&r=g\",\"contentUrl\":\"https:\/\/secure.gravatar.com\/avatar\/3e69bc2b014bdad41adfec3a39de07d2?s=96&d=mm&r=g\",\"caption\":\"bvalente\"}}]}<\/script>\n<!-- \/ Yoast SEO plugin. -->","yoast_head_json":{"title":"Prefeitura de Manaus realiza nova a\u00e7\u00e3o para remover faixas","description":"A Prefeitura de Manaus intensifica as a\u00e7\u00f5es de combate \u00e0 polui\u00e7\u00e3o visual e avan\u00e7a na retirada de engenhos publicit\u00e1rios irregulares.","robots":{"index":"noindex","follow":"follow"},"og_locale":"pt_BR","og_type":"article","og_title":"Prefeitura de Manaus realiza nova a\u00e7\u00e3o para remover faixas","og_description":"A Prefeitura de Manaus intensifica as a\u00e7\u00f5es de combate \u00e0 polui\u00e7\u00e3o visual e avan\u00e7a na retirada de engenhos publicit\u00e1rios irregulares.","og_url":"https:\/\/www.manaus.am.gov.br\/implurb\/despoluicao-visual-acao\/","og_site_name":"IMPLURB","article_published_time":"2025-10-09T19:02:02+00:00","article_modified_time":"2025-10-09T19:02:43+00:00","og_image":[{"width":4032,"height":3024,"url":"https:\/\/www.manaus.am.gov.br\/implurb\/wp-content\/uploads\/sites\/13\/2025\/10\/acao11.jpeg","type":"image\/jpeg"}],"author":"bvalente","twitter_card":"summary_large_image","twitter_misc":{"Written by":"bvalente","Est. reading time":"3 minutos"},"schema":{"@context":"https:\/\/schema.org","@graph":[{"@type":"WebPage","@id":"https:\/\/www.manaus.am.gov.br\/implurb\/despoluicao-visual-acao\/","url":"https:\/\/www.manaus.am.gov.br\/implurb\/despoluicao-visual-acao\/","name":"Prefeitura de Manaus realiza nova a\u00e7\u00e3o para remover faixas","isPartOf":{"@id":"https:\/\/www.manaus.am.gov.br\/implurb\/#website"},"primaryImageOfPage":{"@id":"https:\/\/www.manaus.am.gov.br\/implurb\/despoluicao-visual-acao\/#primaryimage"},"image":{"@id":"https:\/\/www.manaus.am.gov.br\/implurb\/despoluicao-visual-acao\/#primaryimage"},"thumbnailUrl":"https:\/\/www.manaus.am.gov.br\/implurb\/wp-content\/uploads\/sites\/13\/2025\/10\/acao11.jpeg","datePublished":"2025-10-09T19:02:02+00:00","dateModified":"2025-10-09T19:02:43+00:00","author":{"@id":"https:\/\/www.manaus.am.gov.br\/implurb\/#\/schema\/person\/466a0e03ae4b6062809046bd560ac955"},"description":"A Prefeitura de Manaus intensifica as a\u00e7\u00f5es de combate \u00e0 polui\u00e7\u00e3o visual e avan\u00e7a na retirada de engenhos publicit\u00e1rios irregulares.","breadcrumb":{"@id":"https:\/\/www.manaus.am.gov.br\/implurb\/despoluicao-visual-acao\/#breadcrumb"},"inLanguage":"pt-BR","potentialAction":[{"@type":"ReadAction","target":["https:\/\/www.manaus.am.gov.br\/implurb\/despoluicao-visual-acao\/"]}]},{"@type":"ImageObject","inLanguage":"pt-BR","@id":"https:\/\/www.manaus.am.gov.br\/implurb\/despoluicao-visual-acao\/#primaryimage","url":"https:\/\/www.manaus.am.gov.br\/implurb\/wp-content\/uploads\/sites\/13\/2025\/10\/acao11.jpeg","contentUrl":"https:\/\/www.manaus.am.gov.br\/implurb\/wp-content\/uploads\/sites\/13\/2025\/10\/acao11.jpeg","width":4032,"height":3024,"caption":"#paratodosverem \u2013 Servidor da Semulsp removendo material irregular de poste durante a\u00e7\u00e3o"},{"@type":"BreadcrumbList","@id":"https:\/\/www.manaus.am.gov.br\/implurb\/despoluicao-visual-acao\/#breadcrumb","itemListElement":[{"@type":"ListItem","position":1,"name":"Home","item":"https:\/\/www.manaus.am.gov.br\/implurb\/"},{"@type":"ListItem","position":2,"name":"Prefeitura de Manaus realiza nova a\u00e7\u00e3o para remover faixas, banners e cartazes instalados em locais proibidos"}]},{"@type":"WebSite","@id":"https:\/\/www.manaus.am.gov.br\/implurb\/#website","url":"https:\/\/www.manaus.am.gov.br\/implurb\/","name":"IMPLURB","description":"Prefeitura de Manaus","potentialAction":[{"@type":"SearchAction","target":{"@type":"EntryPoint","urlTemplate":"https:\/\/www.manaus.am.gov.br\/implurb\/?s={search_term_string}"},"query-input":"required name=search_term_string"}],"inLanguage":"pt-BR"},{"@type":"Person","@id":"https:\/\/www.manaus.am.gov.br\/implurb\/#\/schema\/person\/466a0e03ae4b6062809046bd560ac955","name":"bvalente","image":{"@type":"ImageObject","inLanguage":"pt-BR","@id":"https:\/\/www.manaus.am.gov.br\/implurb\/#\/schema\/person\/image\/","url":"https:\/\/secure.gravatar.com\/avatar\/3e69bc2b014bdad41adfec3a39de07d2?s=96&d=mm&r=g","contentUrl":"https:\/\/secure.gravatar.com\/avatar\/3e69bc2b014bdad41adfec3a39de07d2?s=96&d=mm&r=g","caption":"bvalente"}}]}},"_links":{"self":[{"href":"https:\/\/www.manaus.am.gov.br\/implurb\/wp-json\/wp\/v2\/posts\/6964"}],"collection":[{"href":"https:\/\/www.manaus.am.gov.br\/implurb\/wp-json\/wp\/v2\/posts"}],"about":[{"href":"https:\/\/www.manaus.am.gov.br\/implurb\/wp-json\/wp\/v2\/types\/post"}],"author":[{"embeddable":true,"href":"https:\/\/www.manaus.am.gov.br\/implurb\/wp-json\/wp\/v2\/users\/68"}],"replies":[{"embeddable":true,"href":"https:\/\/www.manaus.am.gov.br\/implurb\/wp-json\/wp\/v2\/comments?post=6964"}],"version-history":[{"count":1,"href":"https:\/\/www.manaus.am.gov.br\/implurb\/wp-json\/wp\/v2\/posts\/6964\/revisions"}],"predecessor-version":[{"id":6967,"href":"https:\/\/www.manaus.am.gov.br\/implurb\/wp-json\/wp\/v2\/posts\/6964\/revisions\/6967"}],"wp:featuredmedia":[{"embeddable":true,"href":"https:\/\/www.manaus.am.gov.br\/implurb\/wp-json\/wp\/v2\/media\/6965"}],"wp:attachment":[{"href":"https:\/\/www.manaus.am.gov.br\/implurb\/wp-json\/wp\/v2\/media?parent=6964"}],"wp:term":[{"taxonomy":"category","embeddable":true,"href":"https:\/\/www.manaus.am.gov.br\/implurb\/wp-json\/wp\/v2\/categories?post=6964"},{"taxonomy":"post_tag","embeddable":true,"href":"https:\/\/www.manaus.am.gov.br\/implurb\/wp-json\/wp\/v2\/tags?post=6964"}],"curies":[{"name":"wp","href":"https:\/\/api.w.org\/{rel}","templated":true}]}}