{"id":6961,"date":"2025-10-08T16:52:18","date_gmt":"2025-10-08T20:52:18","guid":{"rendered":"https:\/\/www.manaus.am.gov.br\/implurb\/licenciamento-urbano-e-investe-em-inovacao\/"},"modified":"2025-10-08T16:52:19","modified_gmt":"2025-10-08T20:52:19","slug":"licenciamento-urbano-e-investe-em-inovacao","status":"publish","type":"post","link":"https:\/\/www.manaus.am.gov.br\/implurb\/licenciamento-urbano-e-investe-em-inovacao\/","title":{"rendered":"Prefeitura de Manaus acelera licenciamento urbano, investe em inova\u00e7\u00e3o e prepara novo aqu\u00e1rio municipal"},"content":{"rendered":"\n<p>De avan\u00e7os no licenciamento a projetos urbanos e tecnol\u00f3gicos, a <a href=\"https:\/\/www.instagram.com\/prefeiturademanaus\/\">Prefeitura de Manaus<\/a>, por meio do <a href=\"https:\/\/www.manaus.am.gov.br\/implurb\/\">Instituto Municipal de Planejamento Urbano (Implurb)<\/a>, vem protagonizando uma nova fase do desenvolvimento da cidade.<\/p>\n\n\n\n<p>Os destaques fazem parte do balan\u00e7o dos indicadores da autarquia, resultado do acumulado de janeiro a setembro de 2025, e apontam um crescimento expressivo nas an\u00e1lises de processos de licenciamento: somente em setembro, o Implurb analisou 932 processos, um aumento de 106% em rela\u00e7\u00e3o ao mesmo m\u00eas de 2024 (453 an\u00e1lises). No acumulado do ano, o crescimento \u00e9 de 24%, com 5.563 processos de janeiro a setembro, contra 4.486 no mesmo per\u00edodo do ano anterior.<\/p>\n\n\n\n<p>Entre as inova\u00e7\u00f5es, o diretor-presidente do instituto, Carlos Valente, ressaltou o sucesso do Alvar\u00e1 de Constru\u00e7\u00e3o Mais F\u00e1cil (ACMF) \u2014 sistema totalmente on-line, automatizado e autodeclarat\u00f3rio, lan\u00e7ado este ano pela gest\u00e3o do prefeito David Almeida. At\u00e9 o momento, j\u00e1 foram emitidos 60 novos alvar\u00e1s, totalizando quase 15 mil metros quadrados de obras licenciadas, com destaque para a agilidade no processo, que pode ser conclu\u00eddo em poucos minutos.<\/p>\n\n\n\n<p>\u201cSob a gest\u00e3o do prefeito David Almeida, Manaus est\u00e1 vivendo uma revolu\u00e7\u00e3o no licenciamento urbano. O ACMF trouxe mais agilidade, menos burocracia e mais economia, garantindo rapidez para quem quer construir e at\u00e9 20% de desconto para quem opta pelo pagamento \u00e0 vista\u201d, afirmou Valente.<\/p>\n\n\n\n<p><strong>Inova\u00e7\u00e3o e futuro<\/strong><\/p>\n\n\n\n<p>As equipes t\u00e9cnicas da autarquia atuam ainda na atualiza\u00e7\u00e3o da legisla\u00e7\u00e3o urbana, como ocorreu com a resolu\u00e7\u00e3o n\u00ba 003\/2025, aprovada pelo Conselho Municipal de Desenvolvimento Urbano (CMDU), com a regulamenta\u00e7\u00e3o dos <em>rooftops<\/em>, que s\u00e3o \u00e1reas de conviv\u00eancia em coberturas de pr\u00e9dios, e as chamadas fachadas ativas, que integram com\u00e9rcio e servi\u00e7os ao espa\u00e7o urbano, aproximando ainda mais a vida da rua do dia a dia dos moradores.<\/p>\n\n\n\n<p>Novos estudos avan\u00e7am para regulamentar empreendimentos no formato \u201cstudio\u201d e projetos de retrofit, que modernizam edifica\u00e7\u00f5es antigas sem perder suas caracter\u00edsticas originais.<\/p>\n\n\n\n<p>\u201cEstamos acompanhando uma tend\u00eancia crescente do mercado imobili\u00e1rio e iniciando discuss\u00f5es sobre retrofits na capital. Temos bons exemplos, como o Casar\u00e3o da Inova\u00e7\u00e3o Cassina, e trabalhamos para criar legisla\u00e7\u00f5es que incentivem essas pr\u00e1ticas, fortalecendo o di\u00e1logo com investidores e impulsionando a economia local\u201d, explicou.<\/p>\n\n\n\n<p><strong>Aqu\u00e1rio de Manaus<\/strong><\/p>\n\n\n\n<p>E sobre projetos urbanos e com foco no turismo, Carlos Valente revelou novos detalhes sobre o futuro Aqu\u00e1rio Municipal de Manaus, que ser\u00e1 constru\u00eddo no quarteir\u00e3o da avenida 7 de Setembro com a rua Visconde de Mau\u00e1, pr\u00f3ximo do mirante L\u00facia Almeida, dentro do programa \u201cNosso Centro\u201d. O projeto ter\u00e1 cinco andares, dois n\u00edveis de estacionamento e um rooftop com vista panor\u00e2mica, integrando arquitetura, arte e natureza.<\/p>\n\n\n\n<p>\u201cO aqu\u00e1rio, focado na bacia do rio Negro, trar\u00e1 uma abordagem art\u00edstica e imersiva. O visitante poder\u00e1 caminhar por corredores que simulam o ambiente das ra\u00edzes amaz\u00f4nicas, com samambaias e ninhos, vivenciando a beleza e a for\u00e7a da nossa floresta\u201d, adiantou.<\/p>\n\n\n\n<p>O espa\u00e7o ser\u00e1 dividido em alas dedicadas aos rios Negro, Amazonas e Solim\u00f5es, com esp\u00e9cies locais e cenografia inspirada nos ecossistemas amaz\u00f4nicos.<\/p>\n\n\n\n<p><br>Mais que um equipamento tur\u00edstico, o aqu\u00e1rio municipal ser\u00e1 um novo marco arquitet\u00f4nico e ambiental, refor\u00e7ando o compromisso da prefeitura com o desenvolvimento urbano sustent\u00e1vel, o turismo de experi\u00eancia e a valoriza\u00e7\u00e3o do patrim\u00f4nio natural e cultural da cidade.<\/p>\n\n\n\n<p>&#8212; &#8212; &#8212;<\/p>\n\n\n\n<p><a><strong>Texto \u2013<\/strong><\/a>&nbsp;Cl\u00e1udia do Valle \/ Implurb<\/p>\n\n\n\n<p><strong>Fotos &#8211;<\/strong> Maxwell Oliveira \/ Implurb<\/p>\n","protected":false},"excerpt":{"rendered":"","protected":false},"author":57,"featured_media":6962,"comment_status":"closed","ping_status":"closed","sticky":false,"template":"","format":"standard","meta":{"footnotes":""},"categories":[33],"tags":[11,1939,87,15],"acf":[],"yoast_head":"<!-- This site is optimized with the Yoast SEO plugin v23.0 - https:\/\/yoast.com\/wordpress\/plugins\/seo\/ -->\n<title>PMM acelera licenciamento urbano e investe em inova\u00e7\u00e3o<\/title>\n<meta name=\"description\" content=\"De avan\u00e7os no licenciamento urbano a projetos urbanos e tecnol\u00f3gicos, a PMM vem protagonizando uma nova fase do desenvolvimento da cidade.\" \/>\n<meta name=\"robots\" content=\"noindex, follow\" \/>\n<meta property=\"og:locale\" content=\"pt_BR\" \/>\n<meta property=\"og:type\" content=\"article\" \/>\n<meta property=\"og:title\" content=\"PMM acelera licenciamento urbano e investe em inova\u00e7\u00e3o\" \/>\n<meta property=\"og:description\" content=\"De avan\u00e7os no licenciamento urbano a projetos urbanos e tecnol\u00f3gicos, a PMM vem protagonizando uma nova fase do desenvolvimento da cidade.\" \/>\n<meta property=\"og:url\" content=\"https:\/\/www.manaus.am.gov.br\/implurb\/licenciamento-urbano-e-investe-em-inovacao\/\" \/>\n<meta property=\"og:site_name\" content=\"IMPLURB\" \/>\n<meta property=\"article:published_time\" content=\"2025-10-08T20:52:18+00:00\" \/>\n<meta property=\"article:modified_time\" content=\"2025-10-08T20:52:19+00:00\" \/>\n<meta property=\"og:image\" content=\"https:\/\/www.manaus.am.gov.br\/implurb\/wp-content\/uploads\/sites\/13\/2025\/10\/licenciamento-urbano-1.jpg\" \/>\n\t<meta property=\"og:image:width\" content=\"5760\" \/>\n\t<meta property=\"og:image:height\" content=\"3840\" \/>\n\t<meta property=\"og:image:type\" content=\"image\/jpeg\" \/>\n<meta name=\"author\" content=\"Thiago Fernando\" \/>\n<meta name=\"twitter:card\" content=\"summary_large_image\" \/>\n<meta name=\"twitter:label1\" content=\"Written by\" \/>\n\t<meta name=\"twitter:data1\" content=\"Thiago Fernando\" \/>\n\t<meta name=\"twitter:label2\" content=\"Est. reading time\" \/>\n\t<meta name=\"twitter:data2\" content=\"4 minutos\" \/>\n<script type=\"application\/ld+json\" class=\"yoast-schema-graph\">{\"@context\":\"https:\/\/schema.org\",\"@graph\":[{\"@type\":\"WebPage\",\"@id\":\"https:\/\/www.manaus.am.gov.br\/implurb\/licenciamento-urbano-e-investe-em-inovacao\/\",\"url\":\"https:\/\/www.manaus.am.gov.br\/implurb\/licenciamento-urbano-e-investe-em-inovacao\/\",\"name\":\"PMM acelera licenciamento urbano e investe em inova\u00e7\u00e3o\",\"isPartOf\":{\"@id\":\"https:\/\/www.manaus.am.gov.br\/implurb\/#website\"},\"primaryImageOfPage\":{\"@id\":\"https:\/\/www.manaus.am.gov.br\/implurb\/licenciamento-urbano-e-investe-em-inovacao\/#primaryimage\"},\"image\":{\"@id\":\"https:\/\/www.manaus.am.gov.br\/implurb\/licenciamento-urbano-e-investe-em-inovacao\/#primaryimage\"},\"thumbnailUrl\":\"https:\/\/www.manaus.am.gov.br\/implurb\/wp-content\/uploads\/sites\/13\/2025\/10\/licenciamento-urbano-1.jpg\",\"datePublished\":\"2025-10-08T20:52:18+00:00\",\"dateModified\":\"2025-10-08T20:52:19+00:00\",\"author\":{\"@id\":\"https:\/\/www.manaus.am.gov.br\/implurb\/#\/schema\/person\/a5ee5376db6e21af026374b369f30882\"},\"description\":\"De avan\u00e7os no licenciamento urbano a projetos urbanos e tecnol\u00f3gicos, a PMM vem protagonizando uma nova fase do desenvolvimento da cidade.\",\"breadcrumb\":{\"@id\":\"https:\/\/www.manaus.am.gov.br\/implurb\/licenciamento-urbano-e-investe-em-inovacao\/#breadcrumb\"},\"inLanguage\":\"pt-BR\",\"potentialAction\":[{\"@type\":\"ReadAction\",\"target\":[\"https:\/\/www.manaus.am.gov.br\/implurb\/licenciamento-urbano-e-investe-em-inovacao\/\"]}]},{\"@type\":\"ImageObject\",\"inLanguage\":\"pt-BR\",\"@id\":\"https:\/\/www.manaus.am.gov.br\/implurb\/licenciamento-urbano-e-investe-em-inovacao\/#primaryimage\",\"url\":\"https:\/\/www.manaus.am.gov.br\/implurb\/wp-content\/uploads\/sites\/13\/2025\/10\/licenciamento-urbano-1.jpg\",\"contentUrl\":\"https:\/\/www.manaus.am.gov.br\/implurb\/wp-content\/uploads\/sites\/13\/2025\/10\/licenciamento-urbano-1.jpg\",\"width\":5760,\"height\":3840,\"caption\":\"#paratodosverem - Titular da Implub acompanhando constru\u00e7\u00e3o\"},{\"@type\":\"BreadcrumbList\",\"@id\":\"https:\/\/www.manaus.am.gov.br\/implurb\/licenciamento-urbano-e-investe-em-inovacao\/#breadcrumb\",\"itemListElement\":[{\"@type\":\"ListItem\",\"position\":1,\"name\":\"Home\",\"item\":\"https:\/\/www.manaus.am.gov.br\/implurb\/\"},{\"@type\":\"ListItem\",\"position\":2,\"name\":\"Prefeitura de Manaus acelera licenciamento urbano, investe em inova\u00e7\u00e3o e prepara novo aqu\u00e1rio municipal\"}]},{\"@type\":\"WebSite\",\"@id\":\"https:\/\/www.manaus.am.gov.br\/implurb\/#website\",\"url\":\"https:\/\/www.manaus.am.gov.br\/implurb\/\",\"name\":\"IMPLURB\",\"description\":\"Prefeitura de Manaus\",\"potentialAction\":[{\"@type\":\"SearchAction\",\"target\":{\"@type\":\"EntryPoint\",\"urlTemplate\":\"https:\/\/www.manaus.am.gov.br\/implurb\/?s={search_term_string}\"},\"query-input\":\"required name=search_term_string\"}],\"inLanguage\":\"pt-BR\"},{\"@type\":\"Person\",\"@id\":\"https:\/\/www.manaus.am.gov.br\/implurb\/#\/schema\/person\/a5ee5376db6e21af026374b369f30882\",\"name\":\"Thiago Fernando\",\"image\":{\"@type\":\"ImageObject\",\"inLanguage\":\"pt-BR\",\"@id\":\"https:\/\/www.manaus.am.gov.br\/implurb\/#\/schema\/person\/image\/\",\"url\":\"https:\/\/secure.gravatar.com\/avatar\/f5aab8722444041451501c077052ac07?s=96&d=mm&r=g\",\"contentUrl\":\"https:\/\/secure.gravatar.com\/avatar\/f5aab8722444041451501c077052ac07?s=96&d=mm&r=g\",\"caption\":\"Thiago Fernando\"}}]}<\/script>\n<!-- \/ Yoast SEO plugin. -->","yoast_head_json":{"title":"PMM acelera licenciamento urbano e investe em inova\u00e7\u00e3o","description":"De avan\u00e7os no licenciamento urbano a projetos urbanos e tecnol\u00f3gicos, a PMM vem protagonizando uma nova fase do desenvolvimento da cidade.","robots":{"index":"noindex","follow":"follow"},"og_locale":"pt_BR","og_type":"article","og_title":"PMM acelera licenciamento urbano e investe em inova\u00e7\u00e3o","og_description":"De avan\u00e7os no licenciamento urbano a projetos urbanos e tecnol\u00f3gicos, a PMM vem protagonizando uma nova fase do desenvolvimento da cidade.","og_url":"https:\/\/www.manaus.am.gov.br\/implurb\/licenciamento-urbano-e-investe-em-inovacao\/","og_site_name":"IMPLURB","article_published_time":"2025-10-08T20:52:18+00:00","article_modified_time":"2025-10-08T20:52:19+00:00","og_image":[{"url":"https:\/\/www.manaus.am.gov.br\/implurb\/wp-content\/uploads\/sites\/13\/2025\/10\/licenciamento-urbano-1.jpg","width":5760,"height":3840,"type":"image\/jpeg"}],"author":"Thiago Fernando","twitter_card":"summary_large_image","twitter_misc":{"Written by":"Thiago Fernando","Est. reading time":"4 minutos"},"schema":{"@context":"https:\/\/schema.org","@graph":[{"@type":"WebPage","@id":"https:\/\/www.manaus.am.gov.br\/implurb\/licenciamento-urbano-e-investe-em-inovacao\/","url":"https:\/\/www.manaus.am.gov.br\/implurb\/licenciamento-urbano-e-investe-em-inovacao\/","name":"PMM acelera licenciamento urbano e investe em inova\u00e7\u00e3o","isPartOf":{"@id":"https:\/\/www.manaus.am.gov.br\/implurb\/#website"},"primaryImageOfPage":{"@id":"https:\/\/www.manaus.am.gov.br\/implurb\/licenciamento-urbano-e-investe-em-inovacao\/#primaryimage"},"image":{"@id":"https:\/\/www.manaus.am.gov.br\/implurb\/licenciamento-urbano-e-investe-em-inovacao\/#primaryimage"},"thumbnailUrl":"https:\/\/www.manaus.am.gov.br\/implurb\/wp-content\/uploads\/sites\/13\/2025\/10\/licenciamento-urbano-1.jpg","datePublished":"2025-10-08T20:52:18+00:00","dateModified":"2025-10-08T20:52:19+00:00","author":{"@id":"https:\/\/www.manaus.am.gov.br\/implurb\/#\/schema\/person\/a5ee5376db6e21af026374b369f30882"},"description":"De avan\u00e7os no licenciamento urbano a projetos urbanos e tecnol\u00f3gicos, a PMM vem protagonizando uma nova fase do desenvolvimento da cidade.","breadcrumb":{"@id":"https:\/\/www.manaus.am.gov.br\/implurb\/licenciamento-urbano-e-investe-em-inovacao\/#breadcrumb"},"inLanguage":"pt-BR","potentialAction":[{"@type":"ReadAction","target":["https:\/\/www.manaus.am.gov.br\/implurb\/licenciamento-urbano-e-investe-em-inovacao\/"]}]},{"@type":"ImageObject","inLanguage":"pt-BR","@id":"https:\/\/www.manaus.am.gov.br\/implurb\/licenciamento-urbano-e-investe-em-inovacao\/#primaryimage","url":"https:\/\/www.manaus.am.gov.br\/implurb\/wp-content\/uploads\/sites\/13\/2025\/10\/licenciamento-urbano-1.jpg","contentUrl":"https:\/\/www.manaus.am.gov.br\/implurb\/wp-content\/uploads\/sites\/13\/2025\/10\/licenciamento-urbano-1.jpg","width":5760,"height":3840,"caption":"#paratodosverem - Titular da Implub acompanhando constru\u00e7\u00e3o"},{"@type":"BreadcrumbList","@id":"https:\/\/www.manaus.am.gov.br\/implurb\/licenciamento-urbano-e-investe-em-inovacao\/#breadcrumb","itemListElement":[{"@type":"ListItem","position":1,"name":"Home","item":"https:\/\/www.manaus.am.gov.br\/implurb\/"},{"@type":"ListItem","position":2,"name":"Prefeitura de Manaus acelera licenciamento urbano, investe em inova\u00e7\u00e3o e prepara novo aqu\u00e1rio municipal"}]},{"@type":"WebSite","@id":"https:\/\/www.manaus.am.gov.br\/implurb\/#website","url":"https:\/\/www.manaus.am.gov.br\/implurb\/","name":"IMPLURB","description":"Prefeitura de Manaus","potentialAction":[{"@type":"SearchAction","target":{"@type":"EntryPoint","urlTemplate":"https:\/\/www.manaus.am.gov.br\/implurb\/?s={search_term_string}"},"query-input":"required name=search_term_string"}],"inLanguage":"pt-BR"},{"@type":"Person","@id":"https:\/\/www.manaus.am.gov.br\/implurb\/#\/schema\/person\/a5ee5376db6e21af026374b369f30882","name":"Thiago Fernando","image":{"@type":"ImageObject","inLanguage":"pt-BR","@id":"https:\/\/www.manaus.am.gov.br\/implurb\/#\/schema\/person\/image\/","url":"https:\/\/secure.gravatar.com\/avatar\/f5aab8722444041451501c077052ac07?s=96&d=mm&r=g","contentUrl":"https:\/\/secure.gravatar.com\/avatar\/f5aab8722444041451501c077052ac07?s=96&d=mm&r=g","caption":"Thiago Fernando"}}]}},"_links":{"self":[{"href":"https:\/\/www.manaus.am.gov.br\/implurb\/wp-json\/wp\/v2\/posts\/6961"}],"collection":[{"href":"https:\/\/www.manaus.am.gov.br\/implurb\/wp-json\/wp\/v2\/posts"}],"about":[{"href":"https:\/\/www.manaus.am.gov.br\/implurb\/wp-json\/wp\/v2\/types\/post"}],"author":[{"embeddable":true,"href":"https:\/\/www.manaus.am.gov.br\/implurb\/wp-json\/wp\/v2\/users\/57"}],"replies":[{"embeddable":true,"href":"https:\/\/www.manaus.am.gov.br\/implurb\/wp-json\/wp\/v2\/comments?post=6961"}],"version-history":[{"count":0,"href":"https:\/\/www.manaus.am.gov.br\/implurb\/wp-json\/wp\/v2\/posts\/6961\/revisions"}],"wp:featuredmedia":[{"embeddable":true,"href":"https:\/\/www.manaus.am.gov.br\/implurb\/wp-json\/wp\/v2\/media\/6962"}],"wp:attachment":[{"href":"https:\/\/www.manaus.am.gov.br\/implurb\/wp-json\/wp\/v2\/media?parent=6961"}],"wp:term":[{"taxonomy":"category","embeddable":true,"href":"https:\/\/www.manaus.am.gov.br\/implurb\/wp-json\/wp\/v2\/categories?post=6961"},{"taxonomy":"post_tag","embeddable":true,"href":"https:\/\/www.manaus.am.gov.br\/implurb\/wp-json\/wp\/v2\/tags?post=6961"}],"curies":[{"name":"wp","href":"https:\/\/api.w.org\/{rel}","templated":true}]}}