{"id":6940,"date":"2025-10-02T16:25:20","date_gmt":"2025-10-02T20:25:20","guid":{"rendered":"https:\/\/www.manaus.am.gov.br\/implurb\/programacao-do-circuito-urbano-2025\/"},"modified":"2025-10-02T16:25:22","modified_gmt":"2025-10-02T20:25:22","slug":"programacao-do-circuito-urbano-2025","status":"publish","type":"post","link":"https:\/\/www.manaus.am.gov.br\/implurb\/programacao-do-circuito-urbano-2025\/","title":{"rendered":"Prefeitura de Manaus leva voz da Amaz\u00f4nia a debate internacional sobre clima e cidades rumo \u00e0 COP30 dentro do Circuito Urbano 2025"},"content":{"rendered":"\n<p>Dentro da programa\u00e7\u00e3o do Circuito Urbano 2025, a Prefeitura de Manaus, via Instituto Municipal de Planejamento Urbano (Implurb), participou, nesta quinta-feira, 2\/10, do painel nacional e internacional \u201cTerrit\u00f3rios Urbanos e Emerg\u00eancia Clim\u00e1tica: Caminhos para a COP30\u201d, realizado em formato virtual com transmiss\u00e3o ao vivo pelo YouTube (<a href=\"https:\/\/www.youtube.com\/live\/Zy92JdR5tlM\">https:\/\/www.youtube.com\/live\/Zy92JdR5tlM<\/a>).&nbsp;<\/p>\n\n\n\n<p>O evento foi promovido pelo ONU-Habitat, em parceria com a Rede Brasileira de Institutos de Planejamento (InREDE) e Minist\u00e9rio das Cidades, contando com o Implurb; a rede francesa de Ag\u00eancias de Planejamento Urbano (Fnau); a Associa\u00e7\u00e3o Mexicana de Institutos Municipais de Planejamento (Amimp); o grupo europeu EuroCidades; e a Ag\u00eancia Francesa de Desenvolvimento (AFD), reunindo especialistas para discutir os desafios das cidades frente \u00e0s mudan\u00e7as clim\u00e1ticas.<\/p>\n\n\n\n<p>Painelista do evento, o diretor-presidente do Implurb e vice-presidente da InREDE, Carlos Valente, abriu sua fala destacando a urg\u00eancia de adaptar as cidades ao cen\u00e1rio clim\u00e1tico que se intensifica a cada ano.<\/p>\n\n\n\n<p>\u201cDiante da proje\u00e7\u00e3o de que, nos pr\u00f3ximos 10 anos, cerca de 60% da popula\u00e7\u00e3o mundial residir\u00e1 em \u00e1reas urbanas, \u00e9 crucial desenvolver planos e programas que adaptem nossos territ\u00f3rios \u00e0 nova realidade clim\u00e1tica. Na cidade, estamos avan\u00e7ando com a lei \u2018Manaus Sustent\u00e1vel\u2019, de 2024, em fase de regulamenta\u00e7\u00e3o, para incentivar a preserva\u00e7\u00e3o do meio ambiente, mitigar emiss\u00f5es de carbono no meio urbano, promover o desenvolvimento autossustent\u00e1vel, equil\u00edbrio urbano e ambiental, e a melhoria da qualidade de vida da popula\u00e7\u00e3o, fomentando constru\u00e7\u00f5es e obras sustent\u00e1veis\u201d, comentou Valente.<\/p>\n\n\n\n<p>Valente lembrou que o prefeito David Almeida tem liderado diversas iniciativas, incluindo a legisla\u00e7\u00e3o da \u201cManaus Sustent\u00e1vel\u201d, al\u00e9m das pautas de reabilita\u00e7\u00f5es urbanas e as atualiza\u00e7\u00f5es do Plano de Arboriza\u00e7\u00e3o da capital, do Plano Diretor e do Plano de Saneamento.<\/p>\n\n\n\n<p>\u201cEsses instrumentos s\u00e3o fundamentais para tornar a cidade mais resiliente e preparada. Manaus, no cora\u00e7\u00e3o da Amaz\u00f4nia, tem um compromisso direto com a pauta clim\u00e1tica. Enfrentamos desafios hist\u00f3ricos, mas temos a oportunidade de liderar pelo exemplo, mostrando que \u00e9 poss\u00edvel evoluir para cidades mais equilibradas, humanas e sustent\u00e1veis. Esse \u00e9 um desafio que exige integra\u00e7\u00e3o entre governos, t\u00e9cnicos e, principalmente, a participa\u00e7\u00e3o da comunidade\u201d.<\/p>\n\n\n\n<p><strong>Painel<\/strong><\/p>\n\n\n\n<p>O painel contou com a participa\u00e7\u00e3o de Brigitte Bariol, diretora da FNAU, Fran\u00e7a; Maria de Lurdes, presidente da Amimp, M\u00e9xico; Karel Montalvo, coordenador do EuroCidades; Alice Carvalho, do Minist\u00e9rio das Cidades, Brasil e Daniel Wagner, da Ag\u00eancia Francesa de Desenvolvimento \u2013 AFD, sob a modera\u00e7\u00e3o de Patr\u00edcia Trinta, presidente do Instituto da Cidade, Pesquisa e Planejamento Urbano e Rural (Incid) da Prefeitura de S\u00e3o Lu\u00eds e vice-presidente Nordeste da InREDE.<\/p>\n\n\n\n<p>O encontro refor\u00e7ou que mobilidade urbana, saneamento b\u00e1sico, arboriza\u00e7\u00e3o e educa\u00e7\u00e3o ambiental s\u00e3o eixos essenciais para enfrentar as emerg\u00eancias clim\u00e1ticas. Ao final, ficou evidente que a coopera\u00e7\u00e3o internacional e a troca de experi\u00eancias s\u00e3o decisivas para que as cidades possam n\u00e3o apenas mitigar riscos, mas tamb\u00e9m construir solu\u00e7\u00f5es inovadoras e inclusivas rumo \u00e0 COP30, em Bel\u00e9m.<\/p>\n\n\n\n<p><strong>Circuito Urbano<\/strong><\/p>\n\n\n\n<p>O Circuito Urbano \u00e9 uma iniciativa do ONU-Habitat Brasil, criada em 2018 para dar visibilidade e apoio institucional a eventos que discutem os principais desafios e solu\u00e7\u00f5es para as cidades. Ele acontece dentro do Outubro Urbano, m\u00eas mundial dedicado ao debate sobre qualidade de vida nas \u00e1reas urbanas.<\/p>\n\n\n\n<p>Desde sua cria\u00e7\u00e3o, o Circuito j\u00e1 apoiou cerca de 1.000 eventos em todo o pa\u00eds, tornando o Brasil refer\u00eancia global na celebra\u00e7\u00e3o do Outubro Urbano.<\/p>\n\n\n\n<p>A edi\u00e7\u00e3o de 2025 tem como tema central \u201cEnfrentando desafios urbanos: caminhos para cidades justas e sustent\u00e1veis\u201d, com atividades ligadas a quatro eixos: A\u00e7\u00e3o clim\u00e1tica e meio ambiente urbano, Moradia adequada no centro do planejamento urbano, Redu\u00e7\u00e3o das desigualdades urbanas e Dados, inova\u00e7\u00e3o e cidades inteligentes.<br><br>\u2014 \u2014 \u2014<br><strong>Texto &#8211; <\/strong>Cl\u00e1udia do Valle\/Implurb<br><strong>Fotos \u2013<\/strong> Maxwell Oliveira\/ Implurb<\/p>\n","protected":false},"excerpt":{"rendered":"","protected":false},"author":68,"featured_media":6941,"comment_status":"closed","ping_status":"closed","sticky":false,"template":"","format":"standard","meta":{"footnotes":""},"categories":[33],"tags":[1930,11,15,1931],"acf":[],"yoast_head":"<!-- This site is optimized with the Yoast SEO plugin v23.0 - https:\/\/yoast.com\/wordpress\/plugins\/seo\/ -->\n<title>Prefeitura participa da programa\u00e7\u00e3o do Circuito Urbano 2025<\/title>\n<meta name=\"description\" content=\"A Prefeitura de Manaus participou do painel nacional e internacional \u201cTerrit\u00f3rios Urbanos e Emerg\u00eancia Clim\u00e1tica: Caminhos para a COP30\u201d.\" \/>\n<meta name=\"robots\" content=\"noindex, follow\" \/>\n<meta property=\"og:locale\" content=\"pt_BR\" \/>\n<meta property=\"og:type\" content=\"article\" \/>\n<meta property=\"og:title\" content=\"Prefeitura participa da programa\u00e7\u00e3o do Circuito Urbano 2025\" \/>\n<meta property=\"og:description\" content=\"A Prefeitura de Manaus participou do painel nacional e internacional \u201cTerrit\u00f3rios Urbanos e Emerg\u00eancia Clim\u00e1tica: Caminhos para a COP30\u201d.\" \/>\n<meta property=\"og:url\" content=\"https:\/\/www.manaus.am.gov.br\/implurb\/programacao-do-circuito-urbano-2025\/\" \/>\n<meta property=\"og:site_name\" content=\"IMPLURB\" \/>\n<meta property=\"article:published_time\" content=\"2025-10-02T20:25:20+00:00\" \/>\n<meta property=\"article:modified_time\" content=\"2025-10-02T20:25:22+00:00\" \/>\n<meta property=\"og:image\" content=\"https:\/\/www.manaus.am.gov.br\/implurb\/wp-content\/uploads\/sites\/13\/2025\/10\/carlos3.jpeg\" \/>\n\t<meta property=\"og:image:width\" content=\"1280\" \/>\n\t<meta property=\"og:image:height\" content=\"960\" \/>\n\t<meta property=\"og:image:type\" content=\"image\/jpeg\" \/>\n<meta name=\"author\" content=\"bvalente\" \/>\n<meta name=\"twitter:card\" content=\"summary_large_image\" \/>\n<meta name=\"twitter:label1\" content=\"Written by\" \/>\n\t<meta name=\"twitter:data1\" content=\"bvalente\" \/>\n\t<meta name=\"twitter:label2\" content=\"Est. reading time\" \/>\n\t<meta name=\"twitter:data2\" content=\"4 minutos\" \/>\n<script type=\"application\/ld+json\" class=\"yoast-schema-graph\">{\"@context\":\"https:\/\/schema.org\",\"@graph\":[{\"@type\":\"WebPage\",\"@id\":\"https:\/\/www.manaus.am.gov.br\/implurb\/programacao-do-circuito-urbano-2025\/\",\"url\":\"https:\/\/www.manaus.am.gov.br\/implurb\/programacao-do-circuito-urbano-2025\/\",\"name\":\"Prefeitura participa da programa\u00e7\u00e3o do Circuito Urbano 2025\",\"isPartOf\":{\"@id\":\"https:\/\/www.manaus.am.gov.br\/implurb\/#website\"},\"primaryImageOfPage\":{\"@id\":\"https:\/\/www.manaus.am.gov.br\/implurb\/programacao-do-circuito-urbano-2025\/#primaryimage\"},\"image\":{\"@id\":\"https:\/\/www.manaus.am.gov.br\/implurb\/programacao-do-circuito-urbano-2025\/#primaryimage\"},\"thumbnailUrl\":\"https:\/\/www.manaus.am.gov.br\/implurb\/wp-content\/uploads\/sites\/13\/2025\/10\/carlos3.jpeg\",\"datePublished\":\"2025-10-02T20:25:20+00:00\",\"dateModified\":\"2025-10-02T20:25:22+00:00\",\"author\":{\"@id\":\"https:\/\/www.manaus.am.gov.br\/implurb\/#\/schema\/person\/466a0e03ae4b6062809046bd560ac955\"},\"description\":\"A Prefeitura de Manaus participou do painel nacional e internacional \u201cTerrit\u00f3rios Urbanos e Emerg\u00eancia Clim\u00e1tica: Caminhos para a COP30\u201d.\",\"breadcrumb\":{\"@id\":\"https:\/\/www.manaus.am.gov.br\/implurb\/programacao-do-circuito-urbano-2025\/#breadcrumb\"},\"inLanguage\":\"pt-BR\",\"potentialAction\":[{\"@type\":\"ReadAction\",\"target\":[\"https:\/\/www.manaus.am.gov.br\/implurb\/programacao-do-circuito-urbano-2025\/\"]}]},{\"@type\":\"ImageObject\",\"inLanguage\":\"pt-BR\",\"@id\":\"https:\/\/www.manaus.am.gov.br\/implurb\/programacao-do-circuito-urbano-2025\/#primaryimage\",\"url\":\"https:\/\/www.manaus.am.gov.br\/implurb\/wp-content\/uploads\/sites\/13\/2025\/10\/carlos3.jpeg\",\"contentUrl\":\"https:\/\/www.manaus.am.gov.br\/implurb\/wp-content\/uploads\/sites\/13\/2025\/10\/carlos3.jpeg\",\"width\":1280,\"height\":960,\"caption\":\"#paratodosverem \u2013 Diretor-presidente do Implurb e vice-presidente da InREDE, Carlos Valente, debatendo no painel do Circuito Urbano 2025\"},{\"@type\":\"BreadcrumbList\",\"@id\":\"https:\/\/www.manaus.am.gov.br\/implurb\/programacao-do-circuito-urbano-2025\/#breadcrumb\",\"itemListElement\":[{\"@type\":\"ListItem\",\"position\":1,\"name\":\"Home\",\"item\":\"https:\/\/www.manaus.am.gov.br\/implurb\/\"},{\"@type\":\"ListItem\",\"position\":2,\"name\":\"Prefeitura de Manaus leva voz da Amaz\u00f4nia a debate internacional sobre clima e cidades rumo \u00e0 COP30 dentro do Circuito Urbano 2025\"}]},{\"@type\":\"WebSite\",\"@id\":\"https:\/\/www.manaus.am.gov.br\/implurb\/#website\",\"url\":\"https:\/\/www.manaus.am.gov.br\/implurb\/\",\"name\":\"IMPLURB\",\"description\":\"Prefeitura de Manaus\",\"potentialAction\":[{\"@type\":\"SearchAction\",\"target\":{\"@type\":\"EntryPoint\",\"urlTemplate\":\"https:\/\/www.manaus.am.gov.br\/implurb\/?s={search_term_string}\"},\"query-input\":\"required name=search_term_string\"}],\"inLanguage\":\"pt-BR\"},{\"@type\":\"Person\",\"@id\":\"https:\/\/www.manaus.am.gov.br\/implurb\/#\/schema\/person\/466a0e03ae4b6062809046bd560ac955\",\"name\":\"bvalente\",\"image\":{\"@type\":\"ImageObject\",\"inLanguage\":\"pt-BR\",\"@id\":\"https:\/\/www.manaus.am.gov.br\/implurb\/#\/schema\/person\/image\/\",\"url\":\"https:\/\/secure.gravatar.com\/avatar\/3e69bc2b014bdad41adfec3a39de07d2?s=96&d=mm&r=g\",\"contentUrl\":\"https:\/\/secure.gravatar.com\/avatar\/3e69bc2b014bdad41adfec3a39de07d2?s=96&d=mm&r=g\",\"caption\":\"bvalente\"}}]}<\/script>\n<!-- \/ Yoast SEO plugin. -->","yoast_head_json":{"title":"Prefeitura participa da programa\u00e7\u00e3o do Circuito Urbano 2025","description":"A Prefeitura de Manaus participou do painel nacional e internacional \u201cTerrit\u00f3rios Urbanos e Emerg\u00eancia Clim\u00e1tica: Caminhos para a COP30\u201d.","robots":{"index":"noindex","follow":"follow"},"og_locale":"pt_BR","og_type":"article","og_title":"Prefeitura participa da programa\u00e7\u00e3o do Circuito Urbano 2025","og_description":"A Prefeitura de Manaus participou do painel nacional e internacional \u201cTerrit\u00f3rios Urbanos e Emerg\u00eancia Clim\u00e1tica: Caminhos para a COP30\u201d.","og_url":"https:\/\/www.manaus.am.gov.br\/implurb\/programacao-do-circuito-urbano-2025\/","og_site_name":"IMPLURB","article_published_time":"2025-10-02T20:25:20+00:00","article_modified_time":"2025-10-02T20:25:22+00:00","og_image":[{"width":1280,"height":960,"url":"https:\/\/www.manaus.am.gov.br\/implurb\/wp-content\/uploads\/sites\/13\/2025\/10\/carlos3.jpeg","type":"image\/jpeg"}],"author":"bvalente","twitter_card":"summary_large_image","twitter_misc":{"Written by":"bvalente","Est. reading time":"4 minutos"},"schema":{"@context":"https:\/\/schema.org","@graph":[{"@type":"WebPage","@id":"https:\/\/www.manaus.am.gov.br\/implurb\/programacao-do-circuito-urbano-2025\/","url":"https:\/\/www.manaus.am.gov.br\/implurb\/programacao-do-circuito-urbano-2025\/","name":"Prefeitura participa da programa\u00e7\u00e3o do Circuito Urbano 2025","isPartOf":{"@id":"https:\/\/www.manaus.am.gov.br\/implurb\/#website"},"primaryImageOfPage":{"@id":"https:\/\/www.manaus.am.gov.br\/implurb\/programacao-do-circuito-urbano-2025\/#primaryimage"},"image":{"@id":"https:\/\/www.manaus.am.gov.br\/implurb\/programacao-do-circuito-urbano-2025\/#primaryimage"},"thumbnailUrl":"https:\/\/www.manaus.am.gov.br\/implurb\/wp-content\/uploads\/sites\/13\/2025\/10\/carlos3.jpeg","datePublished":"2025-10-02T20:25:20+00:00","dateModified":"2025-10-02T20:25:22+00:00","author":{"@id":"https:\/\/www.manaus.am.gov.br\/implurb\/#\/schema\/person\/466a0e03ae4b6062809046bd560ac955"},"description":"A Prefeitura de Manaus participou do painel nacional e internacional \u201cTerrit\u00f3rios Urbanos e Emerg\u00eancia Clim\u00e1tica: Caminhos para a COP30\u201d.","breadcrumb":{"@id":"https:\/\/www.manaus.am.gov.br\/implurb\/programacao-do-circuito-urbano-2025\/#breadcrumb"},"inLanguage":"pt-BR","potentialAction":[{"@type":"ReadAction","target":["https:\/\/www.manaus.am.gov.br\/implurb\/programacao-do-circuito-urbano-2025\/"]}]},{"@type":"ImageObject","inLanguage":"pt-BR","@id":"https:\/\/www.manaus.am.gov.br\/implurb\/programacao-do-circuito-urbano-2025\/#primaryimage","url":"https:\/\/www.manaus.am.gov.br\/implurb\/wp-content\/uploads\/sites\/13\/2025\/10\/carlos3.jpeg","contentUrl":"https:\/\/www.manaus.am.gov.br\/implurb\/wp-content\/uploads\/sites\/13\/2025\/10\/carlos3.jpeg","width":1280,"height":960,"caption":"#paratodosverem \u2013 Diretor-presidente do Implurb e vice-presidente da InREDE, Carlos Valente, debatendo no painel do Circuito Urbano 2025"},{"@type":"BreadcrumbList","@id":"https:\/\/www.manaus.am.gov.br\/implurb\/programacao-do-circuito-urbano-2025\/#breadcrumb","itemListElement":[{"@type":"ListItem","position":1,"name":"Home","item":"https:\/\/www.manaus.am.gov.br\/implurb\/"},{"@type":"ListItem","position":2,"name":"Prefeitura de Manaus leva voz da Amaz\u00f4nia a debate internacional sobre clima e cidades rumo \u00e0 COP30 dentro do Circuito Urbano 2025"}]},{"@type":"WebSite","@id":"https:\/\/www.manaus.am.gov.br\/implurb\/#website","url":"https:\/\/www.manaus.am.gov.br\/implurb\/","name":"IMPLURB","description":"Prefeitura de Manaus","potentialAction":[{"@type":"SearchAction","target":{"@type":"EntryPoint","urlTemplate":"https:\/\/www.manaus.am.gov.br\/implurb\/?s={search_term_string}"},"query-input":"required name=search_term_string"}],"inLanguage":"pt-BR"},{"@type":"Person","@id":"https:\/\/www.manaus.am.gov.br\/implurb\/#\/schema\/person\/466a0e03ae4b6062809046bd560ac955","name":"bvalente","image":{"@type":"ImageObject","inLanguage":"pt-BR","@id":"https:\/\/www.manaus.am.gov.br\/implurb\/#\/schema\/person\/image\/","url":"https:\/\/secure.gravatar.com\/avatar\/3e69bc2b014bdad41adfec3a39de07d2?s=96&d=mm&r=g","contentUrl":"https:\/\/secure.gravatar.com\/avatar\/3e69bc2b014bdad41adfec3a39de07d2?s=96&d=mm&r=g","caption":"bvalente"}}]}},"_links":{"self":[{"href":"https:\/\/www.manaus.am.gov.br\/implurb\/wp-json\/wp\/v2\/posts\/6940"}],"collection":[{"href":"https:\/\/www.manaus.am.gov.br\/implurb\/wp-json\/wp\/v2\/posts"}],"about":[{"href":"https:\/\/www.manaus.am.gov.br\/implurb\/wp-json\/wp\/v2\/types\/post"}],"author":[{"embeddable":true,"href":"https:\/\/www.manaus.am.gov.br\/implurb\/wp-json\/wp\/v2\/users\/68"}],"replies":[{"embeddable":true,"href":"https:\/\/www.manaus.am.gov.br\/implurb\/wp-json\/wp\/v2\/comments?post=6940"}],"version-history":[{"count":0,"href":"https:\/\/www.manaus.am.gov.br\/implurb\/wp-json\/wp\/v2\/posts\/6940\/revisions"}],"wp:featuredmedia":[{"embeddable":true,"href":"https:\/\/www.manaus.am.gov.br\/implurb\/wp-json\/wp\/v2\/media\/6941"}],"wp:attachment":[{"href":"https:\/\/www.manaus.am.gov.br\/implurb\/wp-json\/wp\/v2\/media?parent=6940"}],"wp:term":[{"taxonomy":"category","embeddable":true,"href":"https:\/\/www.manaus.am.gov.br\/implurb\/wp-json\/wp\/v2\/categories?post=6940"},{"taxonomy":"post_tag","embeddable":true,"href":"https:\/\/www.manaus.am.gov.br\/implurb\/wp-json\/wp\/v2\/tags?post=6940"}],"curies":[{"name":"wp","href":"https:\/\/api.w.org\/{rel}","templated":true}]}}