{"id":6935,"date":"2025-10-02T11:01:49","date_gmt":"2025-10-02T15:01:49","guid":{"rendered":"https:\/\/www.manaus.am.gov.br\/implurb\/prefeitura-implurb-treinamento-alvara-2\/"},"modified":"2025-10-02T11:01:51","modified_gmt":"2025-10-02T15:01:51","slug":"prefeitura-implurb-treinamento-alvara-2","status":"publish","type":"post","link":"https:\/\/www.manaus.am.gov.br\/implurb\/prefeitura-implurb-treinamento-alvara-2\/","title":{"rendered":"Prefeitura faz treinamento sobre Alvar\u00e1 de Constru\u00e7\u00e3o Mais F\u00e1cil para membros do MP-AM"},"content":{"rendered":"\n<p>Dentro da agenda institucional da Prefeitura de Manaus, o Instituto Municipal de Planejamento Urbano (Implurb) realizou, esta semana, um novo treinamento sobre o sistema Alvar\u00e1 de Constru\u00e7\u00e3o Mais F\u00e1cil (ACMF), a convite do promotor de Justi\u00e7a Paulo St\u00e9lio Sabb\u00e1 Guimar\u00e3es, titular da 63\u00aa Promotoria Especializada na Prote\u00e7\u00e3o e Defesa da Ordem Urban\u00edstica (Prourb) do Minist\u00e9rio P\u00fablico do Estado do Amazonas (MP-AM).<\/p>\n\n\n\n<p>O p\u00fablico-alvo da capacita\u00e7\u00e3o foram os t\u00e9cnicos da institui\u00e7\u00e3o, incluindo arquitetos e engenheiros, com o objetivo de aprofundar a compreens\u00e3o do funcionamento do sistema simplificado de alvar\u00e1s, lan\u00e7ado em fevereiro de 2022 e regulamentado pela Lei Complementar n\u00ba 20\/2022.<\/p>\n\n\n\n<p>Segundo a diretora de Opera\u00e7\u00f5es do Implurb, arquiteta e urbanista Jeane Mota, a troca foi produtiva e estrat\u00e9gica para ampliar o alcance da ferramenta. \u201cMinistramos o treinamento no MP-AM a convite da Promotoria de Urbanismo, com foco nos t\u00e9cnicos da \u00e1rea. A ideia foi aprofundar a compreens\u00e3o do sistema de alvar\u00e1 por autodeclara\u00e7\u00e3o, que j\u00e1 permite a emiss\u00e3o em at\u00e9 duas horas, ap\u00f3s o pagamento da taxa. As informa\u00e7\u00f5es s\u00e3o prestadas pelos profissionais habilitados a usar o ACMF. Foi um evento muito bem recebido e que contribui tamb\u00e9m para disseminar a informa\u00e7\u00e3o de forma mais ampla para a sociedade\u201d, destacou Jeane.<\/p>\n\n\n\n<p>O modelo autodeclarat\u00f3rio garante agilidade ao licenciamento urban\u00edstico de obras de baixo impacto, at\u00e9 750 metros quadrados e at\u00e9 quatro pavimentos. Os respons\u00e1veis t\u00e9cnicos inserem as informa\u00e7\u00f5es diretamente no sistema, assumindo responsabilidade pelas declara\u00e7\u00f5es.<\/p>\n\n\n\n<p>Para ter acesso ao sistema, os profissionais habilitados a fazer os licenciamentos no modelo autodeclat\u00f3rio precisam ter credenciamento do respons\u00e1vel t\u00e9cnico, usando certificado digital (<em>token<\/em>). Os certificados funcionam em sistema operacional Windows. Eles far\u00e3o inicialmente o&nbsp;<a href=\"https:\/\/amf.manaus.am.gov.br\/cadastro-usuario\" target=\"_blank\" rel=\"noreferrer noopener\">cadastro<\/a>&nbsp;no sistema, informando dados b\u00e1sicos de identifica\u00e7\u00e3o, endere\u00e7o de correspond\u00eancia e contato. O sistema, em si, \u00e9 muito intuitivo e simples, dependendo da inclus\u00e3o dos dados da obra.<\/p>\n\n\n\n<p>O Alvar\u00e1 de Constru\u00e7\u00e3o Mais F\u00e1cil tamb\u00e9m prev\u00ea desconto de 20% no pagamento em parcela \u00fanica da taxa de licenciamento, conforme regulamenta o Decreto n\u00ba 5.750\/2022, assinado pelo prefeito David Almeida.<\/p>\n\n\n\n<p>&#8212; &#8212; &#8212;<\/p>\n\n\n\n<p><strong>Texto<\/strong>&nbsp;&#8211;&nbsp;Cl\u00e1udia do Valle\/Implurb<\/p>\n\n\n\n<p><strong>Fotos<\/strong>&nbsp;\u2013 Divulga\u00e7\u00e3o<\/p>\n","protected":false},"excerpt":{"rendered":"","protected":false},"author":23,"featured_media":6936,"comment_status":"closed","ping_status":"closed","sticky":false,"template":"","format":"standard","meta":{"footnotes":""},"categories":[81],"tags":[1927,11,107,1928,1657,15,71],"acf":[],"yoast_head":"<!-- This site is optimized with the Yoast SEO plugin v23.0 - https:\/\/yoast.com\/wordpress\/plugins\/seo\/ -->\n<title>Prefeitura faz treinamento sobre Alvar\u00e1 de Constru\u00e7\u00e3o Mais F\u00e1cil para membros do MP-AM<\/title>\n<meta name=\"description\" content=\"Dentro da agenda institucional da Prefeitura de Manaus, o Instituto Municipal de Planejamento Urbano (Implurb) realizou, esta semana, um novo treinamento sobre o sistema Alvar\u00e1 de Constru\u00e7\u00e3o Mais F\u00e1cil (ACMF), a convite do promotor de Justi\u00e7a Paulo St\u00e9lio Sabb\u00e1 Guimar\u00e3es, titular da 63\u00aa Promotoria Especializada na Prote\u00e7\u00e3o e Defesa da Ordem Urban\u00edstica (Prourb) do Minist\u00e9rio P\u00fablico do Estado do Amazonas (MP-AM).\" \/>\n<meta name=\"robots\" content=\"noindex, follow\" \/>\n<meta property=\"og:locale\" content=\"pt_BR\" \/>\n<meta property=\"og:type\" content=\"article\" \/>\n<meta property=\"og:title\" content=\"Prefeitura faz treinamento sobre Alvar\u00e1 de Constru\u00e7\u00e3o Mais F\u00e1cil para membros do MP-AM\" \/>\n<meta property=\"og:description\" content=\"Dentro da agenda institucional da Prefeitura de Manaus, o Instituto Municipal de Planejamento Urbano (Implurb) realizou, esta semana, um novo treinamento sobre o sistema Alvar\u00e1 de Constru\u00e7\u00e3o Mais F\u00e1cil (ACMF), a convite do promotor de Justi\u00e7a Paulo St\u00e9lio Sabb\u00e1 Guimar\u00e3es, titular da 63\u00aa Promotoria Especializada na Prote\u00e7\u00e3o e Defesa da Ordem Urban\u00edstica (Prourb) do Minist\u00e9rio P\u00fablico do Estado do Amazonas (MP-AM).\" \/>\n<meta property=\"og:url\" content=\"https:\/\/www.manaus.am.gov.br\/implurb\/prefeitura-implurb-treinamento-alvara-2\/\" \/>\n<meta property=\"og:site_name\" content=\"IMPLURB\" \/>\n<meta property=\"article:published_time\" content=\"2025-10-02T15:01:49+00:00\" \/>\n<meta property=\"article:modified_time\" content=\"2025-10-02T15:01:51+00:00\" \/>\n<meta property=\"og:image\" content=\"https:\/\/www.manaus.am.gov.br\/implurb\/wp-content\/uploads\/sites\/13\/2025\/10\/mpam2.jpeg\" \/>\n\t<meta property=\"og:image:width\" content=\"1312\" \/>\n\t<meta property=\"og:image:height\" content=\"720\" \/>\n\t<meta property=\"og:image:type\" content=\"image\/jpeg\" \/>\n<meta name=\"author\" content=\"Adriana Costa\" \/>\n<meta name=\"twitter:card\" content=\"summary_large_image\" \/>\n<meta name=\"twitter:label1\" content=\"Written by\" \/>\n\t<meta name=\"twitter:data1\" content=\"Adriana Costa\" \/>\n\t<meta name=\"twitter:label2\" content=\"Est. reading time\" \/>\n\t<meta name=\"twitter:data2\" content=\"3 minutos\" \/>\n<script type=\"application\/ld+json\" class=\"yoast-schema-graph\">{\"@context\":\"https:\/\/schema.org\",\"@graph\":[{\"@type\":\"WebPage\",\"@id\":\"https:\/\/www.manaus.am.gov.br\/implurb\/prefeitura-implurb-treinamento-alvara-2\/\",\"url\":\"https:\/\/www.manaus.am.gov.br\/implurb\/prefeitura-implurb-treinamento-alvara-2\/\",\"name\":\"Prefeitura faz treinamento sobre Alvar\u00e1 de Constru\u00e7\u00e3o Mais F\u00e1cil para membros do MP-AM\",\"isPartOf\":{\"@id\":\"https:\/\/www.manaus.am.gov.br\/implurb\/#website\"},\"primaryImageOfPage\":{\"@id\":\"https:\/\/www.manaus.am.gov.br\/implurb\/prefeitura-implurb-treinamento-alvara-2\/#primaryimage\"},\"image\":{\"@id\":\"https:\/\/www.manaus.am.gov.br\/implurb\/prefeitura-implurb-treinamento-alvara-2\/#primaryimage\"},\"thumbnailUrl\":\"https:\/\/www.manaus.am.gov.br\/implurb\/wp-content\/uploads\/sites\/13\/2025\/10\/mpam2.jpeg\",\"datePublished\":\"2025-10-02T15:01:49+00:00\",\"dateModified\":\"2025-10-02T15:01:51+00:00\",\"author\":{\"@id\":\"https:\/\/www.manaus.am.gov.br\/implurb\/#\/schema\/person\/4e49f4e267757a06ca072ec61b2b9968\"},\"description\":\"Dentro da agenda institucional da Prefeitura de Manaus, o Instituto Municipal de Planejamento Urbano (Implurb) realizou, esta semana, um novo treinamento sobre o sistema Alvar\u00e1 de Constru\u00e7\u00e3o Mais F\u00e1cil (ACMF), a convite do promotor de Justi\u00e7a Paulo St\u00e9lio Sabb\u00e1 Guimar\u00e3es, titular da 63\u00aa Promotoria Especializada na Prote\u00e7\u00e3o e Defesa da Ordem Urban\u00edstica (Prourb) do Minist\u00e9rio P\u00fablico do Estado do Amazonas (MP-AM).\",\"breadcrumb\":{\"@id\":\"https:\/\/www.manaus.am.gov.br\/implurb\/prefeitura-implurb-treinamento-alvara-2\/#breadcrumb\"},\"inLanguage\":\"pt-BR\",\"potentialAction\":[{\"@type\":\"ReadAction\",\"target\":[\"https:\/\/www.manaus.am.gov.br\/implurb\/prefeitura-implurb-treinamento-alvara-2\/\"]}]},{\"@type\":\"ImageObject\",\"inLanguage\":\"pt-BR\",\"@id\":\"https:\/\/www.manaus.am.gov.br\/implurb\/prefeitura-implurb-treinamento-alvara-2\/#primaryimage\",\"url\":\"https:\/\/www.manaus.am.gov.br\/implurb\/wp-content\/uploads\/sites\/13\/2025\/10\/mpam2.jpeg\",\"contentUrl\":\"https:\/\/www.manaus.am.gov.br\/implurb\/wp-content\/uploads\/sites\/13\/2025\/10\/mpam2.jpeg\",\"width\":1312,\"height\":720,\"caption\":\"#paratodosverem - Palestrante e participante do treinamento para emiss\u00e3o no novo Alvar\u00e1, do Implurb\"},{\"@type\":\"BreadcrumbList\",\"@id\":\"https:\/\/www.manaus.am.gov.br\/implurb\/prefeitura-implurb-treinamento-alvara-2\/#breadcrumb\",\"itemListElement\":[{\"@type\":\"ListItem\",\"position\":1,\"name\":\"Home\",\"item\":\"https:\/\/www.manaus.am.gov.br\/implurb\/\"},{\"@type\":\"ListItem\",\"position\":2,\"name\":\"Prefeitura faz treinamento sobre Alvar\u00e1 de Constru\u00e7\u00e3o Mais F\u00e1cil para membros do MP-AM\"}]},{\"@type\":\"WebSite\",\"@id\":\"https:\/\/www.manaus.am.gov.br\/implurb\/#website\",\"url\":\"https:\/\/www.manaus.am.gov.br\/implurb\/\",\"name\":\"IMPLURB\",\"description\":\"Prefeitura de Manaus\",\"potentialAction\":[{\"@type\":\"SearchAction\",\"target\":{\"@type\":\"EntryPoint\",\"urlTemplate\":\"https:\/\/www.manaus.am.gov.br\/implurb\/?s={search_term_string}\"},\"query-input\":\"required name=search_term_string\"}],\"inLanguage\":\"pt-BR\"},{\"@type\":\"Person\",\"@id\":\"https:\/\/www.manaus.am.gov.br\/implurb\/#\/schema\/person\/4e49f4e267757a06ca072ec61b2b9968\",\"name\":\"Adriana Costa\",\"image\":{\"@type\":\"ImageObject\",\"inLanguage\":\"pt-BR\",\"@id\":\"https:\/\/www.manaus.am.gov.br\/implurb\/#\/schema\/person\/image\/\",\"url\":\"https:\/\/secure.gravatar.com\/avatar\/576258617ef7194f718179e766d57bd4?s=96&d=mm&r=g\",\"contentUrl\":\"https:\/\/secure.gravatar.com\/avatar\/576258617ef7194f718179e766d57bd4?s=96&d=mm&r=g\",\"caption\":\"Adriana Costa\"}}]}<\/script>\n<!-- \/ Yoast SEO plugin. -->","yoast_head_json":{"title":"Prefeitura faz treinamento sobre Alvar\u00e1 de Constru\u00e7\u00e3o Mais F\u00e1cil para membros do MP-AM","description":"Dentro da agenda institucional da Prefeitura de Manaus, o Instituto Municipal de Planejamento Urbano (Implurb) realizou, esta semana, um novo treinamento sobre o sistema Alvar\u00e1 de Constru\u00e7\u00e3o Mais F\u00e1cil (ACMF), a convite do promotor de Justi\u00e7a Paulo St\u00e9lio Sabb\u00e1 Guimar\u00e3es, titular da 63\u00aa Promotoria Especializada na Prote\u00e7\u00e3o e Defesa da Ordem Urban\u00edstica (Prourb) do Minist\u00e9rio P\u00fablico do Estado do Amazonas (MP-AM).","robots":{"index":"noindex","follow":"follow"},"og_locale":"pt_BR","og_type":"article","og_title":"Prefeitura faz treinamento sobre Alvar\u00e1 de Constru\u00e7\u00e3o Mais F\u00e1cil para membros do MP-AM","og_description":"Dentro da agenda institucional da Prefeitura de Manaus, o Instituto Municipal de Planejamento Urbano (Implurb) realizou, esta semana, um novo treinamento sobre o sistema Alvar\u00e1 de Constru\u00e7\u00e3o Mais F\u00e1cil (ACMF), a convite do promotor de Justi\u00e7a Paulo St\u00e9lio Sabb\u00e1 Guimar\u00e3es, titular da 63\u00aa Promotoria Especializada na Prote\u00e7\u00e3o e Defesa da Ordem Urban\u00edstica (Prourb) do Minist\u00e9rio P\u00fablico do Estado do Amazonas (MP-AM).","og_url":"https:\/\/www.manaus.am.gov.br\/implurb\/prefeitura-implurb-treinamento-alvara-2\/","og_site_name":"IMPLURB","article_published_time":"2025-10-02T15:01:49+00:00","article_modified_time":"2025-10-02T15:01:51+00:00","og_image":[{"width":1312,"height":720,"url":"https:\/\/www.manaus.am.gov.br\/implurb\/wp-content\/uploads\/sites\/13\/2025\/10\/mpam2.jpeg","type":"image\/jpeg"}],"author":"Adriana Costa","twitter_card":"summary_large_image","twitter_misc":{"Written by":"Adriana Costa","Est. reading time":"3 minutos"},"schema":{"@context":"https:\/\/schema.org","@graph":[{"@type":"WebPage","@id":"https:\/\/www.manaus.am.gov.br\/implurb\/prefeitura-implurb-treinamento-alvara-2\/","url":"https:\/\/www.manaus.am.gov.br\/implurb\/prefeitura-implurb-treinamento-alvara-2\/","name":"Prefeitura faz treinamento sobre Alvar\u00e1 de Constru\u00e7\u00e3o Mais F\u00e1cil para membros do MP-AM","isPartOf":{"@id":"https:\/\/www.manaus.am.gov.br\/implurb\/#website"},"primaryImageOfPage":{"@id":"https:\/\/www.manaus.am.gov.br\/implurb\/prefeitura-implurb-treinamento-alvara-2\/#primaryimage"},"image":{"@id":"https:\/\/www.manaus.am.gov.br\/implurb\/prefeitura-implurb-treinamento-alvara-2\/#primaryimage"},"thumbnailUrl":"https:\/\/www.manaus.am.gov.br\/implurb\/wp-content\/uploads\/sites\/13\/2025\/10\/mpam2.jpeg","datePublished":"2025-10-02T15:01:49+00:00","dateModified":"2025-10-02T15:01:51+00:00","author":{"@id":"https:\/\/www.manaus.am.gov.br\/implurb\/#\/schema\/person\/4e49f4e267757a06ca072ec61b2b9968"},"description":"Dentro da agenda institucional da Prefeitura de Manaus, o Instituto Municipal de Planejamento Urbano (Implurb) realizou, esta semana, um novo treinamento sobre o sistema Alvar\u00e1 de Constru\u00e7\u00e3o Mais F\u00e1cil (ACMF), a convite do promotor de Justi\u00e7a Paulo St\u00e9lio Sabb\u00e1 Guimar\u00e3es, titular da 63\u00aa Promotoria Especializada na Prote\u00e7\u00e3o e Defesa da Ordem Urban\u00edstica (Prourb) do Minist\u00e9rio P\u00fablico do Estado do Amazonas (MP-AM).","breadcrumb":{"@id":"https:\/\/www.manaus.am.gov.br\/implurb\/prefeitura-implurb-treinamento-alvara-2\/#breadcrumb"},"inLanguage":"pt-BR","potentialAction":[{"@type":"ReadAction","target":["https:\/\/www.manaus.am.gov.br\/implurb\/prefeitura-implurb-treinamento-alvara-2\/"]}]},{"@type":"ImageObject","inLanguage":"pt-BR","@id":"https:\/\/www.manaus.am.gov.br\/implurb\/prefeitura-implurb-treinamento-alvara-2\/#primaryimage","url":"https:\/\/www.manaus.am.gov.br\/implurb\/wp-content\/uploads\/sites\/13\/2025\/10\/mpam2.jpeg","contentUrl":"https:\/\/www.manaus.am.gov.br\/implurb\/wp-content\/uploads\/sites\/13\/2025\/10\/mpam2.jpeg","width":1312,"height":720,"caption":"#paratodosverem - Palestrante e participante do treinamento para emiss\u00e3o no novo Alvar\u00e1, do Implurb"},{"@type":"BreadcrumbList","@id":"https:\/\/www.manaus.am.gov.br\/implurb\/prefeitura-implurb-treinamento-alvara-2\/#breadcrumb","itemListElement":[{"@type":"ListItem","position":1,"name":"Home","item":"https:\/\/www.manaus.am.gov.br\/implurb\/"},{"@type":"ListItem","position":2,"name":"Prefeitura faz treinamento sobre Alvar\u00e1 de Constru\u00e7\u00e3o Mais F\u00e1cil para membros do MP-AM"}]},{"@type":"WebSite","@id":"https:\/\/www.manaus.am.gov.br\/implurb\/#website","url":"https:\/\/www.manaus.am.gov.br\/implurb\/","name":"IMPLURB","description":"Prefeitura de Manaus","potentialAction":[{"@type":"SearchAction","target":{"@type":"EntryPoint","urlTemplate":"https:\/\/www.manaus.am.gov.br\/implurb\/?s={search_term_string}"},"query-input":"required name=search_term_string"}],"inLanguage":"pt-BR"},{"@type":"Person","@id":"https:\/\/www.manaus.am.gov.br\/implurb\/#\/schema\/person\/4e49f4e267757a06ca072ec61b2b9968","name":"Adriana Costa","image":{"@type":"ImageObject","inLanguage":"pt-BR","@id":"https:\/\/www.manaus.am.gov.br\/implurb\/#\/schema\/person\/image\/","url":"https:\/\/secure.gravatar.com\/avatar\/576258617ef7194f718179e766d57bd4?s=96&d=mm&r=g","contentUrl":"https:\/\/secure.gravatar.com\/avatar\/576258617ef7194f718179e766d57bd4?s=96&d=mm&r=g","caption":"Adriana Costa"}}]}},"_links":{"self":[{"href":"https:\/\/www.manaus.am.gov.br\/implurb\/wp-json\/wp\/v2\/posts\/6935"}],"collection":[{"href":"https:\/\/www.manaus.am.gov.br\/implurb\/wp-json\/wp\/v2\/posts"}],"about":[{"href":"https:\/\/www.manaus.am.gov.br\/implurb\/wp-json\/wp\/v2\/types\/post"}],"author":[{"embeddable":true,"href":"https:\/\/www.manaus.am.gov.br\/implurb\/wp-json\/wp\/v2\/users\/23"}],"replies":[{"embeddable":true,"href":"https:\/\/www.manaus.am.gov.br\/implurb\/wp-json\/wp\/v2\/comments?post=6935"}],"version-history":[{"count":0,"href":"https:\/\/www.manaus.am.gov.br\/implurb\/wp-json\/wp\/v2\/posts\/6935\/revisions"}],"wp:featuredmedia":[{"embeddable":true,"href":"https:\/\/www.manaus.am.gov.br\/implurb\/wp-json\/wp\/v2\/media\/6936"}],"wp:attachment":[{"href":"https:\/\/www.manaus.am.gov.br\/implurb\/wp-json\/wp\/v2\/media?parent=6935"}],"wp:term":[{"taxonomy":"category","embeddable":true,"href":"https:\/\/www.manaus.am.gov.br\/implurb\/wp-json\/wp\/v2\/categories?post=6935"},{"taxonomy":"post_tag","embeddable":true,"href":"https:\/\/www.manaus.am.gov.br\/implurb\/wp-json\/wp\/v2\/tags?post=6935"}],"curies":[{"name":"wp","href":"https:\/\/api.w.org\/{rel}","templated":true}]}}