{"id":6933,"date":"2025-10-01T14:10:17","date_gmt":"2025-10-01T18:10:17","guid":{"rendered":"https:\/\/www.manaus.am.gov.br\/implurb\/300-notificacoes-mutirao-no-bairro-no-centro\/"},"modified":"2025-10-01T14:10:18","modified_gmt":"2025-10-01T18:10:18","slug":"300-notificacoes-mutirao-no-bairro-no-centro","status":"publish","type":"post","link":"https:\/\/www.manaus.am.gov.br\/implurb\/300-notificacoes-mutirao-no-bairro-no-centro\/","title":{"rendered":"Prefeitura de Manaus faz mais de 300 notifica\u00e7\u00f5es durante dois meses do \u2018Mutir\u00e3o no Bairro\u2019 no Centro"},"content":{"rendered":"\n<p>Nos \u00faltimos dois meses, o \u201cMutir\u00e3o no Bairro\u201d do centro\u00a0hist\u00f3rico, a\u00e7\u00e3o in\u00e9dita da <a href=\"https:\/\/www.instagram.com\/prefeiturademanaus\/\">Prefeitura de Manaus<\/a>, vem mudando a rotina das ruas da zona Sul. Em a\u00e7\u00e3o integrada com dezenas de secretarias, o <a href=\"https:\/\/www.manaus.am.gov.br\/implurb\/\">Instituto Municipal de Planejamento Urbano (Implurb)<\/a> j\u00e1 fez 314 notifica\u00e7\u00f5es e duas autua\u00e7\u00f5es por obstru\u00e7\u00e3o de cal\u00e7adas e ocupa\u00e7\u00e3o irregular de logradouros p\u00fablicos, conforme balan\u00e7o atualizado at\u00e9 esta ter\u00e7a-feira, 20\/9.<\/p>\n\n\n\n<p>A opera\u00e7\u00e3o tem como foco orientar e notificar com\u00e9rcios e lojistas que insistem em ocupar o espa\u00e7o destinado ao pedestre com araras, bancas, fogareiros, redes e at\u00e9 obras irregulares.<\/p>\n\n\n\n<p>De acordo com o Plano Diretor de Manaus (Lei Complementar 005\/2014 \u2013 C\u00f3digo de Postura), \u00e9 proibido o uso de cal\u00e7adas e passeios p\u00fablicos para estacionamento de ve\u00edculos, exposi\u00e7\u00e3o de produtos ou qualquer outra forma de bloqueio.<\/p>\n\n\n\n<p>Mais do que retirar obst\u00e1culos, a a\u00e7\u00e3o busca resgatar a fun\u00e7\u00e3o das cal\u00e7adas como espa\u00e7os livres e multifuncionais, garantindo mobilidade, acessibilidade e conviv\u00eancia social no cora\u00e7\u00e3o da cidade. O trabalho visa melhorar o ambiente no passeio p\u00fablico como espa\u00e7os livres multifuncionais, onde ocorrem uma s\u00e9rie de atividades, tanto de fluxo de pedestres, acesso a lotes, quanto de conviv\u00eancia social.<\/p>\n\n\n\n<p><strong>Vias fiscalizadas<\/strong><\/p>\n\n\n\n<p>Vinte e quatro ruas e avenidas j\u00e1 receberam fiscaliza\u00e7\u00e3o, incluindo Bar\u00e3o de S\u00e3o Domingos, rua dos Bar\u00e9s, Coronel S\u00e9rgio Pessoa, Leovegildo Coelho, Tabeli\u00e3o Lessa, Pedro Botelho, Rocha dos Santos, Marechal Deodoro, Floriano Peixoto, Get\u00falio Vargas, Marc\u00edlio Dias, Miranda Le\u00e3o, Joaquim Sarmento, entre outras.<\/p>\n\n\n\n<p>O&nbsp;mutir\u00e3o&nbsp;foi iniciado em agosto, no dia 4, pelo prefeito de Manaus, David Almeida, reunindo 16 secretarias municipais e mais de 1.100 servidores em uma opera\u00e7\u00e3o integrada de infraestrutura, limpeza urbana, mobilidade, ordenamento e assist\u00eancia social. Com dura\u00e7\u00e3o estimada de 90 dias, o&nbsp;mutir\u00e3o&nbsp;ser\u00e1 dividido em tr\u00eas grandes polos territoriais, e nesta primeira fase contempla 49 ruas.<\/p>\n\n\n\n<p><strong>Fiscaliza\u00e7\u00e3o e infra\u00e7\u00f5es<\/strong><\/p>\n\n\n\n<p>\u201cAl\u00e9m da ocupa\u00e7\u00e3o irregular de cal\u00e7adas pelos comerciantes, impedindo o direito de ir e vir, e at\u00e9 mesmo do pedestre acessar com tranquilidade os pr\u00f3prios com\u00e9rcios, encontramos obras em execu\u00e7\u00e3o sem o devido licenciamento, que foram notificadas e embargadas\u201d, disse o vice-presidente do&nbsp;Implurb, Antonio Peixoto, que acompanha o&nbsp;mutir\u00e3o&nbsp;nas ruas do&nbsp;centro&nbsp;hist\u00f3rico.<\/p>\n\n\n\n<p>Sobre as ocupa\u00e7\u00f5es e obstru\u00e7\u00f5es do logradouro p\u00fablico, fiscais do&nbsp;Implurb&nbsp;fazem as notifica\u00e7\u00f5es, orientam novamente os lojistas, e retornam para verificar se os mesmos n\u00e3o voltaram a colocar produtos, araras e bancas nas cal\u00e7adas. Duas multas foram aplicadas por descumprimento das notifica\u00e7\u00f5es, gerando infra\u00e7\u00e3o pela ilegalidade.<\/p>\n\n\n\n<p><strong>A\u00e7\u00f5es<\/strong><\/p>\n\n\n\n<p>As a\u00e7\u00f5es visam requalificar o&nbsp;centro&nbsp;hist\u00f3rico e comercial, onde pulsa a mem\u00f3ria, a economia e o turismo da capital. A popula\u00e7\u00e3o tamb\u00e9m \u00e9 chamada a ser parceira, respeitando as regras de ocupa\u00e7\u00e3o e ajudando a manter os espa\u00e7os organizados.<\/p>\n\n\n\n<p>O \u201cMutir\u00e3o&nbsp;no Bairro\u201d, no&nbsp;Centro, n\u00e3o \u00e9 apenas um trabalho de limpeza e manuten\u00e7\u00e3o \u2014 \u00e9 um movimento para valorizar o patrim\u00f4nio hist\u00f3rico, fortalecer o com\u00e9rcio e oferecer mais qualidade de vida a quem vive, trabalha e visita \u00e0 regi\u00e3o.<\/p>\n\n\n\n<p>&#8212; &#8212; &#8212;<\/p>\n\n\n\n<p><strong>Texto<\/strong>&nbsp;&#8211;&nbsp;Cl\u00e1udia do Valle\/Implurb<\/p>\n\n\n\n<p><strong>Fotos<\/strong>&nbsp;&#8211; Semcom e Maxwell Oliveira\/Implurb<\/p>\n","protected":false},"excerpt":{"rendered":"","protected":false},"author":57,"featured_media":6934,"comment_status":"closed","ping_status":"closed","sticky":false,"template":"","format":"standard","meta":{"footnotes":""},"categories":[1918],"tags":[1887,1926,11,15],"acf":[],"yoast_head":"<!-- This site is optimized with the Yoast SEO plugin v23.0 - https:\/\/yoast.com\/wordpress\/plugins\/seo\/ -->\n<title>Mais de 300 notifica\u00e7\u00f5es feitas no \u2018Mutir\u00e3o no Bairro\u2019 no Centro<\/title>\n<meta name=\"description\" content=\"O Implurb j\u00e1 fez mais de 300 notifica\u00e7\u00f5es e duas autua\u00e7\u00f5es por obstru\u00e7\u00e3o de cal\u00e7adas e ocupa\u00e7\u00e3o irregular de logradouros p\u00fablicos.\" \/>\n<meta name=\"robots\" content=\"noindex, follow\" \/>\n<meta property=\"og:locale\" content=\"pt_BR\" \/>\n<meta property=\"og:type\" content=\"article\" \/>\n<meta property=\"og:title\" content=\"Mais de 300 notifica\u00e7\u00f5es feitas no \u2018Mutir\u00e3o no Bairro\u2019 no Centro\" \/>\n<meta property=\"og:description\" content=\"O Implurb j\u00e1 fez mais de 300 notifica\u00e7\u00f5es e duas autua\u00e7\u00f5es por obstru\u00e7\u00e3o de cal\u00e7adas e ocupa\u00e7\u00e3o irregular de logradouros p\u00fablicos.\" \/>\n<meta property=\"og:url\" content=\"https:\/\/www.manaus.am.gov.br\/implurb\/300-notificacoes-mutirao-no-bairro-no-centro\/\" \/>\n<meta property=\"og:site_name\" content=\"IMPLURB\" \/>\n<meta property=\"article:published_time\" content=\"2025-10-01T18:10:17+00:00\" \/>\n<meta property=\"article:modified_time\" content=\"2025-10-01T18:10:18+00:00\" \/>\n<meta property=\"og:image\" content=\"https:\/\/www.manaus.am.gov.br\/implurb\/wp-content\/uploads\/sites\/13\/2025\/10\/notificacoes_Mutirao_no_Centro-2.jpeg\" \/>\n\t<meta property=\"og:image:width\" content=\"4160\" \/>\n\t<meta property=\"og:image:height\" content=\"3120\" \/>\n\t<meta property=\"og:image:type\" content=\"image\/jpeg\" \/>\n<meta name=\"author\" content=\"Thiago Fernando\" \/>\n<meta name=\"twitter:card\" content=\"summary_large_image\" \/>\n<meta name=\"twitter:label1\" content=\"Written by\" \/>\n\t<meta name=\"twitter:data1\" content=\"Thiago Fernando\" \/>\n\t<meta name=\"twitter:label2\" content=\"Est. reading time\" \/>\n\t<meta name=\"twitter:data2\" content=\"3 minutos\" \/>\n<script type=\"application\/ld+json\" class=\"yoast-schema-graph\">{\"@context\":\"https:\/\/schema.org\",\"@graph\":[{\"@type\":\"WebPage\",\"@id\":\"https:\/\/www.manaus.am.gov.br\/implurb\/300-notificacoes-mutirao-no-bairro-no-centro\/\",\"url\":\"https:\/\/www.manaus.am.gov.br\/implurb\/300-notificacoes-mutirao-no-bairro-no-centro\/\",\"name\":\"Mais de 300 notifica\u00e7\u00f5es feitas no \u2018Mutir\u00e3o no Bairro\u2019 no Centro\",\"isPartOf\":{\"@id\":\"https:\/\/www.manaus.am.gov.br\/implurb\/#website\"},\"primaryImageOfPage\":{\"@id\":\"https:\/\/www.manaus.am.gov.br\/implurb\/300-notificacoes-mutirao-no-bairro-no-centro\/#primaryimage\"},\"image\":{\"@id\":\"https:\/\/www.manaus.am.gov.br\/implurb\/300-notificacoes-mutirao-no-bairro-no-centro\/#primaryimage\"},\"thumbnailUrl\":\"https:\/\/www.manaus.am.gov.br\/implurb\/wp-content\/uploads\/sites\/13\/2025\/10\/notificacoes_Mutirao_no_Centro-2.jpeg\",\"datePublished\":\"2025-10-01T18:10:17+00:00\",\"dateModified\":\"2025-10-01T18:10:18+00:00\",\"author\":{\"@id\":\"https:\/\/www.manaus.am.gov.br\/implurb\/#\/schema\/person\/a5ee5376db6e21af026374b369f30882\"},\"description\":\"O Implurb j\u00e1 fez mais de 300 notifica\u00e7\u00f5es e duas autua\u00e7\u00f5es por obstru\u00e7\u00e3o de cal\u00e7adas e ocupa\u00e7\u00e3o irregular de logradouros p\u00fablicos.\",\"breadcrumb\":{\"@id\":\"https:\/\/www.manaus.am.gov.br\/implurb\/300-notificacoes-mutirao-no-bairro-no-centro\/#breadcrumb\"},\"inLanguage\":\"pt-BR\",\"potentialAction\":[{\"@type\":\"ReadAction\",\"target\":[\"https:\/\/www.manaus.am.gov.br\/implurb\/300-notificacoes-mutirao-no-bairro-no-centro\/\"]}]},{\"@type\":\"ImageObject\",\"inLanguage\":\"pt-BR\",\"@id\":\"https:\/\/www.manaus.am.gov.br\/implurb\/300-notificacoes-mutirao-no-bairro-no-centro\/#primaryimage\",\"url\":\"https:\/\/www.manaus.am.gov.br\/implurb\/wp-content\/uploads\/sites\/13\/2025\/10\/notificacoes_Mutirao_no_Centro-2.jpeg\",\"contentUrl\":\"https:\/\/www.manaus.am.gov.br\/implurb\/wp-content\/uploads\/sites\/13\/2025\/10\/notificacoes_Mutirao_no_Centro-2.jpeg\",\"width\":4160,\"height\":3120,\"caption\":\"#paratodosverem - Servidores realizando notifica\u00e7\u00f5es no Centro\"},{\"@type\":\"BreadcrumbList\",\"@id\":\"https:\/\/www.manaus.am.gov.br\/implurb\/300-notificacoes-mutirao-no-bairro-no-centro\/#breadcrumb\",\"itemListElement\":[{\"@type\":\"ListItem\",\"position\":1,\"name\":\"Home\",\"item\":\"https:\/\/www.manaus.am.gov.br\/implurb\/\"},{\"@type\":\"ListItem\",\"position\":2,\"name\":\"Prefeitura de Manaus faz mais de 300 notifica\u00e7\u00f5es durante dois meses do \u2018Mutir\u00e3o no Bairro\u2019 no Centro\"}]},{\"@type\":\"WebSite\",\"@id\":\"https:\/\/www.manaus.am.gov.br\/implurb\/#website\",\"url\":\"https:\/\/www.manaus.am.gov.br\/implurb\/\",\"name\":\"IMPLURB\",\"description\":\"Prefeitura de Manaus\",\"potentialAction\":[{\"@type\":\"SearchAction\",\"target\":{\"@type\":\"EntryPoint\",\"urlTemplate\":\"https:\/\/www.manaus.am.gov.br\/implurb\/?s={search_term_string}\"},\"query-input\":\"required name=search_term_string\"}],\"inLanguage\":\"pt-BR\"},{\"@type\":\"Person\",\"@id\":\"https:\/\/www.manaus.am.gov.br\/implurb\/#\/schema\/person\/a5ee5376db6e21af026374b369f30882\",\"name\":\"Thiago Fernando\",\"image\":{\"@type\":\"ImageObject\",\"inLanguage\":\"pt-BR\",\"@id\":\"https:\/\/www.manaus.am.gov.br\/implurb\/#\/schema\/person\/image\/\",\"url\":\"https:\/\/secure.gravatar.com\/avatar\/f5aab8722444041451501c077052ac07?s=96&d=mm&r=g\",\"contentUrl\":\"https:\/\/secure.gravatar.com\/avatar\/f5aab8722444041451501c077052ac07?s=96&d=mm&r=g\",\"caption\":\"Thiago Fernando\"}}]}<\/script>\n<!-- \/ Yoast SEO plugin. -->","yoast_head_json":{"title":"Mais de 300 notifica\u00e7\u00f5es feitas no \u2018Mutir\u00e3o no Bairro\u2019 no Centro","description":"O Implurb j\u00e1 fez mais de 300 notifica\u00e7\u00f5es e duas autua\u00e7\u00f5es por obstru\u00e7\u00e3o de cal\u00e7adas e ocupa\u00e7\u00e3o irregular de logradouros p\u00fablicos.","robots":{"index":"noindex","follow":"follow"},"og_locale":"pt_BR","og_type":"article","og_title":"Mais de 300 notifica\u00e7\u00f5es feitas no \u2018Mutir\u00e3o no Bairro\u2019 no Centro","og_description":"O Implurb j\u00e1 fez mais de 300 notifica\u00e7\u00f5es e duas autua\u00e7\u00f5es por obstru\u00e7\u00e3o de cal\u00e7adas e ocupa\u00e7\u00e3o irregular de logradouros p\u00fablicos.","og_url":"https:\/\/www.manaus.am.gov.br\/implurb\/300-notificacoes-mutirao-no-bairro-no-centro\/","og_site_name":"IMPLURB","article_published_time":"2025-10-01T18:10:17+00:00","article_modified_time":"2025-10-01T18:10:18+00:00","og_image":[{"width":4160,"height":3120,"url":"https:\/\/www.manaus.am.gov.br\/implurb\/wp-content\/uploads\/sites\/13\/2025\/10\/notificacoes_Mutirao_no_Centro-2.jpeg","type":"image\/jpeg"}],"author":"Thiago Fernando","twitter_card":"summary_large_image","twitter_misc":{"Written by":"Thiago Fernando","Est. reading time":"3 minutos"},"schema":{"@context":"https:\/\/schema.org","@graph":[{"@type":"WebPage","@id":"https:\/\/www.manaus.am.gov.br\/implurb\/300-notificacoes-mutirao-no-bairro-no-centro\/","url":"https:\/\/www.manaus.am.gov.br\/implurb\/300-notificacoes-mutirao-no-bairro-no-centro\/","name":"Mais de 300 notifica\u00e7\u00f5es feitas no \u2018Mutir\u00e3o no Bairro\u2019 no Centro","isPartOf":{"@id":"https:\/\/www.manaus.am.gov.br\/implurb\/#website"},"primaryImageOfPage":{"@id":"https:\/\/www.manaus.am.gov.br\/implurb\/300-notificacoes-mutirao-no-bairro-no-centro\/#primaryimage"},"image":{"@id":"https:\/\/www.manaus.am.gov.br\/implurb\/300-notificacoes-mutirao-no-bairro-no-centro\/#primaryimage"},"thumbnailUrl":"https:\/\/www.manaus.am.gov.br\/implurb\/wp-content\/uploads\/sites\/13\/2025\/10\/notificacoes_Mutirao_no_Centro-2.jpeg","datePublished":"2025-10-01T18:10:17+00:00","dateModified":"2025-10-01T18:10:18+00:00","author":{"@id":"https:\/\/www.manaus.am.gov.br\/implurb\/#\/schema\/person\/a5ee5376db6e21af026374b369f30882"},"description":"O Implurb j\u00e1 fez mais de 300 notifica\u00e7\u00f5es e duas autua\u00e7\u00f5es por obstru\u00e7\u00e3o de cal\u00e7adas e ocupa\u00e7\u00e3o irregular de logradouros p\u00fablicos.","breadcrumb":{"@id":"https:\/\/www.manaus.am.gov.br\/implurb\/300-notificacoes-mutirao-no-bairro-no-centro\/#breadcrumb"},"inLanguage":"pt-BR","potentialAction":[{"@type":"ReadAction","target":["https:\/\/www.manaus.am.gov.br\/implurb\/300-notificacoes-mutirao-no-bairro-no-centro\/"]}]},{"@type":"ImageObject","inLanguage":"pt-BR","@id":"https:\/\/www.manaus.am.gov.br\/implurb\/300-notificacoes-mutirao-no-bairro-no-centro\/#primaryimage","url":"https:\/\/www.manaus.am.gov.br\/implurb\/wp-content\/uploads\/sites\/13\/2025\/10\/notificacoes_Mutirao_no_Centro-2.jpeg","contentUrl":"https:\/\/www.manaus.am.gov.br\/implurb\/wp-content\/uploads\/sites\/13\/2025\/10\/notificacoes_Mutirao_no_Centro-2.jpeg","width":4160,"height":3120,"caption":"#paratodosverem - Servidores realizando notifica\u00e7\u00f5es no Centro"},{"@type":"BreadcrumbList","@id":"https:\/\/www.manaus.am.gov.br\/implurb\/300-notificacoes-mutirao-no-bairro-no-centro\/#breadcrumb","itemListElement":[{"@type":"ListItem","position":1,"name":"Home","item":"https:\/\/www.manaus.am.gov.br\/implurb\/"},{"@type":"ListItem","position":2,"name":"Prefeitura de Manaus faz mais de 300 notifica\u00e7\u00f5es durante dois meses do \u2018Mutir\u00e3o no Bairro\u2019 no Centro"}]},{"@type":"WebSite","@id":"https:\/\/www.manaus.am.gov.br\/implurb\/#website","url":"https:\/\/www.manaus.am.gov.br\/implurb\/","name":"IMPLURB","description":"Prefeitura de Manaus","potentialAction":[{"@type":"SearchAction","target":{"@type":"EntryPoint","urlTemplate":"https:\/\/www.manaus.am.gov.br\/implurb\/?s={search_term_string}"},"query-input":"required name=search_term_string"}],"inLanguage":"pt-BR"},{"@type":"Person","@id":"https:\/\/www.manaus.am.gov.br\/implurb\/#\/schema\/person\/a5ee5376db6e21af026374b369f30882","name":"Thiago Fernando","image":{"@type":"ImageObject","inLanguage":"pt-BR","@id":"https:\/\/www.manaus.am.gov.br\/implurb\/#\/schema\/person\/image\/","url":"https:\/\/secure.gravatar.com\/avatar\/f5aab8722444041451501c077052ac07?s=96&d=mm&r=g","contentUrl":"https:\/\/secure.gravatar.com\/avatar\/f5aab8722444041451501c077052ac07?s=96&d=mm&r=g","caption":"Thiago Fernando"}}]}},"_links":{"self":[{"href":"https:\/\/www.manaus.am.gov.br\/implurb\/wp-json\/wp\/v2\/posts\/6933"}],"collection":[{"href":"https:\/\/www.manaus.am.gov.br\/implurb\/wp-json\/wp\/v2\/posts"}],"about":[{"href":"https:\/\/www.manaus.am.gov.br\/implurb\/wp-json\/wp\/v2\/types\/post"}],"author":[{"embeddable":true,"href":"https:\/\/www.manaus.am.gov.br\/implurb\/wp-json\/wp\/v2\/users\/57"}],"replies":[{"embeddable":true,"href":"https:\/\/www.manaus.am.gov.br\/implurb\/wp-json\/wp\/v2\/comments?post=6933"}],"version-history":[{"count":0,"href":"https:\/\/www.manaus.am.gov.br\/implurb\/wp-json\/wp\/v2\/posts\/6933\/revisions"}],"wp:featuredmedia":[{"embeddable":true,"href":"https:\/\/www.manaus.am.gov.br\/implurb\/wp-json\/wp\/v2\/media\/6934"}],"wp:attachment":[{"href":"https:\/\/www.manaus.am.gov.br\/implurb\/wp-json\/wp\/v2\/media?parent=6933"}],"wp:term":[{"taxonomy":"category","embeddable":true,"href":"https:\/\/www.manaus.am.gov.br\/implurb\/wp-json\/wp\/v2\/categories?post=6933"},{"taxonomy":"post_tag","embeddable":true,"href":"https:\/\/www.manaus.am.gov.br\/implurb\/wp-json\/wp\/v2\/tags?post=6933"}],"curies":[{"name":"wp","href":"https:\/\/api.w.org\/{rel}","templated":true}]}}