{"id":6925,"date":"2025-09-30T15:30:57","date_gmt":"2025-09-30T19:30:57","guid":{"rendered":"https:\/\/www.manaus.am.gov.br\/implurb\/acessibilidade-na-capital-audiencia-publica\/"},"modified":"2025-09-30T15:30:58","modified_gmt":"2025-09-30T19:30:58","slug":"acessibilidade-na-capital-audiencia-publica","status":"publish","type":"post","link":"https:\/\/www.manaus.am.gov.br\/implurb\/acessibilidade-na-capital-audiencia-publica\/","title":{"rendered":"Prefeitura de Manaus participa de audi\u00eancia p\u00fablica do MPAM sobre acessibilidade na capital"},"content":{"rendered":"\n<p>A acessibilidade e mobilidade urbanas foram o centro do debate nesta ter\u00e7a-feira, 30\/9, durante audi\u00eancia p\u00fablica realizada pelo Minist\u00e9rio P\u00fablico do Amazonas (MP-AM), no audit\u00f3rio Gebes de Mello Medeiros, na Ponta Negra, zona Oeste, que reuniu representantes da <a href=\"https:\/\/www.instagram.com\/prefeiturademanaus\/\">Prefeitura de Manaus<\/a> e demais org\u00e3os estaduais e federais, al\u00e9m da sociedade civil, para discutir os desafios de circula\u00e7\u00e3o em vias, cal\u00e7adas, passarelas e terminais de \u00f4nibus da capital amazonense.<\/p>\n\n\n\n<p>O encontro contou com a participa\u00e7\u00e3o de pessoas com defici\u00eancia visual, cadeirantes e outros cidad\u00e3os que relataram, de forma direta, as dificuldades cotidianas enfrentadas pela falta de infraestrutura adequada. Segundo o Censo 2022, do IBGE, 146,4 milh\u00f5es de brasileiros (84%) vivem em locais com cal\u00e7adas, um avan\u00e7o expressivo em rela\u00e7\u00e3o a 2010, quando eram 66,4%. Por\u00e9m, apenas 18,8% da popula\u00e7\u00e3o (32,8 milh\u00f5es de pessoas) contam com vias realmente acess\u00edveis, livres de obst\u00e1culos.<\/p>\n\n\n\n<p>Para o vice-presidente do <a href=\"https:\/\/www.manaus.am.gov.br\/implurb\/\">Instituto Municipal de Planejamento Urbano (Implurb)<\/a>, Antonio Peixoto, presente na audi\u00eancia, o encontro foi essencial para refor\u00e7ar responsabilidades e esclarecer pontos fundamentais.<\/p>\n\n\n\n<p>\u201cA tem\u00e1tica central foi a mobilidade e a acessibilidade. Tivemos a oportunidade de fazer uma exposi\u00e7\u00e3o, nos colocando \u00e0 disposi\u00e7\u00e3o para colaborar. Abordamos o Plano Diretor, o C\u00f3digo de Obras e o C\u00f3digo de Posturas, destacando que, embora muitos acreditem que a prefeitura seja respons\u00e1vel pela constru\u00e7\u00e3o das cal\u00e7adas, na verdade essa obriga\u00e7\u00e3o \u00e9 do propriet\u00e1rio do terreno, conforme legisla\u00e7\u00e3o em vigor. Cabe ao poder p\u00fablico garantir a acessibilidade em equipamentos e obras p\u00fablicas, como viadutos, pra\u00e7as, centros sociais, quadras e terminais de \u00f4nibus\u201d, explicou.<\/p>\n\n\n\n<p>O dirigente tamb\u00e9m apresentou n\u00fameros que refletem avan\u00e7os da gest\u00e3o: \u201cMantemos a\u00e7\u00f5es de fiscaliza\u00e7\u00e3o e tivemos um aumento de 19% nas notifica\u00e7\u00f5es e autua\u00e7\u00f5es em rela\u00e7\u00e3o ao ano anterior. Inclu\u00edmos multas e, em alguns casos, demoli\u00e7\u00f5es administrativas em resposta ao descumprimento do C\u00f3digo de Obras e do C\u00f3digo de Posturas. A situa\u00e7\u00e3o das cal\u00e7adas em Manaus \u00e9 resultado de d\u00e9cadas de ocupa\u00e7\u00e3o irregular e explos\u00e3o demogr\u00e1fica, e exige trabalho cont\u00ednuo\u201d.<\/p>\n\n\n\n<p>O diretor de Planejamento Urbano do instituto, arquiteto e urbanista Pedro Paulo Cordeiro, explicou que Manaus \u00e9 uma metr\u00f3pole que ultrapassa os 2,3 milh\u00f5es de habitantes e est\u00e1 entre as capitais que mais crescem em popula\u00e7\u00e3o no Brasil. \u201cEsse crescimento traz consigo o desafio de pensar a acessibilidade de forma ampla, n\u00e3o apenas para pessoas com defici\u00eancia permanente, mas tamb\u00e9m para todos que t\u00eam mobilidade reduzida \u2013 idosos, gestantes, pessoas com obesidade, quem utiliza carrinhos de beb\u00ea ou at\u00e9 mesmo quem enfrenta uma limita\u00e7\u00e3o tempor\u00e1ria ap\u00f3s um acidente\u201d, comentou.<\/p>\n\n\n\n<p><strong>Cal\u00e7adas<\/strong><\/p>\n\n\n\n<p>Para o diretor, a acessibilidade precisa estar presente nas cal\u00e7adas, nos espa\u00e7os p\u00fablicos, nos pr\u00e9dios governamentais e em toda a infraestrutura urbana. \u201c\u00c9 fundamental que a popula\u00e7\u00e3o tamb\u00e9m compreenda sua responsabilidade: a constru\u00e7\u00e3o e manuten\u00e7\u00e3o das cal\u00e7adas \u00e9 dever do propriet\u00e1rio do lote, que deve seguir as normativas do Plano Diretor e do C\u00f3digo de Posturas. Essa consci\u00eancia coletiva \u00e9 essencial para construirmos uma cidade mais inclusiva e preparada para o futuro\u201d.<\/p>\n\n\n\n<p>Ao final, Peixoto destacou a import\u00e2ncia da educa\u00e7\u00e3o e da conscientiza\u00e7\u00e3o para mudar a realidade. \u201cO Minist\u00e9rio P\u00fablico encerrou o evento sugerindo o refor\u00e7o das campanhas educativas, para esclarecer a responsabilidade dos propriet\u00e1rios e os impactos da falta de acessibilidade na vida de pessoas com defici\u00eancia. Foi uma audi\u00eancia produtiva e positiva, que ajuda a fortalecer o compromisso de todos com uma cidade mais inclusiva\u201d, concluiu.<\/p>\n\n\n\n<p>A audi\u00eancia p\u00fablica \u00e9 uma iniciativa da 63\u00aa Prourb, em parceria com a 62\u00aa Prourb e a 42\u00aa Promotoria de Justi\u00e7a Especializada na Defesa dos Direitos Humanos da Pessoa Idosa e da Pessoa com Defici\u00eancia (Prodhid).<\/p>\n\n\n\n<p>&#8212; &#8212; &#8212;<\/p>\n\n\n\n<p><strong>Texto \u2013&nbsp;<\/strong>Cl\u00e1udia do Valle \/ Implurb<\/p>\n\n\n\n<p><strong>Fotos <\/strong>&#8211; Divulga\u00e7\u00e3o \/ MPAM<\/p>\n","protected":false},"excerpt":{"rendered":"","protected":false},"author":57,"featured_media":6926,"comment_status":"closed","ping_status":"closed","sticky":false,"template":"","format":"standard","meta":{"footnotes":""},"categories":[1924],"tags":[1925,1880,11,15],"acf":[],"yoast_head":"<!-- This site is optimized with the Yoast SEO plugin v23.0 - https:\/\/yoast.com\/wordpress\/plugins\/seo\/ -->\n<title>PMM participa de audi\u00eancia p\u00fablica sobre acessibilidade na capital<\/title>\n<meta name=\"description\" content=\"A acessibilidade e mobilidade urbanas foram o centro do debate nesta ter\u00e7a-feira, 30\/9, durante audi\u00eancia p\u00fablica realizada pelo MP-AM.\" \/>\n<meta name=\"robots\" content=\"noindex, follow\" \/>\n<meta property=\"og:locale\" content=\"pt_BR\" \/>\n<meta property=\"og:type\" content=\"article\" \/>\n<meta property=\"og:title\" content=\"PMM participa de audi\u00eancia p\u00fablica sobre acessibilidade na capital\" \/>\n<meta property=\"og:description\" content=\"A acessibilidade e mobilidade urbanas foram o centro do debate nesta ter\u00e7a-feira, 30\/9, durante audi\u00eancia p\u00fablica realizada pelo MP-AM.\" \/>\n<meta property=\"og:url\" content=\"https:\/\/www.manaus.am.gov.br\/implurb\/acessibilidade-na-capital-audiencia-publica\/\" \/>\n<meta property=\"og:site_name\" content=\"IMPLURB\" \/>\n<meta property=\"article:published_time\" content=\"2025-09-30T19:30:57+00:00\" \/>\n<meta property=\"article:modified_time\" content=\"2025-09-30T19:30:58+00:00\" \/>\n<meta property=\"og:image\" content=\"https:\/\/www.manaus.am.gov.br\/implurb\/wp-content\/uploads\/sites\/13\/2025\/09\/acessibilidade-na-capital-3.jpg\" \/>\n\t<meta property=\"og:image:width\" content=\"2048\" \/>\n\t<meta property=\"og:image:height\" content=\"1536\" \/>\n\t<meta property=\"og:image:type\" content=\"image\/jpeg\" \/>\n<meta name=\"author\" content=\"Thiago Fernando\" \/>\n<meta name=\"twitter:card\" content=\"summary_large_image\" \/>\n<meta name=\"twitter:label1\" content=\"Written by\" \/>\n\t<meta name=\"twitter:data1\" content=\"Thiago Fernando\" \/>\n\t<meta name=\"twitter:label2\" content=\"Est. reading time\" \/>\n\t<meta name=\"twitter:data2\" content=\"4 minutos\" \/>\n<script type=\"application\/ld+json\" class=\"yoast-schema-graph\">{\"@context\":\"https:\/\/schema.org\",\"@graph\":[{\"@type\":\"WebPage\",\"@id\":\"https:\/\/www.manaus.am.gov.br\/implurb\/acessibilidade-na-capital-audiencia-publica\/\",\"url\":\"https:\/\/www.manaus.am.gov.br\/implurb\/acessibilidade-na-capital-audiencia-publica\/\",\"name\":\"PMM participa de audi\u00eancia p\u00fablica sobre acessibilidade na capital\",\"isPartOf\":{\"@id\":\"https:\/\/www.manaus.am.gov.br\/implurb\/#website\"},\"primaryImageOfPage\":{\"@id\":\"https:\/\/www.manaus.am.gov.br\/implurb\/acessibilidade-na-capital-audiencia-publica\/#primaryimage\"},\"image\":{\"@id\":\"https:\/\/www.manaus.am.gov.br\/implurb\/acessibilidade-na-capital-audiencia-publica\/#primaryimage\"},\"thumbnailUrl\":\"https:\/\/www.manaus.am.gov.br\/implurb\/wp-content\/uploads\/sites\/13\/2025\/09\/acessibilidade-na-capital-3.jpg\",\"datePublished\":\"2025-09-30T19:30:57+00:00\",\"dateModified\":\"2025-09-30T19:30:58+00:00\",\"author\":{\"@id\":\"https:\/\/www.manaus.am.gov.br\/implurb\/#\/schema\/person\/a5ee5376db6e21af026374b369f30882\"},\"description\":\"A acessibilidade e mobilidade urbanas foram o centro do debate nesta ter\u00e7a-feira, 30\/9, durante audi\u00eancia p\u00fablica realizada pelo MP-AM.\",\"breadcrumb\":{\"@id\":\"https:\/\/www.manaus.am.gov.br\/implurb\/acessibilidade-na-capital-audiencia-publica\/#breadcrumb\"},\"inLanguage\":\"pt-BR\",\"potentialAction\":[{\"@type\":\"ReadAction\",\"target\":[\"https:\/\/www.manaus.am.gov.br\/implurb\/acessibilidade-na-capital-audiencia-publica\/\"]}]},{\"@type\":\"ImageObject\",\"inLanguage\":\"pt-BR\",\"@id\":\"https:\/\/www.manaus.am.gov.br\/implurb\/acessibilidade-na-capital-audiencia-publica\/#primaryimage\",\"url\":\"https:\/\/www.manaus.am.gov.br\/implurb\/wp-content\/uploads\/sites\/13\/2025\/09\/acessibilidade-na-capital-3.jpg\",\"contentUrl\":\"https:\/\/www.manaus.am.gov.br\/implurb\/wp-content\/uploads\/sites\/13\/2025\/09\/acessibilidade-na-capital-3.jpg\",\"width\":2048,\"height\":1536,\"caption\":\"#paratodosverem - Participantes na bancada do MPAM\"},{\"@type\":\"BreadcrumbList\",\"@id\":\"https:\/\/www.manaus.am.gov.br\/implurb\/acessibilidade-na-capital-audiencia-publica\/#breadcrumb\",\"itemListElement\":[{\"@type\":\"ListItem\",\"position\":1,\"name\":\"Home\",\"item\":\"https:\/\/www.manaus.am.gov.br\/implurb\/\"},{\"@type\":\"ListItem\",\"position\":2,\"name\":\"Prefeitura de Manaus participa de audi\u00eancia p\u00fablica do MPAM sobre acessibilidade na capital\"}]},{\"@type\":\"WebSite\",\"@id\":\"https:\/\/www.manaus.am.gov.br\/implurb\/#website\",\"url\":\"https:\/\/www.manaus.am.gov.br\/implurb\/\",\"name\":\"IMPLURB\",\"description\":\"Prefeitura de Manaus\",\"potentialAction\":[{\"@type\":\"SearchAction\",\"target\":{\"@type\":\"EntryPoint\",\"urlTemplate\":\"https:\/\/www.manaus.am.gov.br\/implurb\/?s={search_term_string}\"},\"query-input\":\"required name=search_term_string\"}],\"inLanguage\":\"pt-BR\"},{\"@type\":\"Person\",\"@id\":\"https:\/\/www.manaus.am.gov.br\/implurb\/#\/schema\/person\/a5ee5376db6e21af026374b369f30882\",\"name\":\"Thiago Fernando\",\"image\":{\"@type\":\"ImageObject\",\"inLanguage\":\"pt-BR\",\"@id\":\"https:\/\/www.manaus.am.gov.br\/implurb\/#\/schema\/person\/image\/\",\"url\":\"https:\/\/secure.gravatar.com\/avatar\/f5aab8722444041451501c077052ac07?s=96&d=mm&r=g\",\"contentUrl\":\"https:\/\/secure.gravatar.com\/avatar\/f5aab8722444041451501c077052ac07?s=96&d=mm&r=g\",\"caption\":\"Thiago Fernando\"}}]}<\/script>\n<!-- \/ Yoast SEO plugin. -->","yoast_head_json":{"title":"PMM participa de audi\u00eancia p\u00fablica sobre acessibilidade na capital","description":"A acessibilidade e mobilidade urbanas foram o centro do debate nesta ter\u00e7a-feira, 30\/9, durante audi\u00eancia p\u00fablica realizada pelo MP-AM.","robots":{"index":"noindex","follow":"follow"},"og_locale":"pt_BR","og_type":"article","og_title":"PMM participa de audi\u00eancia p\u00fablica sobre acessibilidade na capital","og_description":"A acessibilidade e mobilidade urbanas foram o centro do debate nesta ter\u00e7a-feira, 30\/9, durante audi\u00eancia p\u00fablica realizada pelo MP-AM.","og_url":"https:\/\/www.manaus.am.gov.br\/implurb\/acessibilidade-na-capital-audiencia-publica\/","og_site_name":"IMPLURB","article_published_time":"2025-09-30T19:30:57+00:00","article_modified_time":"2025-09-30T19:30:58+00:00","og_image":[{"width":2048,"height":1536,"url":"https:\/\/www.manaus.am.gov.br\/implurb\/wp-content\/uploads\/sites\/13\/2025\/09\/acessibilidade-na-capital-3.jpg","type":"image\/jpeg"}],"author":"Thiago Fernando","twitter_card":"summary_large_image","twitter_misc":{"Written by":"Thiago Fernando","Est. reading time":"4 minutos"},"schema":{"@context":"https:\/\/schema.org","@graph":[{"@type":"WebPage","@id":"https:\/\/www.manaus.am.gov.br\/implurb\/acessibilidade-na-capital-audiencia-publica\/","url":"https:\/\/www.manaus.am.gov.br\/implurb\/acessibilidade-na-capital-audiencia-publica\/","name":"PMM participa de audi\u00eancia p\u00fablica sobre acessibilidade na capital","isPartOf":{"@id":"https:\/\/www.manaus.am.gov.br\/implurb\/#website"},"primaryImageOfPage":{"@id":"https:\/\/www.manaus.am.gov.br\/implurb\/acessibilidade-na-capital-audiencia-publica\/#primaryimage"},"image":{"@id":"https:\/\/www.manaus.am.gov.br\/implurb\/acessibilidade-na-capital-audiencia-publica\/#primaryimage"},"thumbnailUrl":"https:\/\/www.manaus.am.gov.br\/implurb\/wp-content\/uploads\/sites\/13\/2025\/09\/acessibilidade-na-capital-3.jpg","datePublished":"2025-09-30T19:30:57+00:00","dateModified":"2025-09-30T19:30:58+00:00","author":{"@id":"https:\/\/www.manaus.am.gov.br\/implurb\/#\/schema\/person\/a5ee5376db6e21af026374b369f30882"},"description":"A acessibilidade e mobilidade urbanas foram o centro do debate nesta ter\u00e7a-feira, 30\/9, durante audi\u00eancia p\u00fablica realizada pelo MP-AM.","breadcrumb":{"@id":"https:\/\/www.manaus.am.gov.br\/implurb\/acessibilidade-na-capital-audiencia-publica\/#breadcrumb"},"inLanguage":"pt-BR","potentialAction":[{"@type":"ReadAction","target":["https:\/\/www.manaus.am.gov.br\/implurb\/acessibilidade-na-capital-audiencia-publica\/"]}]},{"@type":"ImageObject","inLanguage":"pt-BR","@id":"https:\/\/www.manaus.am.gov.br\/implurb\/acessibilidade-na-capital-audiencia-publica\/#primaryimage","url":"https:\/\/www.manaus.am.gov.br\/implurb\/wp-content\/uploads\/sites\/13\/2025\/09\/acessibilidade-na-capital-3.jpg","contentUrl":"https:\/\/www.manaus.am.gov.br\/implurb\/wp-content\/uploads\/sites\/13\/2025\/09\/acessibilidade-na-capital-3.jpg","width":2048,"height":1536,"caption":"#paratodosverem - Participantes na bancada do MPAM"},{"@type":"BreadcrumbList","@id":"https:\/\/www.manaus.am.gov.br\/implurb\/acessibilidade-na-capital-audiencia-publica\/#breadcrumb","itemListElement":[{"@type":"ListItem","position":1,"name":"Home","item":"https:\/\/www.manaus.am.gov.br\/implurb\/"},{"@type":"ListItem","position":2,"name":"Prefeitura de Manaus participa de audi\u00eancia p\u00fablica do MPAM sobre acessibilidade na capital"}]},{"@type":"WebSite","@id":"https:\/\/www.manaus.am.gov.br\/implurb\/#website","url":"https:\/\/www.manaus.am.gov.br\/implurb\/","name":"IMPLURB","description":"Prefeitura de Manaus","potentialAction":[{"@type":"SearchAction","target":{"@type":"EntryPoint","urlTemplate":"https:\/\/www.manaus.am.gov.br\/implurb\/?s={search_term_string}"},"query-input":"required name=search_term_string"}],"inLanguage":"pt-BR"},{"@type":"Person","@id":"https:\/\/www.manaus.am.gov.br\/implurb\/#\/schema\/person\/a5ee5376db6e21af026374b369f30882","name":"Thiago Fernando","image":{"@type":"ImageObject","inLanguage":"pt-BR","@id":"https:\/\/www.manaus.am.gov.br\/implurb\/#\/schema\/person\/image\/","url":"https:\/\/secure.gravatar.com\/avatar\/f5aab8722444041451501c077052ac07?s=96&d=mm&r=g","contentUrl":"https:\/\/secure.gravatar.com\/avatar\/f5aab8722444041451501c077052ac07?s=96&d=mm&r=g","caption":"Thiago Fernando"}}]}},"_links":{"self":[{"href":"https:\/\/www.manaus.am.gov.br\/implurb\/wp-json\/wp\/v2\/posts\/6925"}],"collection":[{"href":"https:\/\/www.manaus.am.gov.br\/implurb\/wp-json\/wp\/v2\/posts"}],"about":[{"href":"https:\/\/www.manaus.am.gov.br\/implurb\/wp-json\/wp\/v2\/types\/post"}],"author":[{"embeddable":true,"href":"https:\/\/www.manaus.am.gov.br\/implurb\/wp-json\/wp\/v2\/users\/57"}],"replies":[{"embeddable":true,"href":"https:\/\/www.manaus.am.gov.br\/implurb\/wp-json\/wp\/v2\/comments?post=6925"}],"version-history":[{"count":0,"href":"https:\/\/www.manaus.am.gov.br\/implurb\/wp-json\/wp\/v2\/posts\/6925\/revisions"}],"wp:featuredmedia":[{"embeddable":true,"href":"https:\/\/www.manaus.am.gov.br\/implurb\/wp-json\/wp\/v2\/media\/6926"}],"wp:attachment":[{"href":"https:\/\/www.manaus.am.gov.br\/implurb\/wp-json\/wp\/v2\/media?parent=6925"}],"wp:term":[{"taxonomy":"category","embeddable":true,"href":"https:\/\/www.manaus.am.gov.br\/implurb\/wp-json\/wp\/v2\/categories?post=6925"},{"taxonomy":"post_tag","embeddable":true,"href":"https:\/\/www.manaus.am.gov.br\/implurb\/wp-json\/wp\/v2\/tags?post=6925"}],"curies":[{"name":"wp","href":"https:\/\/api.w.org\/{rel}","templated":true}]}}