{"id":6919,"date":"2025-09-30T10:46:05","date_gmt":"2025-09-30T14:46:05","guid":{"rendered":"https:\/\/www.manaus.am.gov.br\/implurb\/prefeitura-novasede-implurb-arborizacao\/"},"modified":"2025-09-30T10:46:06","modified_gmt":"2025-09-30T14:46:06","slug":"prefeitura-novasede-implurb-arborizacao","status":"publish","type":"post","link":"https:\/\/www.manaus.am.gov.br\/implurb\/prefeitura-novasede-implurb-arborizacao\/","title":{"rendered":"Nova sede do Implurb recebe plantio de mais de 260 \u00e1rvores nativas e brasileiras pela Prefeitura de Manaus"},"content":{"rendered":"\n<p>Desde 2021, a Prefeitura de Manaus j\u00e1 fez o plantio de mais de 44 mil novas \u00e1rvores na capital amazonense. E, mais 260 esp\u00e9cies se somam a este n\u00famero, sendo plantadas na nova sede do Instituto Municipal de Planejamento Urbano (Implurb), no Parque Mosaico, no&nbsp; bairro Tarum\u00e3, zona Oeste da cidade.<\/p>\n\n\n\n<p>Em parceria com a Secretaria Municipal de Meio Ambiente, Sustentabilidade e Mudan\u00e7a do Clima (Semmasclima), o Implurb recebe o plantio das esp\u00e9cies nativas da Amaz\u00f4nia e brasileiras, como pau-pretinho, jutairana, ip\u00ea e pata-de-vaca.<\/p>\n\n\n\n<p>A arboriza\u00e7\u00e3o da nova sede representa muito mais do que um projeto paisag\u00edstico: \u00e9 uma declara\u00e7\u00e3o de compromisso ambiental e um exemplo pr\u00e1tico de sustentabilidade urbana.<\/p>\n\n\n\n<p>O diretor-presidente do Implurb, Carlos Valente, ressalta que a a\u00e7\u00e3o refor\u00e7a a identidade amaz\u00f4nica e a biofilia da nova sede. \u201c\u00c9 uma not\u00edcia muito boa e muito gostosa de compartilhar. Gra\u00e7as \u00e0 parceria com a Semmasclima, vamos oferecer um espa\u00e7o que dialoga com as nossas tradi\u00e7\u00f5es amaz\u00f4nicas e contribui para a redu\u00e7\u00e3o dos impactos clim\u00e1ticos em Manaus. Esse projeto vai trazer mais qualidade de vida para quem trabalha e para quem utiliza o Implurb\u201d, afirmou Valente.<\/p>\n\n\n\n<p>Segundo o diretor de Planejamento do Implurb, arquiteto e urbanista Pedro Paulo Cordeiro, a iniciativa vai muito al\u00e9m da est\u00e9tica. \u201cO plantio de diversas esp\u00e9cies na nova sede \u00e9 uma forma de oferecer mais conforto aos funcion\u00e1rios, usu\u00e1rios e visitantes, criando um ambiente saud\u00e1vel, visual e ambientalmente. As \u00e1rvores v\u00e3o garantir sombreamento, reduzir a forma\u00e7\u00e3o de ilhas de calor e transformar \u00e1reas como estacionamentos e espa\u00e7os laterais em ambientes mais frescos e agrad\u00e1veis\u201d, destacou.<\/p>\n\n\n\n<p>Ele explicou que o terreno da obra, anteriormente submetido a terraplenagem, j\u00e1 n\u00e3o contava com vegeta\u00e7\u00e3o significativa. O projeto busca restaurar a cobertura verde e dar um novo significado ao espa\u00e7o p\u00fablico.<\/p>\n\n\n\n<p><strong>Import\u00e2ncia<\/strong><\/p>\n\n\n\n<p>\u201cQueremos mostrar \u00e0 popula\u00e7\u00e3o a import\u00e2ncia de arborizar e preservar. Estamos no cora\u00e7\u00e3o da maior floresta tropical do mundo, mas ainda enfrentamos desafios na arboriza\u00e7\u00e3o urbana. Esse trabalho \u00e9 um investimento no futuro: o que plantamos hoje dar\u00e1 frutos em cinco, dez ou 20 anos.\u201d<\/p>\n\n\n\n<p>O projeto de arboriza\u00e7\u00e3o integra o planejamento de implanta\u00e7\u00e3o da nova sede e soma-se aos esfor\u00e7os da Prefeitura de Manaus para ampliar a arboriza\u00e7\u00e3o urbana, em uma estrat\u00e9gia de longo prazo para tornar a cidade mais sustent\u00e1vel, resiliente e humana.<\/p>\n\n\n\n<p><strong>Paisagem<\/strong><\/p>\n\n\n\n<p>O projeto de arboriza\u00e7\u00e3o, al\u00e9m de compor a paisagem, vai contribuir diretamente para a melhoria da qualidade ambiental na regi\u00e3o. A massa verde implantada sequestra carbono, filtra poluentes e libera oxig\u00eanio, elevando a qualidade do ar respirado por funcion\u00e1rios e visitantes. A escolha por esp\u00e9cies nativas fortalece a biodiversidade, criando um microambiente equilibrado em plena \u00e1rea urbana e atraindo fauna local. Tamb\u00e9m h\u00e1 impacto positivo na gest\u00e3o de \u00e1guas pluviais, j\u00e1 que as \u00e1rvores favorecem a infiltra\u00e7\u00e3o no solo, reduzem o escoamento superficial e colaboram com a drenagem urbana.<\/p>\n\n\n\n<p>A nova sede arborizada ainda cumpre um papel pedag\u00f3gico, tornando-se um espa\u00e7o de conscientiza\u00e7\u00e3o que mostra, na pr\u00e1tica, que urbaniza\u00e7\u00e3o e natureza podem e devem caminhar juntas.<\/p>\n\n\n\n<p><strong>Esp\u00e9cies<\/strong><\/p>\n\n\n\n<p>As esp\u00e9cies escolhidas refletem cuidado t\u00e9cnico e consci\u00eancia ecol\u00f3gica. Os ip\u00eas, s\u00edmbolos da flora brasileira, embelezam a paisagem com suas flores vibrantes e atraem polinizadores essenciais para o equil\u00edbrio do ecossistema urbano, al\u00e9m de oferecerem sombra e conforto t\u00e9rmico, reduzindo a necessidade de climatiza\u00e7\u00e3o artificial.<\/p>\n\n\n\n<p>A jutairana, esp\u00e9cie nativa amaz\u00f4nica de grande porte, contribui significativamente para a captura de carbono e oferece ref\u00fagio \u00e0 fauna local, promovendo a biodiversidade mesmo em ambiente urbano.<\/p>\n\n\n\n<p>J\u00e1 a pata-de-vaca, com sua flora\u00e7\u00e3o exuberante e crescimento adequado ao meio urbano, agrega beleza c\u00eanica, melhora a qualidade do ar e auxilia na drenagem natural do solo, prevenindo alagamentos.<\/p>\n\n\n\n<p>O pau-pretinho, por sua vez, destaca-se pela fun\u00e7\u00e3o estrat\u00e9gica de sombreamento e conforto t\u00e9rmico, sendo resistente e de f\u00e1cil adapta\u00e7\u00e3o ao clima amaz\u00f4nico, o que garante a longevidade do projeto de arboriza\u00e7\u00e3o.<\/p>\n\n\n\n<p>&#8212; &#8212; &#8212;<\/p>\n\n\n\n<p><strong>Texto<\/strong> \u2013 Cl\u00e1udia do Valle \/ Implurb<\/p>\n\n\n\n<p><strong>Fotos<\/strong> &#8211; Maxwell Oliveira\/ Implurb e Divulga\u00e7\u00e3o<\/p>\n","protected":false},"excerpt":{"rendered":"","protected":false},"author":23,"featured_media":6920,"comment_status":"closed","ping_status":"closed","sticky":false,"template":"","format":"standard","meta":{"footnotes":""},"categories":[21],"tags":[995,1922,11,469,15,1923],"acf":[],"yoast_head":"<!-- This site is optimized with the Yoast SEO plugin v23.0 - https:\/\/yoast.com\/wordpress\/plugins\/seo\/ -->\n<title>Nova sede do Implurb recebe plantio de mais de 260 \u00e1rvores nativas e brasileiras pela Prefeitura de Manaus<\/title>\n<meta name=\"description\" content=\"Desde 2021, a Prefeitura de Manaus j\u00e1 fez o plantio de mais de 44 mil novas \u00e1rvores na capital amazonense. E, mais 260 esp\u00e9cies se somam a este n\u00famero, sendo plantadas na nova sede do Instituto Municipal de Planejamento Urbano (Implurb), no Parque Mosaico, no bairro Tarum\u00e3, zona Oeste da cidade.\" \/>\n<meta name=\"robots\" content=\"noindex, follow\" \/>\n<meta property=\"og:locale\" content=\"pt_BR\" \/>\n<meta property=\"og:type\" content=\"article\" \/>\n<meta property=\"og:title\" content=\"Nova sede do Implurb recebe plantio de mais de 260 \u00e1rvores nativas e brasileiras pela Prefeitura de Manaus\" \/>\n<meta property=\"og:description\" content=\"Desde 2021, a Prefeitura de Manaus j\u00e1 fez o plantio de mais de 44 mil novas \u00e1rvores na capital amazonense. E, mais 260 esp\u00e9cies se somam a este n\u00famero, sendo plantadas na nova sede do Instituto Municipal de Planejamento Urbano (Implurb), no Parque Mosaico, no bairro Tarum\u00e3, zona Oeste da cidade.\" \/>\n<meta property=\"og:url\" content=\"https:\/\/www.manaus.am.gov.br\/implurb\/prefeitura-novasede-implurb-arborizacao\/\" \/>\n<meta property=\"og:site_name\" content=\"IMPLURB\" \/>\n<meta property=\"article:published_time\" content=\"2025-09-30T14:46:05+00:00\" \/>\n<meta property=\"article:modified_time\" content=\"2025-09-30T14:46:06+00:00\" \/>\n<meta property=\"og:image\" content=\"https:\/\/www.manaus.am.gov.br\/implurb\/wp-content\/uploads\/sites\/13\/2025\/09\/arvores13.jpg\" \/>\n\t<meta property=\"og:image:width\" content=\"4160\" \/>\n\t<meta property=\"og:image:height\" content=\"3120\" \/>\n\t<meta property=\"og:image:type\" content=\"image\/jpeg\" \/>\n<meta name=\"author\" content=\"Adriana Costa\" \/>\n<meta name=\"twitter:card\" content=\"summary_large_image\" \/>\n<meta name=\"twitter:label1\" content=\"Written by\" \/>\n\t<meta name=\"twitter:data1\" content=\"Adriana Costa\" \/>\n\t<meta name=\"twitter:label2\" content=\"Est. reading time\" \/>\n\t<meta name=\"twitter:data2\" content=\"4 minutos\" \/>\n<script type=\"application\/ld+json\" class=\"yoast-schema-graph\">{\"@context\":\"https:\/\/schema.org\",\"@graph\":[{\"@type\":\"WebPage\",\"@id\":\"https:\/\/www.manaus.am.gov.br\/implurb\/prefeitura-novasede-implurb-arborizacao\/\",\"url\":\"https:\/\/www.manaus.am.gov.br\/implurb\/prefeitura-novasede-implurb-arborizacao\/\",\"name\":\"Nova sede do Implurb recebe plantio de mais de 260 \u00e1rvores nativas e brasileiras pela Prefeitura de Manaus\",\"isPartOf\":{\"@id\":\"https:\/\/www.manaus.am.gov.br\/implurb\/#website\"},\"primaryImageOfPage\":{\"@id\":\"https:\/\/www.manaus.am.gov.br\/implurb\/prefeitura-novasede-implurb-arborizacao\/#primaryimage\"},\"image\":{\"@id\":\"https:\/\/www.manaus.am.gov.br\/implurb\/prefeitura-novasede-implurb-arborizacao\/#primaryimage\"},\"thumbnailUrl\":\"https:\/\/www.manaus.am.gov.br\/implurb\/wp-content\/uploads\/sites\/13\/2025\/09\/arvores13.jpg\",\"datePublished\":\"2025-09-30T14:46:05+00:00\",\"dateModified\":\"2025-09-30T14:46:06+00:00\",\"author\":{\"@id\":\"https:\/\/www.manaus.am.gov.br\/implurb\/#\/schema\/person\/4e49f4e267757a06ca072ec61b2b9968\"},\"description\":\"Desde 2021, a Prefeitura de Manaus j\u00e1 fez o plantio de mais de 44 mil novas \u00e1rvores na capital amazonense. E, mais 260 esp\u00e9cies se somam a este n\u00famero, sendo plantadas na nova sede do Instituto Municipal de Planejamento Urbano (Implurb), no Parque Mosaico, no bairro Tarum\u00e3, zona Oeste da cidade.\",\"breadcrumb\":{\"@id\":\"https:\/\/www.manaus.am.gov.br\/implurb\/prefeitura-novasede-implurb-arborizacao\/#breadcrumb\"},\"inLanguage\":\"pt-BR\",\"potentialAction\":[{\"@type\":\"ReadAction\",\"target\":[\"https:\/\/www.manaus.am.gov.br\/implurb\/prefeitura-novasede-implurb-arborizacao\/\"]}]},{\"@type\":\"ImageObject\",\"inLanguage\":\"pt-BR\",\"@id\":\"https:\/\/www.manaus.am.gov.br\/implurb\/prefeitura-novasede-implurb-arborizacao\/#primaryimage\",\"url\":\"https:\/\/www.manaus.am.gov.br\/implurb\/wp-content\/uploads\/sites\/13\/2025\/09\/arvores13.jpg\",\"contentUrl\":\"https:\/\/www.manaus.am.gov.br\/implurb\/wp-content\/uploads\/sites\/13\/2025\/09\/arvores13.jpg\",\"width\":4160,\"height\":3120,\"caption\":\"#paratodosverem - Ao fundo, imagem lateral de novo pr\u00e9dio do Implurb, com plantio de esp\u00e9cies em \u00e1rea verde.\"},{\"@type\":\"BreadcrumbList\",\"@id\":\"https:\/\/www.manaus.am.gov.br\/implurb\/prefeitura-novasede-implurb-arborizacao\/#breadcrumb\",\"itemListElement\":[{\"@type\":\"ListItem\",\"position\":1,\"name\":\"Home\",\"item\":\"https:\/\/www.manaus.am.gov.br\/implurb\/\"},{\"@type\":\"ListItem\",\"position\":2,\"name\":\"Nova sede do Implurb recebe plantio de mais de 260 \u00e1rvores nativas e brasileiras pela Prefeitura de Manaus\"}]},{\"@type\":\"WebSite\",\"@id\":\"https:\/\/www.manaus.am.gov.br\/implurb\/#website\",\"url\":\"https:\/\/www.manaus.am.gov.br\/implurb\/\",\"name\":\"IMPLURB\",\"description\":\"Prefeitura de Manaus\",\"potentialAction\":[{\"@type\":\"SearchAction\",\"target\":{\"@type\":\"EntryPoint\",\"urlTemplate\":\"https:\/\/www.manaus.am.gov.br\/implurb\/?s={search_term_string}\"},\"query-input\":\"required name=search_term_string\"}],\"inLanguage\":\"pt-BR\"},{\"@type\":\"Person\",\"@id\":\"https:\/\/www.manaus.am.gov.br\/implurb\/#\/schema\/person\/4e49f4e267757a06ca072ec61b2b9968\",\"name\":\"Adriana Costa\",\"image\":{\"@type\":\"ImageObject\",\"inLanguage\":\"pt-BR\",\"@id\":\"https:\/\/www.manaus.am.gov.br\/implurb\/#\/schema\/person\/image\/\",\"url\":\"https:\/\/secure.gravatar.com\/avatar\/576258617ef7194f718179e766d57bd4?s=96&d=mm&r=g\",\"contentUrl\":\"https:\/\/secure.gravatar.com\/avatar\/576258617ef7194f718179e766d57bd4?s=96&d=mm&r=g\",\"caption\":\"Adriana Costa\"}}]}<\/script>\n<!-- \/ Yoast SEO plugin. -->","yoast_head_json":{"title":"Nova sede do Implurb recebe plantio de mais de 260 \u00e1rvores nativas e brasileiras pela Prefeitura de Manaus","description":"Desde 2021, a Prefeitura de Manaus j\u00e1 fez o plantio de mais de 44 mil novas \u00e1rvores na capital amazonense. E, mais 260 esp\u00e9cies se somam a este n\u00famero, sendo plantadas na nova sede do Instituto Municipal de Planejamento Urbano (Implurb), no Parque Mosaico, no bairro Tarum\u00e3, zona Oeste da cidade.","robots":{"index":"noindex","follow":"follow"},"og_locale":"pt_BR","og_type":"article","og_title":"Nova sede do Implurb recebe plantio de mais de 260 \u00e1rvores nativas e brasileiras pela Prefeitura de Manaus","og_description":"Desde 2021, a Prefeitura de Manaus j\u00e1 fez o plantio de mais de 44 mil novas \u00e1rvores na capital amazonense. E, mais 260 esp\u00e9cies se somam a este n\u00famero, sendo plantadas na nova sede do Instituto Municipal de Planejamento Urbano (Implurb), no Parque Mosaico, no bairro Tarum\u00e3, zona Oeste da cidade.","og_url":"https:\/\/www.manaus.am.gov.br\/implurb\/prefeitura-novasede-implurb-arborizacao\/","og_site_name":"IMPLURB","article_published_time":"2025-09-30T14:46:05+00:00","article_modified_time":"2025-09-30T14:46:06+00:00","og_image":[{"url":"https:\/\/www.manaus.am.gov.br\/implurb\/wp-content\/uploads\/sites\/13\/2025\/09\/arvores13.jpg","width":4160,"height":3120,"type":"image\/jpeg"}],"author":"Adriana Costa","twitter_card":"summary_large_image","twitter_misc":{"Written by":"Adriana Costa","Est. reading time":"4 minutos"},"schema":{"@context":"https:\/\/schema.org","@graph":[{"@type":"WebPage","@id":"https:\/\/www.manaus.am.gov.br\/implurb\/prefeitura-novasede-implurb-arborizacao\/","url":"https:\/\/www.manaus.am.gov.br\/implurb\/prefeitura-novasede-implurb-arborizacao\/","name":"Nova sede do Implurb recebe plantio de mais de 260 \u00e1rvores nativas e brasileiras pela Prefeitura de Manaus","isPartOf":{"@id":"https:\/\/www.manaus.am.gov.br\/implurb\/#website"},"primaryImageOfPage":{"@id":"https:\/\/www.manaus.am.gov.br\/implurb\/prefeitura-novasede-implurb-arborizacao\/#primaryimage"},"image":{"@id":"https:\/\/www.manaus.am.gov.br\/implurb\/prefeitura-novasede-implurb-arborizacao\/#primaryimage"},"thumbnailUrl":"https:\/\/www.manaus.am.gov.br\/implurb\/wp-content\/uploads\/sites\/13\/2025\/09\/arvores13.jpg","datePublished":"2025-09-30T14:46:05+00:00","dateModified":"2025-09-30T14:46:06+00:00","author":{"@id":"https:\/\/www.manaus.am.gov.br\/implurb\/#\/schema\/person\/4e49f4e267757a06ca072ec61b2b9968"},"description":"Desde 2021, a Prefeitura de Manaus j\u00e1 fez o plantio de mais de 44 mil novas \u00e1rvores na capital amazonense. E, mais 260 esp\u00e9cies se somam a este n\u00famero, sendo plantadas na nova sede do Instituto Municipal de Planejamento Urbano (Implurb), no Parque Mosaico, no bairro Tarum\u00e3, zona Oeste da cidade.","breadcrumb":{"@id":"https:\/\/www.manaus.am.gov.br\/implurb\/prefeitura-novasede-implurb-arborizacao\/#breadcrumb"},"inLanguage":"pt-BR","potentialAction":[{"@type":"ReadAction","target":["https:\/\/www.manaus.am.gov.br\/implurb\/prefeitura-novasede-implurb-arborizacao\/"]}]},{"@type":"ImageObject","inLanguage":"pt-BR","@id":"https:\/\/www.manaus.am.gov.br\/implurb\/prefeitura-novasede-implurb-arborizacao\/#primaryimage","url":"https:\/\/www.manaus.am.gov.br\/implurb\/wp-content\/uploads\/sites\/13\/2025\/09\/arvores13.jpg","contentUrl":"https:\/\/www.manaus.am.gov.br\/implurb\/wp-content\/uploads\/sites\/13\/2025\/09\/arvores13.jpg","width":4160,"height":3120,"caption":"#paratodosverem - Ao fundo, imagem lateral de novo pr\u00e9dio do Implurb, com plantio de esp\u00e9cies em \u00e1rea verde."},{"@type":"BreadcrumbList","@id":"https:\/\/www.manaus.am.gov.br\/implurb\/prefeitura-novasede-implurb-arborizacao\/#breadcrumb","itemListElement":[{"@type":"ListItem","position":1,"name":"Home","item":"https:\/\/www.manaus.am.gov.br\/implurb\/"},{"@type":"ListItem","position":2,"name":"Nova sede do Implurb recebe plantio de mais de 260 \u00e1rvores nativas e brasileiras pela Prefeitura de Manaus"}]},{"@type":"WebSite","@id":"https:\/\/www.manaus.am.gov.br\/implurb\/#website","url":"https:\/\/www.manaus.am.gov.br\/implurb\/","name":"IMPLURB","description":"Prefeitura de Manaus","potentialAction":[{"@type":"SearchAction","target":{"@type":"EntryPoint","urlTemplate":"https:\/\/www.manaus.am.gov.br\/implurb\/?s={search_term_string}"},"query-input":"required name=search_term_string"}],"inLanguage":"pt-BR"},{"@type":"Person","@id":"https:\/\/www.manaus.am.gov.br\/implurb\/#\/schema\/person\/4e49f4e267757a06ca072ec61b2b9968","name":"Adriana Costa","image":{"@type":"ImageObject","inLanguage":"pt-BR","@id":"https:\/\/www.manaus.am.gov.br\/implurb\/#\/schema\/person\/image\/","url":"https:\/\/secure.gravatar.com\/avatar\/576258617ef7194f718179e766d57bd4?s=96&d=mm&r=g","contentUrl":"https:\/\/secure.gravatar.com\/avatar\/576258617ef7194f718179e766d57bd4?s=96&d=mm&r=g","caption":"Adriana Costa"}}]}},"_links":{"self":[{"href":"https:\/\/www.manaus.am.gov.br\/implurb\/wp-json\/wp\/v2\/posts\/6919"}],"collection":[{"href":"https:\/\/www.manaus.am.gov.br\/implurb\/wp-json\/wp\/v2\/posts"}],"about":[{"href":"https:\/\/www.manaus.am.gov.br\/implurb\/wp-json\/wp\/v2\/types\/post"}],"author":[{"embeddable":true,"href":"https:\/\/www.manaus.am.gov.br\/implurb\/wp-json\/wp\/v2\/users\/23"}],"replies":[{"embeddable":true,"href":"https:\/\/www.manaus.am.gov.br\/implurb\/wp-json\/wp\/v2\/comments?post=6919"}],"version-history":[{"count":0,"href":"https:\/\/www.manaus.am.gov.br\/implurb\/wp-json\/wp\/v2\/posts\/6919\/revisions"}],"wp:featuredmedia":[{"embeddable":true,"href":"https:\/\/www.manaus.am.gov.br\/implurb\/wp-json\/wp\/v2\/media\/6920"}],"wp:attachment":[{"href":"https:\/\/www.manaus.am.gov.br\/implurb\/wp-json\/wp\/v2\/media?parent=6919"}],"wp:term":[{"taxonomy":"category","embeddable":true,"href":"https:\/\/www.manaus.am.gov.br\/implurb\/wp-json\/wp\/v2\/categories?post=6919"},{"taxonomy":"post_tag","embeddable":true,"href":"https:\/\/www.manaus.am.gov.br\/implurb\/wp-json\/wp\/v2\/tags?post=6919"}],"curies":[{"name":"wp","href":"https:\/\/api.w.org\/{rel}","templated":true}]}}