{"id":6849,"date":"2025-09-26T21:43:20","date_gmt":"2025-09-27T01:43:20","guid":{"rendered":"https:\/\/www.manaus.am.gov.br\/implurb\/encontro-nacional-da-rede-brasileira-de-institutos-de-planejamento\/"},"modified":"2025-09-26T21:43:22","modified_gmt":"2025-09-27T01:43:22","slug":"encontro-nacional-da-rede-brasileira-de-institutos-de-planejamento","status":"publish","type":"post","link":"https:\/\/www.manaus.am.gov.br\/implurb\/encontro-nacional-da-rede-brasileira-de-institutos-de-planejamento\/","title":{"rendered":"Com realiza\u00e7\u00e3o da Prefeitura de Manaus, institutos da InREDE destacam parcerias estrat\u00e9gicas para financiar e transformar cidades do Brasil"},"content":{"rendered":"\n<p>Com mais de 40 participantes nacionais de 12 cidades brasileiras reunidas na capital amazonense, a Prefeitura de Manaus encerrou, nesta sexta-feira, 26\/9, os trabalhos de oficinas, mentorias e apresenta\u00e7\u00f5es do 11\u00ba Encontro Nacional da Rede Brasileira de Institutos de Planejamento (InREDE), com coordena\u00e7\u00e3o do Instituto Municipal de Planejamento Urbano (Implurb), com apoio do Minist\u00e9rio das Cidades, da ONU-Habitat e da Coopera\u00e7\u00e3o Brasil-Alemanha (GIZ).<\/p>\n\n\n\n<p>O InREDE segue mostrando que a constru\u00e7\u00e3o de cidades mais justas e humanas s\u00f3 \u00e9 poss\u00edvel quando se fortalecem pontes institucionais. As parcerias s\u00e3o o caminho para alinhar investimentos, planejamento e a\u00e7\u00f5es concretas que impactam diretamente a sa\u00fade e o bem-estar da popula\u00e7\u00e3o.<\/p>\n\n\n\n<p>Nos debates dedicados \u00e0s parcerias institucionais, o gerente do Departamento de Desenvolvimento Urbano do Banco Nacional de Desenvolvimento Econ\u00f4mico e Social (BNDES), Leandro \u00c1vila, destacou o papel estrat\u00e9gico da institui\u00e7\u00e3o no desenvolvimento urbano integrado e sustent\u00e1vel. Para ele, o fortalecimento dos la\u00e7os com os munic\u00edpios brasileiros \u00e9 hoje uma prioridade. \u201cO BNDES tem como atua\u00e7\u00e3o estrat\u00e9gica o fortalecimento das pontes junto aos munic\u00edpios. Desenvolvimento urbano resiliente e sustent\u00e1vel \u00e9 a chave propulsora do banco. Nossa estrat\u00e9gia de financiamentos est\u00e1 alinhada a iniciativas que promovam mitiga\u00e7\u00e3o de gases de efeito estufa, adapta\u00e7\u00e3o \u00e0s crises clim\u00e1ticas e solu\u00e7\u00f5es que tragam resili\u00eancia \u00e0s cidades brasileiras\u201d.<\/p>\n\n\n\n<p><strong>Engrenagem<\/strong><\/p>\n\n\n\n<p>\u00c1vila enfatizou ainda a import\u00e2ncia dos institutos de planejamento urbano como engrenagem essencial para a elabora\u00e7\u00e3o de projetos s\u00f3lidos, que encontram no banco um parceiro para avan\u00e7ar com solu\u00e7\u00f5es efetivas.<\/p>\n\n\n\n<p>A fala ecoou nas palavras de Luis Carlos Madeira Domingos, pesquisador de Sa\u00fade Urbana da Fiocruz. Ele lembrou que a Fiocruz desenvolve, em parceria com o Minist\u00e9rio das Cidades, um programa que associa desenvolvimento urbano integrado e redu\u00e7\u00e3o de riscos de desastres \u2014 um tema cada vez mais urgente diante da emerg\u00eancia clim\u00e1tica. Madeira apresentou um painel sobre as principais iniciativas das cidades presentes para mitiga\u00e7\u00e3o.<\/p>\n\n\n\n<p>\u201c\u00c9 fundamental preparar as cidades para esses novos cen\u00e1rios. Isso envolve n\u00e3o apenas adapta\u00e7\u00e3o, mas a apropria\u00e7\u00e3o de metodologias que permitam enfrentar situa\u00e7\u00f5es de risco, desde o mapeamento preventivo at\u00e9 a defini\u00e7\u00e3o de processos de restaura\u00e7\u00e3o que deixem o futuro em melhores condi\u00e7\u00f5es que o presente. N\u00e3o podemos mais limitar nossas respostas \u00e0 repara\u00e7\u00e3o de desastres. Precisamos de solu\u00e7\u00f5es transformadoras, capazes de mudar a vida urbana e trazer mais equidade\u201d.<\/p>\n\n\n\n<p>A InREDE refor\u00e7a sua voca\u00e7\u00e3o: ser um espa\u00e7o de di\u00e1logo qualificado, onde diferentes institui\u00e7\u00f5es se encontram para desenhar respostas conjuntas a desafios que s\u00e3o globais, mas que se manifestam com for\u00e7a no cotidiano das cidades brasileiras. O encontro reafirma que planejamento urbano, sa\u00fade e sustentabilidade n\u00e3o s\u00e3o agendas isoladas, mas faces de uma mesma miss\u00e3o: garantir qualidade de vida para as pessoas e resili\u00eancia para os territ\u00f3rios.<\/p>\n\n\n\n<p>Para o diretor-presidente do Implurb, Carlos Valente, o encontro representa oportunidades estrat\u00e9gicas de integra\u00e7\u00e3o de saberes e de gera\u00e7\u00f5es. \u201cA sinergia entre diferentes trajet\u00f3rias e perspectivas \u00e9, sem d\u00favida, um dos ativos mais valiosos entre os institutos. Quando falamos em desenvolvimento integrado, estamos falando justamente de fortalecer institui\u00e7\u00f5es, zelar pelo que j\u00e1 constru\u00edmos e, ao mesmo tempo, buscar elevar continuamente o n\u00edvel urban\u00edstico. E isso se faz por meio de experi\u00eancias concretas e consistentes, que t\u00eam relev\u00e2ncia para a Amaz\u00f4nia, para o Brasil e tamb\u00e9m para a Am\u00e9rica do Sul, onde muitos pa\u00edses enfrentam desafios semelhantes aos nossos\u201d, completou.<\/p>\n\n\n\n<p>Ap\u00f3s os grupos t\u00e9cnicos e din\u00e2micas, Valente finalizou os trabalhos repassando o foguete, s\u00edmbolo dos encontros da InREDE, para a cidade de Macei\u00f3 (AL), que vai realizar a 12\u00aa reuni\u00e3o dos institutos em 2026. \u201cOs dados, as boas pr\u00e1ticas em execu\u00e7\u00e3o em diversas regi\u00f5es brasileiras e reflex\u00f5es que reunimos aqui t\u00eam for\u00e7a para inspirar pol\u00edticas p\u00fablicas e projetos futuros para Manaus, na gest\u00e3o do prefeito David Almeida\u201d.<\/p>\n\n\n\n<p>O 11\u00ba InREDE encerra neste s\u00e1bado, 27, quando os participantes far\u00e3o uma visita t\u00e9cnica para conhecer experi\u00eancias de revitaliza\u00e7\u00e3o urbana em Manaus, como o parque Encontro das \u00c1guas Rosa Almeida, parque Gigantes da Floresta, nova sede do Implurb e a Casa de Praia Zezinho Corr\u00eaa.<\/p>\n\n\n\n<p>&#8212; &#8212; &#8212;<br><strong>Texto \u2013<\/strong> Cl\u00e1udia do Valle \/ Implurb<br><strong>Fotos &#8211;<\/strong>\u00a0 Valdo Le\u00e3o \/ Semcom<br><strong>Dispon\u00edveis em &#8211;<\/strong><a href=\"https:\/\/flic.kr\/s\/aHBqjCvwry\">https:\/\/flic.kr\/s\/aHBqjCvwry<\/a><\/p>\n","protected":false},"excerpt":{"rendered":"","protected":false},"author":68,"featured_media":6850,"comment_status":"closed","ping_status":"closed","sticky":false,"template":"","format":"standard","meta":{"footnotes":""},"categories":[33],"tags":[1826,11,15],"acf":[],"yoast_head":"<!-- This site is optimized with the Yoast SEO plugin v23.0 - https:\/\/yoast.com\/wordpress\/plugins\/seo\/ -->\n<title>Com realiza\u00e7\u00e3o da Prefeitura de Manaus, institutos da InREDE destacam parcerias estrat\u00e9gicas para financiar e transformar cidades do Brasil<\/title>\n<meta name=\"description\" content=\"Com mais de 40 participantes nacionais de 12 cidades brasileiras reunidas na capital amazonense, a Prefeitura de Manaus encerrou, nesta sexta-feira, 26\/9, os trabalhos de oficinas, mentorias e apresenta\u00e7\u00f5es do 11\u00ba Encontro Nacional da Rede Brasileira de Institutos de Planejamento (InREDE), com coordena\u00e7\u00e3o do Instituto Municipal de Planejamento Urbano (Implurb), com apoio do Minist\u00e9rio das Cidades, da ONU-Habitat e da Coopera\u00e7\u00e3o Brasil-Alemanha (GIZ).\" \/>\n<meta name=\"robots\" content=\"noindex, follow\" \/>\n<meta property=\"og:locale\" content=\"pt_BR\" \/>\n<meta property=\"og:type\" content=\"article\" \/>\n<meta property=\"og:title\" content=\"Com realiza\u00e7\u00e3o da Prefeitura de Manaus, institutos da InREDE destacam parcerias estrat\u00e9gicas para financiar e transformar cidades do Brasil\" \/>\n<meta property=\"og:description\" content=\"Com mais de 40 participantes nacionais de 12 cidades brasileiras reunidas na capital amazonense, a Prefeitura de Manaus encerrou, nesta sexta-feira, 26\/9, os trabalhos de oficinas, mentorias e apresenta\u00e7\u00f5es do 11\u00ba Encontro Nacional da Rede Brasileira de Institutos de Planejamento (InREDE), com coordena\u00e7\u00e3o do Instituto Municipal de Planejamento Urbano (Implurb), com apoio do Minist\u00e9rio das Cidades, da ONU-Habitat e da Coopera\u00e7\u00e3o Brasil-Alemanha (GIZ).\" \/>\n<meta property=\"og:url\" content=\"https:\/\/www.manaus.am.gov.br\/implurb\/encontro-nacional-da-rede-brasileira-de-institutos-de-planejamento\/\" \/>\n<meta property=\"og:site_name\" content=\"IMPLURB\" \/>\n<meta property=\"article:published_time\" content=\"2025-09-27T01:43:20+00:00\" \/>\n<meta property=\"article:modified_time\" content=\"2025-09-27T01:43:22+00:00\" \/>\n<meta property=\"og:image\" content=\"https:\/\/www.manaus.am.gov.br\/implurb\/wp-content\/uploads\/sites\/13\/2025\/09\/54814122703_404bccdb1f_c.jpg\" \/>\n\t<meta property=\"og:image:width\" content=\"799\" \/>\n\t<meta property=\"og:image:height\" content=\"533\" \/>\n\t<meta property=\"og:image:type\" content=\"image\/jpeg\" \/>\n<meta name=\"author\" content=\"bvalente\" \/>\n<meta name=\"twitter:card\" content=\"summary_large_image\" \/>\n<meta name=\"twitter:label1\" content=\"Written by\" \/>\n\t<meta name=\"twitter:data1\" content=\"bvalente\" \/>\n\t<meta name=\"twitter:label2\" content=\"Est. reading time\" \/>\n\t<meta name=\"twitter:data2\" content=\"4 minutos\" \/>\n<script type=\"application\/ld+json\" class=\"yoast-schema-graph\">{\"@context\":\"https:\/\/schema.org\",\"@graph\":[{\"@type\":\"WebPage\",\"@id\":\"https:\/\/www.manaus.am.gov.br\/implurb\/encontro-nacional-da-rede-brasileira-de-institutos-de-planejamento\/\",\"url\":\"https:\/\/www.manaus.am.gov.br\/implurb\/encontro-nacional-da-rede-brasileira-de-institutos-de-planejamento\/\",\"name\":\"Com realiza\u00e7\u00e3o da Prefeitura de Manaus, institutos da InREDE destacam parcerias estrat\u00e9gicas para financiar e transformar cidades do Brasil\",\"isPartOf\":{\"@id\":\"https:\/\/www.manaus.am.gov.br\/implurb\/#website\"},\"primaryImageOfPage\":{\"@id\":\"https:\/\/www.manaus.am.gov.br\/implurb\/encontro-nacional-da-rede-brasileira-de-institutos-de-planejamento\/#primaryimage\"},\"image\":{\"@id\":\"https:\/\/www.manaus.am.gov.br\/implurb\/encontro-nacional-da-rede-brasileira-de-institutos-de-planejamento\/#primaryimage\"},\"thumbnailUrl\":\"https:\/\/www.manaus.am.gov.br\/implurb\/wp-content\/uploads\/sites\/13\/2025\/09\/54814122703_404bccdb1f_c.jpg\",\"datePublished\":\"2025-09-27T01:43:20+00:00\",\"dateModified\":\"2025-09-27T01:43:22+00:00\",\"author\":{\"@id\":\"https:\/\/www.manaus.am.gov.br\/implurb\/#\/schema\/person\/466a0e03ae4b6062809046bd560ac955\"},\"description\":\"Com mais de 40 participantes nacionais de 12 cidades brasileiras reunidas na capital amazonense, a Prefeitura de Manaus encerrou, nesta sexta-feira, 26\/9, os trabalhos de oficinas, mentorias e apresenta\u00e7\u00f5es do 11\u00ba Encontro Nacional da Rede Brasileira de Institutos de Planejamento (InREDE), com coordena\u00e7\u00e3o do Instituto Municipal de Planejamento Urbano (Implurb), com apoio do Minist\u00e9rio das Cidades, da ONU-Habitat e da Coopera\u00e7\u00e3o Brasil-Alemanha (GIZ).\",\"breadcrumb\":{\"@id\":\"https:\/\/www.manaus.am.gov.br\/implurb\/encontro-nacional-da-rede-brasileira-de-institutos-de-planejamento\/#breadcrumb\"},\"inLanguage\":\"pt-BR\",\"potentialAction\":[{\"@type\":\"ReadAction\",\"target\":[\"https:\/\/www.manaus.am.gov.br\/implurb\/encontro-nacional-da-rede-brasileira-de-institutos-de-planejamento\/\"]}]},{\"@type\":\"ImageObject\",\"inLanguage\":\"pt-BR\",\"@id\":\"https:\/\/www.manaus.am.gov.br\/implurb\/encontro-nacional-da-rede-brasileira-de-institutos-de-planejamento\/#primaryimage\",\"url\":\"https:\/\/www.manaus.am.gov.br\/implurb\/wp-content\/uploads\/sites\/13\/2025\/09\/54814122703_404bccdb1f_c.jpg\",\"contentUrl\":\"https:\/\/www.manaus.am.gov.br\/implurb\/wp-content\/uploads\/sites\/13\/2025\/09\/54814122703_404bccdb1f_c.jpg\",\"width\":799,\"height\":533,\"caption\":\"#paratodosverem - Diretor-presidente do Implurb, Carlos Valente, palestrando durante 11\u00ba InREDE\"},{\"@type\":\"BreadcrumbList\",\"@id\":\"https:\/\/www.manaus.am.gov.br\/implurb\/encontro-nacional-da-rede-brasileira-de-institutos-de-planejamento\/#breadcrumb\",\"itemListElement\":[{\"@type\":\"ListItem\",\"position\":1,\"name\":\"Home\",\"item\":\"https:\/\/www.manaus.am.gov.br\/implurb\/\"},{\"@type\":\"ListItem\",\"position\":2,\"name\":\"Com realiza\u00e7\u00e3o da Prefeitura de Manaus, institutos da InREDE destacam parcerias estrat\u00e9gicas para financiar e transformar cidades do Brasil\"}]},{\"@type\":\"WebSite\",\"@id\":\"https:\/\/www.manaus.am.gov.br\/implurb\/#website\",\"url\":\"https:\/\/www.manaus.am.gov.br\/implurb\/\",\"name\":\"IMPLURB\",\"description\":\"Prefeitura de Manaus\",\"potentialAction\":[{\"@type\":\"SearchAction\",\"target\":{\"@type\":\"EntryPoint\",\"urlTemplate\":\"https:\/\/www.manaus.am.gov.br\/implurb\/?s={search_term_string}\"},\"query-input\":\"required name=search_term_string\"}],\"inLanguage\":\"pt-BR\"},{\"@type\":\"Person\",\"@id\":\"https:\/\/www.manaus.am.gov.br\/implurb\/#\/schema\/person\/466a0e03ae4b6062809046bd560ac955\",\"name\":\"bvalente\",\"image\":{\"@type\":\"ImageObject\",\"inLanguage\":\"pt-BR\",\"@id\":\"https:\/\/www.manaus.am.gov.br\/implurb\/#\/schema\/person\/image\/\",\"url\":\"https:\/\/secure.gravatar.com\/avatar\/3e69bc2b014bdad41adfec3a39de07d2?s=96&d=mm&r=g\",\"contentUrl\":\"https:\/\/secure.gravatar.com\/avatar\/3e69bc2b014bdad41adfec3a39de07d2?s=96&d=mm&r=g\",\"caption\":\"bvalente\"}}]}<\/script>\n<!-- \/ Yoast SEO plugin. -->","yoast_head_json":{"title":"Com realiza\u00e7\u00e3o da Prefeitura de Manaus, institutos da InREDE destacam parcerias estrat\u00e9gicas para financiar e transformar cidades do Brasil","description":"Com mais de 40 participantes nacionais de 12 cidades brasileiras reunidas na capital amazonense, a Prefeitura de Manaus encerrou, nesta sexta-feira, 26\/9, os trabalhos de oficinas, mentorias e apresenta\u00e7\u00f5es do 11\u00ba Encontro Nacional da Rede Brasileira de Institutos de Planejamento (InREDE), com coordena\u00e7\u00e3o do Instituto Municipal de Planejamento Urbano (Implurb), com apoio do Minist\u00e9rio das Cidades, da ONU-Habitat e da Coopera\u00e7\u00e3o Brasil-Alemanha (GIZ).","robots":{"index":"noindex","follow":"follow"},"og_locale":"pt_BR","og_type":"article","og_title":"Com realiza\u00e7\u00e3o da Prefeitura de Manaus, institutos da InREDE destacam parcerias estrat\u00e9gicas para financiar e transformar cidades do Brasil","og_description":"Com mais de 40 participantes nacionais de 12 cidades brasileiras reunidas na capital amazonense, a Prefeitura de Manaus encerrou, nesta sexta-feira, 26\/9, os trabalhos de oficinas, mentorias e apresenta\u00e7\u00f5es do 11\u00ba Encontro Nacional da Rede Brasileira de Institutos de Planejamento (InREDE), com coordena\u00e7\u00e3o do Instituto Municipal de Planejamento Urbano (Implurb), com apoio do Minist\u00e9rio das Cidades, da ONU-Habitat e da Coopera\u00e7\u00e3o Brasil-Alemanha (GIZ).","og_url":"https:\/\/www.manaus.am.gov.br\/implurb\/encontro-nacional-da-rede-brasileira-de-institutos-de-planejamento\/","og_site_name":"IMPLURB","article_published_time":"2025-09-27T01:43:20+00:00","article_modified_time":"2025-09-27T01:43:22+00:00","og_image":[{"width":799,"height":533,"url":"https:\/\/www.manaus.am.gov.br\/implurb\/wp-content\/uploads\/sites\/13\/2025\/09\/54814122703_404bccdb1f_c.jpg","type":"image\/jpeg"}],"author":"bvalente","twitter_card":"summary_large_image","twitter_misc":{"Written by":"bvalente","Est. reading time":"4 minutos"},"schema":{"@context":"https:\/\/schema.org","@graph":[{"@type":"WebPage","@id":"https:\/\/www.manaus.am.gov.br\/implurb\/encontro-nacional-da-rede-brasileira-de-institutos-de-planejamento\/","url":"https:\/\/www.manaus.am.gov.br\/implurb\/encontro-nacional-da-rede-brasileira-de-institutos-de-planejamento\/","name":"Com realiza\u00e7\u00e3o da Prefeitura de Manaus, institutos da InREDE destacam parcerias estrat\u00e9gicas para financiar e transformar cidades do Brasil","isPartOf":{"@id":"https:\/\/www.manaus.am.gov.br\/implurb\/#website"},"primaryImageOfPage":{"@id":"https:\/\/www.manaus.am.gov.br\/implurb\/encontro-nacional-da-rede-brasileira-de-institutos-de-planejamento\/#primaryimage"},"image":{"@id":"https:\/\/www.manaus.am.gov.br\/implurb\/encontro-nacional-da-rede-brasileira-de-institutos-de-planejamento\/#primaryimage"},"thumbnailUrl":"https:\/\/www.manaus.am.gov.br\/implurb\/wp-content\/uploads\/sites\/13\/2025\/09\/54814122703_404bccdb1f_c.jpg","datePublished":"2025-09-27T01:43:20+00:00","dateModified":"2025-09-27T01:43:22+00:00","author":{"@id":"https:\/\/www.manaus.am.gov.br\/implurb\/#\/schema\/person\/466a0e03ae4b6062809046bd560ac955"},"description":"Com mais de 40 participantes nacionais de 12 cidades brasileiras reunidas na capital amazonense, a Prefeitura de Manaus encerrou, nesta sexta-feira, 26\/9, os trabalhos de oficinas, mentorias e apresenta\u00e7\u00f5es do 11\u00ba Encontro Nacional da Rede Brasileira de Institutos de Planejamento (InREDE), com coordena\u00e7\u00e3o do Instituto Municipal de Planejamento Urbano (Implurb), com apoio do Minist\u00e9rio das Cidades, da ONU-Habitat e da Coopera\u00e7\u00e3o Brasil-Alemanha (GIZ).","breadcrumb":{"@id":"https:\/\/www.manaus.am.gov.br\/implurb\/encontro-nacional-da-rede-brasileira-de-institutos-de-planejamento\/#breadcrumb"},"inLanguage":"pt-BR","potentialAction":[{"@type":"ReadAction","target":["https:\/\/www.manaus.am.gov.br\/implurb\/encontro-nacional-da-rede-brasileira-de-institutos-de-planejamento\/"]}]},{"@type":"ImageObject","inLanguage":"pt-BR","@id":"https:\/\/www.manaus.am.gov.br\/implurb\/encontro-nacional-da-rede-brasileira-de-institutos-de-planejamento\/#primaryimage","url":"https:\/\/www.manaus.am.gov.br\/implurb\/wp-content\/uploads\/sites\/13\/2025\/09\/54814122703_404bccdb1f_c.jpg","contentUrl":"https:\/\/www.manaus.am.gov.br\/implurb\/wp-content\/uploads\/sites\/13\/2025\/09\/54814122703_404bccdb1f_c.jpg","width":799,"height":533,"caption":"#paratodosverem - Diretor-presidente do Implurb, Carlos Valente, palestrando durante 11\u00ba InREDE"},{"@type":"BreadcrumbList","@id":"https:\/\/www.manaus.am.gov.br\/implurb\/encontro-nacional-da-rede-brasileira-de-institutos-de-planejamento\/#breadcrumb","itemListElement":[{"@type":"ListItem","position":1,"name":"Home","item":"https:\/\/www.manaus.am.gov.br\/implurb\/"},{"@type":"ListItem","position":2,"name":"Com realiza\u00e7\u00e3o da Prefeitura de Manaus, institutos da InREDE destacam parcerias estrat\u00e9gicas para financiar e transformar cidades do Brasil"}]},{"@type":"WebSite","@id":"https:\/\/www.manaus.am.gov.br\/implurb\/#website","url":"https:\/\/www.manaus.am.gov.br\/implurb\/","name":"IMPLURB","description":"Prefeitura de Manaus","potentialAction":[{"@type":"SearchAction","target":{"@type":"EntryPoint","urlTemplate":"https:\/\/www.manaus.am.gov.br\/implurb\/?s={search_term_string}"},"query-input":"required name=search_term_string"}],"inLanguage":"pt-BR"},{"@type":"Person","@id":"https:\/\/www.manaus.am.gov.br\/implurb\/#\/schema\/person\/466a0e03ae4b6062809046bd560ac955","name":"bvalente","image":{"@type":"ImageObject","inLanguage":"pt-BR","@id":"https:\/\/www.manaus.am.gov.br\/implurb\/#\/schema\/person\/image\/","url":"https:\/\/secure.gravatar.com\/avatar\/3e69bc2b014bdad41adfec3a39de07d2?s=96&d=mm&r=g","contentUrl":"https:\/\/secure.gravatar.com\/avatar\/3e69bc2b014bdad41adfec3a39de07d2?s=96&d=mm&r=g","caption":"bvalente"}}]}},"_links":{"self":[{"href":"https:\/\/www.manaus.am.gov.br\/implurb\/wp-json\/wp\/v2\/posts\/6849"}],"collection":[{"href":"https:\/\/www.manaus.am.gov.br\/implurb\/wp-json\/wp\/v2\/posts"}],"about":[{"href":"https:\/\/www.manaus.am.gov.br\/implurb\/wp-json\/wp\/v2\/types\/post"}],"author":[{"embeddable":true,"href":"https:\/\/www.manaus.am.gov.br\/implurb\/wp-json\/wp\/v2\/users\/68"}],"replies":[{"embeddable":true,"href":"https:\/\/www.manaus.am.gov.br\/implurb\/wp-json\/wp\/v2\/comments?post=6849"}],"version-history":[{"count":0,"href":"https:\/\/www.manaus.am.gov.br\/implurb\/wp-json\/wp\/v2\/posts\/6849\/revisions"}],"wp:featuredmedia":[{"embeddable":true,"href":"https:\/\/www.manaus.am.gov.br\/implurb\/wp-json\/wp\/v2\/media\/6850"}],"wp:attachment":[{"href":"https:\/\/www.manaus.am.gov.br\/implurb\/wp-json\/wp\/v2\/media?parent=6849"}],"wp:term":[{"taxonomy":"category","embeddable":true,"href":"https:\/\/www.manaus.am.gov.br\/implurb\/wp-json\/wp\/v2\/categories?post=6849"},{"taxonomy":"post_tag","embeddable":true,"href":"https:\/\/www.manaus.am.gov.br\/implurb\/wp-json\/wp\/v2\/tags?post=6849"}],"curies":[{"name":"wp","href":"https:\/\/api.w.org\/{rel}","templated":true}]}}