{"id":6847,"date":"2025-09-26T17:12:45","date_gmt":"2025-09-26T21:12:45","guid":{"rendered":"https:\/\/www.manaus.am.gov.br\/implurb\/futuro-urbano-inrede\/"},"modified":"2025-09-26T17:12:47","modified_gmt":"2025-09-26T21:12:47","slug":"futuro-urbano-inrede","status":"publish","type":"post","link":"https:\/\/www.manaus.am.gov.br\/implurb\/futuro-urbano-inrede\/","title":{"rendered":"Com apoio da Prefeitura de Manaus, segundo dia do XI InREDE \u00e9 marcado por debate sobre o futuro urbano"},"content":{"rendered":"\n<p>O 11\u00b0 Encontro Nacional da Rede Brasileira de Institutos de Planejamento (InREDE) entrou em seu segundo dia, nesta sexta-feira, 26\/9, com foco nos mecanismos de gest\u00e3o p\u00fablica capazes de fortalecer cidades mais resilientes, inclusivas e preparadas para enfrentar as mudan\u00e7as clim\u00e1ticas. A <a href=\"https:\/\/www.instagram.com\/prefeiturademanaus\/\">Prefeitura de Manaus<\/a> \u00e9 anfitri\u00e3 do evento, recebido pelo <a href=\"https:\/\/www.manaus.am.gov.br\/implurb\/\">Instituto Municipal de Planejamento Urbano (Implurb)<\/a>, com apoio do Minist\u00e9rio das Cidades, da ONU-Habitat e da Coopera\u00e7\u00e3o Brasil-Alemanha (GIZ).<\/p>\n\n\n\n<p>De acordo com o presidente do Implurb, Carlos Valente, o dia foi marcado por debates t\u00e9cnicos e exposi\u00e7\u00f5es de experi\u00eancias, projetos e programas de 12 cidades brasileiras, apresentando a capital amazonense com uma vis\u00e3o sist\u00eamica, pujante, positiva e propositiva, dentro da gest\u00e3o do prefeito David Almeida.<\/p>\n\n\n\n<p>\u201cO segundo dia coloca em pauta tem\u00e1ticas internas, com grupos de trabalho apresentando avan\u00e7os e propostas urbanas, apresenta\u00e7\u00e3o dos munic\u00edpios sobre suas estruturas de planejamento. Manaus, por exemplo, est\u00e1 num processo de reformula\u00e7\u00e3o e compartilha esse caminho com os colegas. \u00c9 um espa\u00e7o de aprendizagem m\u00fatua: as cidades com planejamento urbano estruturado t\u00eam muito mais assertividade e conseguem otimizar melhor seus recursos. Vamos tamb\u00e9m elaborar a Carta de Manaus, que encaminhar\u00e1 \u00e0 COP30 diretrizes sobre o papel estrat\u00e9gico dos institutos de planejamento do Brasil\u201d, destacou Valente.<\/p>\n\n\n\n<p>Representando a Coopera\u00e7\u00e3o Brasil-Alemanha, a arquiteta e urbanista Cec\u00edlia Martins refor\u00e7ou a vis\u00e3o integrada necess\u00e1ria para o futuro urbano. \u201cO Brasil tem cidades que crescem de forma desordenada, mas quando olhamos de forma sist\u00eamica, conseguimos enxergar problemas semelhantes em habita\u00e7\u00e3o, mobilidade e saneamento. Trabalhar junto aos profissionais municipais permite construir cidades mais sustent\u00e1veis, resilientes e justas. Esse corpo t\u00e9cnico precisa estar sempre reunido para fortalecer as solu\u00e7\u00f5es locais e nacionais\u201d.<\/p>\n\n\n\n<p>A riqueza da troca de experi\u00eancias urban\u00edsticas entre as regi\u00f5es brasileiras \u00e9 um destaque da iniciativa de 3 dias que movimenta a capital, segundo o vice-presidente do Implurb, Antonio Peixoto.<\/p>\n\n\n\n<p>\u201cHoje \u00e9 um dia t\u00e9cnico, de muito aprendizado, com a participa\u00e7\u00e3o de institutos de planejamento do Norte, Nordeste, Sudeste, Centro-Oeste e Sul. \u00c9 um privil\u00e9gio reunir presidentes, secret\u00e1rios e diretores de planejamento de todo o pa\u00eds. O Implurb tem mostrado entregas relevantes em Manaus, como o mirante L\u00facia Almeida, que revitalizou uma \u00e1rea degradada do Centro. Isso demonstra que o planejamento urbano integrado impacta o patrim\u00f4nio, a cultura, o empreendedorismo e a economia da cidade\u201d.<\/p>\n\n\n\n<p>Para Peixoto, Manaus n\u00e3o foi escolhida ao acaso, mas sim por seu entendimento da realidade e tend\u00eancias urban\u00edsticas, evoluindo com obras estruturantes, de reabilita\u00e7\u00e3o e de melhoria da qualidade de vida das pessoas. \u201cO Implurb \u00e9 reconhecido nacionalmente por fazer v\u00e1rias entregas nos \u00faltimos anos, integrando patrim\u00f4nio hist\u00f3rico, cultura, arte, economia, infraestrutura e pessoas\u201d, disse.<\/p>\n\n\n\n<p><strong>Avalia\u00e7\u00e3o<\/strong><\/p>\n\n\n\n<p>O presidente da InREDE e diretor-presidente do Instituto de Planejamento de Fortaleza, Artur Bruno, avaliou os primeiros dois dias como extremamente positivos e produtivos.<\/p>\n\n\n\n<p>\u201cEstamos com v\u00e1rios munic\u00edpios trocando ideias, pol\u00edticas e experi\u00eancias. Quero agradecer ao prefeito David Almeida e ao Implurb pela recep\u00e7\u00e3o. Estamos admirados com o crescimento de Manaus, que mostra desenvolvimento sustent\u00e1vel, gera\u00e7\u00e3o de emprego e renda, sem abrir m\u00e3o da preserva\u00e7\u00e3o cultural e ambiental. \u00c9 um exemplo para o Brasil\u201d.<\/p>\n\n\n\n<p>A import\u00e2ncia da articula\u00e7\u00e3o com pol\u00edticas nacionais tamb\u00e9m foi destacada pelo Instituto de Pesquisa e Planejamento Urbano de Curitiba (IPPUC), representado por Thomas Ramalho.<\/p>\n\n\n\n<p>\u201cHoje, discutimos os principais desafios do planejamento e nossas estrat\u00e9gias em coopera\u00e7\u00e3o t\u00e9cnica com o Minist\u00e9rio das Cidades. Tamb\u00e9m falamos sobre o futuro da InREDE, lan\u00e7ando a nova chapa em homenagem ao ex-vice-presidente Claudemir Andrade. Esses espa\u00e7os fortalecem a rede e conectam pol\u00edticas locais \u00e0s diretrizes federais\u201d.<\/p>\n\n\n\n<p>O 11\u00b0 InREDE segue at\u00e9 s\u00e1bado (27\/9), quando os participantes far\u00e3o uma visita t\u00e9cnica para conhecer experi\u00eancias de revitaliza\u00e7\u00e3o urbana em Manaus, como o parque Encontro das \u00c1guas Rosa Almeida, parque Gigantes da Floresta, nova sede do Implurb e o complexo tur\u00edstico Ponta Negra. At\u00e9 l\u00e1, a cidade continua sendo a vitrine nacional do planejamento urbano integrado, mostrando que planejar \u00e9 o primeiro passo para construir cidades humanas, inovadoras e resilientes. O evento re\u00fane mais de 40 representantes de institutos, especialistas e gestores de todo o Brasil.<\/p>\n\n\n\n<p>&#8212; &#8212; &#8212;<\/p>\n\n\n\n<p><strong>Texto \u2013<\/strong>&nbsp;Cl\u00e1udia do Valle \/ Implurb<\/p>\n\n\n\n<p><strong>Fotos \u2013<\/strong> Valdo Le\u00e3o \/ Semcom<\/p>\n","protected":false},"excerpt":{"rendered":"","protected":false},"author":57,"featured_media":6848,"comment_status":"closed","ping_status":"closed","sticky":false,"template":"","format":"standard","meta":{"footnotes":""},"categories":[33],"tags":[11,448,15],"acf":[],"yoast_head":"<!-- This site is optimized with the Yoast SEO plugin v23.0 - https:\/\/yoast.com\/wordpress\/plugins\/seo\/ -->\n<title>Dia 2 do InREDE \u00e9 marcado por debate sobre o futuro urbano<\/title>\n<meta name=\"description\" content=\"O 11\u00b0 InREDE entrou em seu segundo dia com foco nos mecanismos de gest\u00e3o p\u00fablica capazes de fortalecer cidades mais resilientes\" \/>\n<meta name=\"robots\" content=\"noindex, follow\" \/>\n<meta property=\"og:locale\" content=\"pt_BR\" \/>\n<meta property=\"og:type\" content=\"article\" \/>\n<meta property=\"og:title\" content=\"Dia 2 do InREDE \u00e9 marcado por debate sobre o futuro urbano\" \/>\n<meta property=\"og:description\" content=\"O 11\u00b0 InREDE entrou em seu segundo dia com foco nos mecanismos de gest\u00e3o p\u00fablica capazes de fortalecer cidades mais resilientes\" \/>\n<meta property=\"og:url\" content=\"https:\/\/www.manaus.am.gov.br\/implurb\/futuro-urbano-inrede\/\" \/>\n<meta property=\"og:site_name\" content=\"IMPLURB\" \/>\n<meta property=\"article:published_time\" content=\"2025-09-26T21:12:45+00:00\" \/>\n<meta property=\"article:modified_time\" content=\"2025-09-26T21:12:47+00:00\" \/>\n<meta property=\"og:image\" content=\"https:\/\/www.manaus.am.gov.br\/implurb\/wp-content\/uploads\/sites\/13\/2025\/09\/Inrede-4.jpg\" \/>\n\t<meta property=\"og:image:width\" content=\"799\" \/>\n\t<meta property=\"og:image:height\" content=\"533\" \/>\n\t<meta property=\"og:image:type\" content=\"image\/jpeg\" \/>\n<meta name=\"author\" content=\"Thiago Fernando\" \/>\n<meta name=\"twitter:card\" content=\"summary_large_image\" \/>\n<meta name=\"twitter:label1\" content=\"Written by\" \/>\n\t<meta name=\"twitter:data1\" content=\"Thiago Fernando\" \/>\n\t<meta name=\"twitter:label2\" content=\"Est. reading time\" \/>\n\t<meta name=\"twitter:data2\" content=\"4 minutos\" \/>\n<script type=\"application\/ld+json\" class=\"yoast-schema-graph\">{\"@context\":\"https:\/\/schema.org\",\"@graph\":[{\"@type\":\"WebPage\",\"@id\":\"https:\/\/www.manaus.am.gov.br\/implurb\/futuro-urbano-inrede\/\",\"url\":\"https:\/\/www.manaus.am.gov.br\/implurb\/futuro-urbano-inrede\/\",\"name\":\"Dia 2 do InREDE \u00e9 marcado por debate sobre o futuro urbano\",\"isPartOf\":{\"@id\":\"https:\/\/www.manaus.am.gov.br\/implurb\/#website\"},\"primaryImageOfPage\":{\"@id\":\"https:\/\/www.manaus.am.gov.br\/implurb\/futuro-urbano-inrede\/#primaryimage\"},\"image\":{\"@id\":\"https:\/\/www.manaus.am.gov.br\/implurb\/futuro-urbano-inrede\/#primaryimage\"},\"thumbnailUrl\":\"https:\/\/www.manaus.am.gov.br\/implurb\/wp-content\/uploads\/sites\/13\/2025\/09\/Inrede-4.jpg\",\"datePublished\":\"2025-09-26T21:12:45+00:00\",\"dateModified\":\"2025-09-26T21:12:47+00:00\",\"author\":{\"@id\":\"https:\/\/www.manaus.am.gov.br\/implurb\/#\/schema\/person\/a5ee5376db6e21af026374b369f30882\"},\"description\":\"O 11\u00b0 InREDE entrou em seu segundo dia com foco nos mecanismos de gest\u00e3o p\u00fablica capazes de fortalecer cidades mais resilientes\",\"breadcrumb\":{\"@id\":\"https:\/\/www.manaus.am.gov.br\/implurb\/futuro-urbano-inrede\/#breadcrumb\"},\"inLanguage\":\"pt-BR\",\"potentialAction\":[{\"@type\":\"ReadAction\",\"target\":[\"https:\/\/www.manaus.am.gov.br\/implurb\/futuro-urbano-inrede\/\"]}]},{\"@type\":\"ImageObject\",\"inLanguage\":\"pt-BR\",\"@id\":\"https:\/\/www.manaus.am.gov.br\/implurb\/futuro-urbano-inrede\/#primaryimage\",\"url\":\"https:\/\/www.manaus.am.gov.br\/implurb\/wp-content\/uploads\/sites\/13\/2025\/09\/Inrede-4.jpg\",\"contentUrl\":\"https:\/\/www.manaus.am.gov.br\/implurb\/wp-content\/uploads\/sites\/13\/2025\/09\/Inrede-4.jpg\",\"width\":799,\"height\":533,\"caption\":\"#paratodosverem - Carlos Valente falando para uma plateia\"},{\"@type\":\"BreadcrumbList\",\"@id\":\"https:\/\/www.manaus.am.gov.br\/implurb\/futuro-urbano-inrede\/#breadcrumb\",\"itemListElement\":[{\"@type\":\"ListItem\",\"position\":1,\"name\":\"Home\",\"item\":\"https:\/\/www.manaus.am.gov.br\/implurb\/\"},{\"@type\":\"ListItem\",\"position\":2,\"name\":\"Com apoio da Prefeitura de Manaus, segundo dia do XI InREDE \u00e9 marcado por debate sobre o futuro urbano\"}]},{\"@type\":\"WebSite\",\"@id\":\"https:\/\/www.manaus.am.gov.br\/implurb\/#website\",\"url\":\"https:\/\/www.manaus.am.gov.br\/implurb\/\",\"name\":\"IMPLURB\",\"description\":\"Prefeitura de Manaus\",\"potentialAction\":[{\"@type\":\"SearchAction\",\"target\":{\"@type\":\"EntryPoint\",\"urlTemplate\":\"https:\/\/www.manaus.am.gov.br\/implurb\/?s={search_term_string}\"},\"query-input\":\"required name=search_term_string\"}],\"inLanguage\":\"pt-BR\"},{\"@type\":\"Person\",\"@id\":\"https:\/\/www.manaus.am.gov.br\/implurb\/#\/schema\/person\/a5ee5376db6e21af026374b369f30882\",\"name\":\"Thiago Fernando\",\"image\":{\"@type\":\"ImageObject\",\"inLanguage\":\"pt-BR\",\"@id\":\"https:\/\/www.manaus.am.gov.br\/implurb\/#\/schema\/person\/image\/\",\"url\":\"https:\/\/secure.gravatar.com\/avatar\/f5aab8722444041451501c077052ac07?s=96&d=mm&r=g\",\"contentUrl\":\"https:\/\/secure.gravatar.com\/avatar\/f5aab8722444041451501c077052ac07?s=96&d=mm&r=g\",\"caption\":\"Thiago Fernando\"}}]}<\/script>\n<!-- \/ Yoast SEO plugin. -->","yoast_head_json":{"title":"Dia 2 do InREDE \u00e9 marcado por debate sobre o futuro urbano","description":"O 11\u00b0 InREDE entrou em seu segundo dia com foco nos mecanismos de gest\u00e3o p\u00fablica capazes de fortalecer cidades mais resilientes","robots":{"index":"noindex","follow":"follow"},"og_locale":"pt_BR","og_type":"article","og_title":"Dia 2 do InREDE \u00e9 marcado por debate sobre o futuro urbano","og_description":"O 11\u00b0 InREDE entrou em seu segundo dia com foco nos mecanismos de gest\u00e3o p\u00fablica capazes de fortalecer cidades mais resilientes","og_url":"https:\/\/www.manaus.am.gov.br\/implurb\/futuro-urbano-inrede\/","og_site_name":"IMPLURB","article_published_time":"2025-09-26T21:12:45+00:00","article_modified_time":"2025-09-26T21:12:47+00:00","og_image":[{"width":799,"height":533,"url":"https:\/\/www.manaus.am.gov.br\/implurb\/wp-content\/uploads\/sites\/13\/2025\/09\/Inrede-4.jpg","type":"image\/jpeg"}],"author":"Thiago Fernando","twitter_card":"summary_large_image","twitter_misc":{"Written by":"Thiago Fernando","Est. reading time":"4 minutos"},"schema":{"@context":"https:\/\/schema.org","@graph":[{"@type":"WebPage","@id":"https:\/\/www.manaus.am.gov.br\/implurb\/futuro-urbano-inrede\/","url":"https:\/\/www.manaus.am.gov.br\/implurb\/futuro-urbano-inrede\/","name":"Dia 2 do InREDE \u00e9 marcado por debate sobre o futuro urbano","isPartOf":{"@id":"https:\/\/www.manaus.am.gov.br\/implurb\/#website"},"primaryImageOfPage":{"@id":"https:\/\/www.manaus.am.gov.br\/implurb\/futuro-urbano-inrede\/#primaryimage"},"image":{"@id":"https:\/\/www.manaus.am.gov.br\/implurb\/futuro-urbano-inrede\/#primaryimage"},"thumbnailUrl":"https:\/\/www.manaus.am.gov.br\/implurb\/wp-content\/uploads\/sites\/13\/2025\/09\/Inrede-4.jpg","datePublished":"2025-09-26T21:12:45+00:00","dateModified":"2025-09-26T21:12:47+00:00","author":{"@id":"https:\/\/www.manaus.am.gov.br\/implurb\/#\/schema\/person\/a5ee5376db6e21af026374b369f30882"},"description":"O 11\u00b0 InREDE entrou em seu segundo dia com foco nos mecanismos de gest\u00e3o p\u00fablica capazes de fortalecer cidades mais resilientes","breadcrumb":{"@id":"https:\/\/www.manaus.am.gov.br\/implurb\/futuro-urbano-inrede\/#breadcrumb"},"inLanguage":"pt-BR","potentialAction":[{"@type":"ReadAction","target":["https:\/\/www.manaus.am.gov.br\/implurb\/futuro-urbano-inrede\/"]}]},{"@type":"ImageObject","inLanguage":"pt-BR","@id":"https:\/\/www.manaus.am.gov.br\/implurb\/futuro-urbano-inrede\/#primaryimage","url":"https:\/\/www.manaus.am.gov.br\/implurb\/wp-content\/uploads\/sites\/13\/2025\/09\/Inrede-4.jpg","contentUrl":"https:\/\/www.manaus.am.gov.br\/implurb\/wp-content\/uploads\/sites\/13\/2025\/09\/Inrede-4.jpg","width":799,"height":533,"caption":"#paratodosverem - Carlos Valente falando para uma plateia"},{"@type":"BreadcrumbList","@id":"https:\/\/www.manaus.am.gov.br\/implurb\/futuro-urbano-inrede\/#breadcrumb","itemListElement":[{"@type":"ListItem","position":1,"name":"Home","item":"https:\/\/www.manaus.am.gov.br\/implurb\/"},{"@type":"ListItem","position":2,"name":"Com apoio da Prefeitura de Manaus, segundo dia do XI InREDE \u00e9 marcado por debate sobre o futuro urbano"}]},{"@type":"WebSite","@id":"https:\/\/www.manaus.am.gov.br\/implurb\/#website","url":"https:\/\/www.manaus.am.gov.br\/implurb\/","name":"IMPLURB","description":"Prefeitura de Manaus","potentialAction":[{"@type":"SearchAction","target":{"@type":"EntryPoint","urlTemplate":"https:\/\/www.manaus.am.gov.br\/implurb\/?s={search_term_string}"},"query-input":"required name=search_term_string"}],"inLanguage":"pt-BR"},{"@type":"Person","@id":"https:\/\/www.manaus.am.gov.br\/implurb\/#\/schema\/person\/a5ee5376db6e21af026374b369f30882","name":"Thiago Fernando","image":{"@type":"ImageObject","inLanguage":"pt-BR","@id":"https:\/\/www.manaus.am.gov.br\/implurb\/#\/schema\/person\/image\/","url":"https:\/\/secure.gravatar.com\/avatar\/f5aab8722444041451501c077052ac07?s=96&d=mm&r=g","contentUrl":"https:\/\/secure.gravatar.com\/avatar\/f5aab8722444041451501c077052ac07?s=96&d=mm&r=g","caption":"Thiago Fernando"}}]}},"_links":{"self":[{"href":"https:\/\/www.manaus.am.gov.br\/implurb\/wp-json\/wp\/v2\/posts\/6847"}],"collection":[{"href":"https:\/\/www.manaus.am.gov.br\/implurb\/wp-json\/wp\/v2\/posts"}],"about":[{"href":"https:\/\/www.manaus.am.gov.br\/implurb\/wp-json\/wp\/v2\/types\/post"}],"author":[{"embeddable":true,"href":"https:\/\/www.manaus.am.gov.br\/implurb\/wp-json\/wp\/v2\/users\/57"}],"replies":[{"embeddable":true,"href":"https:\/\/www.manaus.am.gov.br\/implurb\/wp-json\/wp\/v2\/comments?post=6847"}],"version-history":[{"count":0,"href":"https:\/\/www.manaus.am.gov.br\/implurb\/wp-json\/wp\/v2\/posts\/6847\/revisions"}],"wp:featuredmedia":[{"embeddable":true,"href":"https:\/\/www.manaus.am.gov.br\/implurb\/wp-json\/wp\/v2\/media\/6848"}],"wp:attachment":[{"href":"https:\/\/www.manaus.am.gov.br\/implurb\/wp-json\/wp\/v2\/media?parent=6847"}],"wp:term":[{"taxonomy":"category","embeddable":true,"href":"https:\/\/www.manaus.am.gov.br\/implurb\/wp-json\/wp\/v2\/categories?post=6847"},{"taxonomy":"post_tag","embeddable":true,"href":"https:\/\/www.manaus.am.gov.br\/implurb\/wp-json\/wp\/v2\/tags?post=6847"}],"curies":[{"name":"wp","href":"https:\/\/api.w.org\/{rel}","templated":true}]}}