{"id":6845,"date":"2025-09-26T14:05:53","date_gmt":"2025-09-26T18:05:53","guid":{"rendered":"https:\/\/www.manaus.am.gov.br\/implurb\/planejamento-urbano-encontro-manaus\/"},"modified":"2025-09-26T14:05:55","modified_gmt":"2025-09-26T18:05:55","slug":"planejamento-urbano-encontro-manaus","status":"publish","type":"post","link":"https:\/\/www.manaus.am.gov.br\/implurb\/planejamento-urbano-encontro-manaus\/","title":{"rendered":"Manaus abre as portas para o futuro das cidades mais resilientes com encontro nacional de planejamento urbano"},"content":{"rendered":"\n<p>A capital amazonense se tornou o epicentro do debate sobre o futuro urbano do Brasil. O XI Encontro Nacional da Rede Brasileira de Institutos de Planejamento (InREDE), evento que conta com a coordena\u00e7\u00e3o da <a href=\"https:\/\/www.instagram.com\/prefeiturademanaus\/\">Prefeitura de Manaus<\/a>, por meio do <a href=\"https:\/\/www.manaus.am.gov.br\/implurb\/\">Instituto Municipal de Planejamento Urbano (Implurb)<\/a>, est\u00e1 reunindo mais de 40 representantes de institutos e cidades de todas as regi\u00f5es do pa\u00eds, al\u00e9m de gestores, especialistas e t\u00e9cnicos.<\/p>\n\n\n\n<p>Nesta sexta-feira, 26\/9, segundo dia da iniciativa, os trabalhos se concentram em exerc\u00edcios, oficinas, din\u00e2micas e colabora\u00e7\u00f5es de grupos, apresenta\u00e7\u00e3o dos munic\u00edpios, COP30 e futuro da rede.<\/p>\n\n\n\n<p>At\u00e9 s\u00e1bado, 27\/9, Manaus \u00e9 palco de reflex\u00f5es e de constru\u00e7\u00e3o coletiva em torno do tema \u201cDesenvolvimento Urbano Integrado\u201d, mostrando ao pa\u00eds que planejar \u00e9 transformar.<\/p>\n\n\n\n<p>\u201cTivemos apresenta\u00e7\u00f5es do Minist\u00e9rio das Cidades, da coopera\u00e7\u00e3o internacional alem\u00e3 e de institutos de todo o Brasil. \u00c0 tarde seguimos com mais trocas e, para fechar, um espet\u00e1culo no Teatro Amazonas. Um momento hist\u00f3rico para Manaus e para a rede\u201d, destacou Carlos Valente, presidente do Implurb e vice-presidente do InREDE.<\/p>\n\n\n\n<p>O encontro conta com o apoio do Minist\u00e9rio das Cidades, da ONU-Habitat e da Coopera\u00e7\u00e3o Brasil-Alemanha (GIZ), e j\u00e1 impressiona pela organiza\u00e7\u00e3o e pela pluralidade de vozes. \u201cEstou super impactada com a mega organiza\u00e7\u00e3o, com o n\u00famero de cidades envolvidas e a prepara\u00e7\u00e3o de Manaus para receber o Brasil inteiro. Hoje Manaus \u00e9 o centro do planejamento\u201d, avaliou Larissa Menescal, do Instituto de Planejamento de Fortaleza (Ipplan).<\/p>\n\n\n\n<p>Para o vice-presidente do Implurb, Ant\u00f4nio Peixoto, a for\u00e7a do encontro est\u00e1 na uni\u00e3o. \u201cManaus recebe os institutos de todo o pa\u00eds e abre espa\u00e7o para discutir projetos, programas, desafios e solu\u00e7\u00f5es urban\u00edsticas. \u00c9 um convite para conhecer mais sobre esse sistema em rede e os caminhos que ele aponta\u201d.<\/p>\n\n\n\n<p><strong>T\u00e9cnicos<\/strong><\/p>\n\n\n\n<p>A programa\u00e7\u00e3o traz conte\u00fados t\u00e9cnicos e tamb\u00e9m experi\u00eancias culturais. Para o presidente da InREDE, Artur Bruno, Manaus foi a escolha certa. \u201cA cidade est\u00e1 dando um belo exemplo de urbanismo moderno, avan\u00e7ado e progressista, ao mesmo tempo em que preserva seus recursos naturais. Os bons exemplos de Manaus inspiram o pa\u00eds inteiro\u201d.<\/p>\n\n\n\n<p>Mais de 130 participantes devem se reunir nos tr\u00eas dias de evento. Para o diretor de Planejamento do Implurb, Pedro Paulo Cordeiro, a troca de experi\u00eancias \u00e9 um dos pontos altos. \u201cEstamos apresentando o programa \u2018Nosso Centro\u2019, por exemplo, um marco da gest\u00e3o do prefeito David Almeida, e compartilhando as etapas j\u00e1 realizadas. Esse di\u00e1logo fortalece e acelera novos caminhos de desenvolvimento urbano colaborativo\u201d.<\/p>\n\n\n\n<p>A diretora de Desenvolvimento Urbano do Minist\u00e9rio das Cidades, Cristina Scorza, refor\u00e7ou a import\u00e2ncia do tema. \u201cO encontro em Manaus \u00e9 muito rico porque estamos num ambiente de requalifica\u00e7\u00e3o urbana, com projetos que dialogam com a agenda do desenvolvimento urbano integrado. Essa viv\u00eancia vai enriquecer ainda mais o trabalho do Minist\u00e9rio\u201d.<\/p>\n\n\n\n<p>At\u00e9 s\u00e1bado, Manaus ser\u00e1 vitrine nacional de ideias, projetos e solu\u00e7\u00f5es que refor\u00e7am o papel estrat\u00e9gico do planejamento para construir cidades mais humanas, resilientes e sustent\u00e1veis.<\/p>\n\n\n\n<p>Participam do encontro 12 cidades, incluindo Curitiba (PR), Fortaleza (CE), Rio de Janeiro (RJ) e S\u00e3o Paulo (SP).<\/p>\n\n\n\n<p>&#8212; &#8212; &#8212;<\/p>\n\n\n\n<p><strong>Texto \u2013<\/strong> Cl\u00e1udia do Valle \/ Implurb<\/p>\n\n\n\n<p><strong>Fotos \u2013<\/strong> Cl\u00f3vis Miranda \/ Semcom<\/p>\n\n\n\n<p><strong>Dispon\u00edveis em<\/strong> \u2013 <a href=\"https:\/\/flic.kr\/s\/aHBqjCvm4T\">https:\/\/flic.kr\/s\/aHBqjCvm4T<\/a><\/p>\n","protected":false},"excerpt":{"rendered":"","protected":false},"author":57,"featured_media":6846,"comment_status":"closed","ping_status":"closed","sticky":false,"template":"","format":"standard","meta":{"footnotes":""},"categories":[33],"tags":[11,448,62,15],"acf":[],"yoast_head":"<!-- This site is optimized with the Yoast SEO plugin v23.0 - https:\/\/yoast.com\/wordpress\/plugins\/seo\/ -->\n<title>Manaus abre as portas para encontro de planejamento urbano<\/title>\n<meta name=\"description\" content=\"O InREDE, evento coordenado pelo Implurb, est\u00e1 reunindo mais de 40 representantes de institutos e cidades para discutir o planejamento urbano\" \/>\n<meta name=\"robots\" content=\"noindex, follow\" \/>\n<meta property=\"og:locale\" content=\"pt_BR\" \/>\n<meta property=\"og:type\" content=\"article\" \/>\n<meta property=\"og:title\" content=\"Manaus abre as portas para encontro de planejamento urbano\" \/>\n<meta property=\"og:description\" content=\"O InREDE, evento coordenado pelo Implurb, est\u00e1 reunindo mais de 40 representantes de institutos e cidades para discutir o planejamento urbano\" \/>\n<meta property=\"og:url\" content=\"https:\/\/www.manaus.am.gov.br\/implurb\/planejamento-urbano-encontro-manaus\/\" \/>\n<meta property=\"og:site_name\" content=\"IMPLURB\" \/>\n<meta property=\"article:published_time\" content=\"2025-09-26T18:05:53+00:00\" \/>\n<meta property=\"article:modified_time\" content=\"2025-09-26T18:05:55+00:00\" \/>\n<meta property=\"og:image\" content=\"https:\/\/www.manaus.am.gov.br\/implurb\/wp-content\/uploads\/sites\/13\/2025\/09\/Planejamento-Urbano-1.jpg\" \/>\n\t<meta property=\"og:image:width\" content=\"799\" \/>\n\t<meta property=\"og:image:height\" content=\"533\" \/>\n\t<meta property=\"og:image:type\" content=\"image\/jpeg\" \/>\n<meta name=\"author\" content=\"Thiago Fernando\" \/>\n<meta name=\"twitter:card\" content=\"summary_large_image\" \/>\n<meta name=\"twitter:label1\" content=\"Written by\" \/>\n\t<meta name=\"twitter:data1\" content=\"Thiago Fernando\" \/>\n\t<meta name=\"twitter:label2\" content=\"Est. reading time\" \/>\n\t<meta name=\"twitter:data2\" content=\"4 minutos\" \/>\n<script type=\"application\/ld+json\" class=\"yoast-schema-graph\">{\"@context\":\"https:\/\/schema.org\",\"@graph\":[{\"@type\":\"WebPage\",\"@id\":\"https:\/\/www.manaus.am.gov.br\/implurb\/planejamento-urbano-encontro-manaus\/\",\"url\":\"https:\/\/www.manaus.am.gov.br\/implurb\/planejamento-urbano-encontro-manaus\/\",\"name\":\"Manaus abre as portas para encontro de planejamento urbano\",\"isPartOf\":{\"@id\":\"https:\/\/www.manaus.am.gov.br\/implurb\/#website\"},\"primaryImageOfPage\":{\"@id\":\"https:\/\/www.manaus.am.gov.br\/implurb\/planejamento-urbano-encontro-manaus\/#primaryimage\"},\"image\":{\"@id\":\"https:\/\/www.manaus.am.gov.br\/implurb\/planejamento-urbano-encontro-manaus\/#primaryimage\"},\"thumbnailUrl\":\"https:\/\/www.manaus.am.gov.br\/implurb\/wp-content\/uploads\/sites\/13\/2025\/09\/Planejamento-Urbano-1.jpg\",\"datePublished\":\"2025-09-26T18:05:53+00:00\",\"dateModified\":\"2025-09-26T18:05:55+00:00\",\"author\":{\"@id\":\"https:\/\/www.manaus.am.gov.br\/implurb\/#\/schema\/person\/a5ee5376db6e21af026374b369f30882\"},\"description\":\"O InREDE, evento coordenado pelo Implurb, est\u00e1 reunindo mais de 40 representantes de institutos e cidades para discutir o planejamento urbano\",\"breadcrumb\":{\"@id\":\"https:\/\/www.manaus.am.gov.br\/implurb\/planejamento-urbano-encontro-manaus\/#breadcrumb\"},\"inLanguage\":\"pt-BR\",\"potentialAction\":[{\"@type\":\"ReadAction\",\"target\":[\"https:\/\/www.manaus.am.gov.br\/implurb\/planejamento-urbano-encontro-manaus\/\"]}]},{\"@type\":\"ImageObject\",\"inLanguage\":\"pt-BR\",\"@id\":\"https:\/\/www.manaus.am.gov.br\/implurb\/planejamento-urbano-encontro-manaus\/#primaryimage\",\"url\":\"https:\/\/www.manaus.am.gov.br\/implurb\/wp-content\/uploads\/sites\/13\/2025\/09\/Planejamento-Urbano-1.jpg\",\"contentUrl\":\"https:\/\/www.manaus.am.gov.br\/implurb\/wp-content\/uploads\/sites\/13\/2025\/09\/Planejamento-Urbano-1.jpg\",\"width\":799,\"height\":533,\"caption\":\"#paratodosverem - Palestrante no primeiro dia do InRede\"},{\"@type\":\"BreadcrumbList\",\"@id\":\"https:\/\/www.manaus.am.gov.br\/implurb\/planejamento-urbano-encontro-manaus\/#breadcrumb\",\"itemListElement\":[{\"@type\":\"ListItem\",\"position\":1,\"name\":\"Home\",\"item\":\"https:\/\/www.manaus.am.gov.br\/implurb\/\"},{\"@type\":\"ListItem\",\"position\":2,\"name\":\"Manaus abre as portas para o futuro das cidades mais resilientes com encontro nacional de planejamento urbano\"}]},{\"@type\":\"WebSite\",\"@id\":\"https:\/\/www.manaus.am.gov.br\/implurb\/#website\",\"url\":\"https:\/\/www.manaus.am.gov.br\/implurb\/\",\"name\":\"IMPLURB\",\"description\":\"Prefeitura de Manaus\",\"potentialAction\":[{\"@type\":\"SearchAction\",\"target\":{\"@type\":\"EntryPoint\",\"urlTemplate\":\"https:\/\/www.manaus.am.gov.br\/implurb\/?s={search_term_string}\"},\"query-input\":\"required name=search_term_string\"}],\"inLanguage\":\"pt-BR\"},{\"@type\":\"Person\",\"@id\":\"https:\/\/www.manaus.am.gov.br\/implurb\/#\/schema\/person\/a5ee5376db6e21af026374b369f30882\",\"name\":\"Thiago Fernando\",\"image\":{\"@type\":\"ImageObject\",\"inLanguage\":\"pt-BR\",\"@id\":\"https:\/\/www.manaus.am.gov.br\/implurb\/#\/schema\/person\/image\/\",\"url\":\"https:\/\/secure.gravatar.com\/avatar\/f5aab8722444041451501c077052ac07?s=96&d=mm&r=g\",\"contentUrl\":\"https:\/\/secure.gravatar.com\/avatar\/f5aab8722444041451501c077052ac07?s=96&d=mm&r=g\",\"caption\":\"Thiago Fernando\"}}]}<\/script>\n<!-- \/ Yoast SEO plugin. -->","yoast_head_json":{"title":"Manaus abre as portas para encontro de planejamento urbano","description":"O InREDE, evento coordenado pelo Implurb, est\u00e1 reunindo mais de 40 representantes de institutos e cidades para discutir o planejamento urbano","robots":{"index":"noindex","follow":"follow"},"og_locale":"pt_BR","og_type":"article","og_title":"Manaus abre as portas para encontro de planejamento urbano","og_description":"O InREDE, evento coordenado pelo Implurb, est\u00e1 reunindo mais de 40 representantes de institutos e cidades para discutir o planejamento urbano","og_url":"https:\/\/www.manaus.am.gov.br\/implurb\/planejamento-urbano-encontro-manaus\/","og_site_name":"IMPLURB","article_published_time":"2025-09-26T18:05:53+00:00","article_modified_time":"2025-09-26T18:05:55+00:00","og_image":[{"width":799,"height":533,"url":"https:\/\/www.manaus.am.gov.br\/implurb\/wp-content\/uploads\/sites\/13\/2025\/09\/Planejamento-Urbano-1.jpg","type":"image\/jpeg"}],"author":"Thiago Fernando","twitter_card":"summary_large_image","twitter_misc":{"Written by":"Thiago Fernando","Est. reading time":"4 minutos"},"schema":{"@context":"https:\/\/schema.org","@graph":[{"@type":"WebPage","@id":"https:\/\/www.manaus.am.gov.br\/implurb\/planejamento-urbano-encontro-manaus\/","url":"https:\/\/www.manaus.am.gov.br\/implurb\/planejamento-urbano-encontro-manaus\/","name":"Manaus abre as portas para encontro de planejamento urbano","isPartOf":{"@id":"https:\/\/www.manaus.am.gov.br\/implurb\/#website"},"primaryImageOfPage":{"@id":"https:\/\/www.manaus.am.gov.br\/implurb\/planejamento-urbano-encontro-manaus\/#primaryimage"},"image":{"@id":"https:\/\/www.manaus.am.gov.br\/implurb\/planejamento-urbano-encontro-manaus\/#primaryimage"},"thumbnailUrl":"https:\/\/www.manaus.am.gov.br\/implurb\/wp-content\/uploads\/sites\/13\/2025\/09\/Planejamento-Urbano-1.jpg","datePublished":"2025-09-26T18:05:53+00:00","dateModified":"2025-09-26T18:05:55+00:00","author":{"@id":"https:\/\/www.manaus.am.gov.br\/implurb\/#\/schema\/person\/a5ee5376db6e21af026374b369f30882"},"description":"O InREDE, evento coordenado pelo Implurb, est\u00e1 reunindo mais de 40 representantes de institutos e cidades para discutir o planejamento urbano","breadcrumb":{"@id":"https:\/\/www.manaus.am.gov.br\/implurb\/planejamento-urbano-encontro-manaus\/#breadcrumb"},"inLanguage":"pt-BR","potentialAction":[{"@type":"ReadAction","target":["https:\/\/www.manaus.am.gov.br\/implurb\/planejamento-urbano-encontro-manaus\/"]}]},{"@type":"ImageObject","inLanguage":"pt-BR","@id":"https:\/\/www.manaus.am.gov.br\/implurb\/planejamento-urbano-encontro-manaus\/#primaryimage","url":"https:\/\/www.manaus.am.gov.br\/implurb\/wp-content\/uploads\/sites\/13\/2025\/09\/Planejamento-Urbano-1.jpg","contentUrl":"https:\/\/www.manaus.am.gov.br\/implurb\/wp-content\/uploads\/sites\/13\/2025\/09\/Planejamento-Urbano-1.jpg","width":799,"height":533,"caption":"#paratodosverem - Palestrante no primeiro dia do InRede"},{"@type":"BreadcrumbList","@id":"https:\/\/www.manaus.am.gov.br\/implurb\/planejamento-urbano-encontro-manaus\/#breadcrumb","itemListElement":[{"@type":"ListItem","position":1,"name":"Home","item":"https:\/\/www.manaus.am.gov.br\/implurb\/"},{"@type":"ListItem","position":2,"name":"Manaus abre as portas para o futuro das cidades mais resilientes com encontro nacional de planejamento urbano"}]},{"@type":"WebSite","@id":"https:\/\/www.manaus.am.gov.br\/implurb\/#website","url":"https:\/\/www.manaus.am.gov.br\/implurb\/","name":"IMPLURB","description":"Prefeitura de Manaus","potentialAction":[{"@type":"SearchAction","target":{"@type":"EntryPoint","urlTemplate":"https:\/\/www.manaus.am.gov.br\/implurb\/?s={search_term_string}"},"query-input":"required name=search_term_string"}],"inLanguage":"pt-BR"},{"@type":"Person","@id":"https:\/\/www.manaus.am.gov.br\/implurb\/#\/schema\/person\/a5ee5376db6e21af026374b369f30882","name":"Thiago Fernando","image":{"@type":"ImageObject","inLanguage":"pt-BR","@id":"https:\/\/www.manaus.am.gov.br\/implurb\/#\/schema\/person\/image\/","url":"https:\/\/secure.gravatar.com\/avatar\/f5aab8722444041451501c077052ac07?s=96&d=mm&r=g","contentUrl":"https:\/\/secure.gravatar.com\/avatar\/f5aab8722444041451501c077052ac07?s=96&d=mm&r=g","caption":"Thiago Fernando"}}]}},"_links":{"self":[{"href":"https:\/\/www.manaus.am.gov.br\/implurb\/wp-json\/wp\/v2\/posts\/6845"}],"collection":[{"href":"https:\/\/www.manaus.am.gov.br\/implurb\/wp-json\/wp\/v2\/posts"}],"about":[{"href":"https:\/\/www.manaus.am.gov.br\/implurb\/wp-json\/wp\/v2\/types\/post"}],"author":[{"embeddable":true,"href":"https:\/\/www.manaus.am.gov.br\/implurb\/wp-json\/wp\/v2\/users\/57"}],"replies":[{"embeddable":true,"href":"https:\/\/www.manaus.am.gov.br\/implurb\/wp-json\/wp\/v2\/comments?post=6845"}],"version-history":[{"count":0,"href":"https:\/\/www.manaus.am.gov.br\/implurb\/wp-json\/wp\/v2\/posts\/6845\/revisions"}],"wp:featuredmedia":[{"embeddable":true,"href":"https:\/\/www.manaus.am.gov.br\/implurb\/wp-json\/wp\/v2\/media\/6846"}],"wp:attachment":[{"href":"https:\/\/www.manaus.am.gov.br\/implurb\/wp-json\/wp\/v2\/media?parent=6845"}],"wp:term":[{"taxonomy":"category","embeddable":true,"href":"https:\/\/www.manaus.am.gov.br\/implurb\/wp-json\/wp\/v2\/categories?post=6845"},{"taxonomy":"post_tag","embeddable":true,"href":"https:\/\/www.manaus.am.gov.br\/implurb\/wp-json\/wp\/v2\/tags?post=6845"}],"curies":[{"name":"wp","href":"https:\/\/api.w.org\/{rel}","templated":true}]}}