{"id":6843,"date":"2025-09-25T16:23:58","date_gmt":"2025-09-25T20:23:58","guid":{"rendered":"https:\/\/www.manaus.am.gov.br\/implurb\/encontro-de-planejamento-urbano\/"},"modified":"2025-09-25T16:24:00","modified_gmt":"2025-09-25T20:24:00","slug":"encontro-de-planejamento-urbano","status":"publish","type":"post","link":"https:\/\/www.manaus.am.gov.br\/implurb\/encontro-de-planejamento-urbano\/","title":{"rendered":"Prefeito David Almeida abre o maior encontro de planejamento urbano do Brasil e defende solu\u00e7\u00f5es integradas para os desafios das cidades"},"content":{"rendered":"\n<p>O prefeito de Manaus, David Almeida, realizou, na manh\u00e3 desta quinta-feira, 25\/9, a abertura do 11\u00ba Encontro Nacional da Rede Brasileira de Institutos de Planejamento (InREDE), o maior evento do pa\u00eds dedicado ao futuro das cidades. A cerim\u00f4nia aconteceu no mirante L\u00facia Almeida, no Centro, e reuniu representantes de mais de 40 institutos de planejamento, t\u00e9cnicos, gestores p\u00fablicos e especialistas do Brasil e do exterior.<\/p>\n\n\n\n<p>O encontro, promovido pela Prefeitura de Manaus, por meio do Instituto Municipal de Planejamento Urbano (Implurb), tem como tema \u201cDesenvolvimento Urbano Integrado\u201d e conta com o apoio do Minist\u00e9rio das Cidades, da Coopera\u00e7\u00e3o Brasil-Alemanha (GIZ) e do Programa das Na\u00e7\u00f5es Unidas para Assentamentos Humanos (ONU-Habitat).<\/p>\n\n\n\n<p>Em sua fala de abertura, David Almeida, destacou a relev\u00e2ncia do encontro para todo o pa\u00eds. \u201cManaus sedia hoje esse encontro de institutos de planejamento urbano de todo o Brasil, em um dos marcos de desenvolvimento urbano da cidade, que \u00e9 o mirante L\u00facia Almeida. As discuss\u00f5es que ser\u00e3o tratadas aqui servir\u00e3o de par\u00e2metro para todo o Brasil na quest\u00e3o do desenvolvimento urbano das cidades\u201d, afirmou.<\/p>\n\n\n\n<p>O prefeito lembrou que, h\u00e1 pouco mais de dois anos, o espa\u00e7o onde hoje funciona o mirante era marcado pela degrada\u00e7\u00e3o social. \u201cAqui era uma cracol\u00e2ndia, moradia de mais de cem pessoas em situa\u00e7\u00e3o de rua, com tr\u00e1fico de drogas e abandono. Hoje, \u00e9 um dos pontos tur\u00edsticos mais visitados de Manaus. Essa transforma\u00e7\u00e3o mostra o que \u00e9 poss\u00edvel quando h\u00e1 planejamento e coragem para enfrentar os desafios urbanos\u201d, destacou Almeida.<\/p>\n\n\n\n<p>David Almeida aproveitou a presen\u00e7a de especialistas para ressaltar a complexidade de administrar uma metr\u00f3pole amaz\u00f4nica. \u201cManaus \u00e9 sete vezes maior que o Rio de Janeiro e quase dez vezes maior que S\u00e3o Paulo em territ\u00f3rio. Levar educa\u00e7\u00e3o, sa\u00fade e infraestrutura para comunidades que est\u00e3o a 12 horas de dist\u00e2ncia do centro da cidade \u00e9 um desafio di\u00e1rio. Nossa cidade cresce, s\u00f3 este ano j\u00e1 s\u00e3o mais de 60 mil novos ve\u00edculos em circula\u00e7\u00e3o, e por isso estamos elaborando o Plano de Mobilidade Urbana, o Plano Municipal de Arboriza\u00e7\u00e3o e o novo aterro sanit\u00e1rio, al\u00e9m do maior programa habitacional da hist\u00f3ria do munic\u00edpio\u201d, afirmou.<\/p>\n\n\n\n<p>Para o presidente do Implurb e vice-presidente da InREDE, Carlos Valente, a realiza\u00e7\u00e3o do encontro na capital amazonense \u00e9 o reconhecimento do trabalho que a cidade vem realizando. \u201cAs pessoas querem conhecer os projetos e as a\u00e7\u00f5es de Manaus. Este pr\u00e9dio \u00e9 um exemplo de desenvolvimento urbano integrado, resultado de planejamento consistente e transformador\u201d, disse.<\/p>\n\n\n\n<p>O evento em Manaus acontece semanas antes da COP30, em Bel\u00e9m, e servir\u00e1 como espa\u00e7o de constru\u00e7\u00e3o de propostas para a agenda clim\u00e1tica. O diretor regional do ONU-Habitat para Am\u00e9rica Latina e Caribe, Elkin Vel\u00e1squez, participou de forma on-line e ressaltou a import\u00e2ncia do papel das cidades amaz\u00f4nicas no enfrentamento \u00e0s mudan\u00e7as clim\u00e1ticas.<\/p>\n\n\n\n<p>Para o presidente da InREDE, Artur Bruno, realizar o encontro na Amaz\u00f4nia \u00e9 simb\u00f3lico. \u201cManaus nos lembra que planejamento urbano e preserva\u00e7\u00e3o ambiental precisam caminhar lado a lado. Estamos \u00e0s v\u00e9speras da COP das Cidades, e esta \u00e9 a nossa chance de mostrar ao mundo que o Brasil urbano est\u00e1 pronto para ser parte da solu\u00e7\u00e3o clim\u00e1tica. Quem planeja tem futuro, quem n\u00e3o planeja tem destino\u201d, afirmou.<\/p>\n\n\n\n<p>J\u00e1 a diretora de Desenvolvimento Urbano do Minist\u00e9rio das Cidades, Cristiana Scorza, enfatizou a import\u00e2ncia do di\u00e1logo com os munic\u00edpios. \u201cEstamos relan\u00e7ando a Pol\u00edtica Nacional de Desenvolvimento Urbano e precisamos ouvir as cidades para que as pol\u00edticas saiam do papel e tragam qualidade de vida ao cidad\u00e3o. Planejamento urbano integrado \u00e9 o caminho para cidades mais sustent\u00e1veis e resilientes\u201d, disse.<\/p>\n\n\n\n<p>Representando a Coopera\u00e7\u00e3o Brasil-Alemanha, a arquiteta Cec\u00edlia Martins destacou a experi\u00eancia de estar em Manaus. \u201cParticipo de muitos encontros, mas este tem um significado especial. Ver de perto os projetos da cidade e conviver com os urbanistas locais traz um diferencial que fortalece a coopera\u00e7\u00e3o e refor\u00e7a a import\u00e2ncia da integra\u00e7\u00e3o entre planejamento e inclus\u00e3o social\u201d, afirmou.<\/p>\n\n\n\n<p>Com mais de 130 participantes, a programa\u00e7\u00e3o do 11\u00ba InREDE inclui pain\u00e9is t\u00e9cnicos, debates sobre mobilidade, habita\u00e7\u00e3o, mudan\u00e7as clim\u00e1ticas e governan\u00e7a urbana, al\u00e9m de visitas t\u00e9cnicas a projetos emblem\u00e1ticos da capital amazonense.<\/p>\n\n\n\n<p>Ao encerrar sua fala, David Almeida refor\u00e7ou o papel estrat\u00e9gico do encontro. \u201cAs discuss\u00f5es feitas aqui em Manaus v\u00e3o nortear muitas das a\u00e7\u00f5es que ser\u00e3o apresentadas na COP30. Estamos mostrando ao Brasil e ao mundo que \u00e9 poss\u00edvel transformar uma cidade amaz\u00f4nica em refer\u00eancia de planejamento urbano sustent\u00e1vel, preservando 93% do nosso territ\u00f3rio e investindo em solu\u00e7\u00f5es para melhorar a vida da popula\u00e7\u00e3o. Este \u00e9 o legado que queremos deixar\u201d, concluiu.<\/p>\n\n\n\n<p>&#8212; &#8212; &#8212;<br><strong>Texto &#8211; <\/strong>Emanuelle Baires \/ Semcom e Cl\u00e1udia do Valle \/ Implurb<br><strong>Fotos &#8211; <\/strong>Dhyeizo Lemos \/ Semcom-Prefeito<br><strong>Dispon\u00edveis em \u2013<\/strong> <a href=\"https:\/\/flic.kr\/s\/aHBqjCvoCn\">https:\/\/flic.kr\/s\/aHBqjCvoCn<\/a>\u00a0<\/p>\n","protected":false},"excerpt":{"rendered":"","protected":false},"author":68,"featured_media":6844,"comment_status":"closed","ping_status":"closed","sticky":false,"template":"","format":"standard","meta":{"footnotes":""},"categories":[114],"tags":[31,1921,15],"acf":[],"yoast_head":"<!-- This site is optimized with the Yoast SEO plugin v23.0 - https:\/\/yoast.com\/wordpress\/plugins\/seo\/ -->\n<title>Prefeito David abre o maior encontro de planejamento urbano<\/title>\n<meta name=\"description\" content=\"O prefeito de Manaus, David Almeida, realizou abertura do 11\u00ba Encontro Nacional da Rede Brasileira de Institutos de Planejamento (InREDE).\" \/>\n<meta name=\"robots\" content=\"noindex, follow\" \/>\n<meta property=\"og:locale\" content=\"pt_BR\" \/>\n<meta property=\"og:type\" content=\"article\" \/>\n<meta property=\"og:title\" content=\"Prefeito David abre o maior encontro de planejamento urbano\" \/>\n<meta property=\"og:description\" content=\"O prefeito de Manaus, David Almeida, realizou abertura do 11\u00ba Encontro Nacional da Rede Brasileira de Institutos de Planejamento (InREDE).\" \/>\n<meta property=\"og:url\" content=\"https:\/\/www.manaus.am.gov.br\/implurb\/encontro-de-planejamento-urbano\/\" \/>\n<meta property=\"og:site_name\" content=\"IMPLURB\" \/>\n<meta property=\"article:published_time\" content=\"2025-09-25T20:23:58+00:00\" \/>\n<meta property=\"article:modified_time\" content=\"2025-09-25T20:24:00+00:00\" \/>\n<meta property=\"og:image\" content=\"https:\/\/www.manaus.am.gov.br\/implurb\/wp-content\/uploads\/sites\/13\/2025\/09\/WhatsApp-Image-2025-09-25-at-16.17.46.jpeg\" \/>\n\t<meta property=\"og:image:width\" content=\"800\" \/>\n\t<meta property=\"og:image:height\" content=\"534\" \/>\n\t<meta property=\"og:image:type\" content=\"image\/jpeg\" \/>\n<meta name=\"author\" content=\"bvalente\" \/>\n<meta name=\"twitter:card\" content=\"summary_large_image\" \/>\n<meta name=\"twitter:label1\" content=\"Written by\" \/>\n\t<meta name=\"twitter:data1\" content=\"bvalente\" \/>\n\t<meta name=\"twitter:label2\" content=\"Est. reading time\" \/>\n\t<meta name=\"twitter:data2\" content=\"5 minutos\" \/>\n<script type=\"application\/ld+json\" class=\"yoast-schema-graph\">{\"@context\":\"https:\/\/schema.org\",\"@graph\":[{\"@type\":\"WebPage\",\"@id\":\"https:\/\/www.manaus.am.gov.br\/implurb\/encontro-de-planejamento-urbano\/\",\"url\":\"https:\/\/www.manaus.am.gov.br\/implurb\/encontro-de-planejamento-urbano\/\",\"name\":\"Prefeito David abre o maior encontro de planejamento urbano\",\"isPartOf\":{\"@id\":\"https:\/\/www.manaus.am.gov.br\/implurb\/#website\"},\"primaryImageOfPage\":{\"@id\":\"https:\/\/www.manaus.am.gov.br\/implurb\/encontro-de-planejamento-urbano\/#primaryimage\"},\"image\":{\"@id\":\"https:\/\/www.manaus.am.gov.br\/implurb\/encontro-de-planejamento-urbano\/#primaryimage\"},\"thumbnailUrl\":\"https:\/\/www.manaus.am.gov.br\/implurb\/wp-content\/uploads\/sites\/13\/2025\/09\/WhatsApp-Image-2025-09-25-at-16.17.46.jpeg\",\"datePublished\":\"2025-09-25T20:23:58+00:00\",\"dateModified\":\"2025-09-25T20:24:00+00:00\",\"author\":{\"@id\":\"https:\/\/www.manaus.am.gov.br\/implurb\/#\/schema\/person\/466a0e03ae4b6062809046bd560ac955\"},\"description\":\"O prefeito de Manaus, David Almeida, realizou abertura do 11\u00ba Encontro Nacional da Rede Brasileira de Institutos de Planejamento (InREDE).\",\"breadcrumb\":{\"@id\":\"https:\/\/www.manaus.am.gov.br\/implurb\/encontro-de-planejamento-urbano\/#breadcrumb\"},\"inLanguage\":\"pt-BR\",\"potentialAction\":[{\"@type\":\"ReadAction\",\"target\":[\"https:\/\/www.manaus.am.gov.br\/implurb\/encontro-de-planejamento-urbano\/\"]}]},{\"@type\":\"ImageObject\",\"inLanguage\":\"pt-BR\",\"@id\":\"https:\/\/www.manaus.am.gov.br\/implurb\/encontro-de-planejamento-urbano\/#primaryimage\",\"url\":\"https:\/\/www.manaus.am.gov.br\/implurb\/wp-content\/uploads\/sites\/13\/2025\/09\/WhatsApp-Image-2025-09-25-at-16.17.46.jpeg\",\"contentUrl\":\"https:\/\/www.manaus.am.gov.br\/implurb\/wp-content\/uploads\/sites\/13\/2025\/09\/WhatsApp-Image-2025-09-25-at-16.17.46.jpeg\",\"width\":800,\"height\":534,\"caption\":\"#paratodosverem \u2013 Prefeito David Almeida discursando durante a abertura do encontro de planejamento urbano\"},{\"@type\":\"BreadcrumbList\",\"@id\":\"https:\/\/www.manaus.am.gov.br\/implurb\/encontro-de-planejamento-urbano\/#breadcrumb\",\"itemListElement\":[{\"@type\":\"ListItem\",\"position\":1,\"name\":\"Home\",\"item\":\"https:\/\/www.manaus.am.gov.br\/implurb\/\"},{\"@type\":\"ListItem\",\"position\":2,\"name\":\"Prefeito David Almeida abre o maior encontro de planejamento urbano do Brasil e defende solu\u00e7\u00f5es integradas para os desafios das cidades\"}]},{\"@type\":\"WebSite\",\"@id\":\"https:\/\/www.manaus.am.gov.br\/implurb\/#website\",\"url\":\"https:\/\/www.manaus.am.gov.br\/implurb\/\",\"name\":\"IMPLURB\",\"description\":\"Prefeitura de Manaus\",\"potentialAction\":[{\"@type\":\"SearchAction\",\"target\":{\"@type\":\"EntryPoint\",\"urlTemplate\":\"https:\/\/www.manaus.am.gov.br\/implurb\/?s={search_term_string}\"},\"query-input\":\"required name=search_term_string\"}],\"inLanguage\":\"pt-BR\"},{\"@type\":\"Person\",\"@id\":\"https:\/\/www.manaus.am.gov.br\/implurb\/#\/schema\/person\/466a0e03ae4b6062809046bd560ac955\",\"name\":\"bvalente\",\"image\":{\"@type\":\"ImageObject\",\"inLanguage\":\"pt-BR\",\"@id\":\"https:\/\/www.manaus.am.gov.br\/implurb\/#\/schema\/person\/image\/\",\"url\":\"https:\/\/secure.gravatar.com\/avatar\/3e69bc2b014bdad41adfec3a39de07d2?s=96&d=mm&r=g\",\"contentUrl\":\"https:\/\/secure.gravatar.com\/avatar\/3e69bc2b014bdad41adfec3a39de07d2?s=96&d=mm&r=g\",\"caption\":\"bvalente\"}}]}<\/script>\n<!-- \/ Yoast SEO plugin. -->","yoast_head_json":{"title":"Prefeito David abre o maior encontro de planejamento urbano","description":"O prefeito de Manaus, David Almeida, realizou abertura do 11\u00ba Encontro Nacional da Rede Brasileira de Institutos de Planejamento (InREDE).","robots":{"index":"noindex","follow":"follow"},"og_locale":"pt_BR","og_type":"article","og_title":"Prefeito David abre o maior encontro de planejamento urbano","og_description":"O prefeito de Manaus, David Almeida, realizou abertura do 11\u00ba Encontro Nacional da Rede Brasileira de Institutos de Planejamento (InREDE).","og_url":"https:\/\/www.manaus.am.gov.br\/implurb\/encontro-de-planejamento-urbano\/","og_site_name":"IMPLURB","article_published_time":"2025-09-25T20:23:58+00:00","article_modified_time":"2025-09-25T20:24:00+00:00","og_image":[{"width":800,"height":534,"url":"https:\/\/www.manaus.am.gov.br\/implurb\/wp-content\/uploads\/sites\/13\/2025\/09\/WhatsApp-Image-2025-09-25-at-16.17.46.jpeg","type":"image\/jpeg"}],"author":"bvalente","twitter_card":"summary_large_image","twitter_misc":{"Written by":"bvalente","Est. reading time":"5 minutos"},"schema":{"@context":"https:\/\/schema.org","@graph":[{"@type":"WebPage","@id":"https:\/\/www.manaus.am.gov.br\/implurb\/encontro-de-planejamento-urbano\/","url":"https:\/\/www.manaus.am.gov.br\/implurb\/encontro-de-planejamento-urbano\/","name":"Prefeito David abre o maior encontro de planejamento urbano","isPartOf":{"@id":"https:\/\/www.manaus.am.gov.br\/implurb\/#website"},"primaryImageOfPage":{"@id":"https:\/\/www.manaus.am.gov.br\/implurb\/encontro-de-planejamento-urbano\/#primaryimage"},"image":{"@id":"https:\/\/www.manaus.am.gov.br\/implurb\/encontro-de-planejamento-urbano\/#primaryimage"},"thumbnailUrl":"https:\/\/www.manaus.am.gov.br\/implurb\/wp-content\/uploads\/sites\/13\/2025\/09\/WhatsApp-Image-2025-09-25-at-16.17.46.jpeg","datePublished":"2025-09-25T20:23:58+00:00","dateModified":"2025-09-25T20:24:00+00:00","author":{"@id":"https:\/\/www.manaus.am.gov.br\/implurb\/#\/schema\/person\/466a0e03ae4b6062809046bd560ac955"},"description":"O prefeito de Manaus, David Almeida, realizou abertura do 11\u00ba Encontro Nacional da Rede Brasileira de Institutos de Planejamento (InREDE).","breadcrumb":{"@id":"https:\/\/www.manaus.am.gov.br\/implurb\/encontro-de-planejamento-urbano\/#breadcrumb"},"inLanguage":"pt-BR","potentialAction":[{"@type":"ReadAction","target":["https:\/\/www.manaus.am.gov.br\/implurb\/encontro-de-planejamento-urbano\/"]}]},{"@type":"ImageObject","inLanguage":"pt-BR","@id":"https:\/\/www.manaus.am.gov.br\/implurb\/encontro-de-planejamento-urbano\/#primaryimage","url":"https:\/\/www.manaus.am.gov.br\/implurb\/wp-content\/uploads\/sites\/13\/2025\/09\/WhatsApp-Image-2025-09-25-at-16.17.46.jpeg","contentUrl":"https:\/\/www.manaus.am.gov.br\/implurb\/wp-content\/uploads\/sites\/13\/2025\/09\/WhatsApp-Image-2025-09-25-at-16.17.46.jpeg","width":800,"height":534,"caption":"#paratodosverem \u2013 Prefeito David Almeida discursando durante a abertura do encontro de planejamento urbano"},{"@type":"BreadcrumbList","@id":"https:\/\/www.manaus.am.gov.br\/implurb\/encontro-de-planejamento-urbano\/#breadcrumb","itemListElement":[{"@type":"ListItem","position":1,"name":"Home","item":"https:\/\/www.manaus.am.gov.br\/implurb\/"},{"@type":"ListItem","position":2,"name":"Prefeito David Almeida abre o maior encontro de planejamento urbano do Brasil e defende solu\u00e7\u00f5es integradas para os desafios das cidades"}]},{"@type":"WebSite","@id":"https:\/\/www.manaus.am.gov.br\/implurb\/#website","url":"https:\/\/www.manaus.am.gov.br\/implurb\/","name":"IMPLURB","description":"Prefeitura de Manaus","potentialAction":[{"@type":"SearchAction","target":{"@type":"EntryPoint","urlTemplate":"https:\/\/www.manaus.am.gov.br\/implurb\/?s={search_term_string}"},"query-input":"required name=search_term_string"}],"inLanguage":"pt-BR"},{"@type":"Person","@id":"https:\/\/www.manaus.am.gov.br\/implurb\/#\/schema\/person\/466a0e03ae4b6062809046bd560ac955","name":"bvalente","image":{"@type":"ImageObject","inLanguage":"pt-BR","@id":"https:\/\/www.manaus.am.gov.br\/implurb\/#\/schema\/person\/image\/","url":"https:\/\/secure.gravatar.com\/avatar\/3e69bc2b014bdad41adfec3a39de07d2?s=96&d=mm&r=g","contentUrl":"https:\/\/secure.gravatar.com\/avatar\/3e69bc2b014bdad41adfec3a39de07d2?s=96&d=mm&r=g","caption":"bvalente"}}]}},"_links":{"self":[{"href":"https:\/\/www.manaus.am.gov.br\/implurb\/wp-json\/wp\/v2\/posts\/6843"}],"collection":[{"href":"https:\/\/www.manaus.am.gov.br\/implurb\/wp-json\/wp\/v2\/posts"}],"about":[{"href":"https:\/\/www.manaus.am.gov.br\/implurb\/wp-json\/wp\/v2\/types\/post"}],"author":[{"embeddable":true,"href":"https:\/\/www.manaus.am.gov.br\/implurb\/wp-json\/wp\/v2\/users\/68"}],"replies":[{"embeddable":true,"href":"https:\/\/www.manaus.am.gov.br\/implurb\/wp-json\/wp\/v2\/comments?post=6843"}],"version-history":[{"count":0,"href":"https:\/\/www.manaus.am.gov.br\/implurb\/wp-json\/wp\/v2\/posts\/6843\/revisions"}],"wp:featuredmedia":[{"embeddable":true,"href":"https:\/\/www.manaus.am.gov.br\/implurb\/wp-json\/wp\/v2\/media\/6844"}],"wp:attachment":[{"href":"https:\/\/www.manaus.am.gov.br\/implurb\/wp-json\/wp\/v2\/media?parent=6843"}],"wp:term":[{"taxonomy":"category","embeddable":true,"href":"https:\/\/www.manaus.am.gov.br\/implurb\/wp-json\/wp\/v2\/categories?post=6843"},{"taxonomy":"post_tag","embeddable":true,"href":"https:\/\/www.manaus.am.gov.br\/implurb\/wp-json\/wp\/v2\/tags?post=6843"}],"curies":[{"name":"wp","href":"https:\/\/api.w.org\/{rel}","templated":true}]}}