{"id":6771,"date":"2025-09-21T13:46:07","date_gmt":"2025-09-21T17:46:07","guid":{"rendered":"https:\/\/www.manaus.am.gov.br\/implurb\/despoluicao-visual-quintino-bocaiuva\/"},"modified":"2025-09-21T13:46:07","modified_gmt":"2025-09-21T17:46:07","slug":"despoluicao-visual-quintino-bocaiuva","status":"publish","type":"post","link":"https:\/\/www.manaus.am.gov.br\/implurb\/despoluicao-visual-quintino-bocaiuva\/","title":{"rendered":"Prefeito David Almeida fiscaliza a\u00e7\u00e3o de despolui\u00e7\u00e3o visual na Quintino Bocai\u00fava e refor\u00e7a que opera\u00e7\u00e3o j\u00e1 soma mais de 6,5 toneladas de fios e cabos removidos"},"content":{"rendered":"\n<p>O prefeito de Manaus, David Almeida, fiscalizou, neste domingo, 21\/9, mais uma a\u00e7\u00e3o de despolui\u00e7\u00e3o visual no centro da cidade. Desta vez, os trabalhos se concentraram na rua Quintino Bocai\u00fava, entre a Marechal Deodoro e Floriano Peixoto. A iniciativa, que faz parte do &#8220;Mutir\u00e3o no Bairro&#8221; e que j\u00e1 chega h\u00e1 45 dias de servi\u00e7os, soma 13 opera\u00e7\u00f5es de retirada de fios e cabos obsoletos, resultando um total de mais de 6,5 toneladas de material removido de mais de dez vias e travessas da regi\u00e3o central.<\/p>\n\n\n\n<p>&#8220;Estamos aqui na Quintino Bocai\u00fava acompanhando o trabalho de retirada desses fios, que est\u00e1 diminuindo bastante essa polui\u00e7\u00e3o visual na cidade de Manaus. Esse \u00e9 um trabalho cont\u00ednuo, j\u00e1 estamos aqui h\u00e1 45 dias trabalhando, j\u00e1 chegamos h\u00e1 mais de seis toneladas de fios e cabos removidos s\u00f3 no centro de Manaus, e o nosso trabalho vai avan\u00e7ar&#8221;, afirmou David Almeida.<\/p>\n\n\n\n<p>As retiradas acontecem nos dias de semana e aos domingos, evitando hor\u00e1rios de pico e de grande concentra\u00e7\u00e3o de servi\u00e7os e com\u00e9rcio intenso.<\/p>\n\n\n\n<p>Para o vice-presidente do Instituto Municipal de Planejamento Urbano (Implurb), Antonio Peixoto, nos 45 dias de opera\u00e7\u00e3o no Centro, a mudan\u00e7a \u00e9 bem vis\u00edvel e a determina\u00e7\u00e3o \u00e9 seguir na localidade at\u00e9 estabilizar os servi\u00e7os, com os trabalhos sendo estendidos at\u00e9 o m\u00eas de dezembro.<\/p>\n\n\n\n<p>&#8220;Temos ainda muitos cabos a\u00e9reos da chamada &#8216;rede morta&#8217;, que n\u00e3o \u00e9 usada h\u00e1 mais de anos. S\u00e3o fios obsoletos que foram deixados nos postes, colocados h\u00e1 mais de 20, 30 anos. Eles perderam a serventia e as operadores nunca foram obrigadas a retirar. Agora, em parceria com a prefeitura, a concession\u00e1ria Amazonas Energia e as empresas de telefonia, internet e l\u00f3gica est\u00e3o agindo para fazer esta remo\u00e7\u00e3o, que s\u00f3 traz benef\u00edcio, melhorias e seguran\u00e7a para todos, cumprindo uma determina\u00e7\u00e3o do prefeito&#8221;, comentou Peixoto.<\/p>\n\n\n\n<p>O supervisor de campo da Amazonas Energia, Igor Pedroso, explicou que a opera\u00e7\u00e3o \u00e9 realizada de forma programada, para reduzir o impacto no tr\u00e2nsito e no fluxo de pedestres. \u201cA popula\u00e7\u00e3o j\u00e1 pode perceber a melhoria nestas vias. Agora, seguimos com os trabalhos, durante a semana e aos domingos, fazendo a retirada, arrumando a rede e removendo todos os fios e cabos, trazendo organiza\u00e7\u00e3o e seguran\u00e7a\u201d, explicou.&nbsp;<\/p>\n\n\n\n<p><strong>Mutir\u00e3o<\/strong><\/p>\n\n\n\n<p>O \u201cMutir\u00e3o no Bairro\u201d, lan\u00e7ado pelo prefeito David Almeida e pelo vice-prefeito e titular da Secretaria Municipal de Infraestrutura (Seminf), Renato Junior, envolve o trabalho conjunto de 16 secretarias e \u00f3rg\u00e3os municipais e mais de 1.100 servidores. A retirada de fios e cabos j\u00e1 passou por vias tradicionais do com\u00e9rcio, como as ruas Marc\u00edlio Dias, Doutor Moreira, Guilherme Moreira, Marechal Deodoro e Quintino Bocai\u00fava, travessa do Com\u00e9rcio, e avenidas Joaquim Nabuco e Eduardo Ribeiro.<\/p>\n\n\n\n<p>O Implurb seguir\u00e1 com novas etapas de revitaliza\u00e7\u00e3o, ampliando as frentes de atua\u00e7\u00e3o no Centro, sempre com foco em urbanismo, seguran\u00e7a e valoriza\u00e7\u00e3o da cidade.<\/p>\n\n\n\n<figure class=\"wp-block-image size-large\"><img decoding=\"async\" src=\"https:\/\/www.manaus.am.gov.br\/implurb\/wp-content\/uploads\/sites\/13\/2025\/09\/Despoluicao-visual-5-1024x682.jpeg\" alt=\"\" class=\"wp-image-6773\" \/><\/figure>\n\n\n\n<p>&#8212; &#8212; &#8212;<\/p>\n\n\n\n<p><strong>Texto <\/strong>&#8211;\u00a0Cl\u00e1udia do Valle\/Implurb<\/p>\n\n\n\n<p><strong>Fotos <\/strong>&#8211; Dhyeizo Lemos\/Semcom-Prefeito<\/p>\n","protected":false},"excerpt":{"rendered":"","protected":false},"author":39,"featured_media":6772,"comment_status":"closed","ping_status":"closed","sticky":false,"template":"","format":"standard","meta":{"footnotes":""},"categories":[1918],"tags":[1882,31,11,1919,15,1920],"acf":[],"yoast_head":"<!-- This site is optimized with the Yoast SEO plugin v23.0 - https:\/\/yoast.com\/wordpress\/plugins\/seo\/ -->\n<title>Prefeito fiscaliza a\u00e7\u00e3o de despolui\u00e7\u00e3o visual na Quintino Bocai\u00fava<\/title>\n<meta name=\"description\" content=\"Prefeito fiscaliza a\u00e7\u00e3o de despolui\u00e7\u00e3o visual na Quintino Bocai\u00fava e refor\u00e7a que opera\u00e7\u00e3o soma mais de 6,5 toneladas de fios removidos.\" \/>\n<meta name=\"robots\" content=\"noindex, follow\" \/>\n<meta property=\"og:locale\" content=\"pt_BR\" \/>\n<meta property=\"og:type\" content=\"article\" \/>\n<meta property=\"og:title\" content=\"Prefeito fiscaliza a\u00e7\u00e3o de despolui\u00e7\u00e3o visual na Quintino Bocai\u00fava\" \/>\n<meta property=\"og:description\" content=\"Prefeito fiscaliza a\u00e7\u00e3o de despolui\u00e7\u00e3o visual na Quintino Bocai\u00fava e refor\u00e7a que opera\u00e7\u00e3o soma mais de 6,5 toneladas de fios removidos.\" \/>\n<meta property=\"og:url\" content=\"https:\/\/www.manaus.am.gov.br\/implurb\/despoluicao-visual-quintino-bocaiuva\/\" \/>\n<meta property=\"og:site_name\" content=\"IMPLURB\" \/>\n<meta property=\"article:published_time\" content=\"2025-09-21T17:46:07+00:00\" \/>\n<meta property=\"og:image\" content=\"https:\/\/www.manaus.am.gov.br\/implurb\/wp-content\/uploads\/sites\/13\/2025\/09\/Despoluicao-visual-2.jpeg\" \/>\n\t<meta property=\"og:image:width\" content=\"1600\" \/>\n\t<meta property=\"og:image:height\" content=\"1066\" \/>\n\t<meta property=\"og:image:type\" content=\"image\/jpeg\" \/>\n<meta name=\"author\" content=\"Bruna Greco\" \/>\n<meta name=\"twitter:card\" content=\"summary_large_image\" \/>\n<meta name=\"twitter:label1\" content=\"Written by\" \/>\n\t<meta name=\"twitter:data1\" content=\"Bruna Greco\" \/>\n\t<meta name=\"twitter:label2\" content=\"Est. reading time\" \/>\n\t<meta name=\"twitter:data2\" content=\"4 minutos\" \/>\n<script type=\"application\/ld+json\" class=\"yoast-schema-graph\">{\"@context\":\"https:\/\/schema.org\",\"@graph\":[{\"@type\":\"WebPage\",\"@id\":\"https:\/\/www.manaus.am.gov.br\/implurb\/despoluicao-visual-quintino-bocaiuva\/\",\"url\":\"https:\/\/www.manaus.am.gov.br\/implurb\/despoluicao-visual-quintino-bocaiuva\/\",\"name\":\"Prefeito fiscaliza a\u00e7\u00e3o de despolui\u00e7\u00e3o visual na Quintino Bocai\u00fava\",\"isPartOf\":{\"@id\":\"https:\/\/www.manaus.am.gov.br\/implurb\/#website\"},\"primaryImageOfPage\":{\"@id\":\"https:\/\/www.manaus.am.gov.br\/implurb\/despoluicao-visual-quintino-bocaiuva\/#primaryimage\"},\"image\":{\"@id\":\"https:\/\/www.manaus.am.gov.br\/implurb\/despoluicao-visual-quintino-bocaiuva\/#primaryimage\"},\"thumbnailUrl\":\"https:\/\/www.manaus.am.gov.br\/implurb\/wp-content\/uploads\/sites\/13\/2025\/09\/Despoluicao-visual-2.jpeg\",\"datePublished\":\"2025-09-21T17:46:07+00:00\",\"dateModified\":\"2025-09-21T17:46:07+00:00\",\"author\":{\"@id\":\"https:\/\/www.manaus.am.gov.br\/implurb\/#\/schema\/person\/05d223aea2bf115f9883a6ff3683d81b\"},\"description\":\"Prefeito fiscaliza a\u00e7\u00e3o de despolui\u00e7\u00e3o visual na Quintino Bocai\u00fava e refor\u00e7a que opera\u00e7\u00e3o soma mais de 6,5 toneladas de fios removidos.\",\"breadcrumb\":{\"@id\":\"https:\/\/www.manaus.am.gov.br\/implurb\/despoluicao-visual-quintino-bocaiuva\/#breadcrumb\"},\"inLanguage\":\"pt-BR\",\"potentialAction\":[{\"@type\":\"ReadAction\",\"target\":[\"https:\/\/www.manaus.am.gov.br\/implurb\/despoluicao-visual-quintino-bocaiuva\/\"]}]},{\"@type\":\"ImageObject\",\"inLanguage\":\"pt-BR\",\"@id\":\"https:\/\/www.manaus.am.gov.br\/implurb\/despoluicao-visual-quintino-bocaiuva\/#primaryimage\",\"url\":\"https:\/\/www.manaus.am.gov.br\/implurb\/wp-content\/uploads\/sites\/13\/2025\/09\/Despoluicao-visual-2.jpeg\",\"contentUrl\":\"https:\/\/www.manaus.am.gov.br\/implurb\/wp-content\/uploads\/sites\/13\/2025\/09\/Despoluicao-visual-2.jpeg\",\"width\":1600,\"height\":1066,\"caption\":\"#paratodosverem - Prefeito de Manaus, David Almeida, acompanhando do vice-presidente do Implurb, Antonio Peixoto, durante fiscaliza\u00e7\u00e3o de a\u00e7\u00e3o de despolui\u00e7\u00e3o visual na rua Quintino Bocai\u00fava, no Centro\"},{\"@type\":\"BreadcrumbList\",\"@id\":\"https:\/\/www.manaus.am.gov.br\/implurb\/despoluicao-visual-quintino-bocaiuva\/#breadcrumb\",\"itemListElement\":[{\"@type\":\"ListItem\",\"position\":1,\"name\":\"Home\",\"item\":\"https:\/\/www.manaus.am.gov.br\/implurb\/\"},{\"@type\":\"ListItem\",\"position\":2,\"name\":\"Prefeito David Almeida fiscaliza a\u00e7\u00e3o de despolui\u00e7\u00e3o visual na Quintino Bocai\u00fava e refor\u00e7a que opera\u00e7\u00e3o j\u00e1 soma mais de 6,5 toneladas de fios e cabos removidos\"}]},{\"@type\":\"WebSite\",\"@id\":\"https:\/\/www.manaus.am.gov.br\/implurb\/#website\",\"url\":\"https:\/\/www.manaus.am.gov.br\/implurb\/\",\"name\":\"IMPLURB\",\"description\":\"Prefeitura de Manaus\",\"potentialAction\":[{\"@type\":\"SearchAction\",\"target\":{\"@type\":\"EntryPoint\",\"urlTemplate\":\"https:\/\/www.manaus.am.gov.br\/implurb\/?s={search_term_string}\"},\"query-input\":\"required name=search_term_string\"}],\"inLanguage\":\"pt-BR\"},{\"@type\":\"Person\",\"@id\":\"https:\/\/www.manaus.am.gov.br\/implurb\/#\/schema\/person\/05d223aea2bf115f9883a6ff3683d81b\",\"name\":\"Bruna Greco\",\"image\":{\"@type\":\"ImageObject\",\"inLanguage\":\"pt-BR\",\"@id\":\"https:\/\/www.manaus.am.gov.br\/implurb\/#\/schema\/person\/image\/\",\"url\":\"https:\/\/secure.gravatar.com\/avatar\/9c877d1a6adc2a055330e5c09a8653ce?s=96&d=mm&r=g\",\"contentUrl\":\"https:\/\/secure.gravatar.com\/avatar\/9c877d1a6adc2a055330e5c09a8653ce?s=96&d=mm&r=g\",\"caption\":\"Bruna Greco\"}}]}<\/script>\n<!-- \/ Yoast SEO plugin. -->","yoast_head_json":{"title":"Prefeito fiscaliza a\u00e7\u00e3o de despolui\u00e7\u00e3o visual na Quintino Bocai\u00fava","description":"Prefeito fiscaliza a\u00e7\u00e3o de despolui\u00e7\u00e3o visual na Quintino Bocai\u00fava e refor\u00e7a que opera\u00e7\u00e3o soma mais de 6,5 toneladas de fios removidos.","robots":{"index":"noindex","follow":"follow"},"og_locale":"pt_BR","og_type":"article","og_title":"Prefeito fiscaliza a\u00e7\u00e3o de despolui\u00e7\u00e3o visual na Quintino Bocai\u00fava","og_description":"Prefeito fiscaliza a\u00e7\u00e3o de despolui\u00e7\u00e3o visual na Quintino Bocai\u00fava e refor\u00e7a que opera\u00e7\u00e3o soma mais de 6,5 toneladas de fios removidos.","og_url":"https:\/\/www.manaus.am.gov.br\/implurb\/despoluicao-visual-quintino-bocaiuva\/","og_site_name":"IMPLURB","article_published_time":"2025-09-21T17:46:07+00:00","og_image":[{"width":1600,"height":1066,"url":"https:\/\/www.manaus.am.gov.br\/implurb\/wp-content\/uploads\/sites\/13\/2025\/09\/Despoluicao-visual-2.jpeg","type":"image\/jpeg"}],"author":"Bruna Greco","twitter_card":"summary_large_image","twitter_misc":{"Written by":"Bruna Greco","Est. reading time":"4 minutos"},"schema":{"@context":"https:\/\/schema.org","@graph":[{"@type":"WebPage","@id":"https:\/\/www.manaus.am.gov.br\/implurb\/despoluicao-visual-quintino-bocaiuva\/","url":"https:\/\/www.manaus.am.gov.br\/implurb\/despoluicao-visual-quintino-bocaiuva\/","name":"Prefeito fiscaliza a\u00e7\u00e3o de despolui\u00e7\u00e3o visual na Quintino Bocai\u00fava","isPartOf":{"@id":"https:\/\/www.manaus.am.gov.br\/implurb\/#website"},"primaryImageOfPage":{"@id":"https:\/\/www.manaus.am.gov.br\/implurb\/despoluicao-visual-quintino-bocaiuva\/#primaryimage"},"image":{"@id":"https:\/\/www.manaus.am.gov.br\/implurb\/despoluicao-visual-quintino-bocaiuva\/#primaryimage"},"thumbnailUrl":"https:\/\/www.manaus.am.gov.br\/implurb\/wp-content\/uploads\/sites\/13\/2025\/09\/Despoluicao-visual-2.jpeg","datePublished":"2025-09-21T17:46:07+00:00","dateModified":"2025-09-21T17:46:07+00:00","author":{"@id":"https:\/\/www.manaus.am.gov.br\/implurb\/#\/schema\/person\/05d223aea2bf115f9883a6ff3683d81b"},"description":"Prefeito fiscaliza a\u00e7\u00e3o de despolui\u00e7\u00e3o visual na Quintino Bocai\u00fava e refor\u00e7a que opera\u00e7\u00e3o soma mais de 6,5 toneladas de fios removidos.","breadcrumb":{"@id":"https:\/\/www.manaus.am.gov.br\/implurb\/despoluicao-visual-quintino-bocaiuva\/#breadcrumb"},"inLanguage":"pt-BR","potentialAction":[{"@type":"ReadAction","target":["https:\/\/www.manaus.am.gov.br\/implurb\/despoluicao-visual-quintino-bocaiuva\/"]}]},{"@type":"ImageObject","inLanguage":"pt-BR","@id":"https:\/\/www.manaus.am.gov.br\/implurb\/despoluicao-visual-quintino-bocaiuva\/#primaryimage","url":"https:\/\/www.manaus.am.gov.br\/implurb\/wp-content\/uploads\/sites\/13\/2025\/09\/Despoluicao-visual-2.jpeg","contentUrl":"https:\/\/www.manaus.am.gov.br\/implurb\/wp-content\/uploads\/sites\/13\/2025\/09\/Despoluicao-visual-2.jpeg","width":1600,"height":1066,"caption":"#paratodosverem - Prefeito de Manaus, David Almeida, acompanhando do vice-presidente do Implurb, Antonio Peixoto, durante fiscaliza\u00e7\u00e3o de a\u00e7\u00e3o de despolui\u00e7\u00e3o visual na rua Quintino Bocai\u00fava, no Centro"},{"@type":"BreadcrumbList","@id":"https:\/\/www.manaus.am.gov.br\/implurb\/despoluicao-visual-quintino-bocaiuva\/#breadcrumb","itemListElement":[{"@type":"ListItem","position":1,"name":"Home","item":"https:\/\/www.manaus.am.gov.br\/implurb\/"},{"@type":"ListItem","position":2,"name":"Prefeito David Almeida fiscaliza a\u00e7\u00e3o de despolui\u00e7\u00e3o visual na Quintino Bocai\u00fava e refor\u00e7a que opera\u00e7\u00e3o j\u00e1 soma mais de 6,5 toneladas de fios e cabos removidos"}]},{"@type":"WebSite","@id":"https:\/\/www.manaus.am.gov.br\/implurb\/#website","url":"https:\/\/www.manaus.am.gov.br\/implurb\/","name":"IMPLURB","description":"Prefeitura de Manaus","potentialAction":[{"@type":"SearchAction","target":{"@type":"EntryPoint","urlTemplate":"https:\/\/www.manaus.am.gov.br\/implurb\/?s={search_term_string}"},"query-input":"required name=search_term_string"}],"inLanguage":"pt-BR"},{"@type":"Person","@id":"https:\/\/www.manaus.am.gov.br\/implurb\/#\/schema\/person\/05d223aea2bf115f9883a6ff3683d81b","name":"Bruna Greco","image":{"@type":"ImageObject","inLanguage":"pt-BR","@id":"https:\/\/www.manaus.am.gov.br\/implurb\/#\/schema\/person\/image\/","url":"https:\/\/secure.gravatar.com\/avatar\/9c877d1a6adc2a055330e5c09a8653ce?s=96&d=mm&r=g","contentUrl":"https:\/\/secure.gravatar.com\/avatar\/9c877d1a6adc2a055330e5c09a8653ce?s=96&d=mm&r=g","caption":"Bruna Greco"}}]}},"_links":{"self":[{"href":"https:\/\/www.manaus.am.gov.br\/implurb\/wp-json\/wp\/v2\/posts\/6771"}],"collection":[{"href":"https:\/\/www.manaus.am.gov.br\/implurb\/wp-json\/wp\/v2\/posts"}],"about":[{"href":"https:\/\/www.manaus.am.gov.br\/implurb\/wp-json\/wp\/v2\/types\/post"}],"author":[{"embeddable":true,"href":"https:\/\/www.manaus.am.gov.br\/implurb\/wp-json\/wp\/v2\/users\/39"}],"replies":[{"embeddable":true,"href":"https:\/\/www.manaus.am.gov.br\/implurb\/wp-json\/wp\/v2\/comments?post=6771"}],"version-history":[{"count":1,"href":"https:\/\/www.manaus.am.gov.br\/implurb\/wp-json\/wp\/v2\/posts\/6771\/revisions"}],"predecessor-version":[{"id":6774,"href":"https:\/\/www.manaus.am.gov.br\/implurb\/wp-json\/wp\/v2\/posts\/6771\/revisions\/6774"}],"wp:featuredmedia":[{"embeddable":true,"href":"https:\/\/www.manaus.am.gov.br\/implurb\/wp-json\/wp\/v2\/media\/6772"}],"wp:attachment":[{"href":"https:\/\/www.manaus.am.gov.br\/implurb\/wp-json\/wp\/v2\/media?parent=6771"}],"wp:term":[{"taxonomy":"category","embeddable":true,"href":"https:\/\/www.manaus.am.gov.br\/implurb\/wp-json\/wp\/v2\/categories?post=6771"},{"taxonomy":"post_tag","embeddable":true,"href":"https:\/\/www.manaus.am.gov.br\/implurb\/wp-json\/wp\/v2\/tags?post=6771"}],"curies":[{"name":"wp","href":"https:\/\/api.w.org\/{rel}","templated":true}]}}