{"id":6764,"date":"2025-09-19T13:30:53","date_gmt":"2025-09-19T17:30:53","guid":{"rendered":"https:\/\/www.manaus.am.gov.br\/implurb\/inrede-25-a-27-9\/"},"modified":"2025-09-19T13:30:53","modified_gmt":"2025-09-19T17:30:53","slug":"inrede-25-a-27-9","status":"publish","type":"post","link":"https:\/\/www.manaus.am.gov.br\/implurb\/inrede-25-a-27-9\/","title":{"rendered":"Manaus se prepara para receber o maior encontro de Planejamento Urbano do Brasil de 25 a 27 de setembro\u00a0"},"content":{"rendered":"\n<p>Faltando apenas seis dias para o in\u00edcio de um dos eventos mais importantes para o futuro das cidades brasileiras, a capital amazonense se prepara para sediar o 11\u00ba Encontro Nacional da Rede Brasileira de Institutos de Planejamento (InREDE). Com o tema \u201cDesenvolvimento Urbano Integrado\u201d, o evento tem a Prefeitura de Manaus, por meio do Instituto Municipal de Planejamento Urbano (Implurb), como anfitri\u00e3 e conta com o apoio de entidades de peso como o Minist\u00e9rio das Cidades, a ONU-Habitat e a Coopera\u00e7\u00e3o Brasil-Alemanha (GIZ).<\/p>\n\n\n\n<p>Representantes de mais de 13 cidades, como Bras\u00edlia (DF), Campo Grande (MS), Curitiba (PR), Maring\u00e1 (PR), Fortaleza (CE), Macei\u00f3 (AL), Niter\u00f3i (RJ), Nova Friburgo (RJ), Rio de Janeiro (RJ), Reden\u00e7\u00e3o (PA), S\u00e3o Lu\u00eds (MA), Ribeir\u00e3o Preto (SP) e S\u00e3o Paulo (SP), j\u00e1 confirmaram presen\u00e7a na capital amazonense.<\/p>\n\n\n\n<p>A expectativa \u00e9 reunir mais de 130 participantes, com uma not\u00e1vel integra\u00e7\u00e3o entre a comunidade local e os membros de outras partes do pa\u00eds. O diretor-presidente do Implurb, Carlos Valente, destaca a import\u00e2ncia do evento, numa configura\u00e7\u00e3o que demonstra a excelente integra\u00e7\u00e3o entre a comunidade local e os membros do InREDE.<\/p>\n\n\n\n<p>\u201cEsse encontro em Manaus ser\u00e1 um marco para o planejamento urbano no Brasil. Mais do que compartilhar iniciativas, \u00e9 o momento de afirmar o papel estrat\u00e9gico do planejamento diante das mudan\u00e7as clim\u00e1ticas, da sustentabilidade e da constru\u00e7\u00e3o de cidades mais humanas\u201d, afirmou Valente.<\/p>\n\n\n\n<p><strong>Programa\u00e7\u00e3o<\/strong><\/p>\n\n\n\n<p>A programa\u00e7\u00e3o, que promete ser um dos pontos altos da agenda, se divide entre pontos tur\u00edsticos e atividades t\u00e9cnicas. O evento come\u00e7a no dia 25\/9, com a solenidade de abertura no mirante L\u00facia Almeida, dois dos projetos de sucesso do programa &#8220;Nosso Centro&#8221;, da gest\u00e3o do prefeito David Almeida.<\/p>\n\n\n\n<p>O segundo dia, 26\/9, ser\u00e1 dedicado a apresenta\u00e7\u00f5es internas, com destaque para a troca de experi\u00eancias e as propostas para a Confer\u00eancia das Na\u00e7\u00f5es Unidas sobre as Mudan\u00e7as Clim\u00e1ticas (COP 30). Na pauta, tamb\u00e9m est\u00e3o discuss\u00f5es essenciais para a constru\u00e7\u00e3o de cidades mais inclusivas e resilientes, alinhadas \u00e0 Agenda 2030 e \u00e0 Nova Agenda Urbana. E no dia 27\/9, ocorrer\u00e1 uma visita t\u00e9cnica com os participantes e convidados.<\/p>\n\n\n\n<p>\u201cManaus receber\u00e1 os representantes nacionais e internacionais com a hospitalidade caracter\u00edstica da cidade. Desejamos a todos um evento memor\u00e1vel e proveitoso. Acreditamos que a experi\u00eancia ser\u00e1 enriquecedora para todos\u201d, completou Valente.<\/p>\n\n\n\n<figure class=\"wp-block-image size-large\"><img decoding=\"async\" src=\"https:\/\/www.manaus.am.gov.br\/implurb\/wp-content\/uploads\/sites\/13\/2025\/09\/inredeNOVO2-1024x683.jpg\" alt=\"\" class=\"wp-image-6765\" \/><\/figure>\n\n\n\n<p>&#8212; &#8212; &#8212;<\/p>\n\n\n\n<p><strong>Texto \u2013\u00a0<\/strong>Cl\u00e1udia do Valle\/Implurb<\/p>\n\n\n\n<p><strong>Fotos<\/strong>\u00a0\u2013 Divulga\u00e7\u00e3o\/Implubr<\/p>\n","protected":false},"excerpt":{"rendered":"","protected":false},"author":39,"featured_media":6766,"comment_status":"closed","ping_status":"closed","sticky":false,"template":"","format":"standard","meta":{"footnotes":""},"categories":[114],"tags":[1827,11,448,1917,15],"acf":[],"yoast_head":"<!-- This site is optimized with the Yoast SEO plugin v23.0 - https:\/\/yoast.com\/wordpress\/plugins\/seo\/ -->\n<title>Manaus se prepara para receber o InREDE de 25 a 27\/9<\/title>\n<meta name=\"description\" content=\"Manaus se prepara para receber o maior encontro de Planejamento Urbano do Brasil, o InREDE, de 25 a 27 de setembro.\" \/>\n<meta name=\"robots\" content=\"noindex, follow\" \/>\n<meta property=\"og:locale\" content=\"pt_BR\" \/>\n<meta property=\"og:type\" content=\"article\" \/>\n<meta property=\"og:title\" content=\"Manaus se prepara para receber o InREDE de 25 a 27\/9\" \/>\n<meta property=\"og:description\" content=\"Manaus se prepara para receber o maior encontro de Planejamento Urbano do Brasil, o InREDE, de 25 a 27 de setembro.\" \/>\n<meta property=\"og:url\" content=\"https:\/\/www.manaus.am.gov.br\/implurb\/inrede-25-a-27-9\/\" \/>\n<meta property=\"og:site_name\" content=\"IMPLURB\" \/>\n<meta property=\"article:published_time\" content=\"2025-09-19T17:30:53+00:00\" \/>\n<meta property=\"og:image\" content=\"https:\/\/www.manaus.am.gov.br\/implurb\/wp-content\/uploads\/sites\/13\/2025\/09\/bemvindo.jpeg\" \/>\n\t<meta property=\"og:image:width\" content=\"1080\" \/>\n\t<meta property=\"og:image:height\" content=\"1350\" \/>\n\t<meta property=\"og:image:type\" content=\"image\/jpeg\" \/>\n<meta name=\"author\" content=\"Bruna Greco\" \/>\n<meta name=\"twitter:card\" content=\"summary_large_image\" \/>\n<meta name=\"twitter:label1\" content=\"Written by\" \/>\n\t<meta name=\"twitter:data1\" content=\"Bruna Greco\" \/>\n\t<meta name=\"twitter:label2\" content=\"Est. reading time\" \/>\n\t<meta name=\"twitter:data2\" content=\"3 minutos\" \/>\n<script type=\"application\/ld+json\" class=\"yoast-schema-graph\">{\"@context\":\"https:\/\/schema.org\",\"@graph\":[{\"@type\":\"WebPage\",\"@id\":\"https:\/\/www.manaus.am.gov.br\/implurb\/inrede-25-a-27-9\/\",\"url\":\"https:\/\/www.manaus.am.gov.br\/implurb\/inrede-25-a-27-9\/\",\"name\":\"Manaus se prepara para receber o InREDE de 25 a 27\/9\",\"isPartOf\":{\"@id\":\"https:\/\/www.manaus.am.gov.br\/implurb\/#website\"},\"primaryImageOfPage\":{\"@id\":\"https:\/\/www.manaus.am.gov.br\/implurb\/inrede-25-a-27-9\/#primaryimage\"},\"image\":{\"@id\":\"https:\/\/www.manaus.am.gov.br\/implurb\/inrede-25-a-27-9\/#primaryimage\"},\"thumbnailUrl\":\"https:\/\/www.manaus.am.gov.br\/implurb\/wp-content\/uploads\/sites\/13\/2025\/09\/bemvindo.jpeg\",\"datePublished\":\"2025-09-19T17:30:53+00:00\",\"dateModified\":\"2025-09-19T17:30:53+00:00\",\"author\":{\"@id\":\"https:\/\/www.manaus.am.gov.br\/implurb\/#\/schema\/person\/05d223aea2bf115f9883a6ff3683d81b\"},\"description\":\"Manaus se prepara para receber o maior encontro de Planejamento Urbano do Brasil, o InREDE, de 25 a 27 de setembro.\",\"breadcrumb\":{\"@id\":\"https:\/\/www.manaus.am.gov.br\/implurb\/inrede-25-a-27-9\/#breadcrumb\"},\"inLanguage\":\"pt-BR\",\"potentialAction\":[{\"@type\":\"ReadAction\",\"target\":[\"https:\/\/www.manaus.am.gov.br\/implurb\/inrede-25-a-27-9\/\"]}]},{\"@type\":\"ImageObject\",\"inLanguage\":\"pt-BR\",\"@id\":\"https:\/\/www.manaus.am.gov.br\/implurb\/inrede-25-a-27-9\/#primaryimage\",\"url\":\"https:\/\/www.manaus.am.gov.br\/implurb\/wp-content\/uploads\/sites\/13\/2025\/09\/bemvindo.jpeg\",\"contentUrl\":\"https:\/\/www.manaus.am.gov.br\/implurb\/wp-content\/uploads\/sites\/13\/2025\/09\/bemvindo.jpeg\",\"width\":1080,\"height\":1350,\"caption\":\"#paratodosverem - Card de divulga\u00e7\u00e3o do 11\u00ba InREDE com imagem da ponte Phelippe Daou\"},{\"@type\":\"BreadcrumbList\",\"@id\":\"https:\/\/www.manaus.am.gov.br\/implurb\/inrede-25-a-27-9\/#breadcrumb\",\"itemListElement\":[{\"@type\":\"ListItem\",\"position\":1,\"name\":\"Home\",\"item\":\"https:\/\/www.manaus.am.gov.br\/implurb\/\"},{\"@type\":\"ListItem\",\"position\":2,\"name\":\"Manaus se prepara para receber o maior encontro de Planejamento Urbano do Brasil de 25 a 27 de setembro\u00a0\"}]},{\"@type\":\"WebSite\",\"@id\":\"https:\/\/www.manaus.am.gov.br\/implurb\/#website\",\"url\":\"https:\/\/www.manaus.am.gov.br\/implurb\/\",\"name\":\"IMPLURB\",\"description\":\"Prefeitura de Manaus\",\"potentialAction\":[{\"@type\":\"SearchAction\",\"target\":{\"@type\":\"EntryPoint\",\"urlTemplate\":\"https:\/\/www.manaus.am.gov.br\/implurb\/?s={search_term_string}\"},\"query-input\":\"required name=search_term_string\"}],\"inLanguage\":\"pt-BR\"},{\"@type\":\"Person\",\"@id\":\"https:\/\/www.manaus.am.gov.br\/implurb\/#\/schema\/person\/05d223aea2bf115f9883a6ff3683d81b\",\"name\":\"Bruna Greco\",\"image\":{\"@type\":\"ImageObject\",\"inLanguage\":\"pt-BR\",\"@id\":\"https:\/\/www.manaus.am.gov.br\/implurb\/#\/schema\/person\/image\/\",\"url\":\"https:\/\/secure.gravatar.com\/avatar\/9c877d1a6adc2a055330e5c09a8653ce?s=96&d=mm&r=g\",\"contentUrl\":\"https:\/\/secure.gravatar.com\/avatar\/9c877d1a6adc2a055330e5c09a8653ce?s=96&d=mm&r=g\",\"caption\":\"Bruna Greco\"}}]}<\/script>\n<!-- \/ Yoast SEO plugin. -->","yoast_head_json":{"title":"Manaus se prepara para receber o InREDE de 25 a 27\/9","description":"Manaus se prepara para receber o maior encontro de Planejamento Urbano do Brasil, o InREDE, de 25 a 27 de setembro.","robots":{"index":"noindex","follow":"follow"},"og_locale":"pt_BR","og_type":"article","og_title":"Manaus se prepara para receber o InREDE de 25 a 27\/9","og_description":"Manaus se prepara para receber o maior encontro de Planejamento Urbano do Brasil, o InREDE, de 25 a 27 de setembro.","og_url":"https:\/\/www.manaus.am.gov.br\/implurb\/inrede-25-a-27-9\/","og_site_name":"IMPLURB","article_published_time":"2025-09-19T17:30:53+00:00","og_image":[{"width":1080,"height":1350,"url":"https:\/\/www.manaus.am.gov.br\/implurb\/wp-content\/uploads\/sites\/13\/2025\/09\/bemvindo.jpeg","type":"image\/jpeg"}],"author":"Bruna Greco","twitter_card":"summary_large_image","twitter_misc":{"Written by":"Bruna Greco","Est. reading time":"3 minutos"},"schema":{"@context":"https:\/\/schema.org","@graph":[{"@type":"WebPage","@id":"https:\/\/www.manaus.am.gov.br\/implurb\/inrede-25-a-27-9\/","url":"https:\/\/www.manaus.am.gov.br\/implurb\/inrede-25-a-27-9\/","name":"Manaus se prepara para receber o InREDE de 25 a 27\/9","isPartOf":{"@id":"https:\/\/www.manaus.am.gov.br\/implurb\/#website"},"primaryImageOfPage":{"@id":"https:\/\/www.manaus.am.gov.br\/implurb\/inrede-25-a-27-9\/#primaryimage"},"image":{"@id":"https:\/\/www.manaus.am.gov.br\/implurb\/inrede-25-a-27-9\/#primaryimage"},"thumbnailUrl":"https:\/\/www.manaus.am.gov.br\/implurb\/wp-content\/uploads\/sites\/13\/2025\/09\/bemvindo.jpeg","datePublished":"2025-09-19T17:30:53+00:00","dateModified":"2025-09-19T17:30:53+00:00","author":{"@id":"https:\/\/www.manaus.am.gov.br\/implurb\/#\/schema\/person\/05d223aea2bf115f9883a6ff3683d81b"},"description":"Manaus se prepara para receber o maior encontro de Planejamento Urbano do Brasil, o InREDE, de 25 a 27 de setembro.","breadcrumb":{"@id":"https:\/\/www.manaus.am.gov.br\/implurb\/inrede-25-a-27-9\/#breadcrumb"},"inLanguage":"pt-BR","potentialAction":[{"@type":"ReadAction","target":["https:\/\/www.manaus.am.gov.br\/implurb\/inrede-25-a-27-9\/"]}]},{"@type":"ImageObject","inLanguage":"pt-BR","@id":"https:\/\/www.manaus.am.gov.br\/implurb\/inrede-25-a-27-9\/#primaryimage","url":"https:\/\/www.manaus.am.gov.br\/implurb\/wp-content\/uploads\/sites\/13\/2025\/09\/bemvindo.jpeg","contentUrl":"https:\/\/www.manaus.am.gov.br\/implurb\/wp-content\/uploads\/sites\/13\/2025\/09\/bemvindo.jpeg","width":1080,"height":1350,"caption":"#paratodosverem - Card de divulga\u00e7\u00e3o do 11\u00ba InREDE com imagem da ponte Phelippe Daou"},{"@type":"BreadcrumbList","@id":"https:\/\/www.manaus.am.gov.br\/implurb\/inrede-25-a-27-9\/#breadcrumb","itemListElement":[{"@type":"ListItem","position":1,"name":"Home","item":"https:\/\/www.manaus.am.gov.br\/implurb\/"},{"@type":"ListItem","position":2,"name":"Manaus se prepara para receber o maior encontro de Planejamento Urbano do Brasil de 25 a 27 de setembro\u00a0"}]},{"@type":"WebSite","@id":"https:\/\/www.manaus.am.gov.br\/implurb\/#website","url":"https:\/\/www.manaus.am.gov.br\/implurb\/","name":"IMPLURB","description":"Prefeitura de Manaus","potentialAction":[{"@type":"SearchAction","target":{"@type":"EntryPoint","urlTemplate":"https:\/\/www.manaus.am.gov.br\/implurb\/?s={search_term_string}"},"query-input":"required name=search_term_string"}],"inLanguage":"pt-BR"},{"@type":"Person","@id":"https:\/\/www.manaus.am.gov.br\/implurb\/#\/schema\/person\/05d223aea2bf115f9883a6ff3683d81b","name":"Bruna Greco","image":{"@type":"ImageObject","inLanguage":"pt-BR","@id":"https:\/\/www.manaus.am.gov.br\/implurb\/#\/schema\/person\/image\/","url":"https:\/\/secure.gravatar.com\/avatar\/9c877d1a6adc2a055330e5c09a8653ce?s=96&d=mm&r=g","contentUrl":"https:\/\/secure.gravatar.com\/avatar\/9c877d1a6adc2a055330e5c09a8653ce?s=96&d=mm&r=g","caption":"Bruna Greco"}}]}},"_links":{"self":[{"href":"https:\/\/www.manaus.am.gov.br\/implurb\/wp-json\/wp\/v2\/posts\/6764"}],"collection":[{"href":"https:\/\/www.manaus.am.gov.br\/implurb\/wp-json\/wp\/v2\/posts"}],"about":[{"href":"https:\/\/www.manaus.am.gov.br\/implurb\/wp-json\/wp\/v2\/types\/post"}],"author":[{"embeddable":true,"href":"https:\/\/www.manaus.am.gov.br\/implurb\/wp-json\/wp\/v2\/users\/39"}],"replies":[{"embeddable":true,"href":"https:\/\/www.manaus.am.gov.br\/implurb\/wp-json\/wp\/v2\/comments?post=6764"}],"version-history":[{"count":1,"href":"https:\/\/www.manaus.am.gov.br\/implurb\/wp-json\/wp\/v2\/posts\/6764\/revisions"}],"predecessor-version":[{"id":6767,"href":"https:\/\/www.manaus.am.gov.br\/implurb\/wp-json\/wp\/v2\/posts\/6764\/revisions\/6767"}],"wp:featuredmedia":[{"embeddable":true,"href":"https:\/\/www.manaus.am.gov.br\/implurb\/wp-json\/wp\/v2\/media\/6766"}],"wp:attachment":[{"href":"https:\/\/www.manaus.am.gov.br\/implurb\/wp-json\/wp\/v2\/media?parent=6764"}],"wp:term":[{"taxonomy":"category","embeddable":true,"href":"https:\/\/www.manaus.am.gov.br\/implurb\/wp-json\/wp\/v2\/categories?post=6764"},{"taxonomy":"post_tag","embeddable":true,"href":"https:\/\/www.manaus.am.gov.br\/implurb\/wp-json\/wp\/v2\/tags?post=6764"}],"curies":[{"name":"wp","href":"https:\/\/api.w.org\/{rel}","templated":true}]}}