{"id":6761,"date":"2025-09-19T10:07:43","date_gmt":"2025-09-19T14:07:43","guid":{"rendered":"https:\/\/www.manaus.am.gov.br\/implurb\/prefeitura-comitivabancomundial\/"},"modified":"2025-09-19T10:10:19","modified_gmt":"2025-09-19T14:10:19","slug":"prefeitura-comitivabancomundial","status":"publish","type":"post","link":"https:\/\/www.manaus.am.gov.br\/implurb\/prefeitura-comitivabancomundial\/","title":{"rendered":"Prefeitura de Manaus abre portas para investimento internacional e apresenta reabilita\u00e7\u00e3o do Centro ao Banco Mundial"},"content":{"rendered":"\n<p>Manaus busca um novo patamar de desenvolvimento e abriu as portas para uma comitiva do Banco Mundial, de olho em potenciais investimentos para a cidade. Em uma agenda intensa, iniciada na segunda, 15\/9, e encerrada na quinta-feira, 18\/9, a prefeitura e diversas secretarias municipais participaram das apresenta\u00e7\u00f5es dentro do Programa de Efici\u00eancia Fiscal e Ambiental da capital (Proefis).<\/p>\n\n\n\n<p>Durante os encontros,&nbsp;o Instituto Municipal de Planejamento Urbano (Implurb) refor\u00e7ou a pauta de reabilita\u00e7\u00e3o urban\u00edstica na cidade, com apresenta\u00e7\u00f5es estrat\u00e9gicas sobre os projetos de revitaliza\u00e7\u00e3o do centro hist\u00f3rico, com os resultados dos projetos de reabilita\u00e7\u00e3o urbana, posicionando o programa &#8220;Nosso Centro&#8221; como uma refer\u00eancia de sucesso.<\/p>\n\n\n\n<p>Na quinta-feira (18), em uma das etapas decisivas da miss\u00e3o do Banco Mundial, gestores e t\u00e9cnicos do Implurb mostraram como a revitaliza\u00e7\u00e3o do centro hist\u00f3rico j\u00e1 \u00e9 uma realidade. O diretor de Planejamento da autarquia, Pedro Paulo Cordeiro, detalhou as obras que transformaram a \u00e1rea, como o complexo mirante L\u00facia Almeida, o largo de S\u00e3o Vicente, o Casar\u00e3o Thiago de Mello e o p\u00eder Manaus 355, que, hoje, atraem milhares de visitantes. E mostrou potenciais pontos de investimento, com as outras etapas em curso do programa.<\/p>\n\n\n\n<p>O vice-presidente do Implurb, Antonio Peixoto, destacou a import\u00e2ncia estrat\u00e9gica do encontro. &#8220;O Banco Mundial est\u00e1 reunido com diversas secretarias estrat\u00e9gicas, e em fun\u00e7\u00e3o disso, solicitou uma apresenta\u00e7\u00e3o do &#8216;Nosso Centro&#8217;, que tem obras consolidadas e segue com novas etapas&#8221;, explicou Peixoto. As discuss\u00f5es abordaram, ainda, temas como o plano municipal de sustentabilidade e o IPTU progressivo, demonstrando o planejamento robusto que pode atrair os recursos.<\/p>\n\n\n\n<p>A participa\u00e7\u00e3o do Implurb na miss\u00e3o \u00e9 considerada fundamental. O instituto tem assento permanente no Conselho Municipal de Gest\u00e3o Estrat\u00e9gica (CMGE), o que garante uma posi\u00e7\u00e3o estrat\u00e9gica para captar os recursos que podem transformar o futuro urbano da capital. As negocia\u00e7\u00f5es com o Banco Mundial representam uma grande oportunidade para consolidar as pol\u00edticas p\u00fablicas da gest\u00e3o e garantir um futuro de desenvolvimento para Manaus.<\/p>\n\n\n\n<p>A comitiva do Banco Mundial manteve reuni\u00f5es com diversas secretarias consideradas estrat\u00e9gicas, incluindo as pastas de finan\u00e7as, planejamento urbano, emprego e renda, gest\u00e3o estrat\u00e9gica, com\u00e9rcio informal e meio ambiente.<\/p>\n\n\n\n<p>&#8212; &#8212; &#8212;<\/p>\n\n\n\n<p><strong>Texto\u00a0<\/strong>\u2013\u00a0Claudia do Valle\/Implurb<\/p>\n\n\n\n<p><strong>Fotos\u00a0<\/strong>\u2013 Cl\u00f3vis Miranda\/ Semcom<\/p>\n\n\n\n<p><strong>Dispon\u00edveis em\u00a0<\/strong>&#8211;\u00a0<a href=\"https:\/\/flic.kr\/s\/aHBqjCuvcc\" target=\"_blank\" rel=\"noreferrer noopener\">https:\/\/flic.kr\/s\/aHBqjCuvcc<\/a><\/p>\n","protected":false},"excerpt":{"rendered":"","protected":false},"author":23,"featured_media":6762,"comment_status":"closed","ping_status":"closed","sticky":false,"template":"","format":"standard","meta":{"footnotes":""},"categories":[1474],"tags":[1257,1916,11,14,15],"acf":[],"yoast_head":"<!-- This site is optimized with the Yoast SEO plugin v23.0 - https:\/\/yoast.com\/wordpress\/plugins\/seo\/ -->\n<title>Prefeitura de Manaus abre portas para investimento internacional e apresenta reabilita\u00e7\u00e3o do Centro ao Banco Mundial<\/title>\n<meta name=\"description\" content=\"Manaus busca um novo patamar de desenvolvimento e abriu as portas para uma comitiva do Banco Mundial\" \/>\n<meta name=\"robots\" content=\"noindex, follow\" \/>\n<meta property=\"og:locale\" content=\"pt_BR\" \/>\n<meta property=\"og:type\" content=\"article\" \/>\n<meta property=\"og:title\" content=\"Prefeitura de Manaus abre portas para investimento internacional e apresenta reabilita\u00e7\u00e3o do Centro ao Banco Mundial\" \/>\n<meta property=\"og:description\" content=\"Manaus busca um novo patamar de desenvolvimento e abriu as portas para uma comitiva do Banco Mundial\" \/>\n<meta property=\"og:url\" content=\"https:\/\/www.manaus.am.gov.br\/implurb\/prefeitura-comitivabancomundial\/\" \/>\n<meta property=\"og:site_name\" content=\"IMPLURB\" \/>\n<meta property=\"article:published_time\" content=\"2025-09-19T14:07:43+00:00\" \/>\n<meta property=\"article:modified_time\" content=\"2025-09-19T14:10:19+00:00\" \/>\n<meta property=\"og:image\" content=\"https:\/\/www.manaus.am.gov.br\/implurb\/wp-content\/uploads\/sites\/13\/2025\/09\/54795285747_edff09773c_c.jpg\" \/>\n\t<meta property=\"og:image:width\" content=\"800\" \/>\n\t<meta property=\"og:image:height\" content=\"533\" \/>\n\t<meta property=\"og:image:type\" content=\"image\/jpeg\" \/>\n<meta name=\"author\" content=\"Adriana Costa\" \/>\n<meta name=\"twitter:card\" content=\"summary_large_image\" \/>\n<meta name=\"twitter:label1\" content=\"Written by\" \/>\n\t<meta name=\"twitter:data1\" content=\"Adriana Costa\" \/>\n\t<meta name=\"twitter:label2\" content=\"Est. reading time\" \/>\n\t<meta name=\"twitter:data2\" content=\"3 minutos\" \/>\n<script type=\"application\/ld+json\" class=\"yoast-schema-graph\">{\"@context\":\"https:\/\/schema.org\",\"@graph\":[{\"@type\":\"WebPage\",\"@id\":\"https:\/\/www.manaus.am.gov.br\/implurb\/prefeitura-comitivabancomundial\/\",\"url\":\"https:\/\/www.manaus.am.gov.br\/implurb\/prefeitura-comitivabancomundial\/\",\"name\":\"Prefeitura de Manaus abre portas para investimento internacional e apresenta reabilita\u00e7\u00e3o do Centro ao Banco Mundial\",\"isPartOf\":{\"@id\":\"https:\/\/www.manaus.am.gov.br\/implurb\/#website\"},\"primaryImageOfPage\":{\"@id\":\"https:\/\/www.manaus.am.gov.br\/implurb\/prefeitura-comitivabancomundial\/#primaryimage\"},\"image\":{\"@id\":\"https:\/\/www.manaus.am.gov.br\/implurb\/prefeitura-comitivabancomundial\/#primaryimage\"},\"thumbnailUrl\":\"https:\/\/www.manaus.am.gov.br\/implurb\/wp-content\/uploads\/sites\/13\/2025\/09\/54795285747_edff09773c_c.jpg\",\"datePublished\":\"2025-09-19T14:07:43+00:00\",\"dateModified\":\"2025-09-19T14:10:19+00:00\",\"author\":{\"@id\":\"https:\/\/www.manaus.am.gov.br\/implurb\/#\/schema\/person\/4e49f4e267757a06ca072ec61b2b9968\"},\"description\":\"Manaus busca um novo patamar de desenvolvimento e abriu as portas para uma comitiva do Banco Mundial\",\"breadcrumb\":{\"@id\":\"https:\/\/www.manaus.am.gov.br\/implurb\/prefeitura-comitivabancomundial\/#breadcrumb\"},\"inLanguage\":\"pt-BR\",\"potentialAction\":[{\"@type\":\"ReadAction\",\"target\":[\"https:\/\/www.manaus.am.gov.br\/implurb\/prefeitura-comitivabancomundial\/\"]}]},{\"@type\":\"ImageObject\",\"inLanguage\":\"pt-BR\",\"@id\":\"https:\/\/www.manaus.am.gov.br\/implurb\/prefeitura-comitivabancomundial\/#primaryimage\",\"url\":\"https:\/\/www.manaus.am.gov.br\/implurb\/wp-content\/uploads\/sites\/13\/2025\/09\/54795285747_edff09773c_c.jpg\",\"contentUrl\":\"https:\/\/www.manaus.am.gov.br\/implurb\/wp-content\/uploads\/sites\/13\/2025\/09\/54795285747_edff09773c_c.jpg\",\"width\":800,\"height\":533},{\"@type\":\"BreadcrumbList\",\"@id\":\"https:\/\/www.manaus.am.gov.br\/implurb\/prefeitura-comitivabancomundial\/#breadcrumb\",\"itemListElement\":[{\"@type\":\"ListItem\",\"position\":1,\"name\":\"Home\",\"item\":\"https:\/\/www.manaus.am.gov.br\/implurb\/\"},{\"@type\":\"ListItem\",\"position\":2,\"name\":\"Prefeitura de Manaus abre portas para investimento internacional e apresenta reabilita\u00e7\u00e3o do Centro ao Banco Mundial\"}]},{\"@type\":\"WebSite\",\"@id\":\"https:\/\/www.manaus.am.gov.br\/implurb\/#website\",\"url\":\"https:\/\/www.manaus.am.gov.br\/implurb\/\",\"name\":\"IMPLURB\",\"description\":\"Prefeitura de Manaus\",\"potentialAction\":[{\"@type\":\"SearchAction\",\"target\":{\"@type\":\"EntryPoint\",\"urlTemplate\":\"https:\/\/www.manaus.am.gov.br\/implurb\/?s={search_term_string}\"},\"query-input\":\"required name=search_term_string\"}],\"inLanguage\":\"pt-BR\"},{\"@type\":\"Person\",\"@id\":\"https:\/\/www.manaus.am.gov.br\/implurb\/#\/schema\/person\/4e49f4e267757a06ca072ec61b2b9968\",\"name\":\"Adriana Costa\",\"image\":{\"@type\":\"ImageObject\",\"inLanguage\":\"pt-BR\",\"@id\":\"https:\/\/www.manaus.am.gov.br\/implurb\/#\/schema\/person\/image\/\",\"url\":\"https:\/\/secure.gravatar.com\/avatar\/576258617ef7194f718179e766d57bd4?s=96&d=mm&r=g\",\"contentUrl\":\"https:\/\/secure.gravatar.com\/avatar\/576258617ef7194f718179e766d57bd4?s=96&d=mm&r=g\",\"caption\":\"Adriana Costa\"}}]}<\/script>\n<!-- \/ Yoast SEO plugin. -->","yoast_head_json":{"title":"Prefeitura de Manaus abre portas para investimento internacional e apresenta reabilita\u00e7\u00e3o do Centro ao Banco Mundial","description":"Manaus busca um novo patamar de desenvolvimento e abriu as portas para uma comitiva do Banco Mundial","robots":{"index":"noindex","follow":"follow"},"og_locale":"pt_BR","og_type":"article","og_title":"Prefeitura de Manaus abre portas para investimento internacional e apresenta reabilita\u00e7\u00e3o do Centro ao Banco Mundial","og_description":"Manaus busca um novo patamar de desenvolvimento e abriu as portas para uma comitiva do Banco Mundial","og_url":"https:\/\/www.manaus.am.gov.br\/implurb\/prefeitura-comitivabancomundial\/","og_site_name":"IMPLURB","article_published_time":"2025-09-19T14:07:43+00:00","article_modified_time":"2025-09-19T14:10:19+00:00","og_image":[{"width":800,"height":533,"url":"https:\/\/www.manaus.am.gov.br\/implurb\/wp-content\/uploads\/sites\/13\/2025\/09\/54795285747_edff09773c_c.jpg","type":"image\/jpeg"}],"author":"Adriana Costa","twitter_card":"summary_large_image","twitter_misc":{"Written by":"Adriana Costa","Est. reading time":"3 minutos"},"schema":{"@context":"https:\/\/schema.org","@graph":[{"@type":"WebPage","@id":"https:\/\/www.manaus.am.gov.br\/implurb\/prefeitura-comitivabancomundial\/","url":"https:\/\/www.manaus.am.gov.br\/implurb\/prefeitura-comitivabancomundial\/","name":"Prefeitura de Manaus abre portas para investimento internacional e apresenta reabilita\u00e7\u00e3o do Centro ao Banco Mundial","isPartOf":{"@id":"https:\/\/www.manaus.am.gov.br\/implurb\/#website"},"primaryImageOfPage":{"@id":"https:\/\/www.manaus.am.gov.br\/implurb\/prefeitura-comitivabancomundial\/#primaryimage"},"image":{"@id":"https:\/\/www.manaus.am.gov.br\/implurb\/prefeitura-comitivabancomundial\/#primaryimage"},"thumbnailUrl":"https:\/\/www.manaus.am.gov.br\/implurb\/wp-content\/uploads\/sites\/13\/2025\/09\/54795285747_edff09773c_c.jpg","datePublished":"2025-09-19T14:07:43+00:00","dateModified":"2025-09-19T14:10:19+00:00","author":{"@id":"https:\/\/www.manaus.am.gov.br\/implurb\/#\/schema\/person\/4e49f4e267757a06ca072ec61b2b9968"},"description":"Manaus busca um novo patamar de desenvolvimento e abriu as portas para uma comitiva do Banco Mundial","breadcrumb":{"@id":"https:\/\/www.manaus.am.gov.br\/implurb\/prefeitura-comitivabancomundial\/#breadcrumb"},"inLanguage":"pt-BR","potentialAction":[{"@type":"ReadAction","target":["https:\/\/www.manaus.am.gov.br\/implurb\/prefeitura-comitivabancomundial\/"]}]},{"@type":"ImageObject","inLanguage":"pt-BR","@id":"https:\/\/www.manaus.am.gov.br\/implurb\/prefeitura-comitivabancomundial\/#primaryimage","url":"https:\/\/www.manaus.am.gov.br\/implurb\/wp-content\/uploads\/sites\/13\/2025\/09\/54795285747_edff09773c_c.jpg","contentUrl":"https:\/\/www.manaus.am.gov.br\/implurb\/wp-content\/uploads\/sites\/13\/2025\/09\/54795285747_edff09773c_c.jpg","width":800,"height":533},{"@type":"BreadcrumbList","@id":"https:\/\/www.manaus.am.gov.br\/implurb\/prefeitura-comitivabancomundial\/#breadcrumb","itemListElement":[{"@type":"ListItem","position":1,"name":"Home","item":"https:\/\/www.manaus.am.gov.br\/implurb\/"},{"@type":"ListItem","position":2,"name":"Prefeitura de Manaus abre portas para investimento internacional e apresenta reabilita\u00e7\u00e3o do Centro ao Banco Mundial"}]},{"@type":"WebSite","@id":"https:\/\/www.manaus.am.gov.br\/implurb\/#website","url":"https:\/\/www.manaus.am.gov.br\/implurb\/","name":"IMPLURB","description":"Prefeitura de Manaus","potentialAction":[{"@type":"SearchAction","target":{"@type":"EntryPoint","urlTemplate":"https:\/\/www.manaus.am.gov.br\/implurb\/?s={search_term_string}"},"query-input":"required name=search_term_string"}],"inLanguage":"pt-BR"},{"@type":"Person","@id":"https:\/\/www.manaus.am.gov.br\/implurb\/#\/schema\/person\/4e49f4e267757a06ca072ec61b2b9968","name":"Adriana Costa","image":{"@type":"ImageObject","inLanguage":"pt-BR","@id":"https:\/\/www.manaus.am.gov.br\/implurb\/#\/schema\/person\/image\/","url":"https:\/\/secure.gravatar.com\/avatar\/576258617ef7194f718179e766d57bd4?s=96&d=mm&r=g","contentUrl":"https:\/\/secure.gravatar.com\/avatar\/576258617ef7194f718179e766d57bd4?s=96&d=mm&r=g","caption":"Adriana Costa"}}]}},"_links":{"self":[{"href":"https:\/\/www.manaus.am.gov.br\/implurb\/wp-json\/wp\/v2\/posts\/6761"}],"collection":[{"href":"https:\/\/www.manaus.am.gov.br\/implurb\/wp-json\/wp\/v2\/posts"}],"about":[{"href":"https:\/\/www.manaus.am.gov.br\/implurb\/wp-json\/wp\/v2\/types\/post"}],"author":[{"embeddable":true,"href":"https:\/\/www.manaus.am.gov.br\/implurb\/wp-json\/wp\/v2\/users\/23"}],"replies":[{"embeddable":true,"href":"https:\/\/www.manaus.am.gov.br\/implurb\/wp-json\/wp\/v2\/comments?post=6761"}],"version-history":[{"count":0,"href":"https:\/\/www.manaus.am.gov.br\/implurb\/wp-json\/wp\/v2\/posts\/6761\/revisions"}],"wp:featuredmedia":[{"embeddable":true,"href":"https:\/\/www.manaus.am.gov.br\/implurb\/wp-json\/wp\/v2\/media\/6762"}],"wp:attachment":[{"href":"https:\/\/www.manaus.am.gov.br\/implurb\/wp-json\/wp\/v2\/media?parent=6761"}],"wp:term":[{"taxonomy":"category","embeddable":true,"href":"https:\/\/www.manaus.am.gov.br\/implurb\/wp-json\/wp\/v2\/categories?post=6761"},{"taxonomy":"post_tag","embeddable":true,"href":"https:\/\/www.manaus.am.gov.br\/implurb\/wp-json\/wp\/v2\/tags?post=6761"}],"curies":[{"name":"wp","href":"https:\/\/api.w.org\/{rel}","templated":true}]}}