{"id":6700,"date":"2025-09-12T15:29:42","date_gmt":"2025-09-12T19:29:42","guid":{"rendered":"https:\/\/www.manaus.am.gov.br\/implurb\/retirada-de-fios-e-cabos\/"},"modified":"2025-09-12T15:29:43","modified_gmt":"2025-09-12T19:29:43","slug":"retirada-de-fios-e-cabos","status":"publish","type":"post","link":"https:\/\/www.manaus.am.gov.br\/implurb\/retirada-de-fios-e-cabos\/","title":{"rendered":"Prefeitura intensifica retirada de fios e cabos e passa de 5,2 toneladas de material removido de postes do Centro"},"content":{"rendered":"\n<p>As ruas do Centro Hist\u00f3rico de Manaus seguem recebendo uma das maiores a\u00e7\u00f5es de revitaliza\u00e7\u00e3o urbana j\u00e1 realizadas pela Prefeitura de Manaus. Nesta sexta-feira, 12\/9, equipes realizaram a 13\u00aa opera\u00e7\u00e3o de retirada de fios e cabos obsoletos, alcan\u00e7ando um total de 5,2 toneladas de material removido de oito vias do territ\u00f3rio. Os trabalhos se concentraram na avenida Eduardo Ribeiro, no trecho entre a quadra da rua Floriano Peixoto.<br><br>A iniciativa integra o programa \u201cMutir\u00e3o no Bairro\u201d, lan\u00e7ado pelo prefeito David Almeida e pelo vice-prefeito e secret\u00e1rio municipal de Infraestrutura, Renato Junior, envolvendo o trabalho conjunto de 16 secretarias e \u00f3rg\u00e3os municipais e mais de 1.100 servidores. Fazem parte da a\u00e7\u00e3o a concession\u00e1ria do setor, a Amazonas Energia, em parceria com empresas de telefonia celular, internet e de l\u00f3gica.<br><br>A retirada de fios e cabos j\u00e1 passou por vias tradicionais do com\u00e9rcio, como a rua Marc\u00edlio Dias; rua Doutor Moreira; rua Guilherme Moreira; rua Marechal Deodoro; rua Quintino Bocai\u00fava; Travessa do Com\u00e9rcio; avenida Joaquim Nabuco e avenida Eduardo Ribeiro.<br><br>Para o vice-presidente do Implurb, Antonio Peixoto, a opera\u00e7\u00e3o vai muito al\u00e9m da est\u00e9tica.<br><br>\u201cCada fio retirado \u00e9 um risco a menos para a popula\u00e7\u00e3o. Estamos falando de seguran\u00e7a, de devolver o visual limpo das nossas ruas e de fortalecer o com\u00e9rcio e o turismo do Centro. Essa \u00e9 uma mudan\u00e7a que a cidade j\u00e1 est\u00e1 sentindo, e n\u00e3o vamos parar: a determina\u00e7\u00e3o do prefeito \u00e9 avan\u00e7ar at\u00e9 que Manaus esteja livre dessa polui\u00e7\u00e3o visual que tanto incomodava\u201d.<br><br>De acordo com o presidente da Associa\u00e7\u00e3o Comercial do Amazonas (ACA), Bruno Loureiro Pinheiro, o impacto \u00e9 imediato: a retirada dos cabos valoriza a paisagem urbana, aumenta a seguran\u00e7a e traz mais atratividade para neg\u00f3cios e turismo.<br><br>O Implurb seguir\u00e1 com novas etapas de revitaliza\u00e7\u00e3o, ampliando as frentes de atua\u00e7\u00e3o no Centro, sempre com foco em urbanismo, seguran\u00e7a e valoriza\u00e7\u00e3o da cidade.<br><br>\u2014 \u2014 \u2014<br><strong>Texto &#8211;<\/strong> Cl\u00e1udia do Valle\/ Implurb<br><strong>Fotos &#8211;<\/strong> Valdo Le\u00e3o\/Semcom e Divulga\u00e7\u00e3o \/ Implurb<\/p>\n","protected":false},"excerpt":{"rendered":"","protected":false},"author":68,"featured_media":6701,"comment_status":"closed","ping_status":"closed","sticky":false,"template":"","format":"standard","meta":{"footnotes":""},"categories":[33],"tags":[1911,11,15,1912],"acf":[],"yoast_head":"<!-- This site is optimized with the Yoast SEO plugin v23.0 - https:\/\/yoast.com\/wordpress\/plugins\/seo\/ -->\n<title>Prefeitura intensifica retirada de fios e cabos e passa de 5,2 toneladas de material removido de postes do Centro<\/title>\n<meta name=\"description\" content=\"As ruas do Centro Hist\u00f3rico de Manaus seguem recebendo uma das maiores a\u00e7\u00f5es de revitaliza\u00e7\u00e3o urbana j\u00e1 realizadas pela Prefeitura de Manaus. Nesta sexta-feira, 12\/9, equipes realizaram a 13\u00aa opera\u00e7\u00e3o de retirada de fios e cabos obsoletos, alcan\u00e7ando um total de 5,2 toneladas de material removido de oito vias do territ\u00f3rio. Os trabalhos se concentraram na avenida Eduardo Ribeiro, no trecho entre a quadra da rua Floriano Peixoto.\" \/>\n<meta name=\"robots\" content=\"noindex, follow\" \/>\n<meta property=\"og:locale\" content=\"pt_BR\" \/>\n<meta property=\"og:type\" content=\"article\" \/>\n<meta property=\"og:title\" content=\"Prefeitura intensifica retirada de fios e cabos e passa de 5,2 toneladas de material removido de postes do Centro\" \/>\n<meta property=\"og:description\" content=\"As ruas do Centro Hist\u00f3rico de Manaus seguem recebendo uma das maiores a\u00e7\u00f5es de revitaliza\u00e7\u00e3o urbana j\u00e1 realizadas pela Prefeitura de Manaus. Nesta sexta-feira, 12\/9, equipes realizaram a 13\u00aa opera\u00e7\u00e3o de retirada de fios e cabos obsoletos, alcan\u00e7ando um total de 5,2 toneladas de material removido de oito vias do territ\u00f3rio. Os trabalhos se concentraram na avenida Eduardo Ribeiro, no trecho entre a quadra da rua Floriano Peixoto.\" \/>\n<meta property=\"og:url\" content=\"https:\/\/www.manaus.am.gov.br\/implurb\/retirada-de-fios-e-cabos\/\" \/>\n<meta property=\"og:site_name\" content=\"IMPLURB\" \/>\n<meta property=\"article:published_time\" content=\"2025-09-12T19:29:42+00:00\" \/>\n<meta property=\"article:modified_time\" content=\"2025-09-12T19:29:43+00:00\" \/>\n<meta property=\"og:image\" content=\"https:\/\/www.manaus.am.gov.br\/implurb\/wp-content\/uploads\/sites\/13\/2025\/09\/22.jpg\" \/>\n\t<meta property=\"og:image:width\" content=\"1200\" \/>\n\t<meta property=\"og:image:height\" content=\"960\" \/>\n\t<meta property=\"og:image:type\" content=\"image\/jpeg\" \/>\n<meta name=\"author\" content=\"bvalente\" \/>\n<meta name=\"twitter:card\" content=\"summary_large_image\" \/>\n<meta name=\"twitter:label1\" content=\"Written by\" \/>\n\t<meta name=\"twitter:data1\" content=\"bvalente\" \/>\n\t<meta name=\"twitter:label2\" content=\"Est. reading time\" \/>\n\t<meta name=\"twitter:data2\" content=\"2 minutos\" \/>\n<script type=\"application\/ld+json\" class=\"yoast-schema-graph\">{\"@context\":\"https:\/\/schema.org\",\"@graph\":[{\"@type\":\"WebPage\",\"@id\":\"https:\/\/www.manaus.am.gov.br\/implurb\/retirada-de-fios-e-cabos\/\",\"url\":\"https:\/\/www.manaus.am.gov.br\/implurb\/retirada-de-fios-e-cabos\/\",\"name\":\"Prefeitura intensifica retirada de fios e cabos e passa de 5,2 toneladas de material removido de postes do Centro\",\"isPartOf\":{\"@id\":\"https:\/\/www.manaus.am.gov.br\/implurb\/#website\"},\"primaryImageOfPage\":{\"@id\":\"https:\/\/www.manaus.am.gov.br\/implurb\/retirada-de-fios-e-cabos\/#primaryimage\"},\"image\":{\"@id\":\"https:\/\/www.manaus.am.gov.br\/implurb\/retirada-de-fios-e-cabos\/#primaryimage\"},\"thumbnailUrl\":\"https:\/\/www.manaus.am.gov.br\/implurb\/wp-content\/uploads\/sites\/13\/2025\/09\/22.jpg\",\"datePublished\":\"2025-09-12T19:29:42+00:00\",\"dateModified\":\"2025-09-12T19:29:43+00:00\",\"author\":{\"@id\":\"https:\/\/www.manaus.am.gov.br\/implurb\/#\/schema\/person\/466a0e03ae4b6062809046bd560ac955\"},\"description\":\"As ruas do Centro Hist\u00f3rico de Manaus seguem recebendo uma das maiores a\u00e7\u00f5es de revitaliza\u00e7\u00e3o urbana j\u00e1 realizadas pela Prefeitura de Manaus. Nesta sexta-feira, 12\/9, equipes realizaram a 13\u00aa opera\u00e7\u00e3o de retirada de fios e cabos obsoletos, alcan\u00e7ando um total de 5,2 toneladas de material removido de oito vias do territ\u00f3rio. Os trabalhos se concentraram na avenida Eduardo Ribeiro, no trecho entre a quadra da rua Floriano Peixoto.\",\"breadcrumb\":{\"@id\":\"https:\/\/www.manaus.am.gov.br\/implurb\/retirada-de-fios-e-cabos\/#breadcrumb\"},\"inLanguage\":\"pt-BR\",\"potentialAction\":[{\"@type\":\"ReadAction\",\"target\":[\"https:\/\/www.manaus.am.gov.br\/implurb\/retirada-de-fios-e-cabos\/\"]}]},{\"@type\":\"ImageObject\",\"inLanguage\":\"pt-BR\",\"@id\":\"https:\/\/www.manaus.am.gov.br\/implurb\/retirada-de-fios-e-cabos\/#primaryimage\",\"url\":\"https:\/\/www.manaus.am.gov.br\/implurb\/wp-content\/uploads\/sites\/13\/2025\/09\/22.jpg\",\"contentUrl\":\"https:\/\/www.manaus.am.gov.br\/implurb\/wp-content\/uploads\/sites\/13\/2025\/09\/22.jpg\",\"width\":1200,\"height\":960},{\"@type\":\"BreadcrumbList\",\"@id\":\"https:\/\/www.manaus.am.gov.br\/implurb\/retirada-de-fios-e-cabos\/#breadcrumb\",\"itemListElement\":[{\"@type\":\"ListItem\",\"position\":1,\"name\":\"Home\",\"item\":\"https:\/\/www.manaus.am.gov.br\/implurb\/\"},{\"@type\":\"ListItem\",\"position\":2,\"name\":\"Prefeitura intensifica retirada de fios e cabos e passa de 5,2 toneladas de material removido de postes do Centro\"}]},{\"@type\":\"WebSite\",\"@id\":\"https:\/\/www.manaus.am.gov.br\/implurb\/#website\",\"url\":\"https:\/\/www.manaus.am.gov.br\/implurb\/\",\"name\":\"IMPLURB\",\"description\":\"Prefeitura de Manaus\",\"potentialAction\":[{\"@type\":\"SearchAction\",\"target\":{\"@type\":\"EntryPoint\",\"urlTemplate\":\"https:\/\/www.manaus.am.gov.br\/implurb\/?s={search_term_string}\"},\"query-input\":\"required name=search_term_string\"}],\"inLanguage\":\"pt-BR\"},{\"@type\":\"Person\",\"@id\":\"https:\/\/www.manaus.am.gov.br\/implurb\/#\/schema\/person\/466a0e03ae4b6062809046bd560ac955\",\"name\":\"bvalente\",\"image\":{\"@type\":\"ImageObject\",\"inLanguage\":\"pt-BR\",\"@id\":\"https:\/\/www.manaus.am.gov.br\/implurb\/#\/schema\/person\/image\/\",\"url\":\"https:\/\/secure.gravatar.com\/avatar\/3e69bc2b014bdad41adfec3a39de07d2?s=96&d=mm&r=g\",\"contentUrl\":\"https:\/\/secure.gravatar.com\/avatar\/3e69bc2b014bdad41adfec3a39de07d2?s=96&d=mm&r=g\",\"caption\":\"bvalente\"}}]}<\/script>\n<!-- \/ Yoast SEO plugin. -->","yoast_head_json":{"title":"Prefeitura intensifica retirada de fios e cabos e passa de 5,2 toneladas de material removido de postes do Centro","description":"As ruas do Centro Hist\u00f3rico de Manaus seguem recebendo uma das maiores a\u00e7\u00f5es de revitaliza\u00e7\u00e3o urbana j\u00e1 realizadas pela Prefeitura de Manaus. Nesta sexta-feira, 12\/9, equipes realizaram a 13\u00aa opera\u00e7\u00e3o de retirada de fios e cabos obsoletos, alcan\u00e7ando um total de 5,2 toneladas de material removido de oito vias do territ\u00f3rio. Os trabalhos se concentraram na avenida Eduardo Ribeiro, no trecho entre a quadra da rua Floriano Peixoto.","robots":{"index":"noindex","follow":"follow"},"og_locale":"pt_BR","og_type":"article","og_title":"Prefeitura intensifica retirada de fios e cabos e passa de 5,2 toneladas de material removido de postes do Centro","og_description":"As ruas do Centro Hist\u00f3rico de Manaus seguem recebendo uma das maiores a\u00e7\u00f5es de revitaliza\u00e7\u00e3o urbana j\u00e1 realizadas pela Prefeitura de Manaus. Nesta sexta-feira, 12\/9, equipes realizaram a 13\u00aa opera\u00e7\u00e3o de retirada de fios e cabos obsoletos, alcan\u00e7ando um total de 5,2 toneladas de material removido de oito vias do territ\u00f3rio. Os trabalhos se concentraram na avenida Eduardo Ribeiro, no trecho entre a quadra da rua Floriano Peixoto.","og_url":"https:\/\/www.manaus.am.gov.br\/implurb\/retirada-de-fios-e-cabos\/","og_site_name":"IMPLURB","article_published_time":"2025-09-12T19:29:42+00:00","article_modified_time":"2025-09-12T19:29:43+00:00","og_image":[{"width":1200,"height":960,"url":"https:\/\/www.manaus.am.gov.br\/implurb\/wp-content\/uploads\/sites\/13\/2025\/09\/22.jpg","type":"image\/jpeg"}],"author":"bvalente","twitter_card":"summary_large_image","twitter_misc":{"Written by":"bvalente","Est. reading time":"2 minutos"},"schema":{"@context":"https:\/\/schema.org","@graph":[{"@type":"WebPage","@id":"https:\/\/www.manaus.am.gov.br\/implurb\/retirada-de-fios-e-cabos\/","url":"https:\/\/www.manaus.am.gov.br\/implurb\/retirada-de-fios-e-cabos\/","name":"Prefeitura intensifica retirada de fios e cabos e passa de 5,2 toneladas de material removido de postes do Centro","isPartOf":{"@id":"https:\/\/www.manaus.am.gov.br\/implurb\/#website"},"primaryImageOfPage":{"@id":"https:\/\/www.manaus.am.gov.br\/implurb\/retirada-de-fios-e-cabos\/#primaryimage"},"image":{"@id":"https:\/\/www.manaus.am.gov.br\/implurb\/retirada-de-fios-e-cabos\/#primaryimage"},"thumbnailUrl":"https:\/\/www.manaus.am.gov.br\/implurb\/wp-content\/uploads\/sites\/13\/2025\/09\/22.jpg","datePublished":"2025-09-12T19:29:42+00:00","dateModified":"2025-09-12T19:29:43+00:00","author":{"@id":"https:\/\/www.manaus.am.gov.br\/implurb\/#\/schema\/person\/466a0e03ae4b6062809046bd560ac955"},"description":"As ruas do Centro Hist\u00f3rico de Manaus seguem recebendo uma das maiores a\u00e7\u00f5es de revitaliza\u00e7\u00e3o urbana j\u00e1 realizadas pela Prefeitura de Manaus. Nesta sexta-feira, 12\/9, equipes realizaram a 13\u00aa opera\u00e7\u00e3o de retirada de fios e cabos obsoletos, alcan\u00e7ando um total de 5,2 toneladas de material removido de oito vias do territ\u00f3rio. Os trabalhos se concentraram na avenida Eduardo Ribeiro, no trecho entre a quadra da rua Floriano Peixoto.","breadcrumb":{"@id":"https:\/\/www.manaus.am.gov.br\/implurb\/retirada-de-fios-e-cabos\/#breadcrumb"},"inLanguage":"pt-BR","potentialAction":[{"@type":"ReadAction","target":["https:\/\/www.manaus.am.gov.br\/implurb\/retirada-de-fios-e-cabos\/"]}]},{"@type":"ImageObject","inLanguage":"pt-BR","@id":"https:\/\/www.manaus.am.gov.br\/implurb\/retirada-de-fios-e-cabos\/#primaryimage","url":"https:\/\/www.manaus.am.gov.br\/implurb\/wp-content\/uploads\/sites\/13\/2025\/09\/22.jpg","contentUrl":"https:\/\/www.manaus.am.gov.br\/implurb\/wp-content\/uploads\/sites\/13\/2025\/09\/22.jpg","width":1200,"height":960},{"@type":"BreadcrumbList","@id":"https:\/\/www.manaus.am.gov.br\/implurb\/retirada-de-fios-e-cabos\/#breadcrumb","itemListElement":[{"@type":"ListItem","position":1,"name":"Home","item":"https:\/\/www.manaus.am.gov.br\/implurb\/"},{"@type":"ListItem","position":2,"name":"Prefeitura intensifica retirada de fios e cabos e passa de 5,2 toneladas de material removido de postes do Centro"}]},{"@type":"WebSite","@id":"https:\/\/www.manaus.am.gov.br\/implurb\/#website","url":"https:\/\/www.manaus.am.gov.br\/implurb\/","name":"IMPLURB","description":"Prefeitura de Manaus","potentialAction":[{"@type":"SearchAction","target":{"@type":"EntryPoint","urlTemplate":"https:\/\/www.manaus.am.gov.br\/implurb\/?s={search_term_string}"},"query-input":"required name=search_term_string"}],"inLanguage":"pt-BR"},{"@type":"Person","@id":"https:\/\/www.manaus.am.gov.br\/implurb\/#\/schema\/person\/466a0e03ae4b6062809046bd560ac955","name":"bvalente","image":{"@type":"ImageObject","inLanguage":"pt-BR","@id":"https:\/\/www.manaus.am.gov.br\/implurb\/#\/schema\/person\/image\/","url":"https:\/\/secure.gravatar.com\/avatar\/3e69bc2b014bdad41adfec3a39de07d2?s=96&d=mm&r=g","contentUrl":"https:\/\/secure.gravatar.com\/avatar\/3e69bc2b014bdad41adfec3a39de07d2?s=96&d=mm&r=g","caption":"bvalente"}}]}},"_links":{"self":[{"href":"https:\/\/www.manaus.am.gov.br\/implurb\/wp-json\/wp\/v2\/posts\/6700"}],"collection":[{"href":"https:\/\/www.manaus.am.gov.br\/implurb\/wp-json\/wp\/v2\/posts"}],"about":[{"href":"https:\/\/www.manaus.am.gov.br\/implurb\/wp-json\/wp\/v2\/types\/post"}],"author":[{"embeddable":true,"href":"https:\/\/www.manaus.am.gov.br\/implurb\/wp-json\/wp\/v2\/users\/68"}],"replies":[{"embeddable":true,"href":"https:\/\/www.manaus.am.gov.br\/implurb\/wp-json\/wp\/v2\/comments?post=6700"}],"version-history":[{"count":0,"href":"https:\/\/www.manaus.am.gov.br\/implurb\/wp-json\/wp\/v2\/posts\/6700\/revisions"}],"wp:featuredmedia":[{"embeddable":true,"href":"https:\/\/www.manaus.am.gov.br\/implurb\/wp-json\/wp\/v2\/media\/6701"}],"wp:attachment":[{"href":"https:\/\/www.manaus.am.gov.br\/implurb\/wp-json\/wp\/v2\/media?parent=6700"}],"wp:term":[{"taxonomy":"category","embeddable":true,"href":"https:\/\/www.manaus.am.gov.br\/implurb\/wp-json\/wp\/v2\/categories?post=6700"},{"taxonomy":"post_tag","embeddable":true,"href":"https:\/\/www.manaus.am.gov.br\/implurb\/wp-json\/wp\/v2\/tags?post=6700"}],"curies":[{"name":"wp","href":"https:\/\/api.w.org\/{rel}","templated":true}]}}