{"id":6697,"date":"2025-09-11T09:10:54","date_gmt":"2025-09-11T13:10:54","guid":{"rendered":"https:\/\/www.manaus.am.gov.br\/implurb\/notadepesar-claudemirjoseandrade\/"},"modified":"2025-09-11T09:10:56","modified_gmt":"2025-09-11T13:10:56","slug":"notadepesar-claudemirjoseandrade","status":"publish","type":"post","link":"https:\/\/www.manaus.am.gov.br\/implurb\/notadepesar-claudemirjoseandrade\/","title":{"rendered":"Claudemir Jos\u00e9 Andrade"},"content":{"rendered":"\n<p>O prefeito de Manaus, David Almeida, lamenta, com profundo pesar, a morte do arquiteto e urbanista Claudemir Jos\u00e9 Andrade, servidor de longa trajet\u00f3ria na prefeitura e refer\u00eancia na \u00e1rea de planejamento e desenvolvimento urbano. Claudemir morreu, nesta quinta-feira, 11\/9, aos 56 anos, em S\u00e3o Paulo, onde fazia tratamento de sa\u00fade.<\/p>\n\n\n\n<p>\u201cO Claudemir foi, al\u00e9m de um grande arquiteto e urbanista, um amigo leal, parceiro de tantas jornadas e um profissional comprometido com o futuro da nossa cidade. Manaus perde uma refer\u00eancia, e eu perco um amigo. Que Deus conforte o cora\u00e7\u00e3o de todos os familiares e amigos neste momento de dor\u201d, destacou o prefeito David Almeida.<\/p>\n\n\n\n<p>Claudemir dedicou sua vida profissional \u00e0 arquitetura e ao urbanismo, atuando com excel\u00eancia em diversos cargos estrat\u00e9gicos no munic\u00edpio, no Estado e em entidades de classe, deixando um legado marcado pelo compromisso com a gest\u00e3o ambiental, o ordenamento da cidade e a valoriza\u00e7\u00e3o das boas pr\u00e1ticas de planejamento urbano.<\/p>\n\n\n\n<p>No Instituto Municipal de Planejamento Urbano (Implurb), Claudemir exerceu papel de destaque como presidente e vice-presidente da autarquia, e atualmente ocupava a vice-presid\u00eancia de Assuntos Estrat\u00e9gicos do Conselho Municipal de Gest\u00e3o Estrat\u00e9gica (CMGE). Dentro da gest\u00e3o municipal, ainda atuou como presidente do Conselho Municipal de Desenvolvimento Urbano (CMDU).<\/p>\n\n\n\n<p>Sua contribui\u00e7\u00e3o foi fundamental para o avan\u00e7o das pol\u00edticas urbanas, ambientais e de mobilidade em Manaus, al\u00e9m de ter estado \u00e0 frente de projetos de grande impacto, como o Prourbis e programas de saneamento e desenvolvimento socioambiental. Nacionalmente, teve destaque como vice-presidente do Instituto de Arquitetos do Brasil (IAB) e como conselheiro federal do Conselho de Arquitetura e Urbanismo do Brasil (CAU-AM) pelo Amazonas.<\/p>\n\n\n\n<p>A Prefeitura de Manaus se solidariza com familiares, amigos e colegas de trabalho neste momento de dor e despedida, reconhecendo em Claudemir um profissional exemplar, professor, gestor p\u00fablico e cidad\u00e3o que deixa marcas indel\u00e9veis na hist\u00f3ria do urbanismo amazonense.<\/p>\n\n\n\n<p>Ele deixa tr\u00eas filhos e a esposa Isabelle Pereira Dantas Andrade.<\/p>\n\n\n\n<p>&#8212; &#8212; &#8212;<\/p>\n\n\n\n<p><strong>Texto\u00a0<\/strong>\u2013\u00a0Cl\u00e1udia do Valle\/Implurb e Emanuelle Baires\/Semcom-Prefeito<\/p>\n","protected":false},"excerpt":{"rendered":"","protected":false},"author":23,"featured_media":6141,"comment_status":"closed","ping_status":"closed","sticky":false,"template":"","format":"standard","meta":{"footnotes":""},"categories":[244],"tags":[1910,11,15],"acf":[],"yoast_head":"<!-- This site is optimized with the Yoast SEO plugin v23.0 - https:\/\/yoast.com\/wordpress\/plugins\/seo\/ -->\n<title>Claudemir Jos\u00e9 Andrade<\/title>\n<meta name=\"description\" content=\"O prefeito de Manaus, David Almeida, lamenta, com profundo pesar, a morte do arquiteto e urbanista Claudemir Jos\u00e9 Andrade, servidor de longa trajet\u00f3ria na prefeitura e refer\u00eancia na \u00e1rea de planejamento e desenvolvimento urbano. Claudemir morreu, nesta quinta-feira, 11\/9, aos 56 anos, em S\u00e3o Paulo, onde fazia tratamento de sa\u00fade.\" \/>\n<meta name=\"robots\" content=\"noindex, follow\" \/>\n<meta property=\"og:locale\" content=\"pt_BR\" \/>\n<meta property=\"og:type\" content=\"article\" \/>\n<meta property=\"og:title\" content=\"Claudemir Jos\u00e9 Andrade\" \/>\n<meta property=\"og:description\" content=\"O prefeito de Manaus, David Almeida, lamenta, com profundo pesar, a morte do arquiteto e urbanista Claudemir Jos\u00e9 Andrade, servidor de longa trajet\u00f3ria na prefeitura e refer\u00eancia na \u00e1rea de planejamento e desenvolvimento urbano. Claudemir morreu, nesta quinta-feira, 11\/9, aos 56 anos, em S\u00e3o Paulo, onde fazia tratamento de sa\u00fade.\" \/>\n<meta property=\"og:url\" content=\"https:\/\/www.manaus.am.gov.br\/implurb\/notadepesar-claudemirjoseandrade\/\" \/>\n<meta property=\"og:site_name\" content=\"IMPLURB\" \/>\n<meta property=\"article:published_time\" content=\"2025-09-11T13:10:54+00:00\" \/>\n<meta property=\"article:modified_time\" content=\"2025-09-11T13:10:56+00:00\" \/>\n<meta property=\"og:image\" content=\"https:\/\/www.manaus.am.gov.br\/implurb\/wp-content\/uploads\/sites\/13\/2025\/05\/Nota-de-Pesar_Deslizamento-Redencao.png\" \/>\n\t<meta property=\"og:image:width\" content=\"900\" \/>\n\t<meta property=\"og:image:height\" content=\"509\" \/>\n\t<meta property=\"og:image:type\" content=\"image\/png\" \/>\n<meta name=\"author\" content=\"Adriana Costa\" \/>\n<meta name=\"twitter:card\" content=\"summary_large_image\" \/>\n<meta name=\"twitter:label1\" content=\"Written by\" \/>\n\t<meta name=\"twitter:data1\" content=\"Adriana Costa\" \/>\n\t<meta name=\"twitter:label2\" content=\"Est. reading time\" \/>\n\t<meta name=\"twitter:data2\" content=\"2 minutos\" \/>\n<script type=\"application\/ld+json\" class=\"yoast-schema-graph\">{\"@context\":\"https:\/\/schema.org\",\"@graph\":[{\"@type\":\"WebPage\",\"@id\":\"https:\/\/www.manaus.am.gov.br\/implurb\/notadepesar-claudemirjoseandrade\/\",\"url\":\"https:\/\/www.manaus.am.gov.br\/implurb\/notadepesar-claudemirjoseandrade\/\",\"name\":\"Claudemir Jos\u00e9 Andrade\",\"isPartOf\":{\"@id\":\"https:\/\/www.manaus.am.gov.br\/implurb\/#website\"},\"primaryImageOfPage\":{\"@id\":\"https:\/\/www.manaus.am.gov.br\/implurb\/notadepesar-claudemirjoseandrade\/#primaryimage\"},\"image\":{\"@id\":\"https:\/\/www.manaus.am.gov.br\/implurb\/notadepesar-claudemirjoseandrade\/#primaryimage\"},\"thumbnailUrl\":\"https:\/\/www.manaus.am.gov.br\/implurb\/wp-content\/uploads\/sites\/13\/2025\/05\/Nota-de-Pesar_Deslizamento-Redencao.png\",\"datePublished\":\"2025-09-11T13:10:54+00:00\",\"dateModified\":\"2025-09-11T13:10:56+00:00\",\"author\":{\"@id\":\"https:\/\/www.manaus.am.gov.br\/implurb\/#\/schema\/person\/4e49f4e267757a06ca072ec61b2b9968\"},\"description\":\"O prefeito de Manaus, David Almeida, lamenta, com profundo pesar, a morte do arquiteto e urbanista Claudemir Jos\u00e9 Andrade, servidor de longa trajet\u00f3ria na prefeitura e refer\u00eancia na \u00e1rea de planejamento e desenvolvimento urbano. Claudemir morreu, nesta quinta-feira, 11\/9, aos 56 anos, em S\u00e3o Paulo, onde fazia tratamento de sa\u00fade.\",\"breadcrumb\":{\"@id\":\"https:\/\/www.manaus.am.gov.br\/implurb\/notadepesar-claudemirjoseandrade\/#breadcrumb\"},\"inLanguage\":\"pt-BR\",\"potentialAction\":[{\"@type\":\"ReadAction\",\"target\":[\"https:\/\/www.manaus.am.gov.br\/implurb\/notadepesar-claudemirjoseandrade\/\"]}]},{\"@type\":\"ImageObject\",\"inLanguage\":\"pt-BR\",\"@id\":\"https:\/\/www.manaus.am.gov.br\/implurb\/notadepesar-claudemirjoseandrade\/#primaryimage\",\"url\":\"https:\/\/www.manaus.am.gov.br\/implurb\/wp-content\/uploads\/sites\/13\/2025\/05\/Nota-de-Pesar_Deslizamento-Redencao.png\",\"contentUrl\":\"https:\/\/www.manaus.am.gov.br\/implurb\/wp-content\/uploads\/sites\/13\/2025\/05\/Nota-de-Pesar_Deslizamento-Redencao.png\",\"width\":900,\"height\":509,\"caption\":\"Paulo On\u00e7a\"},{\"@type\":\"BreadcrumbList\",\"@id\":\"https:\/\/www.manaus.am.gov.br\/implurb\/notadepesar-claudemirjoseandrade\/#breadcrumb\",\"itemListElement\":[{\"@type\":\"ListItem\",\"position\":1,\"name\":\"Home\",\"item\":\"https:\/\/www.manaus.am.gov.br\/implurb\/\"},{\"@type\":\"ListItem\",\"position\":2,\"name\":\"Claudemir Jos\u00e9 Andrade\"}]},{\"@type\":\"WebSite\",\"@id\":\"https:\/\/www.manaus.am.gov.br\/implurb\/#website\",\"url\":\"https:\/\/www.manaus.am.gov.br\/implurb\/\",\"name\":\"IMPLURB\",\"description\":\"Prefeitura de Manaus\",\"potentialAction\":[{\"@type\":\"SearchAction\",\"target\":{\"@type\":\"EntryPoint\",\"urlTemplate\":\"https:\/\/www.manaus.am.gov.br\/implurb\/?s={search_term_string}\"},\"query-input\":\"required name=search_term_string\"}],\"inLanguage\":\"pt-BR\"},{\"@type\":\"Person\",\"@id\":\"https:\/\/www.manaus.am.gov.br\/implurb\/#\/schema\/person\/4e49f4e267757a06ca072ec61b2b9968\",\"name\":\"Adriana Costa\",\"image\":{\"@type\":\"ImageObject\",\"inLanguage\":\"pt-BR\",\"@id\":\"https:\/\/www.manaus.am.gov.br\/implurb\/#\/schema\/person\/image\/\",\"url\":\"https:\/\/secure.gravatar.com\/avatar\/576258617ef7194f718179e766d57bd4?s=96&d=mm&r=g\",\"contentUrl\":\"https:\/\/secure.gravatar.com\/avatar\/576258617ef7194f718179e766d57bd4?s=96&d=mm&r=g\",\"caption\":\"Adriana Costa\"}}]}<\/script>\n<!-- \/ Yoast SEO plugin. -->","yoast_head_json":{"title":"Claudemir Jos\u00e9 Andrade","description":"O prefeito de Manaus, David Almeida, lamenta, com profundo pesar, a morte do arquiteto e urbanista Claudemir Jos\u00e9 Andrade, servidor de longa trajet\u00f3ria na prefeitura e refer\u00eancia na \u00e1rea de planejamento e desenvolvimento urbano. Claudemir morreu, nesta quinta-feira, 11\/9, aos 56 anos, em S\u00e3o Paulo, onde fazia tratamento de sa\u00fade.","robots":{"index":"noindex","follow":"follow"},"og_locale":"pt_BR","og_type":"article","og_title":"Claudemir Jos\u00e9 Andrade","og_description":"O prefeito de Manaus, David Almeida, lamenta, com profundo pesar, a morte do arquiteto e urbanista Claudemir Jos\u00e9 Andrade, servidor de longa trajet\u00f3ria na prefeitura e refer\u00eancia na \u00e1rea de planejamento e desenvolvimento urbano. Claudemir morreu, nesta quinta-feira, 11\/9, aos 56 anos, em S\u00e3o Paulo, onde fazia tratamento de sa\u00fade.","og_url":"https:\/\/www.manaus.am.gov.br\/implurb\/notadepesar-claudemirjoseandrade\/","og_site_name":"IMPLURB","article_published_time":"2025-09-11T13:10:54+00:00","article_modified_time":"2025-09-11T13:10:56+00:00","og_image":[{"width":900,"height":509,"url":"https:\/\/www.manaus.am.gov.br\/implurb\/wp-content\/uploads\/sites\/13\/2025\/05\/Nota-de-Pesar_Deslizamento-Redencao.png","type":"image\/png"}],"author":"Adriana Costa","twitter_card":"summary_large_image","twitter_misc":{"Written by":"Adriana Costa","Est. reading time":"2 minutos"},"schema":{"@context":"https:\/\/schema.org","@graph":[{"@type":"WebPage","@id":"https:\/\/www.manaus.am.gov.br\/implurb\/notadepesar-claudemirjoseandrade\/","url":"https:\/\/www.manaus.am.gov.br\/implurb\/notadepesar-claudemirjoseandrade\/","name":"Claudemir Jos\u00e9 Andrade","isPartOf":{"@id":"https:\/\/www.manaus.am.gov.br\/implurb\/#website"},"primaryImageOfPage":{"@id":"https:\/\/www.manaus.am.gov.br\/implurb\/notadepesar-claudemirjoseandrade\/#primaryimage"},"image":{"@id":"https:\/\/www.manaus.am.gov.br\/implurb\/notadepesar-claudemirjoseandrade\/#primaryimage"},"thumbnailUrl":"https:\/\/www.manaus.am.gov.br\/implurb\/wp-content\/uploads\/sites\/13\/2025\/05\/Nota-de-Pesar_Deslizamento-Redencao.png","datePublished":"2025-09-11T13:10:54+00:00","dateModified":"2025-09-11T13:10:56+00:00","author":{"@id":"https:\/\/www.manaus.am.gov.br\/implurb\/#\/schema\/person\/4e49f4e267757a06ca072ec61b2b9968"},"description":"O prefeito de Manaus, David Almeida, lamenta, com profundo pesar, a morte do arquiteto e urbanista Claudemir Jos\u00e9 Andrade, servidor de longa trajet\u00f3ria na prefeitura e refer\u00eancia na \u00e1rea de planejamento e desenvolvimento urbano. Claudemir morreu, nesta quinta-feira, 11\/9, aos 56 anos, em S\u00e3o Paulo, onde fazia tratamento de sa\u00fade.","breadcrumb":{"@id":"https:\/\/www.manaus.am.gov.br\/implurb\/notadepesar-claudemirjoseandrade\/#breadcrumb"},"inLanguage":"pt-BR","potentialAction":[{"@type":"ReadAction","target":["https:\/\/www.manaus.am.gov.br\/implurb\/notadepesar-claudemirjoseandrade\/"]}]},{"@type":"ImageObject","inLanguage":"pt-BR","@id":"https:\/\/www.manaus.am.gov.br\/implurb\/notadepesar-claudemirjoseandrade\/#primaryimage","url":"https:\/\/www.manaus.am.gov.br\/implurb\/wp-content\/uploads\/sites\/13\/2025\/05\/Nota-de-Pesar_Deslizamento-Redencao.png","contentUrl":"https:\/\/www.manaus.am.gov.br\/implurb\/wp-content\/uploads\/sites\/13\/2025\/05\/Nota-de-Pesar_Deslizamento-Redencao.png","width":900,"height":509,"caption":"Paulo On\u00e7a"},{"@type":"BreadcrumbList","@id":"https:\/\/www.manaus.am.gov.br\/implurb\/notadepesar-claudemirjoseandrade\/#breadcrumb","itemListElement":[{"@type":"ListItem","position":1,"name":"Home","item":"https:\/\/www.manaus.am.gov.br\/implurb\/"},{"@type":"ListItem","position":2,"name":"Claudemir Jos\u00e9 Andrade"}]},{"@type":"WebSite","@id":"https:\/\/www.manaus.am.gov.br\/implurb\/#website","url":"https:\/\/www.manaus.am.gov.br\/implurb\/","name":"IMPLURB","description":"Prefeitura de Manaus","potentialAction":[{"@type":"SearchAction","target":{"@type":"EntryPoint","urlTemplate":"https:\/\/www.manaus.am.gov.br\/implurb\/?s={search_term_string}"},"query-input":"required name=search_term_string"}],"inLanguage":"pt-BR"},{"@type":"Person","@id":"https:\/\/www.manaus.am.gov.br\/implurb\/#\/schema\/person\/4e49f4e267757a06ca072ec61b2b9968","name":"Adriana Costa","image":{"@type":"ImageObject","inLanguage":"pt-BR","@id":"https:\/\/www.manaus.am.gov.br\/implurb\/#\/schema\/person\/image\/","url":"https:\/\/secure.gravatar.com\/avatar\/576258617ef7194f718179e766d57bd4?s=96&d=mm&r=g","contentUrl":"https:\/\/secure.gravatar.com\/avatar\/576258617ef7194f718179e766d57bd4?s=96&d=mm&r=g","caption":"Adriana Costa"}}]}},"_links":{"self":[{"href":"https:\/\/www.manaus.am.gov.br\/implurb\/wp-json\/wp\/v2\/posts\/6697"}],"collection":[{"href":"https:\/\/www.manaus.am.gov.br\/implurb\/wp-json\/wp\/v2\/posts"}],"about":[{"href":"https:\/\/www.manaus.am.gov.br\/implurb\/wp-json\/wp\/v2\/types\/post"}],"author":[{"embeddable":true,"href":"https:\/\/www.manaus.am.gov.br\/implurb\/wp-json\/wp\/v2\/users\/23"}],"replies":[{"embeddable":true,"href":"https:\/\/www.manaus.am.gov.br\/implurb\/wp-json\/wp\/v2\/comments?post=6697"}],"version-history":[{"count":0,"href":"https:\/\/www.manaus.am.gov.br\/implurb\/wp-json\/wp\/v2\/posts\/6697\/revisions"}],"wp:featuredmedia":[{"embeddable":true,"href":"https:\/\/www.manaus.am.gov.br\/implurb\/wp-json\/wp\/v2\/media\/6141"}],"wp:attachment":[{"href":"https:\/\/www.manaus.am.gov.br\/implurb\/wp-json\/wp\/v2\/media?parent=6697"}],"wp:term":[{"taxonomy":"category","embeddable":true,"href":"https:\/\/www.manaus.am.gov.br\/implurb\/wp-json\/wp\/v2\/categories?post=6697"},{"taxonomy":"post_tag","embeddable":true,"href":"https:\/\/www.manaus.am.gov.br\/implurb\/wp-json\/wp\/v2\/tags?post=6697"}],"curies":[{"name":"wp","href":"https:\/\/api.w.org\/{rel}","templated":true}]}}