{"id":6690,"date":"2025-09-10T10:52:58","date_gmt":"2025-09-10T14:52:58","guid":{"rendered":"https:\/\/www.manaus.am.gov.br\/implurb\/prefeitura-implurb-inrede-3\/"},"modified":"2025-09-10T10:52:59","modified_gmt":"2025-09-10T14:52:59","slug":"prefeitura-implurb-inrede-3","status":"publish","type":"post","link":"https:\/\/www.manaus.am.gov.br\/implurb\/prefeitura-implurb-inrede-3\/","title":{"rendered":"Prefeitura de Manaus intensifica trabalhos para receber encontro nacional InRede, de 25 a 27"},"content":{"rendered":"\n<p>A 15 dias da realiza\u00e7\u00e3o do 11\u00ba Encontro Nacional da Rede Brasileira de Institutos de Planejamento (InRede), que acontecer\u00e1 de 25 a 27 de setembro, tendo a Prefeitura de Manaus como anfitri\u00e3, o Instituto Municipal de Planejamento Urbano (Implurb) intensifica os preparativos para receber representantes, diretores, gestores e especialistas de mais de dez cidades brasileiras para discutir o tema&nbsp;\u201cDesenvolvimento Urbano Integrado\u201d.<\/p>\n\n\n\n<p>O encontro conta com o apoio institucional do Minist\u00e9rio das Cidades, Programa de Assentamentos Humanos das Na\u00e7\u00f5es Unidas (ONU-Habitat) e a Coopera\u00e7\u00e3o Brasil-Alemanha (GIZ). Representantes de cidades como S\u00e3o Paulo (SP), Bras\u00edlia (DF), Curitiba (PR), Maring\u00e1 (PR), Ribeir\u00e3o Preto (SP), Campo Grande (MS), S\u00e3o Lu\u00eds (MA), Nova Friburgo (RJ), Niter\u00f3i (RJ) e Reden\u00e7\u00e3o (PA) j\u00e1 confirmaram presen\u00e7a na capital amazonense.<\/p>\n\n\n\n<p>\u201cRealizar o 11\u00ba Encontro da InRede em Manaus \u00e9 trazer para o cora\u00e7\u00e3o da Amaz\u00f4nia o debate sobre o futuro das cidades. Aqui, onde os desafios ambientais se tornam ainda mais evidentes, vamos al\u00e9m da troca de boas pr\u00e1ticas: reafirmamos a import\u00e2ncia do planejamento urbano como ferramenta estrat\u00e9gica diante das mudan\u00e7as clim\u00e1ticas e da necessidade urgente de sustentabilidade.<\/p>\n\n\n\n<p>Esse encontro ser\u00e1 um marco para pensar cidades mais humanas, resilientes e integradas \u00e0 natureza, com a Amaz\u00f4nia mostrando ao Brasil e ao mundo que \u00e9 poss\u00edvel unir desenvolvimento e preserva\u00e7\u00e3o\u201d, destacou o diretor-presidente do Implurb, Carlos Valente.<\/p>\n\n\n\n<p>Experi\u00eancias<\/p>\n\n\n\n<p>Durante tr\u00eas dias, os participantes v\u00e3o compartilhar experi\u00eancias e debater caminhos para a constru\u00e7\u00e3o de centros urbanos mais inclusivos, resilientes e conectados.<\/p>\n\n\n\n<p>Na programa\u00e7\u00e3o do primeiro dia, 25\/9, ap\u00f3s o credenciamento, haver\u00e1 boas-vindas e a abertura institucional pela manh\u00e3; seguida, \u00e0 tarde, de palestras, debates e din\u00e2micas entre participantes. No segundo dia, 26\/9, os trabalhos s\u00e3o mais internos do grupo de diretores e presidentes dos institutos e ag\u00eancias participantes, com apresenta\u00e7\u00e3o das cidades, projetos e \u201cBoas Pr\u00e1ticas\u201d, tendo, ainda, um momento espec\u00edfico para discuss\u00e3o sobre a COP30. E o terceiro dia, 27\/9, ser\u00e1 dedicado a uma visita t\u00e9cnica passando por grandes projetos desenvolvidos pela prefeitura, com assinatura do Implurb: parque Encontro das \u00c1guas Rosa Almeida, parque Gigantes da Floresta e nova sede do instituto. O roteiro ainda incluir\u00e1 uma passagem por um projeto de Ecobarreira, encerrando no complexo tur\u00edstico Ponta Negra.<\/p>\n\n\n\n<p>Agenda 2030<\/p>\n\n\n\n<p>O InRede conta com o apoio do Minist\u00e9rio das Cidades, ONU-Habitat e Coopera\u00e7\u00e3o Brasil-Alemanha (GIZ) e segue como uma voz ativa na articula\u00e7\u00e3o de pol\u00edticas p\u00fablicas, alinhada \u00e0 Agenda 2030 e \u00e0 Nova Agenda Urbana.<\/p>\n\n\n\n<p>&#8212; &#8212; &#8212;<\/p>\n\n\n\n<p><strong>Texto <\/strong>\u2013\u00a0Cl\u00e1udia do Valle \/ Implurb<\/p>\n\n\n\n<p><strong>Fotos\u00a0<\/strong>\u2013 Divulga\u00e7\u00e3o<\/p>\n","protected":false},"excerpt":{"rendered":"","protected":false},"author":23,"featured_media":6691,"comment_status":"closed","ping_status":"closed","sticky":false,"template":"","format":"standard","meta":{"footnotes":""},"categories":[33],"tags":[716,11,62,15],"acf":[],"yoast_head":"<!-- This site is optimized with the Yoast SEO plugin v23.0 - https:\/\/yoast.com\/wordpress\/plugins\/seo\/ -->\n<title>Prefeitura de Manaus intensifica trabalhos para receber encontro nacional InRede, de 25 a 27<\/title>\n<meta name=\"description\" content=\"A 15 dias da realiza\u00e7\u00e3o do 11\u00ba Encontro Nacional da Rede Brasileira de Institutos de Planejamento (InRede), que acontecer\u00e1 de 25 a 27 de setembro, tendo a Prefeitura de Manaus como anfitri\u00e3, o Instituto Municipal de Planejamento Urbano (Implurb) intensifica os preparativos para receber representantes, diretores, gestores e especialistas de mais de dez cidades brasileiras para discutir o tema \u201cDesenvolvimento Urbano Integrado\u201d.\" \/>\n<meta name=\"robots\" content=\"noindex, follow\" \/>\n<meta property=\"og:locale\" content=\"pt_BR\" \/>\n<meta property=\"og:type\" content=\"article\" \/>\n<meta property=\"og:title\" content=\"Prefeitura de Manaus intensifica trabalhos para receber encontro nacional InRede, de 25 a 27\" \/>\n<meta property=\"og:description\" content=\"A 15 dias da realiza\u00e7\u00e3o do 11\u00ba Encontro Nacional da Rede Brasileira de Institutos de Planejamento (InRede), que acontecer\u00e1 de 25 a 27 de setembro, tendo a Prefeitura de Manaus como anfitri\u00e3, o Instituto Municipal de Planejamento Urbano (Implurb) intensifica os preparativos para receber representantes, diretores, gestores e especialistas de mais de dez cidades brasileiras para discutir o tema \u201cDesenvolvimento Urbano Integrado\u201d.\" \/>\n<meta property=\"og:url\" content=\"https:\/\/www.manaus.am.gov.br\/implurb\/prefeitura-implurb-inrede-3\/\" \/>\n<meta property=\"og:site_name\" content=\"IMPLURB\" \/>\n<meta property=\"article:published_time\" content=\"2025-09-10T14:52:58+00:00\" \/>\n<meta property=\"article:modified_time\" content=\"2025-09-10T14:52:59+00:00\" \/>\n<meta property=\"og:image\" content=\"https:\/\/www.manaus.am.gov.br\/implurb\/wp-content\/uploads\/sites\/13\/2025\/09\/inredeNOVO10.jpg\" \/>\n\t<meta property=\"og:image:width\" content=\"1000\" \/>\n\t<meta property=\"og:image:height\" content=\"657\" \/>\n\t<meta property=\"og:image:type\" content=\"image\/jpeg\" \/>\n<meta name=\"author\" content=\"Adriana Costa\" \/>\n<meta name=\"twitter:card\" content=\"summary_large_image\" \/>\n<meta name=\"twitter:label1\" content=\"Written by\" \/>\n\t<meta name=\"twitter:data1\" content=\"Adriana Costa\" \/>\n\t<meta name=\"twitter:label2\" content=\"Est. reading time\" \/>\n\t<meta name=\"twitter:data2\" content=\"3 minutos\" \/>\n<script type=\"application\/ld+json\" class=\"yoast-schema-graph\">{\"@context\":\"https:\/\/schema.org\",\"@graph\":[{\"@type\":\"WebPage\",\"@id\":\"https:\/\/www.manaus.am.gov.br\/implurb\/prefeitura-implurb-inrede-3\/\",\"url\":\"https:\/\/www.manaus.am.gov.br\/implurb\/prefeitura-implurb-inrede-3\/\",\"name\":\"Prefeitura de Manaus intensifica trabalhos para receber encontro nacional InRede, de 25 a 27\",\"isPartOf\":{\"@id\":\"https:\/\/www.manaus.am.gov.br\/implurb\/#website\"},\"primaryImageOfPage\":{\"@id\":\"https:\/\/www.manaus.am.gov.br\/implurb\/prefeitura-implurb-inrede-3\/#primaryimage\"},\"image\":{\"@id\":\"https:\/\/www.manaus.am.gov.br\/implurb\/prefeitura-implurb-inrede-3\/#primaryimage\"},\"thumbnailUrl\":\"https:\/\/www.manaus.am.gov.br\/implurb\/wp-content\/uploads\/sites\/13\/2025\/09\/inredeNOVO10.jpg\",\"datePublished\":\"2025-09-10T14:52:58+00:00\",\"dateModified\":\"2025-09-10T14:52:59+00:00\",\"author\":{\"@id\":\"https:\/\/www.manaus.am.gov.br\/implurb\/#\/schema\/person\/4e49f4e267757a06ca072ec61b2b9968\"},\"description\":\"A 15 dias da realiza\u00e7\u00e3o do 11\u00ba Encontro Nacional da Rede Brasileira de Institutos de Planejamento (InRede), que acontecer\u00e1 de 25 a 27 de setembro, tendo a Prefeitura de Manaus como anfitri\u00e3, o Instituto Municipal de Planejamento Urbano (Implurb) intensifica os preparativos para receber representantes, diretores, gestores e especialistas de mais de dez cidades brasileiras para discutir o tema \u201cDesenvolvimento Urbano Integrado\u201d.\",\"breadcrumb\":{\"@id\":\"https:\/\/www.manaus.am.gov.br\/implurb\/prefeitura-implurb-inrede-3\/#breadcrumb\"},\"inLanguage\":\"pt-BR\",\"potentialAction\":[{\"@type\":\"ReadAction\",\"target\":[\"https:\/\/www.manaus.am.gov.br\/implurb\/prefeitura-implurb-inrede-3\/\"]}]},{\"@type\":\"ImageObject\",\"inLanguage\":\"pt-BR\",\"@id\":\"https:\/\/www.manaus.am.gov.br\/implurb\/prefeitura-implurb-inrede-3\/#primaryimage\",\"url\":\"https:\/\/www.manaus.am.gov.br\/implurb\/wp-content\/uploads\/sites\/13\/2025\/09\/inredeNOVO10.jpg\",\"contentUrl\":\"https:\/\/www.manaus.am.gov.br\/implurb\/wp-content\/uploads\/sites\/13\/2025\/09\/inredeNOVO10.jpg\",\"width\":1000,\"height\":657},{\"@type\":\"BreadcrumbList\",\"@id\":\"https:\/\/www.manaus.am.gov.br\/implurb\/prefeitura-implurb-inrede-3\/#breadcrumb\",\"itemListElement\":[{\"@type\":\"ListItem\",\"position\":1,\"name\":\"Home\",\"item\":\"https:\/\/www.manaus.am.gov.br\/implurb\/\"},{\"@type\":\"ListItem\",\"position\":2,\"name\":\"Prefeitura de Manaus intensifica trabalhos para receber encontro nacional InRede, de 25 a 27\"}]},{\"@type\":\"WebSite\",\"@id\":\"https:\/\/www.manaus.am.gov.br\/implurb\/#website\",\"url\":\"https:\/\/www.manaus.am.gov.br\/implurb\/\",\"name\":\"IMPLURB\",\"description\":\"Prefeitura de Manaus\",\"potentialAction\":[{\"@type\":\"SearchAction\",\"target\":{\"@type\":\"EntryPoint\",\"urlTemplate\":\"https:\/\/www.manaus.am.gov.br\/implurb\/?s={search_term_string}\"},\"query-input\":\"required name=search_term_string\"}],\"inLanguage\":\"pt-BR\"},{\"@type\":\"Person\",\"@id\":\"https:\/\/www.manaus.am.gov.br\/implurb\/#\/schema\/person\/4e49f4e267757a06ca072ec61b2b9968\",\"name\":\"Adriana Costa\",\"image\":{\"@type\":\"ImageObject\",\"inLanguage\":\"pt-BR\",\"@id\":\"https:\/\/www.manaus.am.gov.br\/implurb\/#\/schema\/person\/image\/\",\"url\":\"https:\/\/secure.gravatar.com\/avatar\/576258617ef7194f718179e766d57bd4?s=96&d=mm&r=g\",\"contentUrl\":\"https:\/\/secure.gravatar.com\/avatar\/576258617ef7194f718179e766d57bd4?s=96&d=mm&r=g\",\"caption\":\"Adriana Costa\"}}]}<\/script>\n<!-- \/ Yoast SEO plugin. -->","yoast_head_json":{"title":"Prefeitura de Manaus intensifica trabalhos para receber encontro nacional InRede, de 25 a 27","description":"A 15 dias da realiza\u00e7\u00e3o do 11\u00ba Encontro Nacional da Rede Brasileira de Institutos de Planejamento (InRede), que acontecer\u00e1 de 25 a 27 de setembro, tendo a Prefeitura de Manaus como anfitri\u00e3, o Instituto Municipal de Planejamento Urbano (Implurb) intensifica os preparativos para receber representantes, diretores, gestores e especialistas de mais de dez cidades brasileiras para discutir o tema \u201cDesenvolvimento Urbano Integrado\u201d.","robots":{"index":"noindex","follow":"follow"},"og_locale":"pt_BR","og_type":"article","og_title":"Prefeitura de Manaus intensifica trabalhos para receber encontro nacional InRede, de 25 a 27","og_description":"A 15 dias da realiza\u00e7\u00e3o do 11\u00ba Encontro Nacional da Rede Brasileira de Institutos de Planejamento (InRede), que acontecer\u00e1 de 25 a 27 de setembro, tendo a Prefeitura de Manaus como anfitri\u00e3, o Instituto Municipal de Planejamento Urbano (Implurb) intensifica os preparativos para receber representantes, diretores, gestores e especialistas de mais de dez cidades brasileiras para discutir o tema \u201cDesenvolvimento Urbano Integrado\u201d.","og_url":"https:\/\/www.manaus.am.gov.br\/implurb\/prefeitura-implurb-inrede-3\/","og_site_name":"IMPLURB","article_published_time":"2025-09-10T14:52:58+00:00","article_modified_time":"2025-09-10T14:52:59+00:00","og_image":[{"width":1000,"height":657,"url":"https:\/\/www.manaus.am.gov.br\/implurb\/wp-content\/uploads\/sites\/13\/2025\/09\/inredeNOVO10.jpg","type":"image\/jpeg"}],"author":"Adriana Costa","twitter_card":"summary_large_image","twitter_misc":{"Written by":"Adriana Costa","Est. reading time":"3 minutos"},"schema":{"@context":"https:\/\/schema.org","@graph":[{"@type":"WebPage","@id":"https:\/\/www.manaus.am.gov.br\/implurb\/prefeitura-implurb-inrede-3\/","url":"https:\/\/www.manaus.am.gov.br\/implurb\/prefeitura-implurb-inrede-3\/","name":"Prefeitura de Manaus intensifica trabalhos para receber encontro nacional InRede, de 25 a 27","isPartOf":{"@id":"https:\/\/www.manaus.am.gov.br\/implurb\/#website"},"primaryImageOfPage":{"@id":"https:\/\/www.manaus.am.gov.br\/implurb\/prefeitura-implurb-inrede-3\/#primaryimage"},"image":{"@id":"https:\/\/www.manaus.am.gov.br\/implurb\/prefeitura-implurb-inrede-3\/#primaryimage"},"thumbnailUrl":"https:\/\/www.manaus.am.gov.br\/implurb\/wp-content\/uploads\/sites\/13\/2025\/09\/inredeNOVO10.jpg","datePublished":"2025-09-10T14:52:58+00:00","dateModified":"2025-09-10T14:52:59+00:00","author":{"@id":"https:\/\/www.manaus.am.gov.br\/implurb\/#\/schema\/person\/4e49f4e267757a06ca072ec61b2b9968"},"description":"A 15 dias da realiza\u00e7\u00e3o do 11\u00ba Encontro Nacional da Rede Brasileira de Institutos de Planejamento (InRede), que acontecer\u00e1 de 25 a 27 de setembro, tendo a Prefeitura de Manaus como anfitri\u00e3, o Instituto Municipal de Planejamento Urbano (Implurb) intensifica os preparativos para receber representantes, diretores, gestores e especialistas de mais de dez cidades brasileiras para discutir o tema \u201cDesenvolvimento Urbano Integrado\u201d.","breadcrumb":{"@id":"https:\/\/www.manaus.am.gov.br\/implurb\/prefeitura-implurb-inrede-3\/#breadcrumb"},"inLanguage":"pt-BR","potentialAction":[{"@type":"ReadAction","target":["https:\/\/www.manaus.am.gov.br\/implurb\/prefeitura-implurb-inrede-3\/"]}]},{"@type":"ImageObject","inLanguage":"pt-BR","@id":"https:\/\/www.manaus.am.gov.br\/implurb\/prefeitura-implurb-inrede-3\/#primaryimage","url":"https:\/\/www.manaus.am.gov.br\/implurb\/wp-content\/uploads\/sites\/13\/2025\/09\/inredeNOVO10.jpg","contentUrl":"https:\/\/www.manaus.am.gov.br\/implurb\/wp-content\/uploads\/sites\/13\/2025\/09\/inredeNOVO10.jpg","width":1000,"height":657},{"@type":"BreadcrumbList","@id":"https:\/\/www.manaus.am.gov.br\/implurb\/prefeitura-implurb-inrede-3\/#breadcrumb","itemListElement":[{"@type":"ListItem","position":1,"name":"Home","item":"https:\/\/www.manaus.am.gov.br\/implurb\/"},{"@type":"ListItem","position":2,"name":"Prefeitura de Manaus intensifica trabalhos para receber encontro nacional InRede, de 25 a 27"}]},{"@type":"WebSite","@id":"https:\/\/www.manaus.am.gov.br\/implurb\/#website","url":"https:\/\/www.manaus.am.gov.br\/implurb\/","name":"IMPLURB","description":"Prefeitura de Manaus","potentialAction":[{"@type":"SearchAction","target":{"@type":"EntryPoint","urlTemplate":"https:\/\/www.manaus.am.gov.br\/implurb\/?s={search_term_string}"},"query-input":"required name=search_term_string"}],"inLanguage":"pt-BR"},{"@type":"Person","@id":"https:\/\/www.manaus.am.gov.br\/implurb\/#\/schema\/person\/4e49f4e267757a06ca072ec61b2b9968","name":"Adriana Costa","image":{"@type":"ImageObject","inLanguage":"pt-BR","@id":"https:\/\/www.manaus.am.gov.br\/implurb\/#\/schema\/person\/image\/","url":"https:\/\/secure.gravatar.com\/avatar\/576258617ef7194f718179e766d57bd4?s=96&d=mm&r=g","contentUrl":"https:\/\/secure.gravatar.com\/avatar\/576258617ef7194f718179e766d57bd4?s=96&d=mm&r=g","caption":"Adriana Costa"}}]}},"_links":{"self":[{"href":"https:\/\/www.manaus.am.gov.br\/implurb\/wp-json\/wp\/v2\/posts\/6690"}],"collection":[{"href":"https:\/\/www.manaus.am.gov.br\/implurb\/wp-json\/wp\/v2\/posts"}],"about":[{"href":"https:\/\/www.manaus.am.gov.br\/implurb\/wp-json\/wp\/v2\/types\/post"}],"author":[{"embeddable":true,"href":"https:\/\/www.manaus.am.gov.br\/implurb\/wp-json\/wp\/v2\/users\/23"}],"replies":[{"embeddable":true,"href":"https:\/\/www.manaus.am.gov.br\/implurb\/wp-json\/wp\/v2\/comments?post=6690"}],"version-history":[{"count":0,"href":"https:\/\/www.manaus.am.gov.br\/implurb\/wp-json\/wp\/v2\/posts\/6690\/revisions"}],"wp:featuredmedia":[{"embeddable":true,"href":"https:\/\/www.manaus.am.gov.br\/implurb\/wp-json\/wp\/v2\/media\/6691"}],"wp:attachment":[{"href":"https:\/\/www.manaus.am.gov.br\/implurb\/wp-json\/wp\/v2\/media?parent=6690"}],"wp:term":[{"taxonomy":"category","embeddable":true,"href":"https:\/\/www.manaus.am.gov.br\/implurb\/wp-json\/wp\/v2\/categories?post=6690"},{"taxonomy":"post_tag","embeddable":true,"href":"https:\/\/www.manaus.am.gov.br\/implurb\/wp-json\/wp\/v2\/tags?post=6690"}],"curies":[{"name":"wp","href":"https:\/\/api.w.org\/{rel}","templated":true}]}}