{"id":6650,"date":"2025-09-08T14:14:22","date_gmt":"2025-09-08T18:14:22","guid":{"rendered":"https:\/\/www.manaus.am.gov.br\/implurb\/prefeitura-soumanaus-patrimoniohistorico\/"},"modified":"2025-09-08T14:14:24","modified_gmt":"2025-09-08T18:14:24","slug":"prefeitura-soumanaus-patrimoniohistorico","status":"publish","type":"post","link":"https:\/\/www.manaus.am.gov.br\/implurb\/prefeitura-soumanaus-patrimoniohistorico\/","title":{"rendered":"No \u2018#SouManaus 2025\u2019, Prefeitura refor\u00e7a preserva\u00e7\u00e3o do patrim\u00f4nio p\u00fablico nos tr\u00eas dias"},"content":{"rendered":"\n<p>No cora\u00e7\u00e3o do maior festival de artes integradas da Amaz\u00f4nia, o \u201c#SouManaus Passo a Pa\u00e7o 2025\u201d, a festa organizada pela Prefeitura de Manaus tamb\u00e9m foi de responsabilidade e aten\u00e7\u00e3o ao precioso entorno e patrim\u00f4nio hist\u00f3rico, arquitet\u00f4nico, edificado e cultural da capital. Ao longo dos tr\u00eas dias de evento, uma equipe t\u00e9cnica do Instituto Municipal de Planejamento Urbano (Implurb), com dez profissionais, atuou de forma permanente no centro hist\u00f3rico para garantir que a anima\u00e7\u00e3o do p\u00fablico n\u00e3o deixasse marcas negativas no patrim\u00f4nio da cidade.<\/p>\n\n\n\n<p>O centro&nbsp;hist\u00f3rico \u00e9&nbsp;tombado&nbsp;pelo Instituto do Patrim\u00f4nio Hist\u00f3rico e Art\u00edstico Nacional (Iphan), desde 2012, e guarda exemplares \u00fanicos da arquitetura da&nbsp;Belle \u00c9poque.<\/p>\n\n\n\n<p>O trabalho incluiu vistorias preventivas em pr\u00e9dios tombados e \u00e1reas de interesse hist\u00f3rico e cultural, orientando comerciantes, visitantes e equipes de apoio sobre os cuidados necess\u00e1rios. Durante os tr\u00eas dias, o time n\u00e3o registrou maiores intercorr\u00eancias, orientando o p\u00fablico para que n\u00e3o se sentasse em locais n\u00e3o apropriados, como no chafariz na pra\u00e7a Dom Pedro 2\u00b0, ou at\u00e9 mesmo crian\u00e7as sentadas em gradil de prote\u00e7\u00e3o aos edif\u00edcios. Entre as a\u00e7\u00f5es estavam ainda a aten\u00e7\u00e3o ao n\u00famero de frequentadores no skyglass do mirante L\u00facia Almeida, evitando superlota\u00e7\u00e3o.<\/p>\n\n\n\n<p>Objetivo<\/p>\n\n\n\n<p>O objetivo foi assegurar que a celebra\u00e7\u00e3o fosse intensa, mas sem causar danos aos espa\u00e7os p\u00fablicos e privados que guardam a mem\u00f3ria arquitet\u00f4nica, ancestral e cultural da capital, al\u00e9m de garantir a prote\u00e7\u00e3o individual e seguran\u00e7a dos participantes.<\/p>\n\n\n\n<p>\u201cNossa equipe t\u00e9cnica esteve presente todas as noites realizando fiscaliza\u00e7\u00e3o e monitoramento nos im\u00f3veis hist\u00f3ricos. Atuamos de forma preventiva, verificando poss\u00edveis depreda\u00e7\u00f5es, liga\u00e7\u00f5es clandestinas e at\u00e9 situa\u00e7\u00f5es de risco, como crian\u00e7as subindo em gradis ou pessoas se apoiando em estruturas que n\u00e3o s\u00e3o seguras.<\/p>\n\n\n\n<p>Em cada caso, nossa abordagem foi orientar e retirar essas pessoas para evitar acidentes. Tamb\u00e9m estivemos atentos a qualquer intercorr\u00eancia, prestando apoio imediato e acionando os servi\u00e7os de sa\u00fade quando necess\u00e1rio\u201d, destacou a arquiteta e urbanista do Implurb, Lorena Cunha.<\/p>\n\n\n\n<p>Durante as tr\u00eas noites, a gerente de Patrim\u00f4nio Hist\u00f3rico (GPH) do Implurb, arquiteta e urbanista Landa Bernardo, participou do colegiado municipal montado para o evento, por meio do Centro de Coopera\u00e7\u00e3o da Cidade (CCC).<\/p>\n\n\n\n<p>Cuidados<\/p>\n\n\n\n<p>Com essa a\u00e7\u00e3o, a prefeitura refor\u00e7a que o \u201c#SouManaus\u201d \u00e9 mais do que m\u00fasica e arte: \u00e9 tamb\u00e9m preserva\u00e7\u00e3o e respeito pela hist\u00f3ria da cidade. O cuidado com cada detalhe do espa\u00e7o urbano foi determinante para que o festival, que atraiu milhares de pessoas, fosse uma experi\u00eancia segura, vibrante e em harmonia com o patrim\u00f4nio que emoldura o centro da capital.<\/p>\n\n\n\n<p>Ainda que fragmentada,&nbsp;Manaus&nbsp;possui um vocabul\u00e1rio arquitet\u00f4nico vasto e diversificado, com representa\u00e7\u00e3o de todas as correntes ecl\u00e9ticas e a verticaliza\u00e7\u00e3o ainda n\u00e3o compromete a percep\u00e7\u00e3o do espa\u00e7o criado na&nbsp;Belle \u00c9poque. A cidade pode ser vista como um espa\u00e7o urbano composto por monumentos, arquitetura corrente e \u00e1reas livres p\u00fablicas, formando um conjunto que celebra e representa o ecletismo no Norte do pa\u00eds.<\/p>\n\n\n\n<p>O&nbsp;Centro&nbsp;Hist\u00f3rico de&nbsp;Manaus&nbsp;abrange uma \u00e1rea entre a orla do rio Negro e o entorno do Teatro Amazonas e ainda mant\u00e9m os aspectos simb\u00f3licos e densos de realiza\u00e7\u00f5es art\u00edstico-construtivas. Nacionalmente,&nbsp;Manaus&nbsp;est\u00e1 no rol das cidades hist\u00f3ricas do Brasil, com inscri\u00e7\u00e3o no Livro de Tombo Hist\u00f3rico e no Livro de Tombo Arqueol\u00f3gico, Etnogr\u00e1fico e Paisag\u00edstico.<\/p>\n\n\n\n<p>&#8212; &#8212; &#8212;<\/p>\n\n\n\n<p><strong>Texto <\/strong>&#8211;\u00a0Cl\u00e1udia do Valle\/Implurb<\/p>\n\n\n\n<p><strong>Fotos <\/strong>&#8211; Divulga\u00e7\u00e3o e Semcom<\/p>\n","protected":false},"excerpt":{"rendered":"","protected":false},"author":23,"featured_media":6651,"comment_status":"closed","ping_status":"closed","sticky":false,"template":"","format":"standard","meta":{"footnotes":""},"categories":[33],"tags":[508,11,1906,1907,15,548],"acf":[],"yoast_head":"<!-- This site is optimized with the Yoast SEO plugin v23.0 - https:\/\/yoast.com\/wordpress\/plugins\/seo\/ -->\n<title>No \u2018#SouManaus 2025\u2019, Prefeitura refor\u00e7a preserva\u00e7\u00e3o do patrim\u00f4nio p\u00fablico nos tr\u00eas dias<\/title>\n<meta name=\"description\" content=\"No \u2018#SouManaus 2025\u2019, Prefeitura refor\u00e7a preserva\u00e7\u00e3o do patrim\u00f4nio p\u00fablico nos tr\u00eas dias\" \/>\n<meta name=\"robots\" content=\"noindex, follow\" \/>\n<meta property=\"og:locale\" content=\"pt_BR\" \/>\n<meta property=\"og:type\" content=\"article\" \/>\n<meta property=\"og:title\" content=\"No \u2018#SouManaus 2025\u2019, Prefeitura refor\u00e7a preserva\u00e7\u00e3o do patrim\u00f4nio p\u00fablico nos tr\u00eas dias\" \/>\n<meta property=\"og:description\" content=\"No \u2018#SouManaus 2025\u2019, Prefeitura refor\u00e7a preserva\u00e7\u00e3o do patrim\u00f4nio p\u00fablico nos tr\u00eas dias\" \/>\n<meta property=\"og:url\" content=\"https:\/\/www.manaus.am.gov.br\/implurb\/prefeitura-soumanaus-patrimoniohistorico\/\" \/>\n<meta property=\"og:site_name\" content=\"IMPLURB\" \/>\n<meta property=\"article:published_time\" content=\"2025-09-08T18:14:22+00:00\" \/>\n<meta property=\"article:modified_time\" content=\"2025-09-08T18:14:24+00:00\" \/>\n<meta property=\"og:image\" content=\"https:\/\/www.manaus.am.gov.br\/implurb\/wp-content\/uploads\/sites\/13\/2025\/09\/WhatsApp-Image-2025-09-08-at-13.26.20-1.jpeg\" \/>\n\t<meta property=\"og:image:width\" content=\"1600\" \/>\n\t<meta property=\"og:image:height\" content=\"1066\" \/>\n\t<meta property=\"og:image:type\" content=\"image\/jpeg\" \/>\n<meta name=\"author\" content=\"Adriana Costa\" \/>\n<meta name=\"twitter:card\" content=\"summary_large_image\" \/>\n<meta name=\"twitter:label1\" content=\"Written by\" \/>\n\t<meta name=\"twitter:data1\" content=\"Adriana Costa\" \/>\n\t<meta name=\"twitter:label2\" content=\"Est. reading time\" \/>\n\t<meta name=\"twitter:data2\" content=\"4 minutos\" \/>\n<script type=\"application\/ld+json\" class=\"yoast-schema-graph\">{\"@context\":\"https:\/\/schema.org\",\"@graph\":[{\"@type\":\"WebPage\",\"@id\":\"https:\/\/www.manaus.am.gov.br\/implurb\/prefeitura-soumanaus-patrimoniohistorico\/\",\"url\":\"https:\/\/www.manaus.am.gov.br\/implurb\/prefeitura-soumanaus-patrimoniohistorico\/\",\"name\":\"No \u2018#SouManaus 2025\u2019, Prefeitura refor\u00e7a preserva\u00e7\u00e3o do patrim\u00f4nio p\u00fablico nos tr\u00eas dias\",\"isPartOf\":{\"@id\":\"https:\/\/www.manaus.am.gov.br\/implurb\/#website\"},\"primaryImageOfPage\":{\"@id\":\"https:\/\/www.manaus.am.gov.br\/implurb\/prefeitura-soumanaus-patrimoniohistorico\/#primaryimage\"},\"image\":{\"@id\":\"https:\/\/www.manaus.am.gov.br\/implurb\/prefeitura-soumanaus-patrimoniohistorico\/#primaryimage\"},\"thumbnailUrl\":\"https:\/\/www.manaus.am.gov.br\/implurb\/wp-content\/uploads\/sites\/13\/2025\/09\/WhatsApp-Image-2025-09-08-at-13.26.20-1.jpeg\",\"datePublished\":\"2025-09-08T18:14:22+00:00\",\"dateModified\":\"2025-09-08T18:14:24+00:00\",\"author\":{\"@id\":\"https:\/\/www.manaus.am.gov.br\/implurb\/#\/schema\/person\/4e49f4e267757a06ca072ec61b2b9968\"},\"description\":\"No \u2018#SouManaus 2025\u2019, Prefeitura refor\u00e7a preserva\u00e7\u00e3o do patrim\u00f4nio p\u00fablico nos tr\u00eas dias\",\"breadcrumb\":{\"@id\":\"https:\/\/www.manaus.am.gov.br\/implurb\/prefeitura-soumanaus-patrimoniohistorico\/#breadcrumb\"},\"inLanguage\":\"pt-BR\",\"potentialAction\":[{\"@type\":\"ReadAction\",\"target\":[\"https:\/\/www.manaus.am.gov.br\/implurb\/prefeitura-soumanaus-patrimoniohistorico\/\"]}]},{\"@type\":\"ImageObject\",\"inLanguage\":\"pt-BR\",\"@id\":\"https:\/\/www.manaus.am.gov.br\/implurb\/prefeitura-soumanaus-patrimoniohistorico\/#primaryimage\",\"url\":\"https:\/\/www.manaus.am.gov.br\/implurb\/wp-content\/uploads\/sites\/13\/2025\/09\/WhatsApp-Image-2025-09-08-at-13.26.20-1.jpeg\",\"contentUrl\":\"https:\/\/www.manaus.am.gov.br\/implurb\/wp-content\/uploads\/sites\/13\/2025\/09\/WhatsApp-Image-2025-09-08-at-13.26.20-1.jpeg\",\"width\":1600,\"height\":1066},{\"@type\":\"BreadcrumbList\",\"@id\":\"https:\/\/www.manaus.am.gov.br\/implurb\/prefeitura-soumanaus-patrimoniohistorico\/#breadcrumb\",\"itemListElement\":[{\"@type\":\"ListItem\",\"position\":1,\"name\":\"Home\",\"item\":\"https:\/\/www.manaus.am.gov.br\/implurb\/\"},{\"@type\":\"ListItem\",\"position\":2,\"name\":\"No \u2018#SouManaus 2025\u2019, Prefeitura refor\u00e7a preserva\u00e7\u00e3o do patrim\u00f4nio p\u00fablico nos tr\u00eas dias\"}]},{\"@type\":\"WebSite\",\"@id\":\"https:\/\/www.manaus.am.gov.br\/implurb\/#website\",\"url\":\"https:\/\/www.manaus.am.gov.br\/implurb\/\",\"name\":\"IMPLURB\",\"description\":\"Prefeitura de Manaus\",\"potentialAction\":[{\"@type\":\"SearchAction\",\"target\":{\"@type\":\"EntryPoint\",\"urlTemplate\":\"https:\/\/www.manaus.am.gov.br\/implurb\/?s={search_term_string}\"},\"query-input\":\"required name=search_term_string\"}],\"inLanguage\":\"pt-BR\"},{\"@type\":\"Person\",\"@id\":\"https:\/\/www.manaus.am.gov.br\/implurb\/#\/schema\/person\/4e49f4e267757a06ca072ec61b2b9968\",\"name\":\"Adriana Costa\",\"image\":{\"@type\":\"ImageObject\",\"inLanguage\":\"pt-BR\",\"@id\":\"https:\/\/www.manaus.am.gov.br\/implurb\/#\/schema\/person\/image\/\",\"url\":\"https:\/\/secure.gravatar.com\/avatar\/576258617ef7194f718179e766d57bd4?s=96&d=mm&r=g\",\"contentUrl\":\"https:\/\/secure.gravatar.com\/avatar\/576258617ef7194f718179e766d57bd4?s=96&d=mm&r=g\",\"caption\":\"Adriana Costa\"}}]}<\/script>\n<!-- \/ Yoast SEO plugin. -->","yoast_head_json":{"title":"No \u2018#SouManaus 2025\u2019, Prefeitura refor\u00e7a preserva\u00e7\u00e3o do patrim\u00f4nio p\u00fablico nos tr\u00eas dias","description":"No \u2018#SouManaus 2025\u2019, Prefeitura refor\u00e7a preserva\u00e7\u00e3o do patrim\u00f4nio p\u00fablico nos tr\u00eas dias","robots":{"index":"noindex","follow":"follow"},"og_locale":"pt_BR","og_type":"article","og_title":"No \u2018#SouManaus 2025\u2019, Prefeitura refor\u00e7a preserva\u00e7\u00e3o do patrim\u00f4nio p\u00fablico nos tr\u00eas dias","og_description":"No \u2018#SouManaus 2025\u2019, Prefeitura refor\u00e7a preserva\u00e7\u00e3o do patrim\u00f4nio p\u00fablico nos tr\u00eas dias","og_url":"https:\/\/www.manaus.am.gov.br\/implurb\/prefeitura-soumanaus-patrimoniohistorico\/","og_site_name":"IMPLURB","article_published_time":"2025-09-08T18:14:22+00:00","article_modified_time":"2025-09-08T18:14:24+00:00","og_image":[{"width":1600,"height":1066,"url":"https:\/\/www.manaus.am.gov.br\/implurb\/wp-content\/uploads\/sites\/13\/2025\/09\/WhatsApp-Image-2025-09-08-at-13.26.20-1.jpeg","type":"image\/jpeg"}],"author":"Adriana Costa","twitter_card":"summary_large_image","twitter_misc":{"Written by":"Adriana Costa","Est. reading time":"4 minutos"},"schema":{"@context":"https:\/\/schema.org","@graph":[{"@type":"WebPage","@id":"https:\/\/www.manaus.am.gov.br\/implurb\/prefeitura-soumanaus-patrimoniohistorico\/","url":"https:\/\/www.manaus.am.gov.br\/implurb\/prefeitura-soumanaus-patrimoniohistorico\/","name":"No \u2018#SouManaus 2025\u2019, Prefeitura refor\u00e7a preserva\u00e7\u00e3o do patrim\u00f4nio p\u00fablico nos tr\u00eas dias","isPartOf":{"@id":"https:\/\/www.manaus.am.gov.br\/implurb\/#website"},"primaryImageOfPage":{"@id":"https:\/\/www.manaus.am.gov.br\/implurb\/prefeitura-soumanaus-patrimoniohistorico\/#primaryimage"},"image":{"@id":"https:\/\/www.manaus.am.gov.br\/implurb\/prefeitura-soumanaus-patrimoniohistorico\/#primaryimage"},"thumbnailUrl":"https:\/\/www.manaus.am.gov.br\/implurb\/wp-content\/uploads\/sites\/13\/2025\/09\/WhatsApp-Image-2025-09-08-at-13.26.20-1.jpeg","datePublished":"2025-09-08T18:14:22+00:00","dateModified":"2025-09-08T18:14:24+00:00","author":{"@id":"https:\/\/www.manaus.am.gov.br\/implurb\/#\/schema\/person\/4e49f4e267757a06ca072ec61b2b9968"},"description":"No \u2018#SouManaus 2025\u2019, Prefeitura refor\u00e7a preserva\u00e7\u00e3o do patrim\u00f4nio p\u00fablico nos tr\u00eas dias","breadcrumb":{"@id":"https:\/\/www.manaus.am.gov.br\/implurb\/prefeitura-soumanaus-patrimoniohistorico\/#breadcrumb"},"inLanguage":"pt-BR","potentialAction":[{"@type":"ReadAction","target":["https:\/\/www.manaus.am.gov.br\/implurb\/prefeitura-soumanaus-patrimoniohistorico\/"]}]},{"@type":"ImageObject","inLanguage":"pt-BR","@id":"https:\/\/www.manaus.am.gov.br\/implurb\/prefeitura-soumanaus-patrimoniohistorico\/#primaryimage","url":"https:\/\/www.manaus.am.gov.br\/implurb\/wp-content\/uploads\/sites\/13\/2025\/09\/WhatsApp-Image-2025-09-08-at-13.26.20-1.jpeg","contentUrl":"https:\/\/www.manaus.am.gov.br\/implurb\/wp-content\/uploads\/sites\/13\/2025\/09\/WhatsApp-Image-2025-09-08-at-13.26.20-1.jpeg","width":1600,"height":1066},{"@type":"BreadcrumbList","@id":"https:\/\/www.manaus.am.gov.br\/implurb\/prefeitura-soumanaus-patrimoniohistorico\/#breadcrumb","itemListElement":[{"@type":"ListItem","position":1,"name":"Home","item":"https:\/\/www.manaus.am.gov.br\/implurb\/"},{"@type":"ListItem","position":2,"name":"No \u2018#SouManaus 2025\u2019, Prefeitura refor\u00e7a preserva\u00e7\u00e3o do patrim\u00f4nio p\u00fablico nos tr\u00eas dias"}]},{"@type":"WebSite","@id":"https:\/\/www.manaus.am.gov.br\/implurb\/#website","url":"https:\/\/www.manaus.am.gov.br\/implurb\/","name":"IMPLURB","description":"Prefeitura de Manaus","potentialAction":[{"@type":"SearchAction","target":{"@type":"EntryPoint","urlTemplate":"https:\/\/www.manaus.am.gov.br\/implurb\/?s={search_term_string}"},"query-input":"required name=search_term_string"}],"inLanguage":"pt-BR"},{"@type":"Person","@id":"https:\/\/www.manaus.am.gov.br\/implurb\/#\/schema\/person\/4e49f4e267757a06ca072ec61b2b9968","name":"Adriana Costa","image":{"@type":"ImageObject","inLanguage":"pt-BR","@id":"https:\/\/www.manaus.am.gov.br\/implurb\/#\/schema\/person\/image\/","url":"https:\/\/secure.gravatar.com\/avatar\/576258617ef7194f718179e766d57bd4?s=96&d=mm&r=g","contentUrl":"https:\/\/secure.gravatar.com\/avatar\/576258617ef7194f718179e766d57bd4?s=96&d=mm&r=g","caption":"Adriana Costa"}}]}},"_links":{"self":[{"href":"https:\/\/www.manaus.am.gov.br\/implurb\/wp-json\/wp\/v2\/posts\/6650"}],"collection":[{"href":"https:\/\/www.manaus.am.gov.br\/implurb\/wp-json\/wp\/v2\/posts"}],"about":[{"href":"https:\/\/www.manaus.am.gov.br\/implurb\/wp-json\/wp\/v2\/types\/post"}],"author":[{"embeddable":true,"href":"https:\/\/www.manaus.am.gov.br\/implurb\/wp-json\/wp\/v2\/users\/23"}],"replies":[{"embeddable":true,"href":"https:\/\/www.manaus.am.gov.br\/implurb\/wp-json\/wp\/v2\/comments?post=6650"}],"version-history":[{"count":0,"href":"https:\/\/www.manaus.am.gov.br\/implurb\/wp-json\/wp\/v2\/posts\/6650\/revisions"}],"wp:featuredmedia":[{"embeddable":true,"href":"https:\/\/www.manaus.am.gov.br\/implurb\/wp-json\/wp\/v2\/media\/6651"}],"wp:attachment":[{"href":"https:\/\/www.manaus.am.gov.br\/implurb\/wp-json\/wp\/v2\/media?parent=6650"}],"wp:term":[{"taxonomy":"category","embeddable":true,"href":"https:\/\/www.manaus.am.gov.br\/implurb\/wp-json\/wp\/v2\/categories?post=6650"},{"taxonomy":"post_tag","embeddable":true,"href":"https:\/\/www.manaus.am.gov.br\/implurb\/wp-json\/wp\/v2\/tags?post=6650"}],"curies":[{"name":"wp","href":"https:\/\/api.w.org\/{rel}","templated":true}]}}