{"id":6632,"date":"2025-09-04T11:40:40","date_gmt":"2025-09-04T15:40:40","guid":{"rendered":"https:\/\/www.manaus.am.gov.br\/implurb\/notificacao-multa-publicidade-irregular\/"},"modified":"2025-09-04T11:42:19","modified_gmt":"2025-09-04T15:42:19","slug":"notificacao-multa-publicidade-irregular","status":"publish","type":"post","link":"https:\/\/www.manaus.am.gov.br\/implurb\/notificacao-multa-publicidade-irregular\/","title":{"rendered":"Artista local \u00e9 notificado e multado pela Prefeitura de Manaus por abuso de publicidade irregular com lambe-lambe"},"content":{"rendered":"\n<p>A Prefeitura de Manaus, por meio do Instituto Municipal de Planejamento Urbano (Implurb), notificou e multou um artista local por publicidade irregular, devido a colagem de dezenas de lambe-lambes espalhados em v\u00e1rios espa\u00e7os da capital, desde muretas, \u00e1reas de dom\u00ednio p\u00fablico, mobili\u00e1rios urbanos, entre outros, ocasionando polui\u00e7\u00e3o visual e a viola\u00e7\u00e3o do Plano Diretor.<\/p>\n\n\n\n<p>Ap\u00f3s levantamento feito pela Ger\u00eancia de Engenhos Publicit\u00e1rios (GEP), o artista teve o endere\u00e7o identificado na Ponta Negra, zona Oeste, e a Divis\u00e3o de Controle (Dicon) fez a notifica\u00e7\u00e3o e aplicou a infra\u00e7\u00e3o conforme o que disp\u00f5e o art. 69 do C\u00f3digo de Posturas de Manaus (lei complementar 005\/2014, no Cap\u00edtulo Engenhos Publicit\u00e1rios: \u00e9 \u201cexpressamente proibido a instala\u00e7\u00e3o de engenhos publicit\u00e1rios\u201d como cartazes, colagens e picha\u00e7\u00f5es em mobili\u00e1rios urbanos, muro, parede, tapume e fachadas comerciais).<\/p>\n\n\n\n<p>O objetivo \u00e9 enquadrar os lambe-lambes que, em enorme quantidade, al\u00e9m de faixas, cartazes e banners, aumentam a polui\u00e7\u00e3o visual na paisagem urbana. \u201c\u00c9 preciso deixar claro que a polui\u00e7\u00e3o visual \u00e9 uma ilegalidade, \u00e9 uma afronta ao C\u00f3digo de Posturas do nosso munic\u00edpio, que pode, inclusive, ser um crime ambiental, porque pichar patrim\u00f4nios, pichar viadutos, postes, afixar cartazes, isso traz toda uma polui\u00e7\u00e3o ao meio ambiente. A equipe fez a notifica\u00e7\u00e3o e a multa ao artista e vamos seguir com as a\u00e7\u00f5es para fiscalizar, notificar e multar os autores e empresas que veiculam e produzem este tipo de conte\u00fado irregular\u201d, explicou o vice-presidente do Implurb, Ant\u00f4nio Peixoto.<\/p>\n\n\n\n<p>O vice-presidente lembrou ainda que as empresas produtoras de eventos tamb\u00e9m ser\u00e3o acionadas, em raz\u00e3o do uso da publicidade ilegal e que suja a capital. \u201c\u00c9 preciso atuar para evitar estas infra\u00e7\u00f5es para que possamos ter uma cidade minimamente ordenada e sem essa polui\u00e7\u00e3o visual\u201d.<\/p>\n\n\n\n<p><strong>Polui\u00e7\u00e3o visual<\/strong><\/p>\n\n\n\n<p>A m\u00eddia publicit\u00e1ria, em excesso, acaba formando&nbsp;polui\u00e7\u00e3o&nbsp;visual, deixando cidades mais feias, especialmente com o uso de material gr\u00e1fico em papel e pl\u00e1stico, deteriorando a paisagem urbana.<\/p>\n\n\n\n<p>Empresas e pessoas f\u00edsicas ou jur\u00eddicas que fazem publicidade irregular, em locais como postes, \u00e1rvores, logradouros p\u00fablicos, cal\u00e7adas, sinaliza\u00e7\u00e3o de tr\u00e2nsito, pontes, viadutos, passarelas e outros espa\u00e7os similares, est\u00e3o sujeitas ainda a aplica\u00e7\u00e3o de multas pela infra\u00e7\u00e3o, variando de 4 UFMs (Unidade Fiscal do Munic\u00edpio), R$ 581,48, at\u00e9 70 UFMs, R$ 10.175,90, conforme o C\u00f3digo de Posturas da cidade, a lei complementar 005\/2014. A UFM est\u00e1 em R$ 145,37.<\/p>\n\n\n\n<p>\u00c9 proibido, por exemplo, instalar engenhos em leitos dos rios, igarap\u00e9s e praias; postes de ilumina\u00e7\u00e3o p\u00fablica ou rede de telefonia, faixas ou placas acopladas \u00e0 sinaliza\u00e7\u00e3o de tr\u00e2nsito; obras p\u00fablicas, como pontes, viadutos, passarelas, al\u00e9m de est\u00e1tuas, esculturas, monumentos e bancos em logradouros e similares; e no passeio p\u00fablico, salvo quando os mobili\u00e1rios urbanos s\u00e3o regulariz\u00e1veis e n\u00e3o prejudiquem a mobilidade urbana. A regulamenta\u00e7\u00e3o dos engenhos \u00e9 prevista no Plano Diretor, no C\u00f3digo de Posturas de Manaus (Lei 005\/2014).<\/p>\n\n\n\n<p><strong>Fiscaliza\u00e7\u00e3o<\/strong><\/p>\n\n\n\n<p>Den\u00fancias s\u00e3o atendidas pelo Disque Den\u00fancia no telefone 3673-9305 e pelo 161, de segunda a sexta-feira, das 8h \u00e0s 14h, exceto feriados e pontos facultativos, e no&nbsp;<a href=\"mailto:disquedenuncia.implurb@manaus.am.gov.br\" target=\"_blank\" rel=\"noreferrer noopener\">disquedenuncia.implurb@manaus.am.gov.br<\/a>. Para assuntos relacionados \u00e0 publicidade urbana, por exemplo, deve-se acessar a Ger\u00eancia de Engenhos Publicit\u00e1rios (GEP), que atende pelo n\u00famero de WhatsApp (92) 98855-1628, das 8h \u00e0s 14h (exceto feriados e pontos facultativos).<\/p>\n\n\n\n<figure class=\"wp-block-image size-large\"><img decoding=\"async\" src=\"https:\/\/www.manaus.am.gov.br\/implurb\/wp-content\/uploads\/sites\/13\/2025\/09\/lambes-1024x580.png\" alt=\"\" class=\"wp-image-6634\" \/><\/figure>\n\n\n\n<p>&#8212; &#8212; &#8212;<\/p>\n\n\n\n<p><strong>Texto &#8211;<\/strong>&nbsp;Cl\u00e1udia do Valle\/Implurb<\/p>\n\n\n\n<p><strong>Fotos<\/strong>&nbsp;\u2013 Divulga\u00e7\u00e3o\/Implurb<\/p>\n","protected":false},"excerpt":{"rendered":"","protected":false},"author":39,"featured_media":6633,"comment_status":"closed","ping_status":"closed","sticky":false,"template":"","format":"standard","meta":{"footnotes":""},"categories":[173],"tags":[1904,1905,11,15,1845],"acf":[],"yoast_head":"<!-- This site is optimized with the Yoast SEO plugin v23.0 - https:\/\/yoast.com\/wordpress\/plugins\/seo\/ -->\n<title>Artista \u00e9 notificado e multado por abuso de publicidade irregular<\/title>\n<meta name=\"description\" content=\"Artista local \u00e9 notificado e multado pela Prefeitura de Manaus por abuso de publicidade irregular com lambe-lambe.\" \/>\n<meta name=\"robots\" content=\"noindex, follow\" \/>\n<meta property=\"og:locale\" content=\"pt_BR\" \/>\n<meta property=\"og:type\" content=\"article\" \/>\n<meta property=\"og:title\" content=\"Artista \u00e9 notificado e multado por abuso de publicidade irregular\" \/>\n<meta property=\"og:description\" content=\"Artista local \u00e9 notificado e multado pela Prefeitura de Manaus por abuso de publicidade irregular com lambe-lambe.\" \/>\n<meta property=\"og:url\" content=\"https:\/\/www.manaus.am.gov.br\/implurb\/notificacao-multa-publicidade-irregular\/\" \/>\n<meta property=\"og:site_name\" content=\"IMPLURB\" \/>\n<meta property=\"article:published_time\" content=\"2025-09-04T15:40:40+00:00\" \/>\n<meta property=\"article:modified_time\" content=\"2025-09-04T15:42:19+00:00\" \/>\n<meta property=\"og:image\" content=\"https:\/\/www.manaus.am.gov.br\/implurb\/wp-content\/uploads\/sites\/13\/2025\/09\/lambes3.png\" \/>\n\t<meta property=\"og:image:width\" content=\"1031\" \/>\n\t<meta property=\"og:image:height\" content=\"586\" \/>\n\t<meta property=\"og:image:type\" content=\"image\/png\" \/>\n<meta name=\"author\" content=\"Bruna Greco\" \/>\n<meta name=\"twitter:card\" content=\"summary_large_image\" \/>\n<meta name=\"twitter:label1\" content=\"Written by\" \/>\n\t<meta name=\"twitter:data1\" content=\"Bruna Greco\" \/>\n\t<meta name=\"twitter:label2\" content=\"Est. reading time\" \/>\n\t<meta name=\"twitter:data2\" content=\"4 minutos\" \/>\n<script type=\"application\/ld+json\" class=\"yoast-schema-graph\">{\"@context\":\"https:\/\/schema.org\",\"@graph\":[{\"@type\":\"WebPage\",\"@id\":\"https:\/\/www.manaus.am.gov.br\/implurb\/notificacao-multa-publicidade-irregular\/\",\"url\":\"https:\/\/www.manaus.am.gov.br\/implurb\/notificacao-multa-publicidade-irregular\/\",\"name\":\"Artista \u00e9 notificado e multado por abuso de publicidade irregular\",\"isPartOf\":{\"@id\":\"https:\/\/www.manaus.am.gov.br\/implurb\/#website\"},\"primaryImageOfPage\":{\"@id\":\"https:\/\/www.manaus.am.gov.br\/implurb\/notificacao-multa-publicidade-irregular\/#primaryimage\"},\"image\":{\"@id\":\"https:\/\/www.manaus.am.gov.br\/implurb\/notificacao-multa-publicidade-irregular\/#primaryimage\"},\"thumbnailUrl\":\"https:\/\/www.manaus.am.gov.br\/implurb\/wp-content\/uploads\/sites\/13\/2025\/09\/lambes3.png\",\"datePublished\":\"2025-09-04T15:40:40+00:00\",\"dateModified\":\"2025-09-04T15:42:19+00:00\",\"author\":{\"@id\":\"https:\/\/www.manaus.am.gov.br\/implurb\/#\/schema\/person\/05d223aea2bf115f9883a6ff3683d81b\"},\"description\":\"Artista local \u00e9 notificado e multado pela Prefeitura de Manaus por abuso de publicidade irregular com lambe-lambe.\",\"breadcrumb\":{\"@id\":\"https:\/\/www.manaus.am.gov.br\/implurb\/notificacao-multa-publicidade-irregular\/#breadcrumb\"},\"inLanguage\":\"pt-BR\",\"potentialAction\":[{\"@type\":\"ReadAction\",\"target\":[\"https:\/\/www.manaus.am.gov.br\/implurb\/notificacao-multa-publicidade-irregular\/\"]}]},{\"@type\":\"ImageObject\",\"inLanguage\":\"pt-BR\",\"@id\":\"https:\/\/www.manaus.am.gov.br\/implurb\/notificacao-multa-publicidade-irregular\/#primaryimage\",\"url\":\"https:\/\/www.manaus.am.gov.br\/implurb\/wp-content\/uploads\/sites\/13\/2025\/09\/lambes3.png\",\"contentUrl\":\"https:\/\/www.manaus.am.gov.br\/implurb\/wp-content\/uploads\/sites\/13\/2025\/09\/lambes3.png\",\"width\":1031,\"height\":586,\"caption\":\"#paratodosverem - Homem colando publicidade irregular em local proibido\"},{\"@type\":\"BreadcrumbList\",\"@id\":\"https:\/\/www.manaus.am.gov.br\/implurb\/notificacao-multa-publicidade-irregular\/#breadcrumb\",\"itemListElement\":[{\"@type\":\"ListItem\",\"position\":1,\"name\":\"Home\",\"item\":\"https:\/\/www.manaus.am.gov.br\/implurb\/\"},{\"@type\":\"ListItem\",\"position\":2,\"name\":\"Artista local \u00e9 notificado e multado pela Prefeitura de Manaus por abuso de publicidade irregular com lambe-lambe\"}]},{\"@type\":\"WebSite\",\"@id\":\"https:\/\/www.manaus.am.gov.br\/implurb\/#website\",\"url\":\"https:\/\/www.manaus.am.gov.br\/implurb\/\",\"name\":\"IMPLURB\",\"description\":\"Prefeitura de Manaus\",\"potentialAction\":[{\"@type\":\"SearchAction\",\"target\":{\"@type\":\"EntryPoint\",\"urlTemplate\":\"https:\/\/www.manaus.am.gov.br\/implurb\/?s={search_term_string}\"},\"query-input\":\"required name=search_term_string\"}],\"inLanguage\":\"pt-BR\"},{\"@type\":\"Person\",\"@id\":\"https:\/\/www.manaus.am.gov.br\/implurb\/#\/schema\/person\/05d223aea2bf115f9883a6ff3683d81b\",\"name\":\"Bruna Greco\",\"image\":{\"@type\":\"ImageObject\",\"inLanguage\":\"pt-BR\",\"@id\":\"https:\/\/www.manaus.am.gov.br\/implurb\/#\/schema\/person\/image\/\",\"url\":\"https:\/\/secure.gravatar.com\/avatar\/9c877d1a6adc2a055330e5c09a8653ce?s=96&d=mm&r=g\",\"contentUrl\":\"https:\/\/secure.gravatar.com\/avatar\/9c877d1a6adc2a055330e5c09a8653ce?s=96&d=mm&r=g\",\"caption\":\"Bruna Greco\"}}]}<\/script>\n<!-- \/ Yoast SEO plugin. -->","yoast_head_json":{"title":"Artista \u00e9 notificado e multado por abuso de publicidade irregular","description":"Artista local \u00e9 notificado e multado pela Prefeitura de Manaus por abuso de publicidade irregular com lambe-lambe.","robots":{"index":"noindex","follow":"follow"},"og_locale":"pt_BR","og_type":"article","og_title":"Artista \u00e9 notificado e multado por abuso de publicidade irregular","og_description":"Artista local \u00e9 notificado e multado pela Prefeitura de Manaus por abuso de publicidade irregular com lambe-lambe.","og_url":"https:\/\/www.manaus.am.gov.br\/implurb\/notificacao-multa-publicidade-irregular\/","og_site_name":"IMPLURB","article_published_time":"2025-09-04T15:40:40+00:00","article_modified_time":"2025-09-04T15:42:19+00:00","og_image":[{"width":1031,"height":586,"url":"https:\/\/www.manaus.am.gov.br\/implurb\/wp-content\/uploads\/sites\/13\/2025\/09\/lambes3.png","type":"image\/png"}],"author":"Bruna Greco","twitter_card":"summary_large_image","twitter_misc":{"Written by":"Bruna Greco","Est. reading time":"4 minutos"},"schema":{"@context":"https:\/\/schema.org","@graph":[{"@type":"WebPage","@id":"https:\/\/www.manaus.am.gov.br\/implurb\/notificacao-multa-publicidade-irregular\/","url":"https:\/\/www.manaus.am.gov.br\/implurb\/notificacao-multa-publicidade-irregular\/","name":"Artista \u00e9 notificado e multado por abuso de publicidade irregular","isPartOf":{"@id":"https:\/\/www.manaus.am.gov.br\/implurb\/#website"},"primaryImageOfPage":{"@id":"https:\/\/www.manaus.am.gov.br\/implurb\/notificacao-multa-publicidade-irregular\/#primaryimage"},"image":{"@id":"https:\/\/www.manaus.am.gov.br\/implurb\/notificacao-multa-publicidade-irregular\/#primaryimage"},"thumbnailUrl":"https:\/\/www.manaus.am.gov.br\/implurb\/wp-content\/uploads\/sites\/13\/2025\/09\/lambes3.png","datePublished":"2025-09-04T15:40:40+00:00","dateModified":"2025-09-04T15:42:19+00:00","author":{"@id":"https:\/\/www.manaus.am.gov.br\/implurb\/#\/schema\/person\/05d223aea2bf115f9883a6ff3683d81b"},"description":"Artista local \u00e9 notificado e multado pela Prefeitura de Manaus por abuso de publicidade irregular com lambe-lambe.","breadcrumb":{"@id":"https:\/\/www.manaus.am.gov.br\/implurb\/notificacao-multa-publicidade-irregular\/#breadcrumb"},"inLanguage":"pt-BR","potentialAction":[{"@type":"ReadAction","target":["https:\/\/www.manaus.am.gov.br\/implurb\/notificacao-multa-publicidade-irregular\/"]}]},{"@type":"ImageObject","inLanguage":"pt-BR","@id":"https:\/\/www.manaus.am.gov.br\/implurb\/notificacao-multa-publicidade-irregular\/#primaryimage","url":"https:\/\/www.manaus.am.gov.br\/implurb\/wp-content\/uploads\/sites\/13\/2025\/09\/lambes3.png","contentUrl":"https:\/\/www.manaus.am.gov.br\/implurb\/wp-content\/uploads\/sites\/13\/2025\/09\/lambes3.png","width":1031,"height":586,"caption":"#paratodosverem - Homem colando publicidade irregular em local proibido"},{"@type":"BreadcrumbList","@id":"https:\/\/www.manaus.am.gov.br\/implurb\/notificacao-multa-publicidade-irregular\/#breadcrumb","itemListElement":[{"@type":"ListItem","position":1,"name":"Home","item":"https:\/\/www.manaus.am.gov.br\/implurb\/"},{"@type":"ListItem","position":2,"name":"Artista local \u00e9 notificado e multado pela Prefeitura de Manaus por abuso de publicidade irregular com lambe-lambe"}]},{"@type":"WebSite","@id":"https:\/\/www.manaus.am.gov.br\/implurb\/#website","url":"https:\/\/www.manaus.am.gov.br\/implurb\/","name":"IMPLURB","description":"Prefeitura de Manaus","potentialAction":[{"@type":"SearchAction","target":{"@type":"EntryPoint","urlTemplate":"https:\/\/www.manaus.am.gov.br\/implurb\/?s={search_term_string}"},"query-input":"required name=search_term_string"}],"inLanguage":"pt-BR"},{"@type":"Person","@id":"https:\/\/www.manaus.am.gov.br\/implurb\/#\/schema\/person\/05d223aea2bf115f9883a6ff3683d81b","name":"Bruna Greco","image":{"@type":"ImageObject","inLanguage":"pt-BR","@id":"https:\/\/www.manaus.am.gov.br\/implurb\/#\/schema\/person\/image\/","url":"https:\/\/secure.gravatar.com\/avatar\/9c877d1a6adc2a055330e5c09a8653ce?s=96&d=mm&r=g","contentUrl":"https:\/\/secure.gravatar.com\/avatar\/9c877d1a6adc2a055330e5c09a8653ce?s=96&d=mm&r=g","caption":"Bruna Greco"}}]}},"_links":{"self":[{"href":"https:\/\/www.manaus.am.gov.br\/implurb\/wp-json\/wp\/v2\/posts\/6632"}],"collection":[{"href":"https:\/\/www.manaus.am.gov.br\/implurb\/wp-json\/wp\/v2\/posts"}],"about":[{"href":"https:\/\/www.manaus.am.gov.br\/implurb\/wp-json\/wp\/v2\/types\/post"}],"author":[{"embeddable":true,"href":"https:\/\/www.manaus.am.gov.br\/implurb\/wp-json\/wp\/v2\/users\/39"}],"replies":[{"embeddable":true,"href":"https:\/\/www.manaus.am.gov.br\/implurb\/wp-json\/wp\/v2\/comments?post=6632"}],"version-history":[{"count":3,"href":"https:\/\/www.manaus.am.gov.br\/implurb\/wp-json\/wp\/v2\/posts\/6632\/revisions"}],"predecessor-version":[{"id":6637,"href":"https:\/\/www.manaus.am.gov.br\/implurb\/wp-json\/wp\/v2\/posts\/6632\/revisions\/6637"}],"wp:featuredmedia":[{"embeddable":true,"href":"https:\/\/www.manaus.am.gov.br\/implurb\/wp-json\/wp\/v2\/media\/6633"}],"wp:attachment":[{"href":"https:\/\/www.manaus.am.gov.br\/implurb\/wp-json\/wp\/v2\/media?parent=6632"}],"wp:term":[{"taxonomy":"category","embeddable":true,"href":"https:\/\/www.manaus.am.gov.br\/implurb\/wp-json\/wp\/v2\/categories?post=6632"},{"taxonomy":"post_tag","embeddable":true,"href":"https:\/\/www.manaus.am.gov.br\/implurb\/wp-json\/wp\/v2\/tags?post=6632"}],"curies":[{"name":"wp","href":"https:\/\/api.w.org\/{rel}","templated":true}]}}