{"id":6624,"date":"2025-09-04T11:30:26","date_gmt":"2025-09-04T15:30:26","guid":{"rendered":"https:\/\/www.manaus.am.gov.br\/implurb\/coleta-seletiva-tecnologica-soumanaus-2025\/"},"modified":"2025-09-04T11:46:26","modified_gmt":"2025-09-04T15:46:26","slug":"coleta-seletiva-tecnologica-soumanaus-2025","status":"publish","type":"post","link":"https:\/\/www.manaus.am.gov.br\/implurb\/coleta-seletiva-tecnologica-soumanaus-2025\/","title":{"rendered":"Em a\u00e7\u00e3o in\u00e9dita de sustentabilidade, prefeitura estreia coleta seletiva tecnol\u00f3gica no \u2018#SouManaus Passo a Pa\u00e7o 2025\u2019"},"content":{"rendered":"\n<p>Maior festival gratuito de artes integradas do Brasil, o \u201c#SouManaus Passo a Pa\u00e7o 2025\u201d contar\u00e1 com a estreia das primeiras m\u00e1quinas de coleta seletiva produzidas na Amaz\u00f4nia para eventos, que unem tecnologia, educa\u00e7\u00e3o ambiental e incentivo \u00e0 reciclagem. As dez unidades foram viabilizadas pela Prefeitura de Manaus, por meio do Instituto Municipal de Planejamento Urbano (Implurb), atrav\u00e9s de medida compensat\u00f3ria com recursos do Fundo Municipal de Desenvolvimento Urbano (FMDU), e se somam ao conjunto de iniciativas da gest\u00e3o do prefeito David Almeida para transformar a capital em refer\u00eancia de inova\u00e7\u00e3o e cuidado com o meio ambiente.<\/p>\n\n\n\n<p>O coletor, tamb\u00e9m chamado de \u201cDep\u00f3sito Verde\u201d, permite que o cidad\u00e3o deposite recicl\u00e1veis, acumule pontos e troque por benef\u00edcios. Al\u00e9m de promover a educa\u00e7\u00e3o ambiental, o equipamento tem design modular, identifica res\u00edduos de alto impacto e se mant\u00e9m financeiramente com a veicula\u00e7\u00e3o de publicidade em sua estrutura.<\/p>\n\n\n\n<p>O diretor-presidente do Implurb, Carlos Valente, explicou que se trata de uma importante conquista para a sociedade com estreia no festival que re\u00fane a sociedade no centro hist\u00f3rico da capital.<\/p>\n\n\n\n<p><br>\u201cEstamos trabalhando para que Manaus avance em solu\u00e7\u00f5es inovadoras e sustent\u00e1veis, e a chegada da m\u00e1quina de coleta \u00e9 um marco nesse caminho. Conseguimos viabilizar as primeiras unidades com recursos do FMDU, dentro de uma medida compensat\u00f3ria, garantindo que esse investimento retorne em benef\u00edcio direto \u00e0 cidade. O sistema une tecnologia, educa\u00e7\u00e3o ambiental e responsabilidade social, mostrando que \u00e9 poss\u00edvel cuidar do meio ambiente, estimular a reciclagem e ainda gerar valor econ\u00f4mico. \u00c9 um equipamento que representa o futuro da gest\u00e3o urbana, e a Prefeitura de Manaus, por meio do Implurb, tem orgulho de estar a servi\u00e7o dessa importante transforma\u00e7\u00e3o\u201d, comentou Valente.<\/p>\n\n\n\n<p>A opera\u00e7\u00e3o e o gerenciamento das m\u00e1quinas ficar\u00e3o sob responsabilidade das secretarias municipais de Meio Ambiente, Sustentabilidade e Mudan\u00e7as Clim\u00e1ticas (Semmasclima) e de Limpeza Urbana (Semulsp), que coordenam as a\u00e7\u00f5es de educa\u00e7\u00e3o ambiental, coleta seletiva e combate ao descarte irregular.<\/p>\n\n\n\n<p>Com a novidade, a prefeitura d\u00e1 mais um passo para consolidar a pol\u00edtica de sustentabilidade como prioridade da cidade, integrando planejamento urbano, inova\u00e7\u00e3o e qualidade de vida para os manauaras.<\/p>\n\n\n\n<p><strong>Dep\u00f3sito Verde<\/strong><\/p>\n\n\n\n<p>A iniciativa conta com a tecnologia da Dep\u00f3sito Verde, startup de base tecnol\u00f3gica incubada na Universidade do Estado do Amazonas (UEA). \u00danica fabricante de coletoras inteligentes da regi\u00e3o Norte, a empresa j\u00e1 possui 38 unidades em opera\u00e7\u00e3o em Manaus, incluindo 30 coletoras industriais e uma esta\u00e7\u00e3o de coleta em container.<\/p>\n\n\n\n<p>Reconhecida nacionalmente pela Softex e pelo Centro de Tecnologia da Informa\u00e7\u00e3o e Software (CITS), a startup tem tecnologia 100% amaz\u00f4nica, alia inova\u00e7\u00e3o, economia circular e impacto socioambiental, com uma plataforma digital integrada e recursos de gamifica\u00e7\u00e3o. O modelo, que j\u00e1 posiciona Manaus como refer\u00eancia em sustentabilidade urbana e cidades inteligentes, ser\u00e1 um dos cases que podem projetar a capital como vitrine nacional na COP 30, em Bel\u00e9m.&nbsp;<\/p>\n\n\n\n<figure class=\"wp-block-image size-large\"><img decoding=\"async\" src=\"https:\/\/www.manaus.am.gov.br\/implurb\/wp-content\/uploads\/sites\/13\/2025\/09\/coleta3-1024x768.jpeg\" alt=\"\" class=\"wp-image-6626\" \/><\/figure>\n\n\n\n<p>&#8212; &#8212; &#8212;<\/p>\n\n\n\n<p><strong>Texto &#8211;<\/strong>&nbsp;Cl\u00e1udia do Valle\/Implurb<\/p>\n\n\n\n<p><strong>Fotos<\/strong>&nbsp;\u2013 Divulga\u00e7\u00e3o\/Implurb<\/p>\n","protected":false},"excerpt":{"rendered":"","protected":false},"author":39,"featured_media":6639,"comment_status":"closed","ping_status":"closed","sticky":false,"template":"","format":"standard","meta":{"footnotes":""},"categories":[993],"tags":[1901,1902,1903,11,15],"acf":[],"yoast_head":"<!-- This site is optimized with the Yoast SEO plugin v23.0 - https:\/\/yoast.com\/wordpress\/plugins\/seo\/ -->\n<title>Prefeitura estreia coleta seletiva tecnol\u00f3gica no #SouManaus 2025<\/title>\n<meta name=\"description\" content=\"Em a\u00e7\u00e3o in\u00e9dita de sustentabilidade, prefeitura estreia coleta seletiva tecnol\u00f3gica no \u2018#SouManaus Passo a Pa\u00e7o 2025\u2019.\" \/>\n<meta name=\"robots\" content=\"noindex, follow\" \/>\n<meta property=\"og:locale\" content=\"pt_BR\" \/>\n<meta property=\"og:type\" content=\"article\" \/>\n<meta property=\"og:title\" content=\"Prefeitura estreia coleta seletiva tecnol\u00f3gica no #SouManaus 2025\" \/>\n<meta property=\"og:description\" content=\"Em a\u00e7\u00e3o in\u00e9dita de sustentabilidade, prefeitura estreia coleta seletiva tecnol\u00f3gica no \u2018#SouManaus Passo a Pa\u00e7o 2025\u2019.\" \/>\n<meta property=\"og:url\" content=\"https:\/\/www.manaus.am.gov.br\/implurb\/coleta-seletiva-tecnologica-soumanaus-2025\/\" \/>\n<meta property=\"og:site_name\" content=\"IMPLURB\" \/>\n<meta property=\"article:published_time\" content=\"2025-09-04T15:30:26+00:00\" \/>\n<meta property=\"article:modified_time\" content=\"2025-09-04T15:46:26+00:00\" \/>\n<meta property=\"og:image\" content=\"https:\/\/www.manaus.am.gov.br\/implurb\/wp-content\/uploads\/sites\/13\/2025\/09\/coleta4.jpeg\" \/>\n\t<meta property=\"og:image:width\" content=\"1024\" \/>\n\t<meta property=\"og:image:height\" content=\"683\" \/>\n\t<meta property=\"og:image:type\" content=\"image\/jpeg\" \/>\n<meta name=\"author\" content=\"Bruna Greco\" \/>\n<meta name=\"twitter:card\" content=\"summary_large_image\" \/>\n<meta name=\"twitter:label1\" content=\"Written by\" \/>\n\t<meta name=\"twitter:data1\" content=\"Bruna Greco\" \/>\n\t<meta name=\"twitter:label2\" content=\"Est. reading time\" \/>\n\t<meta name=\"twitter:data2\" content=\"3 minutos\" \/>\n<script type=\"application\/ld+json\" class=\"yoast-schema-graph\">{\"@context\":\"https:\/\/schema.org\",\"@graph\":[{\"@type\":\"WebPage\",\"@id\":\"https:\/\/www.manaus.am.gov.br\/implurb\/coleta-seletiva-tecnologica-soumanaus-2025\/\",\"url\":\"https:\/\/www.manaus.am.gov.br\/implurb\/coleta-seletiva-tecnologica-soumanaus-2025\/\",\"name\":\"Prefeitura estreia coleta seletiva tecnol\u00f3gica no #SouManaus 2025\",\"isPartOf\":{\"@id\":\"https:\/\/www.manaus.am.gov.br\/implurb\/#website\"},\"primaryImageOfPage\":{\"@id\":\"https:\/\/www.manaus.am.gov.br\/implurb\/coleta-seletiva-tecnologica-soumanaus-2025\/#primaryimage\"},\"image\":{\"@id\":\"https:\/\/www.manaus.am.gov.br\/implurb\/coleta-seletiva-tecnologica-soumanaus-2025\/#primaryimage\"},\"thumbnailUrl\":\"https:\/\/www.manaus.am.gov.br\/implurb\/wp-content\/uploads\/sites\/13\/2025\/09\/coleta4.jpeg\",\"datePublished\":\"2025-09-04T15:30:26+00:00\",\"dateModified\":\"2025-09-04T15:46:26+00:00\",\"author\":{\"@id\":\"https:\/\/www.manaus.am.gov.br\/implurb\/#\/schema\/person\/05d223aea2bf115f9883a6ff3683d81b\"},\"description\":\"Em a\u00e7\u00e3o in\u00e9dita de sustentabilidade, prefeitura estreia coleta seletiva tecnol\u00f3gica no \u2018#SouManaus Passo a Pa\u00e7o 2025\u2019.\",\"breadcrumb\":{\"@id\":\"https:\/\/www.manaus.am.gov.br\/implurb\/coleta-seletiva-tecnologica-soumanaus-2025\/#breadcrumb\"},\"inLanguage\":\"pt-BR\",\"potentialAction\":[{\"@type\":\"ReadAction\",\"target\":[\"https:\/\/www.manaus.am.gov.br\/implurb\/coleta-seletiva-tecnologica-soumanaus-2025\/\"]}]},{\"@type\":\"ImageObject\",\"inLanguage\":\"pt-BR\",\"@id\":\"https:\/\/www.manaus.am.gov.br\/implurb\/coleta-seletiva-tecnologica-soumanaus-2025\/#primaryimage\",\"url\":\"https:\/\/www.manaus.am.gov.br\/implurb\/wp-content\/uploads\/sites\/13\/2025\/09\/coleta4.jpeg\",\"contentUrl\":\"https:\/\/www.manaus.am.gov.br\/implurb\/wp-content\/uploads\/sites\/13\/2025\/09\/coleta4.jpeg\",\"width\":1024,\"height\":683,\"caption\":\"#paratodosverem - Prefeito de Manaus, David Almeida, vistoriando a primeira m\u00e1quina de coleta seletiva produzida na Amaz\u00f4nia para evento que estrear\u00e1 no \\\"#SouManaus Passo a Pa\u00e7o 2025\\\"\"},{\"@type\":\"BreadcrumbList\",\"@id\":\"https:\/\/www.manaus.am.gov.br\/implurb\/coleta-seletiva-tecnologica-soumanaus-2025\/#breadcrumb\",\"itemListElement\":[{\"@type\":\"ListItem\",\"position\":1,\"name\":\"Home\",\"item\":\"https:\/\/www.manaus.am.gov.br\/implurb\/\"},{\"@type\":\"ListItem\",\"position\":2,\"name\":\"Em a\u00e7\u00e3o in\u00e9dita de sustentabilidade, prefeitura estreia coleta seletiva tecnol\u00f3gica no \u2018#SouManaus Passo a Pa\u00e7o 2025\u2019\"}]},{\"@type\":\"WebSite\",\"@id\":\"https:\/\/www.manaus.am.gov.br\/implurb\/#website\",\"url\":\"https:\/\/www.manaus.am.gov.br\/implurb\/\",\"name\":\"IMPLURB\",\"description\":\"Prefeitura de Manaus\",\"potentialAction\":[{\"@type\":\"SearchAction\",\"target\":{\"@type\":\"EntryPoint\",\"urlTemplate\":\"https:\/\/www.manaus.am.gov.br\/implurb\/?s={search_term_string}\"},\"query-input\":\"required name=search_term_string\"}],\"inLanguage\":\"pt-BR\"},{\"@type\":\"Person\",\"@id\":\"https:\/\/www.manaus.am.gov.br\/implurb\/#\/schema\/person\/05d223aea2bf115f9883a6ff3683d81b\",\"name\":\"Bruna Greco\",\"image\":{\"@type\":\"ImageObject\",\"inLanguage\":\"pt-BR\",\"@id\":\"https:\/\/www.manaus.am.gov.br\/implurb\/#\/schema\/person\/image\/\",\"url\":\"https:\/\/secure.gravatar.com\/avatar\/9c877d1a6adc2a055330e5c09a8653ce?s=96&d=mm&r=g\",\"contentUrl\":\"https:\/\/secure.gravatar.com\/avatar\/9c877d1a6adc2a055330e5c09a8653ce?s=96&d=mm&r=g\",\"caption\":\"Bruna Greco\"}}]}<\/script>\n<!-- \/ Yoast SEO plugin. -->","yoast_head_json":{"title":"Prefeitura estreia coleta seletiva tecnol\u00f3gica no #SouManaus 2025","description":"Em a\u00e7\u00e3o in\u00e9dita de sustentabilidade, prefeitura estreia coleta seletiva tecnol\u00f3gica no \u2018#SouManaus Passo a Pa\u00e7o 2025\u2019.","robots":{"index":"noindex","follow":"follow"},"og_locale":"pt_BR","og_type":"article","og_title":"Prefeitura estreia coleta seletiva tecnol\u00f3gica no #SouManaus 2025","og_description":"Em a\u00e7\u00e3o in\u00e9dita de sustentabilidade, prefeitura estreia coleta seletiva tecnol\u00f3gica no \u2018#SouManaus Passo a Pa\u00e7o 2025\u2019.","og_url":"https:\/\/www.manaus.am.gov.br\/implurb\/coleta-seletiva-tecnologica-soumanaus-2025\/","og_site_name":"IMPLURB","article_published_time":"2025-09-04T15:30:26+00:00","article_modified_time":"2025-09-04T15:46:26+00:00","og_image":[{"width":1024,"height":683,"url":"https:\/\/www.manaus.am.gov.br\/implurb\/wp-content\/uploads\/sites\/13\/2025\/09\/coleta4.jpeg","type":"image\/jpeg"}],"author":"Bruna Greco","twitter_card":"summary_large_image","twitter_misc":{"Written by":"Bruna Greco","Est. reading time":"3 minutos"},"schema":{"@context":"https:\/\/schema.org","@graph":[{"@type":"WebPage","@id":"https:\/\/www.manaus.am.gov.br\/implurb\/coleta-seletiva-tecnologica-soumanaus-2025\/","url":"https:\/\/www.manaus.am.gov.br\/implurb\/coleta-seletiva-tecnologica-soumanaus-2025\/","name":"Prefeitura estreia coleta seletiva tecnol\u00f3gica no #SouManaus 2025","isPartOf":{"@id":"https:\/\/www.manaus.am.gov.br\/implurb\/#website"},"primaryImageOfPage":{"@id":"https:\/\/www.manaus.am.gov.br\/implurb\/coleta-seletiva-tecnologica-soumanaus-2025\/#primaryimage"},"image":{"@id":"https:\/\/www.manaus.am.gov.br\/implurb\/coleta-seletiva-tecnologica-soumanaus-2025\/#primaryimage"},"thumbnailUrl":"https:\/\/www.manaus.am.gov.br\/implurb\/wp-content\/uploads\/sites\/13\/2025\/09\/coleta4.jpeg","datePublished":"2025-09-04T15:30:26+00:00","dateModified":"2025-09-04T15:46:26+00:00","author":{"@id":"https:\/\/www.manaus.am.gov.br\/implurb\/#\/schema\/person\/05d223aea2bf115f9883a6ff3683d81b"},"description":"Em a\u00e7\u00e3o in\u00e9dita de sustentabilidade, prefeitura estreia coleta seletiva tecnol\u00f3gica no \u2018#SouManaus Passo a Pa\u00e7o 2025\u2019.","breadcrumb":{"@id":"https:\/\/www.manaus.am.gov.br\/implurb\/coleta-seletiva-tecnologica-soumanaus-2025\/#breadcrumb"},"inLanguage":"pt-BR","potentialAction":[{"@type":"ReadAction","target":["https:\/\/www.manaus.am.gov.br\/implurb\/coleta-seletiva-tecnologica-soumanaus-2025\/"]}]},{"@type":"ImageObject","inLanguage":"pt-BR","@id":"https:\/\/www.manaus.am.gov.br\/implurb\/coleta-seletiva-tecnologica-soumanaus-2025\/#primaryimage","url":"https:\/\/www.manaus.am.gov.br\/implurb\/wp-content\/uploads\/sites\/13\/2025\/09\/coleta4.jpeg","contentUrl":"https:\/\/www.manaus.am.gov.br\/implurb\/wp-content\/uploads\/sites\/13\/2025\/09\/coleta4.jpeg","width":1024,"height":683,"caption":"#paratodosverem - Prefeito de Manaus, David Almeida, vistoriando a primeira m\u00e1quina de coleta seletiva produzida na Amaz\u00f4nia para evento que estrear\u00e1 no \"#SouManaus Passo a Pa\u00e7o 2025\""},{"@type":"BreadcrumbList","@id":"https:\/\/www.manaus.am.gov.br\/implurb\/coleta-seletiva-tecnologica-soumanaus-2025\/#breadcrumb","itemListElement":[{"@type":"ListItem","position":1,"name":"Home","item":"https:\/\/www.manaus.am.gov.br\/implurb\/"},{"@type":"ListItem","position":2,"name":"Em a\u00e7\u00e3o in\u00e9dita de sustentabilidade, prefeitura estreia coleta seletiva tecnol\u00f3gica no \u2018#SouManaus Passo a Pa\u00e7o 2025\u2019"}]},{"@type":"WebSite","@id":"https:\/\/www.manaus.am.gov.br\/implurb\/#website","url":"https:\/\/www.manaus.am.gov.br\/implurb\/","name":"IMPLURB","description":"Prefeitura de Manaus","potentialAction":[{"@type":"SearchAction","target":{"@type":"EntryPoint","urlTemplate":"https:\/\/www.manaus.am.gov.br\/implurb\/?s={search_term_string}"},"query-input":"required name=search_term_string"}],"inLanguage":"pt-BR"},{"@type":"Person","@id":"https:\/\/www.manaus.am.gov.br\/implurb\/#\/schema\/person\/05d223aea2bf115f9883a6ff3683d81b","name":"Bruna Greco","image":{"@type":"ImageObject","inLanguage":"pt-BR","@id":"https:\/\/www.manaus.am.gov.br\/implurb\/#\/schema\/person\/image\/","url":"https:\/\/secure.gravatar.com\/avatar\/9c877d1a6adc2a055330e5c09a8653ce?s=96&d=mm&r=g","contentUrl":"https:\/\/secure.gravatar.com\/avatar\/9c877d1a6adc2a055330e5c09a8653ce?s=96&d=mm&r=g","caption":"Bruna Greco"}}]}},"_links":{"self":[{"href":"https:\/\/www.manaus.am.gov.br\/implurb\/wp-json\/wp\/v2\/posts\/6624"}],"collection":[{"href":"https:\/\/www.manaus.am.gov.br\/implurb\/wp-json\/wp\/v2\/posts"}],"about":[{"href":"https:\/\/www.manaus.am.gov.br\/implurb\/wp-json\/wp\/v2\/types\/post"}],"author":[{"embeddable":true,"href":"https:\/\/www.manaus.am.gov.br\/implurb\/wp-json\/wp\/v2\/users\/39"}],"replies":[{"embeddable":true,"href":"https:\/\/www.manaus.am.gov.br\/implurb\/wp-json\/wp\/v2\/comments?post=6624"}],"version-history":[{"count":7,"href":"https:\/\/www.manaus.am.gov.br\/implurb\/wp-json\/wp\/v2\/posts\/6624\/revisions"}],"predecessor-version":[{"id":6640,"href":"https:\/\/www.manaus.am.gov.br\/implurb\/wp-json\/wp\/v2\/posts\/6624\/revisions\/6640"}],"wp:featuredmedia":[{"embeddable":true,"href":"https:\/\/www.manaus.am.gov.br\/implurb\/wp-json\/wp\/v2\/media\/6639"}],"wp:attachment":[{"href":"https:\/\/www.manaus.am.gov.br\/implurb\/wp-json\/wp\/v2\/media?parent=6624"}],"wp:term":[{"taxonomy":"category","embeddable":true,"href":"https:\/\/www.manaus.am.gov.br\/implurb\/wp-json\/wp\/v2\/categories?post=6624"},{"taxonomy":"post_tag","embeddable":true,"href":"https:\/\/www.manaus.am.gov.br\/implurb\/wp-json\/wp\/v2\/tags?post=6624"}],"curies":[{"name":"wp","href":"https:\/\/api.w.org\/{rel}","templated":true}]}}