{"id":6621,"date":"2025-09-03T16:59:12","date_gmt":"2025-09-03T20:59:12","guid":{"rendered":"https:\/\/www.manaus.am.gov.br\/implurb\/limpeza-visual\/"},"modified":"2025-09-03T16:59:14","modified_gmt":"2025-09-03T20:59:14","slug":"limpeza-visual","status":"publish","type":"post","link":"https:\/\/www.manaus.am.gov.br\/implurb\/limpeza-visual\/","title":{"rendered":"Prefeitura avan\u00e7a na limpeza visual e chega a mais de 3 toneladas de fios e cabos retirados em seis vias do centro hist\u00f3rico"},"content":{"rendered":"\n<p>Em meio \u00e0 rotina dos pedestres no tradicional com\u00e9rcio do centro hist\u00f3rico, a Prefeitura de Manaus, via Instituto Municipal de Planejamento Urbano (Implurb), segue trabalhando para devolver urbanismo, seguran\u00e7a e ordem \u00e0s ruas do territ\u00f3rio. Nesta quarta-feira, 3\/9, foi realizada a 10\u00aa opera\u00e7\u00e3o de retirada de fios e cabos obsoletos, alcan\u00e7ando a marca de mais de 3 toneladas de material removido em apenas seis vias da capital.<\/p>\n\n\n\n<p>A a\u00e7\u00e3o integra o programa \u201cMutir\u00e3o no Bairro\u201d, uma diretriz do prefeito David Almeida e do vice-prefeito e titular da Secretaria Municipal de Infraestrutura (Seminf), Renato Junior, com apoio de 16 secretarias e \u00f3rg\u00e3os municipais, envolvendo mais de 1.100 servidores.<\/p>\n\n\n\n<p>\u201cJ\u00e1 retiramos mais de 3 toneladas de cabos mortos, que polu\u00edam visualmente e deixavam o Centro feio e inseguro. Estamos combatendo a polui\u00e7\u00e3o visual e garantindo mais seguran\u00e7a para todos. A gente precisava desse olhar mais cuidadoso e de aten\u00e7\u00e3o extra da prefeitura, num trabalho integrado e cont\u00ednuo do Implurb, com o comando do diretor Carlos Valente\u201d, destacou o vice-presidente do Implurb, Antonio Peixoto.<\/p>\n\n\n\n<p><strong>Urbanismo<\/strong><\/p>\n\n\n\n<p>Para o presidente da Associa\u00e7\u00e3o Comercial do Amazonas (ACA), Bruno Loureiro Pinheiro, a interven\u00e7\u00e3o atende a uma antiga demanda dos lojistas e moradores da regi\u00e3o.<\/p>\n\n\n\n<p>\u201cEsse trabalho era esperado h\u00e1 anos. A retirada dos cabos traz um impacto visual imediato, melhora a paisagem urbana e transmite mais confian\u00e7a para quem circula, compra e investe no Centro. \u00c9 uma a\u00e7\u00e3o que valoriza o com\u00e9rcio, atrai mais clientes, fortalece o turismo e mostra que a prefeitura est\u00e1 empenhada em revitalizar nossa \u00e1rea hist\u00f3rica. Para n\u00f3s, comerciantes, essa mudan\u00e7a significa muito: o Centro fica mais atrativo e competitivo\u201d.<\/p>\n\n\n\n<p>As a\u00e7\u00f5es come\u00e7aram no \u00faltimo dia 4 de agosto e j\u00e1 passaram pelas ruas Marc\u00edlio Dias; Doutor Moreira; Guilherme Moreira; Marechal Deodoro; Quintino Bocai\u00fava e Travessa do Com\u00e9rcio. Em algumas vias foram feitas mais de uma opera\u00e7\u00e3o, em raz\u00e3o do grande volume de material. \u201cSabemos que o servi\u00e7o \u00e9 feito em contraturno e aos domingos, tamb\u00e9m, o que requer um empenho ainda maior por parte da prefeitura e das empresas envolvidas. O com\u00e9rcio, a associa\u00e7\u00e3o e os moradores s\u00f3 tem a agradecer a este servi\u00e7o\u201d, completou o presidente da ACA.<\/p>\n\n\n\n<p><strong>Um movimento que pede apoio<\/strong><\/p>\n\n\n\n<p>O \u201cMutir\u00e3o no Bairro\u201d \u00e9 mais que uma opera\u00e7\u00e3o t\u00e9cnica: \u00e9 um resgate do Centro para quem vive, trabalha e visita Manaus. Os quilos de material retirados abrem espa\u00e7o para ruas mais seguras, atrativas e movimentadas. Ao lado da retirada de cabos, o Implurb prepara novas etapas de revitaliza\u00e7\u00e3o e reorganiza\u00e7\u00e3o urban\u00edstica.<\/p>\n\n\n\n<p>\u2014 \u2014 \u2014<br><strong>Texto &#8211;<\/strong> Cl\u00e1udia do Valle\/Implurb<br><strong>Fotos &#8211;<\/strong> Divulga\u00e7\u00e3o \/ Implurb<\/p>\n","protected":false},"excerpt":{"rendered":"","protected":false},"author":68,"featured_media":6622,"comment_status":"closed","ping_status":"closed","sticky":false,"template":"","format":"standard","meta":{"footnotes":""},"categories":[173],"tags":[1900,11,1888,15],"acf":[],"yoast_head":"<!-- This site is optimized with the Yoast SEO plugin v23.0 - https:\/\/yoast.com\/wordpress\/plugins\/seo\/ -->\n<title>Prefeitura avan\u00e7a na limpeza visual e chega a mais de 3 toneladas de fios e cabos retirados em seis vias do centro hist\u00f3rico<\/title>\n<meta name=\"description\" content=\"Em meio \u00e0 rotina dos pedestres no tradicional com\u00e9rcio do centro hist\u00f3rico, a Prefeitura de Manaus, via Instituto Municipal de Planejamento Urbano (Implurb), segue trabalhando para devolver urbanismo, seguran\u00e7a e ordem \u00e0s ruas do territ\u00f3rio. Nesta quarta-feira, 3\/9, foi realizada a 10\u00aa opera\u00e7\u00e3o de retirada de fios e cabos obsoletos, alcan\u00e7ando a marca de mais de 3 toneladas de material removido em apenas seis vias da capital.\" \/>\n<meta name=\"robots\" content=\"noindex, follow\" \/>\n<meta property=\"og:locale\" content=\"pt_BR\" \/>\n<meta property=\"og:type\" content=\"article\" \/>\n<meta property=\"og:title\" content=\"Prefeitura avan\u00e7a na limpeza visual e chega a mais de 3 toneladas de fios e cabos retirados em seis vias do centro hist\u00f3rico\" \/>\n<meta property=\"og:description\" content=\"Em meio \u00e0 rotina dos pedestres no tradicional com\u00e9rcio do centro hist\u00f3rico, a Prefeitura de Manaus, via Instituto Municipal de Planejamento Urbano (Implurb), segue trabalhando para devolver urbanismo, seguran\u00e7a e ordem \u00e0s ruas do territ\u00f3rio. Nesta quarta-feira, 3\/9, foi realizada a 10\u00aa opera\u00e7\u00e3o de retirada de fios e cabos obsoletos, alcan\u00e7ando a marca de mais de 3 toneladas de material removido em apenas seis vias da capital.\" \/>\n<meta property=\"og:url\" content=\"https:\/\/www.manaus.am.gov.br\/implurb\/limpeza-visual\/\" \/>\n<meta property=\"og:site_name\" content=\"IMPLURB\" \/>\n<meta property=\"article:published_time\" content=\"2025-09-03T20:59:12+00:00\" \/>\n<meta property=\"article:modified_time\" content=\"2025-09-03T20:59:14+00:00\" \/>\n<meta property=\"og:image\" content=\"https:\/\/www.manaus.am.gov.br\/implurb\/wp-content\/uploads\/sites\/13\/2025\/09\/guilherme4-1.jpeg\" \/>\n\t<meta property=\"og:image:width\" content=\"1280\" \/>\n\t<meta property=\"og:image:height\" content=\"960\" \/>\n\t<meta property=\"og:image:type\" content=\"image\/jpeg\" \/>\n<meta name=\"author\" content=\"bvalente\" \/>\n<meta name=\"twitter:card\" content=\"summary_large_image\" \/>\n<meta name=\"twitter:label1\" content=\"Written by\" \/>\n\t<meta name=\"twitter:data1\" content=\"bvalente\" \/>\n\t<meta name=\"twitter:label2\" content=\"Est. reading time\" \/>\n\t<meta name=\"twitter:data2\" content=\"3 minutos\" \/>\n<script type=\"application\/ld+json\" class=\"yoast-schema-graph\">{\"@context\":\"https:\/\/schema.org\",\"@graph\":[{\"@type\":\"WebPage\",\"@id\":\"https:\/\/www.manaus.am.gov.br\/implurb\/limpeza-visual\/\",\"url\":\"https:\/\/www.manaus.am.gov.br\/implurb\/limpeza-visual\/\",\"name\":\"Prefeitura avan\u00e7a na limpeza visual e chega a mais de 3 toneladas de fios e cabos retirados em seis vias do centro hist\u00f3rico\",\"isPartOf\":{\"@id\":\"https:\/\/www.manaus.am.gov.br\/implurb\/#website\"},\"primaryImageOfPage\":{\"@id\":\"https:\/\/www.manaus.am.gov.br\/implurb\/limpeza-visual\/#primaryimage\"},\"image\":{\"@id\":\"https:\/\/www.manaus.am.gov.br\/implurb\/limpeza-visual\/#primaryimage\"},\"thumbnailUrl\":\"https:\/\/www.manaus.am.gov.br\/implurb\/wp-content\/uploads\/sites\/13\/2025\/09\/guilherme4-1.jpeg\",\"datePublished\":\"2025-09-03T20:59:12+00:00\",\"dateModified\":\"2025-09-03T20:59:14+00:00\",\"author\":{\"@id\":\"https:\/\/www.manaus.am.gov.br\/implurb\/#\/schema\/person\/466a0e03ae4b6062809046bd560ac955\"},\"description\":\"Em meio \u00e0 rotina dos pedestres no tradicional com\u00e9rcio do centro hist\u00f3rico, a Prefeitura de Manaus, via Instituto Municipal de Planejamento Urbano (Implurb), segue trabalhando para devolver urbanismo, seguran\u00e7a e ordem \u00e0s ruas do territ\u00f3rio. Nesta quarta-feira, 3\/9, foi realizada a 10\u00aa opera\u00e7\u00e3o de retirada de fios e cabos obsoletos, alcan\u00e7ando a marca de mais de 3 toneladas de material removido em apenas seis vias da capital.\",\"breadcrumb\":{\"@id\":\"https:\/\/www.manaus.am.gov.br\/implurb\/limpeza-visual\/#breadcrumb\"},\"inLanguage\":\"pt-BR\",\"potentialAction\":[{\"@type\":\"ReadAction\",\"target\":[\"https:\/\/www.manaus.am.gov.br\/implurb\/limpeza-visual\/\"]}]},{\"@type\":\"ImageObject\",\"inLanguage\":\"pt-BR\",\"@id\":\"https:\/\/www.manaus.am.gov.br\/implurb\/limpeza-visual\/#primaryimage\",\"url\":\"https:\/\/www.manaus.am.gov.br\/implurb\/wp-content\/uploads\/sites\/13\/2025\/09\/guilherme4-1.jpeg\",\"contentUrl\":\"https:\/\/www.manaus.am.gov.br\/implurb\/wp-content\/uploads\/sites\/13\/2025\/09\/guilherme4-1.jpeg\",\"width\":1280,\"height\":960},{\"@type\":\"BreadcrumbList\",\"@id\":\"https:\/\/www.manaus.am.gov.br\/implurb\/limpeza-visual\/#breadcrumb\",\"itemListElement\":[{\"@type\":\"ListItem\",\"position\":1,\"name\":\"Home\",\"item\":\"https:\/\/www.manaus.am.gov.br\/implurb\/\"},{\"@type\":\"ListItem\",\"position\":2,\"name\":\"Prefeitura avan\u00e7a na limpeza visual e chega a mais de 3 toneladas de fios e cabos retirados em seis vias do centro hist\u00f3rico\"}]},{\"@type\":\"WebSite\",\"@id\":\"https:\/\/www.manaus.am.gov.br\/implurb\/#website\",\"url\":\"https:\/\/www.manaus.am.gov.br\/implurb\/\",\"name\":\"IMPLURB\",\"description\":\"Prefeitura de Manaus\",\"potentialAction\":[{\"@type\":\"SearchAction\",\"target\":{\"@type\":\"EntryPoint\",\"urlTemplate\":\"https:\/\/www.manaus.am.gov.br\/implurb\/?s={search_term_string}\"},\"query-input\":\"required name=search_term_string\"}],\"inLanguage\":\"pt-BR\"},{\"@type\":\"Person\",\"@id\":\"https:\/\/www.manaus.am.gov.br\/implurb\/#\/schema\/person\/466a0e03ae4b6062809046bd560ac955\",\"name\":\"bvalente\",\"image\":{\"@type\":\"ImageObject\",\"inLanguage\":\"pt-BR\",\"@id\":\"https:\/\/www.manaus.am.gov.br\/implurb\/#\/schema\/person\/image\/\",\"url\":\"https:\/\/secure.gravatar.com\/avatar\/3e69bc2b014bdad41adfec3a39de07d2?s=96&d=mm&r=g\",\"contentUrl\":\"https:\/\/secure.gravatar.com\/avatar\/3e69bc2b014bdad41adfec3a39de07d2?s=96&d=mm&r=g\",\"caption\":\"bvalente\"}}]}<\/script>\n<!-- \/ Yoast SEO plugin. -->","yoast_head_json":{"title":"Prefeitura avan\u00e7a na limpeza visual e chega a mais de 3 toneladas de fios e cabos retirados em seis vias do centro hist\u00f3rico","description":"Em meio \u00e0 rotina dos pedestres no tradicional com\u00e9rcio do centro hist\u00f3rico, a Prefeitura de Manaus, via Instituto Municipal de Planejamento Urbano (Implurb), segue trabalhando para devolver urbanismo, seguran\u00e7a e ordem \u00e0s ruas do territ\u00f3rio. Nesta quarta-feira, 3\/9, foi realizada a 10\u00aa opera\u00e7\u00e3o de retirada de fios e cabos obsoletos, alcan\u00e7ando a marca de mais de 3 toneladas de material removido em apenas seis vias da capital.","robots":{"index":"noindex","follow":"follow"},"og_locale":"pt_BR","og_type":"article","og_title":"Prefeitura avan\u00e7a na limpeza visual e chega a mais de 3 toneladas de fios e cabos retirados em seis vias do centro hist\u00f3rico","og_description":"Em meio \u00e0 rotina dos pedestres no tradicional com\u00e9rcio do centro hist\u00f3rico, a Prefeitura de Manaus, via Instituto Municipal de Planejamento Urbano (Implurb), segue trabalhando para devolver urbanismo, seguran\u00e7a e ordem \u00e0s ruas do territ\u00f3rio. Nesta quarta-feira, 3\/9, foi realizada a 10\u00aa opera\u00e7\u00e3o de retirada de fios e cabos obsoletos, alcan\u00e7ando a marca de mais de 3 toneladas de material removido em apenas seis vias da capital.","og_url":"https:\/\/www.manaus.am.gov.br\/implurb\/limpeza-visual\/","og_site_name":"IMPLURB","article_published_time":"2025-09-03T20:59:12+00:00","article_modified_time":"2025-09-03T20:59:14+00:00","og_image":[{"width":1280,"height":960,"url":"https:\/\/www.manaus.am.gov.br\/implurb\/wp-content\/uploads\/sites\/13\/2025\/09\/guilherme4-1.jpeg","type":"image\/jpeg"}],"author":"bvalente","twitter_card":"summary_large_image","twitter_misc":{"Written by":"bvalente","Est. reading time":"3 minutos"},"schema":{"@context":"https:\/\/schema.org","@graph":[{"@type":"WebPage","@id":"https:\/\/www.manaus.am.gov.br\/implurb\/limpeza-visual\/","url":"https:\/\/www.manaus.am.gov.br\/implurb\/limpeza-visual\/","name":"Prefeitura avan\u00e7a na limpeza visual e chega a mais de 3 toneladas de fios e cabos retirados em seis vias do centro hist\u00f3rico","isPartOf":{"@id":"https:\/\/www.manaus.am.gov.br\/implurb\/#website"},"primaryImageOfPage":{"@id":"https:\/\/www.manaus.am.gov.br\/implurb\/limpeza-visual\/#primaryimage"},"image":{"@id":"https:\/\/www.manaus.am.gov.br\/implurb\/limpeza-visual\/#primaryimage"},"thumbnailUrl":"https:\/\/www.manaus.am.gov.br\/implurb\/wp-content\/uploads\/sites\/13\/2025\/09\/guilherme4-1.jpeg","datePublished":"2025-09-03T20:59:12+00:00","dateModified":"2025-09-03T20:59:14+00:00","author":{"@id":"https:\/\/www.manaus.am.gov.br\/implurb\/#\/schema\/person\/466a0e03ae4b6062809046bd560ac955"},"description":"Em meio \u00e0 rotina dos pedestres no tradicional com\u00e9rcio do centro hist\u00f3rico, a Prefeitura de Manaus, via Instituto Municipal de Planejamento Urbano (Implurb), segue trabalhando para devolver urbanismo, seguran\u00e7a e ordem \u00e0s ruas do territ\u00f3rio. Nesta quarta-feira, 3\/9, foi realizada a 10\u00aa opera\u00e7\u00e3o de retirada de fios e cabos obsoletos, alcan\u00e7ando a marca de mais de 3 toneladas de material removido em apenas seis vias da capital.","breadcrumb":{"@id":"https:\/\/www.manaus.am.gov.br\/implurb\/limpeza-visual\/#breadcrumb"},"inLanguage":"pt-BR","potentialAction":[{"@type":"ReadAction","target":["https:\/\/www.manaus.am.gov.br\/implurb\/limpeza-visual\/"]}]},{"@type":"ImageObject","inLanguage":"pt-BR","@id":"https:\/\/www.manaus.am.gov.br\/implurb\/limpeza-visual\/#primaryimage","url":"https:\/\/www.manaus.am.gov.br\/implurb\/wp-content\/uploads\/sites\/13\/2025\/09\/guilherme4-1.jpeg","contentUrl":"https:\/\/www.manaus.am.gov.br\/implurb\/wp-content\/uploads\/sites\/13\/2025\/09\/guilherme4-1.jpeg","width":1280,"height":960},{"@type":"BreadcrumbList","@id":"https:\/\/www.manaus.am.gov.br\/implurb\/limpeza-visual\/#breadcrumb","itemListElement":[{"@type":"ListItem","position":1,"name":"Home","item":"https:\/\/www.manaus.am.gov.br\/implurb\/"},{"@type":"ListItem","position":2,"name":"Prefeitura avan\u00e7a na limpeza visual e chega a mais de 3 toneladas de fios e cabos retirados em seis vias do centro hist\u00f3rico"}]},{"@type":"WebSite","@id":"https:\/\/www.manaus.am.gov.br\/implurb\/#website","url":"https:\/\/www.manaus.am.gov.br\/implurb\/","name":"IMPLURB","description":"Prefeitura de Manaus","potentialAction":[{"@type":"SearchAction","target":{"@type":"EntryPoint","urlTemplate":"https:\/\/www.manaus.am.gov.br\/implurb\/?s={search_term_string}"},"query-input":"required name=search_term_string"}],"inLanguage":"pt-BR"},{"@type":"Person","@id":"https:\/\/www.manaus.am.gov.br\/implurb\/#\/schema\/person\/466a0e03ae4b6062809046bd560ac955","name":"bvalente","image":{"@type":"ImageObject","inLanguage":"pt-BR","@id":"https:\/\/www.manaus.am.gov.br\/implurb\/#\/schema\/person\/image\/","url":"https:\/\/secure.gravatar.com\/avatar\/3e69bc2b014bdad41adfec3a39de07d2?s=96&d=mm&r=g","contentUrl":"https:\/\/secure.gravatar.com\/avatar\/3e69bc2b014bdad41adfec3a39de07d2?s=96&d=mm&r=g","caption":"bvalente"}}]}},"_links":{"self":[{"href":"https:\/\/www.manaus.am.gov.br\/implurb\/wp-json\/wp\/v2\/posts\/6621"}],"collection":[{"href":"https:\/\/www.manaus.am.gov.br\/implurb\/wp-json\/wp\/v2\/posts"}],"about":[{"href":"https:\/\/www.manaus.am.gov.br\/implurb\/wp-json\/wp\/v2\/types\/post"}],"author":[{"embeddable":true,"href":"https:\/\/www.manaus.am.gov.br\/implurb\/wp-json\/wp\/v2\/users\/68"}],"replies":[{"embeddable":true,"href":"https:\/\/www.manaus.am.gov.br\/implurb\/wp-json\/wp\/v2\/comments?post=6621"}],"version-history":[{"count":0,"href":"https:\/\/www.manaus.am.gov.br\/implurb\/wp-json\/wp\/v2\/posts\/6621\/revisions"}],"wp:featuredmedia":[{"embeddable":true,"href":"https:\/\/www.manaus.am.gov.br\/implurb\/wp-json\/wp\/v2\/media\/6622"}],"wp:attachment":[{"href":"https:\/\/www.manaus.am.gov.br\/implurb\/wp-json\/wp\/v2\/media?parent=6621"}],"wp:term":[{"taxonomy":"category","embeddable":true,"href":"https:\/\/www.manaus.am.gov.br\/implurb\/wp-json\/wp\/v2\/categories?post=6621"},{"taxonomy":"post_tag","embeddable":true,"href":"https:\/\/www.manaus.am.gov.br\/implurb\/wp-json\/wp\/v2\/tags?post=6621"}],"curies":[{"name":"wp","href":"https:\/\/api.w.org\/{rel}","templated":true}]}}