{"id":6611,"date":"2025-09-01T11:01:12","date_gmt":"2025-09-01T15:01:12","guid":{"rendered":"https:\/\/www.manaus.am.gov.br\/implurb\/prefeitura-implurb-inrede-manaus\/"},"modified":"2025-09-01T11:01:15","modified_gmt":"2025-09-01T15:01:15","slug":"prefeitura-implurb-inrede-manaus","status":"publish","type":"post","link":"https:\/\/www.manaus.am.gov.br\/implurb\/prefeitura-implurb-inrede-manaus\/","title":{"rendered":"Come\u00e7a a contagem regressiva para o\u00a011\u00ba Encontro InRede, evento sediado pela Prefeitura de Manaus"},"content":{"rendered":"\n<p>A chegada de setembro intensifica as expectativas para a realiza\u00e7\u00e3o do 11\u00ba Encontro Nacional da Rede Brasileira de Institutos de Planejamento (InRede), que acontecer\u00e1 de 25 a 27 de setembro, tendo a Prefeitura de Manaus como anfitri\u00e3, via Instituto Municipal de Planejamento Urbano (Implurb). O evento nacional, cujo tema \u00e9 \u201cDesenvolvimento Urbano Integrado\u201d, conta com o apoio institucional do Minist\u00e9rio das Cidades, Programa de Assentamentos Humanos das Na\u00e7\u00f5es Unidas (ONU-Habitat) e a Coopera\u00e7\u00e3o Brasil-Alemanha (GIZ).<\/p>\n\n\n\n<p>Representantes de cidades como S\u00e3o Paulo (SP), Bras\u00edlia (DF), Curitiba (PR), Maring\u00e1 (PR), Ribeir\u00e3o Preto (SP), Campo Grande (MS), S\u00e3o Lu\u00eds (MA), Niter\u00f3i (RJ) e Reden\u00e7\u00e3o (PA) j\u00e1 confirmaram presen\u00e7a na capital amazonense, faltando 24 dias para o encontro.<\/p>\n\n\n\n<p>\u201cEsse encontro em Manaus ser\u00e1 um marco para o planejamento urbano no Brasil. Mais do que compartilhar iniciativas, \u00e9 o momento de afirmar o papel estrat\u00e9gico do planejamento diante das mudan\u00e7as clim\u00e1ticas, da sustentabilidade e da constru\u00e7\u00e3o de cidades mais humanas\u201d, destacou o diretor-presidente do Implurb, Carlos Valente.<\/p>\n\n\n\n<p>Experi\u00eancias<\/p>\n\n\n\n<p>Durante tr\u00eas dias, os participantes v\u00e3o compartilhar experi\u00eancias e debater caminhos para a constru\u00e7\u00e3o de centros urbanos mais inclusivos, resilientes e conectados.<\/p>\n\n\n\n<p>E o Implurb chama aten\u00e7\u00e3o para as cidades, entidades e institui\u00e7\u00f5es interessadas em enviar projetos para apresenta\u00e7\u00e3o de \u201cBoas Pr\u00e1ticas\u201d no encontro, que o prazo para as inscri\u00e7\u00f5es se encerra no dia 10\/9. As experi\u00eancias inscritas ir\u00e3o compor os pain\u00e9is do dia 26\/9, espa\u00e7o dedicado \u00e0 troca de solu\u00e7\u00f5es inovadoras e ao fortalecimento da cultura do planejamento urbano no Brasil. As propostas devem ser encaminhadas at\u00e9 10\/9, para os e-mails da organiza\u00e7\u00e3o:&nbsp;<a href=\"mailto:inredeimplurb25@gmail.com\" target=\"_blank\" rel=\"noreferrer noopener\">inredeimplurb25@gmail.com<\/a>&nbsp;e&nbsp;<a href=\"mailto:presidenciaimplurb@gmail.com\" target=\"_blank\" rel=\"noreferrer noopener\">presidenciaimplurb@gmail.com<\/a>.<\/p>\n\n\n\n<p>\u201cA participa\u00e7\u00e3o dos munic\u00edpios \u00e9 essencial para transformar desafios em oportunidades e dar visibilidade \u00e0 inova\u00e7\u00e3o que nasce em cada territ\u00f3rio brasileiro\u201d, refor\u00e7ou Valente.<\/p>\n\n\n\n<p><strong>Agenda 2030<\/strong><\/p>\n\n\n\n<p>O InRede conta com o apoio do Minist\u00e9rio das Cidades, ONU-Habitat e Coopera\u00e7\u00e3o Brasil-Alemanha (GIZ) e segue como uma voz ativa na articula\u00e7\u00e3o de pol\u00edticas p\u00fablicas, alinhada \u00e0 Agenda 2030 e \u00e0 Nova Agenda Urbana.<\/p>\n\n\n\n<p>&#8212; &#8212; &#8212;<\/p>\n\n\n\n<p><strong>Texto <\/strong>\u2013\u00a0Cl\u00e1udia do Valle \/ Implurb<\/p>\n\n\n\n<p><strong>Fotos\u00a0<\/strong>\u2013 Divulga\u00e7\u00e3o<\/p>\n","protected":false},"excerpt":{"rendered":"","protected":false},"author":23,"featured_media":6612,"comment_status":"closed","ping_status":"closed","sticky":false,"template":"","format":"standard","meta":{"footnotes":""},"categories":[33],"tags":[591,716,11,448,829,15],"acf":[],"yoast_head":"<!-- This site is optimized with the Yoast SEO plugin v23.0 - https:\/\/yoast.com\/wordpress\/plugins\/seo\/ -->\n<title>Come\u00e7a a contagem regressiva para o 11\u00ba Encontro InRede, evento sediado pela Prefeitura de Manaus<\/title>\n<meta name=\"description\" content=\"A chegada de setembro intensifica as expectativas para a realiza\u00e7\u00e3o do 11\u00ba Encontro Nacional da Rede Brasileira de Institutos de Planejamento (InRede), que acontecer\u00e1 de 25 a 27 de setembro, tendo a Prefeitura de Manaus como anfitri\u00e3, via Instituto Municipal de Planejamento Urbano (Implurb).\" \/>\n<meta name=\"robots\" content=\"noindex, follow\" \/>\n<meta property=\"og:locale\" content=\"pt_BR\" \/>\n<meta property=\"og:type\" content=\"article\" \/>\n<meta property=\"og:title\" content=\"Come\u00e7a a contagem regressiva para o 11\u00ba Encontro InRede, evento sediado pela Prefeitura de Manaus\" \/>\n<meta property=\"og:description\" content=\"A chegada de setembro intensifica as expectativas para a realiza\u00e7\u00e3o do 11\u00ba Encontro Nacional da Rede Brasileira de Institutos de Planejamento (InRede), que acontecer\u00e1 de 25 a 27 de setembro, tendo a Prefeitura de Manaus como anfitri\u00e3, via Instituto Municipal de Planejamento Urbano (Implurb).\" \/>\n<meta property=\"og:url\" content=\"https:\/\/www.manaus.am.gov.br\/implurb\/prefeitura-implurb-inrede-manaus\/\" \/>\n<meta property=\"og:site_name\" content=\"IMPLURB\" \/>\n<meta property=\"article:published_time\" content=\"2025-09-01T15:01:12+00:00\" \/>\n<meta property=\"article:modified_time\" content=\"2025-09-01T15:01:15+00:00\" \/>\n<meta property=\"og:image\" content=\"https:\/\/www.manaus.am.gov.br\/implurb\/wp-content\/uploads\/sites\/13\/2025\/09\/inredeNOVO.jpg\" \/>\n\t<meta property=\"og:image:width\" content=\"4160\" \/>\n\t<meta property=\"og:image:height\" content=\"3120\" \/>\n\t<meta property=\"og:image:type\" content=\"image\/jpeg\" \/>\n<meta name=\"author\" content=\"Adriana Costa\" \/>\n<meta name=\"twitter:card\" content=\"summary_large_image\" \/>\n<meta name=\"twitter:label1\" content=\"Written by\" \/>\n\t<meta name=\"twitter:data1\" content=\"Adriana Costa\" \/>\n\t<meta name=\"twitter:label2\" content=\"Est. reading time\" \/>\n\t<meta name=\"twitter:data2\" content=\"3 minutos\" \/>\n<script type=\"application\/ld+json\" class=\"yoast-schema-graph\">{\"@context\":\"https:\/\/schema.org\",\"@graph\":[{\"@type\":\"WebPage\",\"@id\":\"https:\/\/www.manaus.am.gov.br\/implurb\/prefeitura-implurb-inrede-manaus\/\",\"url\":\"https:\/\/www.manaus.am.gov.br\/implurb\/prefeitura-implurb-inrede-manaus\/\",\"name\":\"Come\u00e7a a contagem regressiva para o 11\u00ba Encontro InRede, evento sediado pela Prefeitura de Manaus\",\"isPartOf\":{\"@id\":\"https:\/\/www.manaus.am.gov.br\/implurb\/#website\"},\"primaryImageOfPage\":{\"@id\":\"https:\/\/www.manaus.am.gov.br\/implurb\/prefeitura-implurb-inrede-manaus\/#primaryimage\"},\"image\":{\"@id\":\"https:\/\/www.manaus.am.gov.br\/implurb\/prefeitura-implurb-inrede-manaus\/#primaryimage\"},\"thumbnailUrl\":\"https:\/\/www.manaus.am.gov.br\/implurb\/wp-content\/uploads\/sites\/13\/2025\/09\/inredeNOVO.jpg\",\"datePublished\":\"2025-09-01T15:01:12+00:00\",\"dateModified\":\"2025-09-01T15:01:15+00:00\",\"author\":{\"@id\":\"https:\/\/www.manaus.am.gov.br\/implurb\/#\/schema\/person\/4e49f4e267757a06ca072ec61b2b9968\"},\"description\":\"A chegada de setembro intensifica as expectativas para a realiza\u00e7\u00e3o do 11\u00ba Encontro Nacional da Rede Brasileira de Institutos de Planejamento (InRede), que acontecer\u00e1 de 25 a 27 de setembro, tendo a Prefeitura de Manaus como anfitri\u00e3, via Instituto Municipal de Planejamento Urbano (Implurb).\",\"breadcrumb\":{\"@id\":\"https:\/\/www.manaus.am.gov.br\/implurb\/prefeitura-implurb-inrede-manaus\/#breadcrumb\"},\"inLanguage\":\"pt-BR\",\"potentialAction\":[{\"@type\":\"ReadAction\",\"target\":[\"https:\/\/www.manaus.am.gov.br\/implurb\/prefeitura-implurb-inrede-manaus\/\"]}]},{\"@type\":\"ImageObject\",\"inLanguage\":\"pt-BR\",\"@id\":\"https:\/\/www.manaus.am.gov.br\/implurb\/prefeitura-implurb-inrede-manaus\/#primaryimage\",\"url\":\"https:\/\/www.manaus.am.gov.br\/implurb\/wp-content\/uploads\/sites\/13\/2025\/09\/inredeNOVO.jpg\",\"contentUrl\":\"https:\/\/www.manaus.am.gov.br\/implurb\/wp-content\/uploads\/sites\/13\/2025\/09\/inredeNOVO.jpg\",\"width\":4160,\"height\":3120},{\"@type\":\"BreadcrumbList\",\"@id\":\"https:\/\/www.manaus.am.gov.br\/implurb\/prefeitura-implurb-inrede-manaus\/#breadcrumb\",\"itemListElement\":[{\"@type\":\"ListItem\",\"position\":1,\"name\":\"Home\",\"item\":\"https:\/\/www.manaus.am.gov.br\/implurb\/\"},{\"@type\":\"ListItem\",\"position\":2,\"name\":\"Come\u00e7a a contagem regressiva para o\u00a011\u00ba Encontro InRede, evento sediado pela Prefeitura de Manaus\"}]},{\"@type\":\"WebSite\",\"@id\":\"https:\/\/www.manaus.am.gov.br\/implurb\/#website\",\"url\":\"https:\/\/www.manaus.am.gov.br\/implurb\/\",\"name\":\"IMPLURB\",\"description\":\"Prefeitura de Manaus\",\"potentialAction\":[{\"@type\":\"SearchAction\",\"target\":{\"@type\":\"EntryPoint\",\"urlTemplate\":\"https:\/\/www.manaus.am.gov.br\/implurb\/?s={search_term_string}\"},\"query-input\":\"required name=search_term_string\"}],\"inLanguage\":\"pt-BR\"},{\"@type\":\"Person\",\"@id\":\"https:\/\/www.manaus.am.gov.br\/implurb\/#\/schema\/person\/4e49f4e267757a06ca072ec61b2b9968\",\"name\":\"Adriana Costa\",\"image\":{\"@type\":\"ImageObject\",\"inLanguage\":\"pt-BR\",\"@id\":\"https:\/\/www.manaus.am.gov.br\/implurb\/#\/schema\/person\/image\/\",\"url\":\"https:\/\/secure.gravatar.com\/avatar\/576258617ef7194f718179e766d57bd4?s=96&d=mm&r=g\",\"contentUrl\":\"https:\/\/secure.gravatar.com\/avatar\/576258617ef7194f718179e766d57bd4?s=96&d=mm&r=g\",\"caption\":\"Adriana Costa\"}}]}<\/script>\n<!-- \/ Yoast SEO plugin. -->","yoast_head_json":{"title":"Come\u00e7a a contagem regressiva para o 11\u00ba Encontro InRede, evento sediado pela Prefeitura de Manaus","description":"A chegada de setembro intensifica as expectativas para a realiza\u00e7\u00e3o do 11\u00ba Encontro Nacional da Rede Brasileira de Institutos de Planejamento (InRede), que acontecer\u00e1 de 25 a 27 de setembro, tendo a Prefeitura de Manaus como anfitri\u00e3, via Instituto Municipal de Planejamento Urbano (Implurb).","robots":{"index":"noindex","follow":"follow"},"og_locale":"pt_BR","og_type":"article","og_title":"Come\u00e7a a contagem regressiva para o 11\u00ba Encontro InRede, evento sediado pela Prefeitura de Manaus","og_description":"A chegada de setembro intensifica as expectativas para a realiza\u00e7\u00e3o do 11\u00ba Encontro Nacional da Rede Brasileira de Institutos de Planejamento (InRede), que acontecer\u00e1 de 25 a 27 de setembro, tendo a Prefeitura de Manaus como anfitri\u00e3, via Instituto Municipal de Planejamento Urbano (Implurb).","og_url":"https:\/\/www.manaus.am.gov.br\/implurb\/prefeitura-implurb-inrede-manaus\/","og_site_name":"IMPLURB","article_published_time":"2025-09-01T15:01:12+00:00","article_modified_time":"2025-09-01T15:01:15+00:00","og_image":[{"width":4160,"height":3120,"url":"https:\/\/www.manaus.am.gov.br\/implurb\/wp-content\/uploads\/sites\/13\/2025\/09\/inredeNOVO.jpg","type":"image\/jpeg"}],"author":"Adriana Costa","twitter_card":"summary_large_image","twitter_misc":{"Written by":"Adriana Costa","Est. reading time":"3 minutos"},"schema":{"@context":"https:\/\/schema.org","@graph":[{"@type":"WebPage","@id":"https:\/\/www.manaus.am.gov.br\/implurb\/prefeitura-implurb-inrede-manaus\/","url":"https:\/\/www.manaus.am.gov.br\/implurb\/prefeitura-implurb-inrede-manaus\/","name":"Come\u00e7a a contagem regressiva para o 11\u00ba Encontro InRede, evento sediado pela Prefeitura de Manaus","isPartOf":{"@id":"https:\/\/www.manaus.am.gov.br\/implurb\/#website"},"primaryImageOfPage":{"@id":"https:\/\/www.manaus.am.gov.br\/implurb\/prefeitura-implurb-inrede-manaus\/#primaryimage"},"image":{"@id":"https:\/\/www.manaus.am.gov.br\/implurb\/prefeitura-implurb-inrede-manaus\/#primaryimage"},"thumbnailUrl":"https:\/\/www.manaus.am.gov.br\/implurb\/wp-content\/uploads\/sites\/13\/2025\/09\/inredeNOVO.jpg","datePublished":"2025-09-01T15:01:12+00:00","dateModified":"2025-09-01T15:01:15+00:00","author":{"@id":"https:\/\/www.manaus.am.gov.br\/implurb\/#\/schema\/person\/4e49f4e267757a06ca072ec61b2b9968"},"description":"A chegada de setembro intensifica as expectativas para a realiza\u00e7\u00e3o do 11\u00ba Encontro Nacional da Rede Brasileira de Institutos de Planejamento (InRede), que acontecer\u00e1 de 25 a 27 de setembro, tendo a Prefeitura de Manaus como anfitri\u00e3, via Instituto Municipal de Planejamento Urbano (Implurb).","breadcrumb":{"@id":"https:\/\/www.manaus.am.gov.br\/implurb\/prefeitura-implurb-inrede-manaus\/#breadcrumb"},"inLanguage":"pt-BR","potentialAction":[{"@type":"ReadAction","target":["https:\/\/www.manaus.am.gov.br\/implurb\/prefeitura-implurb-inrede-manaus\/"]}]},{"@type":"ImageObject","inLanguage":"pt-BR","@id":"https:\/\/www.manaus.am.gov.br\/implurb\/prefeitura-implurb-inrede-manaus\/#primaryimage","url":"https:\/\/www.manaus.am.gov.br\/implurb\/wp-content\/uploads\/sites\/13\/2025\/09\/inredeNOVO.jpg","contentUrl":"https:\/\/www.manaus.am.gov.br\/implurb\/wp-content\/uploads\/sites\/13\/2025\/09\/inredeNOVO.jpg","width":4160,"height":3120},{"@type":"BreadcrumbList","@id":"https:\/\/www.manaus.am.gov.br\/implurb\/prefeitura-implurb-inrede-manaus\/#breadcrumb","itemListElement":[{"@type":"ListItem","position":1,"name":"Home","item":"https:\/\/www.manaus.am.gov.br\/implurb\/"},{"@type":"ListItem","position":2,"name":"Come\u00e7a a contagem regressiva para o\u00a011\u00ba Encontro InRede, evento sediado pela Prefeitura de Manaus"}]},{"@type":"WebSite","@id":"https:\/\/www.manaus.am.gov.br\/implurb\/#website","url":"https:\/\/www.manaus.am.gov.br\/implurb\/","name":"IMPLURB","description":"Prefeitura de Manaus","potentialAction":[{"@type":"SearchAction","target":{"@type":"EntryPoint","urlTemplate":"https:\/\/www.manaus.am.gov.br\/implurb\/?s={search_term_string}"},"query-input":"required name=search_term_string"}],"inLanguage":"pt-BR"},{"@type":"Person","@id":"https:\/\/www.manaus.am.gov.br\/implurb\/#\/schema\/person\/4e49f4e267757a06ca072ec61b2b9968","name":"Adriana Costa","image":{"@type":"ImageObject","inLanguage":"pt-BR","@id":"https:\/\/www.manaus.am.gov.br\/implurb\/#\/schema\/person\/image\/","url":"https:\/\/secure.gravatar.com\/avatar\/576258617ef7194f718179e766d57bd4?s=96&d=mm&r=g","contentUrl":"https:\/\/secure.gravatar.com\/avatar\/576258617ef7194f718179e766d57bd4?s=96&d=mm&r=g","caption":"Adriana Costa"}}]}},"_links":{"self":[{"href":"https:\/\/www.manaus.am.gov.br\/implurb\/wp-json\/wp\/v2\/posts\/6611"}],"collection":[{"href":"https:\/\/www.manaus.am.gov.br\/implurb\/wp-json\/wp\/v2\/posts"}],"about":[{"href":"https:\/\/www.manaus.am.gov.br\/implurb\/wp-json\/wp\/v2\/types\/post"}],"author":[{"embeddable":true,"href":"https:\/\/www.manaus.am.gov.br\/implurb\/wp-json\/wp\/v2\/users\/23"}],"replies":[{"embeddable":true,"href":"https:\/\/www.manaus.am.gov.br\/implurb\/wp-json\/wp\/v2\/comments?post=6611"}],"version-history":[{"count":0,"href":"https:\/\/www.manaus.am.gov.br\/implurb\/wp-json\/wp\/v2\/posts\/6611\/revisions"}],"wp:featuredmedia":[{"embeddable":true,"href":"https:\/\/www.manaus.am.gov.br\/implurb\/wp-json\/wp\/v2\/media\/6612"}],"wp:attachment":[{"href":"https:\/\/www.manaus.am.gov.br\/implurb\/wp-json\/wp\/v2\/media?parent=6611"}],"wp:term":[{"taxonomy":"category","embeddable":true,"href":"https:\/\/www.manaus.am.gov.br\/implurb\/wp-json\/wp\/v2\/categories?post=6611"},{"taxonomy":"post_tag","embeddable":true,"href":"https:\/\/www.manaus.am.gov.br\/implurb\/wp-json\/wp\/v2\/tags?post=6611"}],"curies":[{"name":"wp","href":"https:\/\/api.w.org\/{rel}","templated":true}]}}