{"id":6592,"date":"2025-08-26T10:33:30","date_gmt":"2025-08-26T14:33:30","guid":{"rendered":"https:\/\/www.manaus.am.gov.br\/implurb\/prefeitura-implurb-novosalvarasdeconstrucao\/"},"modified":"2025-08-26T10:33:35","modified_gmt":"2025-08-26T14:33:35","slug":"prefeitura-implurb-novosalvarasdeconstrucao","status":"publish","type":"post","link":"https:\/\/www.manaus.am.gov.br\/implurb\/prefeitura-implurb-novosalvarasdeconstrucao\/","title":{"rendered":"Prefeitura tem alta de 6% em novos alvar\u00e1s de constru\u00e7\u00e3o emitidos pelo Implurb"},"content":{"rendered":"\n<p>A capital amazonense segue os n\u00fameros positivos de crescimento da constru\u00e7\u00e3o civil no pa\u00eds. A Prefeitura de Manaus registrou alta de 6% no n\u00famero de novos alvar\u00e1s de constru\u00e7\u00e3o emitidos de janeiro a julho deste ano, somando 419 documentos, contra 397 do ano anterior. Em julho, o incremento foi da ordem de 25%, com 84 certid\u00f5es expedidas. Em 2024, foram 67.<\/p>\n\n\n\n<p>Em volume de \u00e1rea, em julho, tamb\u00e9m houve acr\u00e9scimo de 40%, com mais de 57 mil metros quadrados licenciados, contra 40,8 mil metros quadrados de 2024.<\/p>\n\n\n\n<p>&#8220;Manaus est\u00e1 em plena expans\u00e3o na constru\u00e7\u00e3o civil. Nos primeiros sete meses de 2025, emitimos 419 novos alvar\u00e1s de constru\u00e7\u00e3o, 25% a mais que em julho do ano passado, totalizando mais de 476 mil metros quadrados licenciados. Desde o in\u00edcio da gest\u00e3o do prefeito David Almeida, j\u00e1 ultrapassamos a marca de 5,2 milh\u00f5es de metros quadrados, gerando mais obras, mais economia e mais oportunidades para a cidade&#8221;, afirmou o diretor-presidente do Implurb, Carlos Valente.<\/p>\n\n\n\n<p>As certid\u00f5es de alvar\u00e1 de constru\u00e7\u00e3o expedidas pelo Implurb s\u00e3o 4.000, entre janeiro de 2021 e julho de 2025.<\/p>\n\n\n\n<p><strong>No Brasil<\/strong><\/p>\n\n\n\n<p>As vendas e os lan\u00e7amentos de im\u00f3veis residenciais no Brasil subiram no primeiro semestre de 2025, em rela\u00e7\u00e3o aos primeiros seis meses do ano passado, ainda apoiados pelos incentivos do programa \u201cMinha Casa, Minha Vida\u201d, segundo dados da C\u00e2mara Brasileira da Ind\u00fastria da Constru\u00e7\u00e3o (Cbic).<\/p>\n\n\n\n<p>&#8212; &#8212; &#8212;<\/p>\n\n\n\n<p><strong>Texto<\/strong>&nbsp;\u2013 Claudia do Valle\/ Implurb<\/p>\n\n\n\n<p><strong>Fotos<\/strong>&nbsp;\u2013 Divulga\u00e7\u00e3o<\/p>\n","protected":false},"excerpt":{"rendered":"","protected":false},"author":23,"featured_media":6593,"comment_status":"closed","ping_status":"closed","sticky":false,"template":"","format":"standard","meta":{"footnotes":""},"categories":[33],"tags":[397,11,1854,1633,15],"acf":[],"yoast_head":"<!-- This site is optimized with the Yoast SEO plugin v23.0 - https:\/\/yoast.com\/wordpress\/plugins\/seo\/ -->\n<title>Prefeitura tem alta de 6% em novos alvar\u00e1s de constru\u00e7\u00e3o emitidos pelo Implurb<\/title>\n<meta name=\"description\" content=\"A capital amazonense segue os n\u00fameros positivos de crescimento da constru\u00e7\u00e3o civil no pa\u00eds. A Prefeitura de Manaus registrou alta de 6% no n\u00famero de novos alvar\u00e1s de constru\u00e7\u00e3o\" \/>\n<meta name=\"robots\" content=\"noindex, follow\" \/>\n<meta property=\"og:locale\" content=\"pt_BR\" \/>\n<meta property=\"og:type\" content=\"article\" \/>\n<meta property=\"og:title\" content=\"Prefeitura tem alta de 6% em novos alvar\u00e1s de constru\u00e7\u00e3o emitidos pelo Implurb\" \/>\n<meta property=\"og:description\" content=\"A capital amazonense segue os n\u00fameros positivos de crescimento da constru\u00e7\u00e3o civil no pa\u00eds. A Prefeitura de Manaus registrou alta de 6% no n\u00famero de novos alvar\u00e1s de constru\u00e7\u00e3o\" \/>\n<meta property=\"og:url\" content=\"https:\/\/www.manaus.am.gov.br\/implurb\/prefeitura-implurb-novosalvarasdeconstrucao\/\" \/>\n<meta property=\"og:site_name\" content=\"IMPLURB\" \/>\n<meta property=\"article:published_time\" content=\"2025-08-26T14:33:30+00:00\" \/>\n<meta property=\"article:modified_time\" content=\"2025-08-26T14:33:35+00:00\" \/>\n<meta property=\"og:image\" content=\"https:\/\/www.manaus.am.gov.br\/implurb\/wp-content\/uploads\/sites\/13\/2025\/08\/construcaogeral2-1.png\" \/>\n\t<meta property=\"og:image:width\" content=\"617\" \/>\n\t<meta property=\"og:image:height\" content=\"412\" \/>\n\t<meta property=\"og:image:type\" content=\"image\/png\" \/>\n<meta name=\"author\" content=\"Adriana Costa\" \/>\n<meta name=\"twitter:card\" content=\"summary_large_image\" \/>\n<meta name=\"twitter:label1\" content=\"Written by\" \/>\n\t<meta name=\"twitter:data1\" content=\"Adriana Costa\" \/>\n\t<meta name=\"twitter:label2\" content=\"Est. reading time\" \/>\n\t<meta name=\"twitter:data2\" content=\"2 minutos\" \/>\n<script type=\"application\/ld+json\" class=\"yoast-schema-graph\">{\"@context\":\"https:\/\/schema.org\",\"@graph\":[{\"@type\":\"WebPage\",\"@id\":\"https:\/\/www.manaus.am.gov.br\/implurb\/prefeitura-implurb-novosalvarasdeconstrucao\/\",\"url\":\"https:\/\/www.manaus.am.gov.br\/implurb\/prefeitura-implurb-novosalvarasdeconstrucao\/\",\"name\":\"Prefeitura tem alta de 6% em novos alvar\u00e1s de constru\u00e7\u00e3o emitidos pelo Implurb\",\"isPartOf\":{\"@id\":\"https:\/\/www.manaus.am.gov.br\/implurb\/#website\"},\"primaryImageOfPage\":{\"@id\":\"https:\/\/www.manaus.am.gov.br\/implurb\/prefeitura-implurb-novosalvarasdeconstrucao\/#primaryimage\"},\"image\":{\"@id\":\"https:\/\/www.manaus.am.gov.br\/implurb\/prefeitura-implurb-novosalvarasdeconstrucao\/#primaryimage\"},\"thumbnailUrl\":\"https:\/\/www.manaus.am.gov.br\/implurb\/wp-content\/uploads\/sites\/13\/2025\/08\/construcaogeral2-1.png\",\"datePublished\":\"2025-08-26T14:33:30+00:00\",\"dateModified\":\"2025-08-26T14:33:35+00:00\",\"author\":{\"@id\":\"https:\/\/www.manaus.am.gov.br\/implurb\/#\/schema\/person\/4e49f4e267757a06ca072ec61b2b9968\"},\"description\":\"A capital amazonense segue os n\u00fameros positivos de crescimento da constru\u00e7\u00e3o civil no pa\u00eds. A Prefeitura de Manaus registrou alta de 6% no n\u00famero de novos alvar\u00e1s de constru\u00e7\u00e3o\",\"breadcrumb\":{\"@id\":\"https:\/\/www.manaus.am.gov.br\/implurb\/prefeitura-implurb-novosalvarasdeconstrucao\/#breadcrumb\"},\"inLanguage\":\"pt-BR\",\"potentialAction\":[{\"@type\":\"ReadAction\",\"target\":[\"https:\/\/www.manaus.am.gov.br\/implurb\/prefeitura-implurb-novosalvarasdeconstrucao\/\"]}]},{\"@type\":\"ImageObject\",\"inLanguage\":\"pt-BR\",\"@id\":\"https:\/\/www.manaus.am.gov.br\/implurb\/prefeitura-implurb-novosalvarasdeconstrucao\/#primaryimage\",\"url\":\"https:\/\/www.manaus.am.gov.br\/implurb\/wp-content\/uploads\/sites\/13\/2025\/08\/construcaogeral2-1.png\",\"contentUrl\":\"https:\/\/www.manaus.am.gov.br\/implurb\/wp-content\/uploads\/sites\/13\/2025\/08\/construcaogeral2-1.png\",\"width\":617,\"height\":412},{\"@type\":\"BreadcrumbList\",\"@id\":\"https:\/\/www.manaus.am.gov.br\/implurb\/prefeitura-implurb-novosalvarasdeconstrucao\/#breadcrumb\",\"itemListElement\":[{\"@type\":\"ListItem\",\"position\":1,\"name\":\"Home\",\"item\":\"https:\/\/www.manaus.am.gov.br\/implurb\/\"},{\"@type\":\"ListItem\",\"position\":2,\"name\":\"Prefeitura tem alta de 6% em novos alvar\u00e1s de constru\u00e7\u00e3o emitidos pelo Implurb\"}]},{\"@type\":\"WebSite\",\"@id\":\"https:\/\/www.manaus.am.gov.br\/implurb\/#website\",\"url\":\"https:\/\/www.manaus.am.gov.br\/implurb\/\",\"name\":\"IMPLURB\",\"description\":\"Prefeitura de Manaus\",\"potentialAction\":[{\"@type\":\"SearchAction\",\"target\":{\"@type\":\"EntryPoint\",\"urlTemplate\":\"https:\/\/www.manaus.am.gov.br\/implurb\/?s={search_term_string}\"},\"query-input\":\"required name=search_term_string\"}],\"inLanguage\":\"pt-BR\"},{\"@type\":\"Person\",\"@id\":\"https:\/\/www.manaus.am.gov.br\/implurb\/#\/schema\/person\/4e49f4e267757a06ca072ec61b2b9968\",\"name\":\"Adriana Costa\",\"image\":{\"@type\":\"ImageObject\",\"inLanguage\":\"pt-BR\",\"@id\":\"https:\/\/www.manaus.am.gov.br\/implurb\/#\/schema\/person\/image\/\",\"url\":\"https:\/\/secure.gravatar.com\/avatar\/576258617ef7194f718179e766d57bd4?s=96&d=mm&r=g\",\"contentUrl\":\"https:\/\/secure.gravatar.com\/avatar\/576258617ef7194f718179e766d57bd4?s=96&d=mm&r=g\",\"caption\":\"Adriana Costa\"}}]}<\/script>\n<!-- \/ Yoast SEO plugin. -->","yoast_head_json":{"title":"Prefeitura tem alta de 6% em novos alvar\u00e1s de constru\u00e7\u00e3o emitidos pelo Implurb","description":"A capital amazonense segue os n\u00fameros positivos de crescimento da constru\u00e7\u00e3o civil no pa\u00eds. A Prefeitura de Manaus registrou alta de 6% no n\u00famero de novos alvar\u00e1s de constru\u00e7\u00e3o","robots":{"index":"noindex","follow":"follow"},"og_locale":"pt_BR","og_type":"article","og_title":"Prefeitura tem alta de 6% em novos alvar\u00e1s de constru\u00e7\u00e3o emitidos pelo Implurb","og_description":"A capital amazonense segue os n\u00fameros positivos de crescimento da constru\u00e7\u00e3o civil no pa\u00eds. A Prefeitura de Manaus registrou alta de 6% no n\u00famero de novos alvar\u00e1s de constru\u00e7\u00e3o","og_url":"https:\/\/www.manaus.am.gov.br\/implurb\/prefeitura-implurb-novosalvarasdeconstrucao\/","og_site_name":"IMPLURB","article_published_time":"2025-08-26T14:33:30+00:00","article_modified_time":"2025-08-26T14:33:35+00:00","og_image":[{"width":617,"height":412,"url":"https:\/\/www.manaus.am.gov.br\/implurb\/wp-content\/uploads\/sites\/13\/2025\/08\/construcaogeral2-1.png","type":"image\/png"}],"author":"Adriana Costa","twitter_card":"summary_large_image","twitter_misc":{"Written by":"Adriana Costa","Est. reading time":"2 minutos"},"schema":{"@context":"https:\/\/schema.org","@graph":[{"@type":"WebPage","@id":"https:\/\/www.manaus.am.gov.br\/implurb\/prefeitura-implurb-novosalvarasdeconstrucao\/","url":"https:\/\/www.manaus.am.gov.br\/implurb\/prefeitura-implurb-novosalvarasdeconstrucao\/","name":"Prefeitura tem alta de 6% em novos alvar\u00e1s de constru\u00e7\u00e3o emitidos pelo Implurb","isPartOf":{"@id":"https:\/\/www.manaus.am.gov.br\/implurb\/#website"},"primaryImageOfPage":{"@id":"https:\/\/www.manaus.am.gov.br\/implurb\/prefeitura-implurb-novosalvarasdeconstrucao\/#primaryimage"},"image":{"@id":"https:\/\/www.manaus.am.gov.br\/implurb\/prefeitura-implurb-novosalvarasdeconstrucao\/#primaryimage"},"thumbnailUrl":"https:\/\/www.manaus.am.gov.br\/implurb\/wp-content\/uploads\/sites\/13\/2025\/08\/construcaogeral2-1.png","datePublished":"2025-08-26T14:33:30+00:00","dateModified":"2025-08-26T14:33:35+00:00","author":{"@id":"https:\/\/www.manaus.am.gov.br\/implurb\/#\/schema\/person\/4e49f4e267757a06ca072ec61b2b9968"},"description":"A capital amazonense segue os n\u00fameros positivos de crescimento da constru\u00e7\u00e3o civil no pa\u00eds. A Prefeitura de Manaus registrou alta de 6% no n\u00famero de novos alvar\u00e1s de constru\u00e7\u00e3o","breadcrumb":{"@id":"https:\/\/www.manaus.am.gov.br\/implurb\/prefeitura-implurb-novosalvarasdeconstrucao\/#breadcrumb"},"inLanguage":"pt-BR","potentialAction":[{"@type":"ReadAction","target":["https:\/\/www.manaus.am.gov.br\/implurb\/prefeitura-implurb-novosalvarasdeconstrucao\/"]}]},{"@type":"ImageObject","inLanguage":"pt-BR","@id":"https:\/\/www.manaus.am.gov.br\/implurb\/prefeitura-implurb-novosalvarasdeconstrucao\/#primaryimage","url":"https:\/\/www.manaus.am.gov.br\/implurb\/wp-content\/uploads\/sites\/13\/2025\/08\/construcaogeral2-1.png","contentUrl":"https:\/\/www.manaus.am.gov.br\/implurb\/wp-content\/uploads\/sites\/13\/2025\/08\/construcaogeral2-1.png","width":617,"height":412},{"@type":"BreadcrumbList","@id":"https:\/\/www.manaus.am.gov.br\/implurb\/prefeitura-implurb-novosalvarasdeconstrucao\/#breadcrumb","itemListElement":[{"@type":"ListItem","position":1,"name":"Home","item":"https:\/\/www.manaus.am.gov.br\/implurb\/"},{"@type":"ListItem","position":2,"name":"Prefeitura tem alta de 6% em novos alvar\u00e1s de constru\u00e7\u00e3o emitidos pelo Implurb"}]},{"@type":"WebSite","@id":"https:\/\/www.manaus.am.gov.br\/implurb\/#website","url":"https:\/\/www.manaus.am.gov.br\/implurb\/","name":"IMPLURB","description":"Prefeitura de Manaus","potentialAction":[{"@type":"SearchAction","target":{"@type":"EntryPoint","urlTemplate":"https:\/\/www.manaus.am.gov.br\/implurb\/?s={search_term_string}"},"query-input":"required name=search_term_string"}],"inLanguage":"pt-BR"},{"@type":"Person","@id":"https:\/\/www.manaus.am.gov.br\/implurb\/#\/schema\/person\/4e49f4e267757a06ca072ec61b2b9968","name":"Adriana Costa","image":{"@type":"ImageObject","inLanguage":"pt-BR","@id":"https:\/\/www.manaus.am.gov.br\/implurb\/#\/schema\/person\/image\/","url":"https:\/\/secure.gravatar.com\/avatar\/576258617ef7194f718179e766d57bd4?s=96&d=mm&r=g","contentUrl":"https:\/\/secure.gravatar.com\/avatar\/576258617ef7194f718179e766d57bd4?s=96&d=mm&r=g","caption":"Adriana Costa"}}]}},"_links":{"self":[{"href":"https:\/\/www.manaus.am.gov.br\/implurb\/wp-json\/wp\/v2\/posts\/6592"}],"collection":[{"href":"https:\/\/www.manaus.am.gov.br\/implurb\/wp-json\/wp\/v2\/posts"}],"about":[{"href":"https:\/\/www.manaus.am.gov.br\/implurb\/wp-json\/wp\/v2\/types\/post"}],"author":[{"embeddable":true,"href":"https:\/\/www.manaus.am.gov.br\/implurb\/wp-json\/wp\/v2\/users\/23"}],"replies":[{"embeddable":true,"href":"https:\/\/www.manaus.am.gov.br\/implurb\/wp-json\/wp\/v2\/comments?post=6592"}],"version-history":[{"count":0,"href":"https:\/\/www.manaus.am.gov.br\/implurb\/wp-json\/wp\/v2\/posts\/6592\/revisions"}],"wp:featuredmedia":[{"embeddable":true,"href":"https:\/\/www.manaus.am.gov.br\/implurb\/wp-json\/wp\/v2\/media\/6593"}],"wp:attachment":[{"href":"https:\/\/www.manaus.am.gov.br\/implurb\/wp-json\/wp\/v2\/media?parent=6592"}],"wp:term":[{"taxonomy":"category","embeddable":true,"href":"https:\/\/www.manaus.am.gov.br\/implurb\/wp-json\/wp\/v2\/categories?post=6592"},{"taxonomy":"post_tag","embeddable":true,"href":"https:\/\/www.manaus.am.gov.br\/implurb\/wp-json\/wp\/v2\/tags?post=6592"}],"curies":[{"name":"wp","href":"https:\/\/api.w.org\/{rel}","templated":true}]}}