{"id":6547,"date":"2025-08-25T11:22:49","date_gmt":"2025-08-25T15:22:49","guid":{"rendered":"https:\/\/www.manaus.am.gov.br\/implurb\/prefeitura-implurb-patrimonio\/"},"modified":"2025-08-25T11:22:50","modified_gmt":"2025-08-25T15:22:50","slug":"prefeitura-implurb-patrimonio","status":"publish","type":"post","link":"https:\/\/www.manaus.am.gov.br\/implurb\/prefeitura-implurb-patrimonio\/","title":{"rendered":"No m\u00eas dedicado ao patrim\u00f4nio hist\u00f3rico, prefeitura destaca exemplares tombados e resgate da beleza arquitet\u00f4nica"},"content":{"rendered":"\n<p>Agosto \u00e9 o m\u00eas dedicado ao patrim\u00f4nio hist\u00f3rico \u2013 material e imaterial \u2013, per\u00edodo em que se refor\u00e7a a import\u00e2ncia da preserva\u00e7\u00e3o da mem\u00f3ria coletiva e da identidade cultural das cidades brasileiras. Em Manaus, esse debate ganha um significado ainda mais especial: o centro hist\u00f3rico, tombado pelo Instituto do Patrim\u00f4nio Hist\u00f3rico e Art\u00edstico Nacional (Iphan) em 2012, guarda exemplares \u00fanicos da arquitetura da&nbsp;<em>Belle \u00c9poque.<\/em><\/p>\n\n\n\n<p>E agosto tamb\u00e9m marca uma a\u00e7\u00e3o in\u00e9dita da Prefeitura de Manaus, somando esfor\u00e7os para o resgate da beleza do territ\u00f3rio, fazendo uma edi\u00e7\u00e3o do \u201cMutir\u00e3o no Bairro\u201d no Centro, com dura\u00e7\u00e3o de 90 dias, 16 secretarias envolvidas e mais de mil servidores em a\u00e7\u00e3o.<\/p>\n\n\n\n<p>Mais do que edif\u00edcios, o patrim\u00f4nio \u00e9 a tradu\u00e7\u00e3o da pr\u00f3pria viv\u00eancia da cidade ao longo do tempo. Para a gerente de Patrim\u00f4nio Hist\u00f3rico (GPH) do Instituto Municipal de Planejamento Urbano (Implurb), arquitetura e urbanista Landa Bernardo, a preserva\u00e7\u00e3o est\u00e1 ligada tanto \u00e0 mem\u00f3ria quanto ao desenvolvimento cultural de Manaus. \u201cA import\u00e2ncia da preserva\u00e7\u00e3o do patrim\u00f4nio n\u00e3o est\u00e1 apenas na parte das edifica\u00e7\u00f5es, mas em todo o desenvolvimento que elas trazem para a nossa cidade e tamb\u00e9m culturalmente, sobre nossa mem\u00f3ria e sobre o que somos. O patrim\u00f4nio mostra a diversidade e \u00e9 a partir desse legado que vamos manter presente, passado e futuro\u201d, destacou.<\/p>\n\n\n\n<p>Na mesma linha, o diretor de Planejamento (DPLA), arquiteto e urbanista Pedro Paulo Cordeiro, lembra que a data refor\u00e7a a necessidade de se refletir sobre o lugar do patrim\u00f4nio na vida urbana atual. \u201cA import\u00e2ncia de se ter uma data em que se comemore a quest\u00e3o do patrim\u00f4nio hist\u00f3rico \u00e9 exatamente para podermos refletir a import\u00e2ncia que isso tem para a viv\u00eancia urbana. Quando voc\u00ea preserva e d\u00e1 novos usos, voc\u00ea aumenta a capacidade desse bem cultural e fortalece sua representatividade na cidade, tanto sua hist\u00f3ria, quanto a mem\u00f3ria e a preserva\u00e7\u00e3o\u201d, afirmou.<\/p>\n\n\n\n<p>Cordeiro tamb\u00e9m cita exemplos simb\u00f3licos de Manaus, que atravessam gera\u00e7\u00f5es e refor\u00e7am a mem\u00f3ria afetiva dos moradores. \u201cO Teatro Amazonas, a igreja de S\u00e3o Sebasti\u00e3o e o pr\u00f3prio largo de S\u00e3o Sebasti\u00e3o criam uma rela\u00e7\u00e3o que faz com que os habitantes vivenciem, admirem e preservem, para que as pr\u00f3ximas gera\u00e7\u00f5es possam entender a import\u00e2ncia desse legado. Manaus tem no Teatro Amazonas sua maior figura representativa, n\u00e3o apenas na quest\u00e3o do patrim\u00f4nio, mas na mem\u00f3ria afetiva da cidade\u201d, completou.<\/p>\n\n\n\n<p>Assim, o m\u00eas do patrim\u00f4nio n\u00e3o se restringe \u00e0 lembran\u00e7a de um passado distante, mas se consolida como oportunidade de projetar o futuro da cidade a partir da preserva\u00e7\u00e3o de seus s\u00edmbolos, hist\u00f3rias e afetos.<\/p>\n\n\n\n<p>Saberes<\/p>\n\n\n\n<p>Cheio de afetos, mem\u00f3rias, saberes e sabores, al\u00e9m de cheiros e tradi\u00e7\u00f5es, um exemplo de patrim\u00f4nio indiscut\u00edvel \u00e9 o mercado municipal Adolpho Lisboa, uma bel\u00edssima obra que demonstra uma passagem da arquitetura brasileira. O mercado, assim como o teatro, est\u00e1 na lista de im\u00f3veis hist\u00f3ricos, com o Centro tendo essa por\u00e7\u00e3o urbana formada por edifica\u00e7\u00f5es do per\u00edodo \u00e1ureo mesclada a edif\u00edcios modernos.&nbsp;<\/p>\n\n\n\n<p>O mercado foi constru\u00eddo no per\u00edodo \u00e1ureo da borracha e \u00e9 um dos principais exemplares da arquitetura de ferro sem similar em todo mundo, sendo tombado em 1\u00ba de julho de 1987 pelo Iphan. \u201cQuando se fala de patrim\u00f4nio, precisamos entender como podemos preservar, para que as gera\u00e7\u00f5es futuras possam conhecer os pr\u00e9dios que fazem parte da nossa viv\u00eancia, que marcaram uma \u00e9poca, principalmente, que foi o auge da borracha\u201d, completou Cordeiro.<\/p>\n\n\n\n<p>Ainda que fragmentada, Manaus possui um vocabul\u00e1rio arquitet\u00f4nico vasto e diversificado, com representa\u00e7\u00e3o de todas as correntes ecl\u00e9ticas e a verticaliza\u00e7\u00e3o ainda n\u00e3o compromete a percep\u00e7\u00e3o do espa\u00e7o criado na&nbsp;<em>Belle \u00c9poque<\/em>. A cidade pode ser vista como um espa\u00e7o urbano composto por monumentos, arquitetura corrente e \u00e1reas livres p\u00fablicas, formando um conjunto que celebra e representa o ecletismo no Norte do pa\u00eds.<\/p>\n\n\n\n<p>O Centro Hist\u00f3rico de Manaus abrange uma \u00e1rea entre a orla do rio Negro e o entorno do Teatro Amazonas e ainda mant\u00e9m os aspectos simb\u00f3licos e densos de realiza\u00e7\u00f5es art\u00edstico-construtivas. Nacionalmente, Manaus est\u00e1 no rol das cidades hist\u00f3ricas do Brasil, com inscri\u00e7\u00e3o no Livro de Tombo Hist\u00f3rico e no Livro de Tombo Arqueol\u00f3gico, Etnogr\u00e1fico e Paisag\u00edstico.<\/p>\n\n\n\n<p>&#8212; &#8212; &#8212;<\/p>\n\n\n\n<p><strong>Texto <\/strong>&#8211;\u00a0Cl\u00e1udia do Valle\/Implurb<\/p>\n\n\n\n<p><strong>Fotos<\/strong>\u00a0\u2013 Jo\u00e3o Viana \/ Semcom e Valdo Le\u00e3o\/ Semcom<\/p>\n\n\n\n<p><strong>Dispon\u00edveis em <\/strong>&#8211; <a href=\"https:\/\/www.flickr.com\/gp\/prefeiturademanaus\/i0f6u0Uh91\">https:\/\/www.flickr.com\/gp\/prefeiturademanaus\/i0f6u0Uh91<\/a><\/p>\n","protected":false},"excerpt":{"rendered":"","protected":false},"author":23,"featured_media":6548,"comment_status":"closed","ping_status":"closed","sticky":false,"template":"","format":"standard","meta":{"footnotes":""},"categories":[1877],"tags":[542,11,1884,15,1885],"acf":[],"yoast_head":"<!-- This site is optimized with the Yoast SEO plugin v23.0 - https:\/\/yoast.com\/wordpress\/plugins\/seo\/ -->\n<title>No m\u00eas dedicado ao patrim\u00f4nio hist\u00f3rico, prefeitura destaca exemplares tombados e resgate da beleza arquitet\u00f4nica<\/title>\n<meta name=\"description\" content=\"Agosto \u00e9 o m\u00eas dedicado ao patrim\u00f4nio hist\u00f3rico \u2013 material e imaterial \u2013, per\u00edodo em que se refor\u00e7a a import\u00e2ncia da preserva\u00e7\u00e3o da mem\u00f3ria coletiva e da identidade cultural das cidades brasileiras. Em Manaus, esse debate ganha um significado ainda mais especial: o centro hist\u00f3rico, tombado pelo Instituto do Patrim\u00f4nio Hist\u00f3rico e Art\u00edstico Nacional (Iphan) em 2012, guarda exemplares \u00fanicos da arquitetura da Belle \u00c9poque.\" \/>\n<meta name=\"robots\" content=\"noindex, follow\" \/>\n<meta property=\"og:locale\" content=\"pt_BR\" \/>\n<meta property=\"og:type\" content=\"article\" \/>\n<meta property=\"og:title\" content=\"No m\u00eas dedicado ao patrim\u00f4nio hist\u00f3rico, prefeitura destaca exemplares tombados e resgate da beleza arquitet\u00f4nica\" \/>\n<meta property=\"og:description\" content=\"Agosto \u00e9 o m\u00eas dedicado ao patrim\u00f4nio hist\u00f3rico \u2013 material e imaterial \u2013, per\u00edodo em que se refor\u00e7a a import\u00e2ncia da preserva\u00e7\u00e3o da mem\u00f3ria coletiva e da identidade cultural das cidades brasileiras. Em Manaus, esse debate ganha um significado ainda mais especial: o centro hist\u00f3rico, tombado pelo Instituto do Patrim\u00f4nio Hist\u00f3rico e Art\u00edstico Nacional (Iphan) em 2012, guarda exemplares \u00fanicos da arquitetura da Belle \u00c9poque.\" \/>\n<meta property=\"og:url\" content=\"https:\/\/www.manaus.am.gov.br\/implurb\/prefeitura-implurb-patrimonio\/\" \/>\n<meta property=\"og:site_name\" content=\"IMPLURB\" \/>\n<meta property=\"article:published_time\" content=\"2025-08-25T15:22:49+00:00\" \/>\n<meta property=\"article:modified_time\" content=\"2025-08-25T15:22:50+00:00\" \/>\n<meta property=\"og:image\" content=\"https:\/\/www.manaus.am.gov.br\/implurb\/wp-content\/uploads\/sites\/13\/2025\/08\/fachadas2.jpg\" \/>\n\t<meta property=\"og:image:width\" content=\"799\" \/>\n\t<meta property=\"og:image:height\" content=\"533\" \/>\n\t<meta property=\"og:image:type\" content=\"image\/jpeg\" \/>\n<meta name=\"author\" content=\"Adriana Costa\" \/>\n<meta name=\"twitter:card\" content=\"summary_large_image\" \/>\n<meta name=\"twitter:label1\" content=\"Written by\" \/>\n\t<meta name=\"twitter:data1\" content=\"Adriana Costa\" \/>\n\t<meta name=\"twitter:label2\" content=\"Est. reading time\" \/>\n\t<meta name=\"twitter:data2\" content=\"4 minutos\" \/>\n<script type=\"application\/ld+json\" class=\"yoast-schema-graph\">{\"@context\":\"https:\/\/schema.org\",\"@graph\":[{\"@type\":\"WebPage\",\"@id\":\"https:\/\/www.manaus.am.gov.br\/implurb\/prefeitura-implurb-patrimonio\/\",\"url\":\"https:\/\/www.manaus.am.gov.br\/implurb\/prefeitura-implurb-patrimonio\/\",\"name\":\"No m\u00eas dedicado ao patrim\u00f4nio hist\u00f3rico, prefeitura destaca exemplares tombados e resgate da beleza arquitet\u00f4nica\",\"isPartOf\":{\"@id\":\"https:\/\/www.manaus.am.gov.br\/implurb\/#website\"},\"primaryImageOfPage\":{\"@id\":\"https:\/\/www.manaus.am.gov.br\/implurb\/prefeitura-implurb-patrimonio\/#primaryimage\"},\"image\":{\"@id\":\"https:\/\/www.manaus.am.gov.br\/implurb\/prefeitura-implurb-patrimonio\/#primaryimage\"},\"thumbnailUrl\":\"https:\/\/www.manaus.am.gov.br\/implurb\/wp-content\/uploads\/sites\/13\/2025\/08\/fachadas2.jpg\",\"datePublished\":\"2025-08-25T15:22:49+00:00\",\"dateModified\":\"2025-08-25T15:22:50+00:00\",\"author\":{\"@id\":\"https:\/\/www.manaus.am.gov.br\/implurb\/#\/schema\/person\/4e49f4e267757a06ca072ec61b2b9968\"},\"description\":\"Agosto \u00e9 o m\u00eas dedicado ao patrim\u00f4nio hist\u00f3rico \u2013 material e imaterial \u2013, per\u00edodo em que se refor\u00e7a a import\u00e2ncia da preserva\u00e7\u00e3o da mem\u00f3ria coletiva e da identidade cultural das cidades brasileiras. Em Manaus, esse debate ganha um significado ainda mais especial: o centro hist\u00f3rico, tombado pelo Instituto do Patrim\u00f4nio Hist\u00f3rico e Art\u00edstico Nacional (Iphan) em 2012, guarda exemplares \u00fanicos da arquitetura da Belle \u00c9poque.\",\"breadcrumb\":{\"@id\":\"https:\/\/www.manaus.am.gov.br\/implurb\/prefeitura-implurb-patrimonio\/#breadcrumb\"},\"inLanguage\":\"pt-BR\",\"potentialAction\":[{\"@type\":\"ReadAction\",\"target\":[\"https:\/\/www.manaus.am.gov.br\/implurb\/prefeitura-implurb-patrimonio\/\"]}]},{\"@type\":\"ImageObject\",\"inLanguage\":\"pt-BR\",\"@id\":\"https:\/\/www.manaus.am.gov.br\/implurb\/prefeitura-implurb-patrimonio\/#primaryimage\",\"url\":\"https:\/\/www.manaus.am.gov.br\/implurb\/wp-content\/uploads\/sites\/13\/2025\/08\/fachadas2.jpg\",\"contentUrl\":\"https:\/\/www.manaus.am.gov.br\/implurb\/wp-content\/uploads\/sites\/13\/2025\/08\/fachadas2.jpg\",\"width\":799,\"height\":533},{\"@type\":\"BreadcrumbList\",\"@id\":\"https:\/\/www.manaus.am.gov.br\/implurb\/prefeitura-implurb-patrimonio\/#breadcrumb\",\"itemListElement\":[{\"@type\":\"ListItem\",\"position\":1,\"name\":\"Home\",\"item\":\"https:\/\/www.manaus.am.gov.br\/implurb\/\"},{\"@type\":\"ListItem\",\"position\":2,\"name\":\"No m\u00eas dedicado ao patrim\u00f4nio hist\u00f3rico, prefeitura destaca exemplares tombados e resgate da beleza arquitet\u00f4nica\"}]},{\"@type\":\"WebSite\",\"@id\":\"https:\/\/www.manaus.am.gov.br\/implurb\/#website\",\"url\":\"https:\/\/www.manaus.am.gov.br\/implurb\/\",\"name\":\"IMPLURB\",\"description\":\"Prefeitura de Manaus\",\"potentialAction\":[{\"@type\":\"SearchAction\",\"target\":{\"@type\":\"EntryPoint\",\"urlTemplate\":\"https:\/\/www.manaus.am.gov.br\/implurb\/?s={search_term_string}\"},\"query-input\":\"required name=search_term_string\"}],\"inLanguage\":\"pt-BR\"},{\"@type\":\"Person\",\"@id\":\"https:\/\/www.manaus.am.gov.br\/implurb\/#\/schema\/person\/4e49f4e267757a06ca072ec61b2b9968\",\"name\":\"Adriana Costa\",\"image\":{\"@type\":\"ImageObject\",\"inLanguage\":\"pt-BR\",\"@id\":\"https:\/\/www.manaus.am.gov.br\/implurb\/#\/schema\/person\/image\/\",\"url\":\"https:\/\/secure.gravatar.com\/avatar\/576258617ef7194f718179e766d57bd4?s=96&d=mm&r=g\",\"contentUrl\":\"https:\/\/secure.gravatar.com\/avatar\/576258617ef7194f718179e766d57bd4?s=96&d=mm&r=g\",\"caption\":\"Adriana Costa\"}}]}<\/script>\n<!-- \/ Yoast SEO plugin. -->","yoast_head_json":{"title":"No m\u00eas dedicado ao patrim\u00f4nio hist\u00f3rico, prefeitura destaca exemplares tombados e resgate da beleza arquitet\u00f4nica","description":"Agosto \u00e9 o m\u00eas dedicado ao patrim\u00f4nio hist\u00f3rico \u2013 material e imaterial \u2013, per\u00edodo em que se refor\u00e7a a import\u00e2ncia da preserva\u00e7\u00e3o da mem\u00f3ria coletiva e da identidade cultural das cidades brasileiras. Em Manaus, esse debate ganha um significado ainda mais especial: o centro hist\u00f3rico, tombado pelo Instituto do Patrim\u00f4nio Hist\u00f3rico e Art\u00edstico Nacional (Iphan) em 2012, guarda exemplares \u00fanicos da arquitetura da Belle \u00c9poque.","robots":{"index":"noindex","follow":"follow"},"og_locale":"pt_BR","og_type":"article","og_title":"No m\u00eas dedicado ao patrim\u00f4nio hist\u00f3rico, prefeitura destaca exemplares tombados e resgate da beleza arquitet\u00f4nica","og_description":"Agosto \u00e9 o m\u00eas dedicado ao patrim\u00f4nio hist\u00f3rico \u2013 material e imaterial \u2013, per\u00edodo em que se refor\u00e7a a import\u00e2ncia da preserva\u00e7\u00e3o da mem\u00f3ria coletiva e da identidade cultural das cidades brasileiras. Em Manaus, esse debate ganha um significado ainda mais especial: o centro hist\u00f3rico, tombado pelo Instituto do Patrim\u00f4nio Hist\u00f3rico e Art\u00edstico Nacional (Iphan) em 2012, guarda exemplares \u00fanicos da arquitetura da Belle \u00c9poque.","og_url":"https:\/\/www.manaus.am.gov.br\/implurb\/prefeitura-implurb-patrimonio\/","og_site_name":"IMPLURB","article_published_time":"2025-08-25T15:22:49+00:00","article_modified_time":"2025-08-25T15:22:50+00:00","og_image":[{"width":799,"height":533,"url":"https:\/\/www.manaus.am.gov.br\/implurb\/wp-content\/uploads\/sites\/13\/2025\/08\/fachadas2.jpg","type":"image\/jpeg"}],"author":"Adriana Costa","twitter_card":"summary_large_image","twitter_misc":{"Written by":"Adriana Costa","Est. reading time":"4 minutos"},"schema":{"@context":"https:\/\/schema.org","@graph":[{"@type":"WebPage","@id":"https:\/\/www.manaus.am.gov.br\/implurb\/prefeitura-implurb-patrimonio\/","url":"https:\/\/www.manaus.am.gov.br\/implurb\/prefeitura-implurb-patrimonio\/","name":"No m\u00eas dedicado ao patrim\u00f4nio hist\u00f3rico, prefeitura destaca exemplares tombados e resgate da beleza arquitet\u00f4nica","isPartOf":{"@id":"https:\/\/www.manaus.am.gov.br\/implurb\/#website"},"primaryImageOfPage":{"@id":"https:\/\/www.manaus.am.gov.br\/implurb\/prefeitura-implurb-patrimonio\/#primaryimage"},"image":{"@id":"https:\/\/www.manaus.am.gov.br\/implurb\/prefeitura-implurb-patrimonio\/#primaryimage"},"thumbnailUrl":"https:\/\/www.manaus.am.gov.br\/implurb\/wp-content\/uploads\/sites\/13\/2025\/08\/fachadas2.jpg","datePublished":"2025-08-25T15:22:49+00:00","dateModified":"2025-08-25T15:22:50+00:00","author":{"@id":"https:\/\/www.manaus.am.gov.br\/implurb\/#\/schema\/person\/4e49f4e267757a06ca072ec61b2b9968"},"description":"Agosto \u00e9 o m\u00eas dedicado ao patrim\u00f4nio hist\u00f3rico \u2013 material e imaterial \u2013, per\u00edodo em que se refor\u00e7a a import\u00e2ncia da preserva\u00e7\u00e3o da mem\u00f3ria coletiva e da identidade cultural das cidades brasileiras. Em Manaus, esse debate ganha um significado ainda mais especial: o centro hist\u00f3rico, tombado pelo Instituto do Patrim\u00f4nio Hist\u00f3rico e Art\u00edstico Nacional (Iphan) em 2012, guarda exemplares \u00fanicos da arquitetura da Belle \u00c9poque.","breadcrumb":{"@id":"https:\/\/www.manaus.am.gov.br\/implurb\/prefeitura-implurb-patrimonio\/#breadcrumb"},"inLanguage":"pt-BR","potentialAction":[{"@type":"ReadAction","target":["https:\/\/www.manaus.am.gov.br\/implurb\/prefeitura-implurb-patrimonio\/"]}]},{"@type":"ImageObject","inLanguage":"pt-BR","@id":"https:\/\/www.manaus.am.gov.br\/implurb\/prefeitura-implurb-patrimonio\/#primaryimage","url":"https:\/\/www.manaus.am.gov.br\/implurb\/wp-content\/uploads\/sites\/13\/2025\/08\/fachadas2.jpg","contentUrl":"https:\/\/www.manaus.am.gov.br\/implurb\/wp-content\/uploads\/sites\/13\/2025\/08\/fachadas2.jpg","width":799,"height":533},{"@type":"BreadcrumbList","@id":"https:\/\/www.manaus.am.gov.br\/implurb\/prefeitura-implurb-patrimonio\/#breadcrumb","itemListElement":[{"@type":"ListItem","position":1,"name":"Home","item":"https:\/\/www.manaus.am.gov.br\/implurb\/"},{"@type":"ListItem","position":2,"name":"No m\u00eas dedicado ao patrim\u00f4nio hist\u00f3rico, prefeitura destaca exemplares tombados e resgate da beleza arquitet\u00f4nica"}]},{"@type":"WebSite","@id":"https:\/\/www.manaus.am.gov.br\/implurb\/#website","url":"https:\/\/www.manaus.am.gov.br\/implurb\/","name":"IMPLURB","description":"Prefeitura de Manaus","potentialAction":[{"@type":"SearchAction","target":{"@type":"EntryPoint","urlTemplate":"https:\/\/www.manaus.am.gov.br\/implurb\/?s={search_term_string}"},"query-input":"required name=search_term_string"}],"inLanguage":"pt-BR"},{"@type":"Person","@id":"https:\/\/www.manaus.am.gov.br\/implurb\/#\/schema\/person\/4e49f4e267757a06ca072ec61b2b9968","name":"Adriana Costa","image":{"@type":"ImageObject","inLanguage":"pt-BR","@id":"https:\/\/www.manaus.am.gov.br\/implurb\/#\/schema\/person\/image\/","url":"https:\/\/secure.gravatar.com\/avatar\/576258617ef7194f718179e766d57bd4?s=96&d=mm&r=g","contentUrl":"https:\/\/secure.gravatar.com\/avatar\/576258617ef7194f718179e766d57bd4?s=96&d=mm&r=g","caption":"Adriana Costa"}}]}},"_links":{"self":[{"href":"https:\/\/www.manaus.am.gov.br\/implurb\/wp-json\/wp\/v2\/posts\/6547"}],"collection":[{"href":"https:\/\/www.manaus.am.gov.br\/implurb\/wp-json\/wp\/v2\/posts"}],"about":[{"href":"https:\/\/www.manaus.am.gov.br\/implurb\/wp-json\/wp\/v2\/types\/post"}],"author":[{"embeddable":true,"href":"https:\/\/www.manaus.am.gov.br\/implurb\/wp-json\/wp\/v2\/users\/23"}],"replies":[{"embeddable":true,"href":"https:\/\/www.manaus.am.gov.br\/implurb\/wp-json\/wp\/v2\/comments?post=6547"}],"version-history":[{"count":0,"href":"https:\/\/www.manaus.am.gov.br\/implurb\/wp-json\/wp\/v2\/posts\/6547\/revisions"}],"wp:featuredmedia":[{"embeddable":true,"href":"https:\/\/www.manaus.am.gov.br\/implurb\/wp-json\/wp\/v2\/media\/6548"}],"wp:attachment":[{"href":"https:\/\/www.manaus.am.gov.br\/implurb\/wp-json\/wp\/v2\/media?parent=6547"}],"wp:term":[{"taxonomy":"category","embeddable":true,"href":"https:\/\/www.manaus.am.gov.br\/implurb\/wp-json\/wp\/v2\/categories?post=6547"},{"taxonomy":"post_tag","embeddable":true,"href":"https:\/\/www.manaus.am.gov.br\/implurb\/wp-json\/wp\/v2\/tags?post=6547"}],"curies":[{"name":"wp","href":"https:\/\/api.w.org\/{rel}","templated":true}]}}