{"id":6539,"date":"2025-08-22T15:17:33","date_gmt":"2025-08-22T19:17:33","guid":{"rendered":"https:\/\/www.manaus.am.gov.br\/implurb\/audiencia-publica-riscos\/"},"modified":"2025-08-22T15:17:33","modified_gmt":"2025-08-22T19:17:33","slug":"audiencia-publica-riscos","status":"publish","type":"post","link":"https:\/\/www.manaus.am.gov.br\/implurb\/audiencia-publica-riscos\/","title":{"rendered":"Prefeitura chama sociedade civil para audi\u00eancia p\u00fablica do Plano Municipal de Redu\u00e7\u00e3o de Riscos"},"content":{"rendered":"\n<p>No pr\u00f3ximo dia 27 de agosto, a sociedade civil organizada e entidades poder\u00e3o participar da audi\u00eancia p\u00fablica do Plano Municipal de Redu\u00e7\u00e3o de Riscos (PMRR), para apresenta\u00e7\u00e3o dos resultados do estudo, que acontecer\u00e1 no audit\u00f3rio do Servi\u00e7o Geol\u00f3gico do Brasil (SGB), na avenida Andr\u00e9 Ara\u00fajo, 2.010, Petr\u00f3polis, zona Sul.<\/p>\n\n\n\n<p>A apresenta\u00e7\u00e3o de resultados ser\u00e1 feita pelo comit\u00ea gestor do Plano Municipal, contando ainda com o lan\u00e7amento do Mapeamento de Setores de Risco atualizado em 2024\/2025 pelo Servi\u00e7o Geol\u00f3gico, \u00e0s 10h.<\/p>\n\n\n\n<p>Os trabalhos s\u00e3o parte de uma parceria entre a Prefeitura e a Universidade Federal do Amazonas (Ufam), com constru\u00e7\u00e3o t\u00e9cnica e colaborativa do plano municipal, contando com a participa\u00e7\u00e3o popular no apontamento de \u00e1reas associadas a risco de deslizamentos, eros\u00e3o, alagamentos e inunda\u00e7\u00f5es.<\/p>\n\n\n\n<p>As contribui\u00e7\u00f5es e sugest\u00f5es podem ser enviadas por email para pmrr@ufam.edu.br, com foco na redu\u00e7\u00e3o de riscos de desastres na capital, para constru\u00e7\u00e3o do plano din\u00e2mico e cont\u00ednuo, abrangendo todas as \u00e1reas do munic\u00edpio e com projetos para mitiga\u00e7\u00e3o.<\/p>\n\n\n<div class=\"wp-block-image\">\n<figure class=\"aligncenter size-large is-resized\"><img decoding=\"async\" src=\"https:\/\/www.manaus.am.gov.br\/implurb\/wp-content\/uploads\/sites\/13\/2025\/08\/riscos10-576x1024.jpeg\" alt=\"\" class=\"wp-image-6541\" style=\"width:335px;height:auto\" \/><\/figure><\/div>\n\n\n<p><strong>Parceria<\/strong><\/p>\n\n\n\n<p>Para o gerente de Parcelamento do Solo (GPS) do Instituto Municipal de Planejamento Urbano (Implurb), Cl\u00e1udio Bel\u00e9m, o PMRR est\u00e1 na fase final do cronograma de atividades, com a participa\u00e7\u00e3o popular e divulga\u00e7\u00e3o para inclus\u00e3o de dados de moradores. Ano passado, a prefeitura instituiu o Comit\u00ea Gestor de Redu\u00e7\u00e3o de Risco de Desastres (CGRRD), tendo como coordenador o diretor do Implurb, Carlos Valente.<\/p>\n\n\n\n<p>\u201cDurante a audi\u00eancia estaremos recebendo as contribui\u00e7\u00f5es sociais e p\u00fablicas para integra\u00e7\u00e3o junto ao plano. \u00c9 importante ter a participa\u00e7\u00e3o coletiva e respons\u00e1vel nesta discuss\u00e3o, tendo como objetivo que a popula\u00e7\u00e3o esteja em seguran\u00e7a\u201d, comentou Bel\u00e9m.<\/p>\n\n\n\n<p><strong>Ufam<\/strong><\/p>\n\n\n\n<p>O doutor em Clima e Ambiente da Ufam, Rog\u00e9rio Marinho, faz parte da cria\u00e7\u00e3o do plano antidesastres para Manaus, atuando na identifica\u00e7\u00e3o das \u00e1reas priorit\u00e1rias e a defini\u00e7\u00e3o da metodologia de mapeamento. Rog\u00e9rio Marinho tamb\u00e9m atua como professor de Geografia F\u00edsica na gradua\u00e7\u00e3o e p\u00f3s-gradua\u00e7\u00e3o da universidade.<\/p>\n\n\n\n<p>&#8220;Com o corpo t\u00e9cnico da universidade, professores, pesquisadores, alunos e profissionais das secretarias municipais estamos desenvolvendo o plano, o primeiro da capital. Aproximadamente, tem mais de 1.600 setores mapeados e, nestas primeiras fases, focamos nas \u00e1reas de risco alto e muito alto, que a gente chama de R3 (alto) e R4 (muito alto), relacionados a processos hidrol\u00f3gicos (cheia, inunda\u00e7\u00e3o, enxurradas, alagamentos), e processos geol\u00f3gicos, que a gente chama de deslizamentos, eros\u00f5es, movimentos de massa&#8221;, explicou Marinho.<\/p>\n\n\n\n<p>As zonas Leste e Norte da capital t\u00eam alguns dos setores de R3 e R4 priorit\u00e1rios, especialmente quando chega o per\u00edodo de chuvas. A popula\u00e7\u00e3o que reside nestas regi\u00f5es deve redobrar a aten\u00e7\u00e3o nos per\u00edodos de chuva intensa e, ao identificar qualquer situa\u00e7\u00e3o de emerg\u00eancia, pode acionar a Defesa Civil pelo n\u00famero 199 ou no n\u00famero alternativo (92) 98802-3547.<\/p>\n\n\n\n<p><strong>Participe do Plano Municipal de Redu\u00e7\u00e3o de Riscos de Desastres de Manaus<\/strong><\/p>\n\n\n\n<p>Como colaborar:<\/p>\n\n\n\n<p>1.Envie sugest\u00f5es e contribui\u00e7\u00f5es para: <a href=\"mailto:pmrr@ufam.edu.br\">pmrr@ufam.edu.br<\/a><\/p>\n\n\n\n<p>&#8212; &#8212; &#8212;<\/p>\n\n\n\n<p><strong>Texto<\/strong> \u2013 Claudia do Valle \/ Implurb<\/p>\n\n\n\n<p><strong>Fotos<\/strong> -Maxwell Oliveira \/ Implurb<\/p>\n","protected":false},"excerpt":{"rendered":"","protected":false},"author":61,"featured_media":6540,"comment_status":"closed","ping_status":"closed","sticky":false,"template":"","format":"standard","meta":{"footnotes":""},"categories":[173],"tags":[1880,11,1881,15],"acf":[],"yoast_head":"<!-- This site is optimized with the Yoast SEO plugin v23.0 - https:\/\/yoast.com\/wordpress\/plugins\/seo\/ -->\n<title>Prefeitura chama sociedade civil para audi\u00eancia p\u00fablica do Plano Municipal de Redu\u00e7\u00e3o de Riscos<\/title>\n<meta name=\"description\" content=\"No pr\u00f3ximo dia 27 de agosto, a sociedade civil organizada e entidades poder\u00e3o participar da audi\u00eancia p\u00fablica do Plano Municipal de Redu\u00e7\u00e3o de Riscos (PMRR).\" \/>\n<meta name=\"robots\" content=\"noindex, follow\" \/>\n<meta property=\"og:locale\" content=\"pt_BR\" \/>\n<meta property=\"og:type\" content=\"article\" \/>\n<meta property=\"og:title\" content=\"Prefeitura chama sociedade civil para audi\u00eancia p\u00fablica do Plano Municipal de Redu\u00e7\u00e3o de Riscos\" \/>\n<meta property=\"og:description\" content=\"No pr\u00f3ximo dia 27 de agosto, a sociedade civil organizada e entidades poder\u00e3o participar da audi\u00eancia p\u00fablica do Plano Municipal de Redu\u00e7\u00e3o de Riscos (PMRR).\" \/>\n<meta property=\"og:url\" content=\"https:\/\/www.manaus.am.gov.br\/implurb\/audiencia-publica-riscos\/\" \/>\n<meta property=\"og:site_name\" content=\"IMPLURB\" \/>\n<meta property=\"article:published_time\" content=\"2025-08-22T19:17:33+00:00\" \/>\n<meta property=\"og:image\" content=\"https:\/\/www.manaus.am.gov.br\/implurb\/wp-content\/uploads\/sites\/13\/2025\/08\/riscos.jpeg\" \/>\n\t<meta property=\"og:image:width\" content=\"1200\" \/>\n\t<meta property=\"og:image:height\" content=\"978\" \/>\n\t<meta property=\"og:image:type\" content=\"image\/jpeg\" \/>\n<meta name=\"author\" content=\"smonteiro\" \/>\n<meta name=\"twitter:card\" content=\"summary_large_image\" \/>\n<meta name=\"twitter:label1\" content=\"Written by\" \/>\n\t<meta name=\"twitter:data1\" content=\"smonteiro\" \/>\n\t<meta name=\"twitter:label2\" content=\"Est. reading time\" \/>\n\t<meta name=\"twitter:data2\" content=\"4 minutos\" \/>\n<script type=\"application\/ld+json\" class=\"yoast-schema-graph\">{\"@context\":\"https:\/\/schema.org\",\"@graph\":[{\"@type\":\"WebPage\",\"@id\":\"https:\/\/www.manaus.am.gov.br\/implurb\/audiencia-publica-riscos\/\",\"url\":\"https:\/\/www.manaus.am.gov.br\/implurb\/audiencia-publica-riscos\/\",\"name\":\"Prefeitura chama sociedade civil para audi\u00eancia p\u00fablica do Plano Municipal de Redu\u00e7\u00e3o de Riscos\",\"isPartOf\":{\"@id\":\"https:\/\/www.manaus.am.gov.br\/implurb\/#website\"},\"primaryImageOfPage\":{\"@id\":\"https:\/\/www.manaus.am.gov.br\/implurb\/audiencia-publica-riscos\/#primaryimage\"},\"image\":{\"@id\":\"https:\/\/www.manaus.am.gov.br\/implurb\/audiencia-publica-riscos\/#primaryimage\"},\"thumbnailUrl\":\"https:\/\/www.manaus.am.gov.br\/implurb\/wp-content\/uploads\/sites\/13\/2025\/08\/riscos.jpeg\",\"datePublished\":\"2025-08-22T19:17:33+00:00\",\"dateModified\":\"2025-08-22T19:17:33+00:00\",\"author\":{\"@id\":\"https:\/\/www.manaus.am.gov.br\/implurb\/#\/schema\/person\/ab4dcf766a54dff74e8d267f5c591961\"},\"description\":\"No pr\u00f3ximo dia 27 de agosto, a sociedade civil organizada e entidades poder\u00e3o participar da audi\u00eancia p\u00fablica do Plano Municipal de Redu\u00e7\u00e3o de Riscos (PMRR).\",\"breadcrumb\":{\"@id\":\"https:\/\/www.manaus.am.gov.br\/implurb\/audiencia-publica-riscos\/#breadcrumb\"},\"inLanguage\":\"pt-BR\",\"potentialAction\":[{\"@type\":\"ReadAction\",\"target\":[\"https:\/\/www.manaus.am.gov.br\/implurb\/audiencia-publica-riscos\/\"]}]},{\"@type\":\"ImageObject\",\"inLanguage\":\"pt-BR\",\"@id\":\"https:\/\/www.manaus.am.gov.br\/implurb\/audiencia-publica-riscos\/#primaryimage\",\"url\":\"https:\/\/www.manaus.am.gov.br\/implurb\/wp-content\/uploads\/sites\/13\/2025\/08\/riscos.jpeg\",\"contentUrl\":\"https:\/\/www.manaus.am.gov.br\/implurb\/wp-content\/uploads\/sites\/13\/2025\/08\/riscos.jpeg\",\"width\":1200,\"height\":978,\"caption\":\"#paratodosverem - placa indica uma \u00e1rea de risco, sujeita a deslizamentos\"},{\"@type\":\"BreadcrumbList\",\"@id\":\"https:\/\/www.manaus.am.gov.br\/implurb\/audiencia-publica-riscos\/#breadcrumb\",\"itemListElement\":[{\"@type\":\"ListItem\",\"position\":1,\"name\":\"Home\",\"item\":\"https:\/\/www.manaus.am.gov.br\/implurb\/\"},{\"@type\":\"ListItem\",\"position\":2,\"name\":\"Prefeitura chama sociedade civil para audi\u00eancia p\u00fablica do Plano Municipal de Redu\u00e7\u00e3o de Riscos\"}]},{\"@type\":\"WebSite\",\"@id\":\"https:\/\/www.manaus.am.gov.br\/implurb\/#website\",\"url\":\"https:\/\/www.manaus.am.gov.br\/implurb\/\",\"name\":\"IMPLURB\",\"description\":\"Prefeitura de Manaus\",\"potentialAction\":[{\"@type\":\"SearchAction\",\"target\":{\"@type\":\"EntryPoint\",\"urlTemplate\":\"https:\/\/www.manaus.am.gov.br\/implurb\/?s={search_term_string}\"},\"query-input\":\"required name=search_term_string\"}],\"inLanguage\":\"pt-BR\"},{\"@type\":\"Person\",\"@id\":\"https:\/\/www.manaus.am.gov.br\/implurb\/#\/schema\/person\/ab4dcf766a54dff74e8d267f5c591961\",\"name\":\"smonteiro\",\"image\":{\"@type\":\"ImageObject\",\"inLanguage\":\"pt-BR\",\"@id\":\"https:\/\/www.manaus.am.gov.br\/implurb\/#\/schema\/person\/image\/\",\"url\":\"https:\/\/secure.gravatar.com\/avatar\/21c8776ef61d9272c73322052e042d77?s=96&d=mm&r=g\",\"contentUrl\":\"https:\/\/secure.gravatar.com\/avatar\/21c8776ef61d9272c73322052e042d77?s=96&d=mm&r=g\",\"caption\":\"smonteiro\"}}]}<\/script>\n<!-- \/ Yoast SEO plugin. -->","yoast_head_json":{"title":"Prefeitura chama sociedade civil para audi\u00eancia p\u00fablica do Plano Municipal de Redu\u00e7\u00e3o de Riscos","description":"No pr\u00f3ximo dia 27 de agosto, a sociedade civil organizada e entidades poder\u00e3o participar da audi\u00eancia p\u00fablica do Plano Municipal de Redu\u00e7\u00e3o de Riscos (PMRR).","robots":{"index":"noindex","follow":"follow"},"og_locale":"pt_BR","og_type":"article","og_title":"Prefeitura chama sociedade civil para audi\u00eancia p\u00fablica do Plano Municipal de Redu\u00e7\u00e3o de Riscos","og_description":"No pr\u00f3ximo dia 27 de agosto, a sociedade civil organizada e entidades poder\u00e3o participar da audi\u00eancia p\u00fablica do Plano Municipal de Redu\u00e7\u00e3o de Riscos (PMRR).","og_url":"https:\/\/www.manaus.am.gov.br\/implurb\/audiencia-publica-riscos\/","og_site_name":"IMPLURB","article_published_time":"2025-08-22T19:17:33+00:00","og_image":[{"width":1200,"height":978,"url":"https:\/\/www.manaus.am.gov.br\/implurb\/wp-content\/uploads\/sites\/13\/2025\/08\/riscos.jpeg","type":"image\/jpeg"}],"author":"smonteiro","twitter_card":"summary_large_image","twitter_misc":{"Written by":"smonteiro","Est. reading time":"4 minutos"},"schema":{"@context":"https:\/\/schema.org","@graph":[{"@type":"WebPage","@id":"https:\/\/www.manaus.am.gov.br\/implurb\/audiencia-publica-riscos\/","url":"https:\/\/www.manaus.am.gov.br\/implurb\/audiencia-publica-riscos\/","name":"Prefeitura chama sociedade civil para audi\u00eancia p\u00fablica do Plano Municipal de Redu\u00e7\u00e3o de Riscos","isPartOf":{"@id":"https:\/\/www.manaus.am.gov.br\/implurb\/#website"},"primaryImageOfPage":{"@id":"https:\/\/www.manaus.am.gov.br\/implurb\/audiencia-publica-riscos\/#primaryimage"},"image":{"@id":"https:\/\/www.manaus.am.gov.br\/implurb\/audiencia-publica-riscos\/#primaryimage"},"thumbnailUrl":"https:\/\/www.manaus.am.gov.br\/implurb\/wp-content\/uploads\/sites\/13\/2025\/08\/riscos.jpeg","datePublished":"2025-08-22T19:17:33+00:00","dateModified":"2025-08-22T19:17:33+00:00","author":{"@id":"https:\/\/www.manaus.am.gov.br\/implurb\/#\/schema\/person\/ab4dcf766a54dff74e8d267f5c591961"},"description":"No pr\u00f3ximo dia 27 de agosto, a sociedade civil organizada e entidades poder\u00e3o participar da audi\u00eancia p\u00fablica do Plano Municipal de Redu\u00e7\u00e3o de Riscos (PMRR).","breadcrumb":{"@id":"https:\/\/www.manaus.am.gov.br\/implurb\/audiencia-publica-riscos\/#breadcrumb"},"inLanguage":"pt-BR","potentialAction":[{"@type":"ReadAction","target":["https:\/\/www.manaus.am.gov.br\/implurb\/audiencia-publica-riscos\/"]}]},{"@type":"ImageObject","inLanguage":"pt-BR","@id":"https:\/\/www.manaus.am.gov.br\/implurb\/audiencia-publica-riscos\/#primaryimage","url":"https:\/\/www.manaus.am.gov.br\/implurb\/wp-content\/uploads\/sites\/13\/2025\/08\/riscos.jpeg","contentUrl":"https:\/\/www.manaus.am.gov.br\/implurb\/wp-content\/uploads\/sites\/13\/2025\/08\/riscos.jpeg","width":1200,"height":978,"caption":"#paratodosverem - placa indica uma \u00e1rea de risco, sujeita a deslizamentos"},{"@type":"BreadcrumbList","@id":"https:\/\/www.manaus.am.gov.br\/implurb\/audiencia-publica-riscos\/#breadcrumb","itemListElement":[{"@type":"ListItem","position":1,"name":"Home","item":"https:\/\/www.manaus.am.gov.br\/implurb\/"},{"@type":"ListItem","position":2,"name":"Prefeitura chama sociedade civil para audi\u00eancia p\u00fablica do Plano Municipal de Redu\u00e7\u00e3o de Riscos"}]},{"@type":"WebSite","@id":"https:\/\/www.manaus.am.gov.br\/implurb\/#website","url":"https:\/\/www.manaus.am.gov.br\/implurb\/","name":"IMPLURB","description":"Prefeitura de Manaus","potentialAction":[{"@type":"SearchAction","target":{"@type":"EntryPoint","urlTemplate":"https:\/\/www.manaus.am.gov.br\/implurb\/?s={search_term_string}"},"query-input":"required name=search_term_string"}],"inLanguage":"pt-BR"},{"@type":"Person","@id":"https:\/\/www.manaus.am.gov.br\/implurb\/#\/schema\/person\/ab4dcf766a54dff74e8d267f5c591961","name":"smonteiro","image":{"@type":"ImageObject","inLanguage":"pt-BR","@id":"https:\/\/www.manaus.am.gov.br\/implurb\/#\/schema\/person\/image\/","url":"https:\/\/secure.gravatar.com\/avatar\/21c8776ef61d9272c73322052e042d77?s=96&d=mm&r=g","contentUrl":"https:\/\/secure.gravatar.com\/avatar\/21c8776ef61d9272c73322052e042d77?s=96&d=mm&r=g","caption":"smonteiro"}}]}},"_links":{"self":[{"href":"https:\/\/www.manaus.am.gov.br\/implurb\/wp-json\/wp\/v2\/posts\/6539"}],"collection":[{"href":"https:\/\/www.manaus.am.gov.br\/implurb\/wp-json\/wp\/v2\/posts"}],"about":[{"href":"https:\/\/www.manaus.am.gov.br\/implurb\/wp-json\/wp\/v2\/types\/post"}],"author":[{"embeddable":true,"href":"https:\/\/www.manaus.am.gov.br\/implurb\/wp-json\/wp\/v2\/users\/61"}],"replies":[{"embeddable":true,"href":"https:\/\/www.manaus.am.gov.br\/implurb\/wp-json\/wp\/v2\/comments?post=6539"}],"version-history":[{"count":1,"href":"https:\/\/www.manaus.am.gov.br\/implurb\/wp-json\/wp\/v2\/posts\/6539\/revisions"}],"predecessor-version":[{"id":6542,"href":"https:\/\/www.manaus.am.gov.br\/implurb\/wp-json\/wp\/v2\/posts\/6539\/revisions\/6542"}],"wp:featuredmedia":[{"embeddable":true,"href":"https:\/\/www.manaus.am.gov.br\/implurb\/wp-json\/wp\/v2\/media\/6540"}],"wp:attachment":[{"href":"https:\/\/www.manaus.am.gov.br\/implurb\/wp-json\/wp\/v2\/media?parent=6539"}],"wp:term":[{"taxonomy":"category","embeddable":true,"href":"https:\/\/www.manaus.am.gov.br\/implurb\/wp-json\/wp\/v2\/categories?post=6539"},{"taxonomy":"post_tag","embeddable":true,"href":"https:\/\/www.manaus.am.gov.br\/implurb\/wp-json\/wp\/v2\/tags?post=6539"}],"curies":[{"name":"wp","href":"https:\/\/api.w.org\/{rel}","templated":true}]}}