{"id":6537,"date":"2025-08-22T13:33:30","date_gmt":"2025-08-22T17:33:30","guid":{"rendered":"https:\/\/www.manaus.am.gov.br\/implurb\/prefeitura-implurb-mesdopatrimonio\/"},"modified":"2025-08-22T13:33:32","modified_gmt":"2025-08-22T17:33:32","slug":"prefeitura-implurb-mesdopatrimonio","status":"publish","type":"post","link":"https:\/\/www.manaus.am.gov.br\/implurb\/prefeitura-implurb-mesdopatrimonio\/","title":{"rendered":"Prefeitura de Manaus celebra m\u00eas do patrim\u00f4nio hist\u00f3rico com debates e valoriza\u00e7\u00e3o da cultura local"},"content":{"rendered":"\n<p>A capital amazonense est\u00e1 mergulhada nas celebra\u00e7\u00f5es do \u201cM\u00eas do Patrim\u00f4nio Hist\u00f3rico e Cultural\u201d, com uma programa\u00e7\u00e3o que refor\u00e7a a import\u00e2ncia da preserva\u00e7\u00e3o das ra\u00edzes arquitet\u00f4nicas, sociais e imateriais da cidade. E, nesta sexta-feira, 22\/8, no Casar\u00e3o da Inova\u00e7\u00e3o Cassina, no Centro, a Prefeitura de Manaus marcou presen\u00e7a na programa\u00e7\u00e3o do \u201cAndan\u00e7as do Patrim\u00f4nio\u201d, iniciativa de constru\u00e7\u00e3o participativa do Plano Nacional Setorial do Patrim\u00f4nio Cultural, com coordena\u00e7\u00e3o do Instituto do Patrim\u00f4nio Hist\u00f3rico e Art\u00edstico Nacional no Amazonas (Iphan-AM) e do Minist\u00e9rio da Cultura.<\/p>\n\n\n\n<p>O evento re\u00fane especialistas, gestores e representantes da sociedade civil para discutir o novo marco regulat\u00f3rio do Sistema Nacional de Patrim\u00f4nio, ampliando a percep\u00e7\u00e3o e o alcance das riquezas culturais brasileiras.<\/p>\n\n\n\n<p>\u201cParticipamos do evento do Minist\u00e9rio da Cultura e do Iphan-AM, o \u2018Andan\u00e7as do Patrim\u00f4nio\u2019, encontro extremamente importante para ampliar a percep\u00e7\u00e3o e a preserva\u00e7\u00e3o do patrim\u00f4nio arquitet\u00f4nico, hist\u00f3rico, social e cultural. Este \u00e9 mais um trabalho que a Prefeitura de Manaus participa, se integra com o Iphan, a Secretaria de Estado de Cultura e o Minist\u00e9rio da Cultura. \u00c9 a defesa e a divulga\u00e7\u00e3o das nossas ess\u00eancias, das nossas ra\u00edzes, sejam elas arquitet\u00f4nicas, culturais, gastron\u00f4micas e imateriais\u201d, destacou o diretor-presidente do Instituto Municipal de Planejamento Urbano (Implurb), Carlos Valente.<\/p>\n\n\n\n<p>Al\u00e9m dos debates t\u00e9cnicos, o m\u00eas do patrim\u00f4nio tamb\u00e9m marca um momento hist\u00f3rico para a cultura popular. O complexo cultural dos bois de Manaus ser\u00e1 certificado, oficialmente, como patrim\u00f4nio cultural da cidade, fortalecendo ainda mais a identidade local e valorizando tradi\u00e7\u00f5es que atravessam gera\u00e7\u00f5es.<\/p>\n\n\n\n<p>Atividades<\/p>\n\n\n\n<p>\u201cAgosto \u00e9 o m\u00eas do patrim\u00f4nio e diversas atividades integram a nossa programa\u00e7\u00e3o. Hoje, discutimos o Sistema Nacional, essencial para elaborar um novo marco regulat\u00f3rio, mas tamb\u00e9m celebramos nossa cultura viva. Nesta tarde, faremos a certifica\u00e7\u00e3o dos bois de Manaus como patrim\u00f4nio cultural, entregando para cada bumb\u00e1 este reconhecimento e valoriza\u00e7\u00e3o\u201d, afirmou a superintendente do Iphan-AM, Beatriz Calheiro.<\/p>\n\n\n\n<p>Com a\u00e7\u00f5es que unem debate, preserva\u00e7\u00e3o e reconhecimento, o m\u00eas do patrim\u00f4nio refor\u00e7a o compromisso de Manaus em preservar sua mem\u00f3ria, proteger seu legado e projetar suas riquezas culturais para o futuro.<\/p>\n\n\n\n<p>&#8212; &#8212; &#8212;<\/p>\n\n\n\n<p><strong>Texto <\/strong>&#8211;\u00a0Cl\u00e1udia do Valle\/Implurb<\/p>\n\n\n\n<p><strong>Fotos\u00a0<\/strong>\u2013 Divulga\u00e7\u00e3o\/Implurb<\/p>\n","protected":false},"excerpt":{"rendered":"","protected":false},"author":23,"featured_media":6538,"comment_status":"closed","ping_status":"closed","sticky":false,"template":"","format":"standard","meta":{"footnotes":""},"categories":[1877],"tags":[1878,386,1879,11,1329,15],"acf":[],"yoast_head":"<!-- This site is optimized with the Yoast SEO plugin v23.0 - https:\/\/yoast.com\/wordpress\/plugins\/seo\/ -->\n<title>Prefeitura de Manaus celebra \u2018M\u00eas do Patrim\u00f4nio Hist\u00f3rico\u2019 com debates e valoriza\u00e7\u00e3o da cultura local<\/title>\n<meta name=\"description\" content=\"Nesta sexta-feira, 22\/8, no Casar\u00e3o da Inova\u00e7\u00e3o Cassina, no Centro, a Prefeitura de Manaus marcou presen\u00e7a na programa\u00e7\u00e3o do \u201cAndan\u00e7as do Patrim\u00f4nio\u201d\" \/>\n<meta name=\"robots\" content=\"noindex, follow\" \/>\n<meta property=\"og:locale\" content=\"pt_BR\" \/>\n<meta property=\"og:type\" content=\"article\" \/>\n<meta property=\"og:title\" content=\"Prefeitura de Manaus celebra \u2018M\u00eas do Patrim\u00f4nio Hist\u00f3rico\u2019 com debates e valoriza\u00e7\u00e3o da cultura local\" \/>\n<meta property=\"og:description\" content=\"Nesta sexta-feira, 22\/8, no Casar\u00e3o da Inova\u00e7\u00e3o Cassina, no Centro, a Prefeitura de Manaus marcou presen\u00e7a na programa\u00e7\u00e3o do \u201cAndan\u00e7as do Patrim\u00f4nio\u201d\" \/>\n<meta property=\"og:url\" content=\"https:\/\/www.manaus.am.gov.br\/implurb\/prefeitura-implurb-mesdopatrimonio\/\" \/>\n<meta property=\"og:site_name\" content=\"IMPLURB\" \/>\n<meta property=\"article:published_time\" content=\"2025-08-22T17:33:30+00:00\" \/>\n<meta property=\"article:modified_time\" content=\"2025-08-22T17:33:32+00:00\" \/>\n<meta property=\"og:image\" content=\"https:\/\/www.manaus.am.gov.br\/implurb\/wp-content\/uploads\/sites\/13\/2025\/08\/andancas9.jpeg\" \/>\n\t<meta property=\"og:image:width\" content=\"1600\" \/>\n\t<meta property=\"og:image:height\" content=\"1200\" \/>\n\t<meta property=\"og:image:type\" content=\"image\/jpeg\" \/>\n<meta name=\"author\" content=\"Adriana Costa\" \/>\n<meta name=\"twitter:card\" content=\"summary_large_image\" \/>\n<meta name=\"twitter:label1\" content=\"Written by\" \/>\n\t<meta name=\"twitter:data1\" content=\"Adriana Costa\" \/>\n\t<meta name=\"twitter:label2\" content=\"Est. reading time\" \/>\n\t<meta name=\"twitter:data2\" content=\"3 minutos\" \/>\n<script type=\"application\/ld+json\" class=\"yoast-schema-graph\">{\"@context\":\"https:\/\/schema.org\",\"@graph\":[{\"@type\":\"WebPage\",\"@id\":\"https:\/\/www.manaus.am.gov.br\/implurb\/prefeitura-implurb-mesdopatrimonio\/\",\"url\":\"https:\/\/www.manaus.am.gov.br\/implurb\/prefeitura-implurb-mesdopatrimonio\/\",\"name\":\"Prefeitura de Manaus celebra \u2018M\u00eas do Patrim\u00f4nio Hist\u00f3rico\u2019 com debates e valoriza\u00e7\u00e3o da cultura local\",\"isPartOf\":{\"@id\":\"https:\/\/www.manaus.am.gov.br\/implurb\/#website\"},\"primaryImageOfPage\":{\"@id\":\"https:\/\/www.manaus.am.gov.br\/implurb\/prefeitura-implurb-mesdopatrimonio\/#primaryimage\"},\"image\":{\"@id\":\"https:\/\/www.manaus.am.gov.br\/implurb\/prefeitura-implurb-mesdopatrimonio\/#primaryimage\"},\"thumbnailUrl\":\"https:\/\/www.manaus.am.gov.br\/implurb\/wp-content\/uploads\/sites\/13\/2025\/08\/andancas9.jpeg\",\"datePublished\":\"2025-08-22T17:33:30+00:00\",\"dateModified\":\"2025-08-22T17:33:32+00:00\",\"author\":{\"@id\":\"https:\/\/www.manaus.am.gov.br\/implurb\/#\/schema\/person\/4e49f4e267757a06ca072ec61b2b9968\"},\"description\":\"Nesta sexta-feira, 22\/8, no Casar\u00e3o da Inova\u00e7\u00e3o Cassina, no Centro, a Prefeitura de Manaus marcou presen\u00e7a na programa\u00e7\u00e3o do \u201cAndan\u00e7as do Patrim\u00f4nio\u201d\",\"breadcrumb\":{\"@id\":\"https:\/\/www.manaus.am.gov.br\/implurb\/prefeitura-implurb-mesdopatrimonio\/#breadcrumb\"},\"inLanguage\":\"pt-BR\",\"potentialAction\":[{\"@type\":\"ReadAction\",\"target\":[\"https:\/\/www.manaus.am.gov.br\/implurb\/prefeitura-implurb-mesdopatrimonio\/\"]}]},{\"@type\":\"ImageObject\",\"inLanguage\":\"pt-BR\",\"@id\":\"https:\/\/www.manaus.am.gov.br\/implurb\/prefeitura-implurb-mesdopatrimonio\/#primaryimage\",\"url\":\"https:\/\/www.manaus.am.gov.br\/implurb\/wp-content\/uploads\/sites\/13\/2025\/08\/andancas9.jpeg\",\"contentUrl\":\"https:\/\/www.manaus.am.gov.br\/implurb\/wp-content\/uploads\/sites\/13\/2025\/08\/andancas9.jpeg\",\"width\":1600,\"height\":1200},{\"@type\":\"BreadcrumbList\",\"@id\":\"https:\/\/www.manaus.am.gov.br\/implurb\/prefeitura-implurb-mesdopatrimonio\/#breadcrumb\",\"itemListElement\":[{\"@type\":\"ListItem\",\"position\":1,\"name\":\"Home\",\"item\":\"https:\/\/www.manaus.am.gov.br\/implurb\/\"},{\"@type\":\"ListItem\",\"position\":2,\"name\":\"Prefeitura de Manaus celebra m\u00eas do patrim\u00f4nio hist\u00f3rico com debates e valoriza\u00e7\u00e3o da cultura local\"}]},{\"@type\":\"WebSite\",\"@id\":\"https:\/\/www.manaus.am.gov.br\/implurb\/#website\",\"url\":\"https:\/\/www.manaus.am.gov.br\/implurb\/\",\"name\":\"IMPLURB\",\"description\":\"Prefeitura de Manaus\",\"potentialAction\":[{\"@type\":\"SearchAction\",\"target\":{\"@type\":\"EntryPoint\",\"urlTemplate\":\"https:\/\/www.manaus.am.gov.br\/implurb\/?s={search_term_string}\"},\"query-input\":\"required name=search_term_string\"}],\"inLanguage\":\"pt-BR\"},{\"@type\":\"Person\",\"@id\":\"https:\/\/www.manaus.am.gov.br\/implurb\/#\/schema\/person\/4e49f4e267757a06ca072ec61b2b9968\",\"name\":\"Adriana Costa\",\"image\":{\"@type\":\"ImageObject\",\"inLanguage\":\"pt-BR\",\"@id\":\"https:\/\/www.manaus.am.gov.br\/implurb\/#\/schema\/person\/image\/\",\"url\":\"https:\/\/secure.gravatar.com\/avatar\/576258617ef7194f718179e766d57bd4?s=96&d=mm&r=g\",\"contentUrl\":\"https:\/\/secure.gravatar.com\/avatar\/576258617ef7194f718179e766d57bd4?s=96&d=mm&r=g\",\"caption\":\"Adriana Costa\"}}]}<\/script>\n<!-- \/ Yoast SEO plugin. -->","yoast_head_json":{"title":"Prefeitura de Manaus celebra \u2018M\u00eas do Patrim\u00f4nio Hist\u00f3rico\u2019 com debates e valoriza\u00e7\u00e3o da cultura local","description":"Nesta sexta-feira, 22\/8, no Casar\u00e3o da Inova\u00e7\u00e3o Cassina, no Centro, a Prefeitura de Manaus marcou presen\u00e7a na programa\u00e7\u00e3o do \u201cAndan\u00e7as do Patrim\u00f4nio\u201d","robots":{"index":"noindex","follow":"follow"},"og_locale":"pt_BR","og_type":"article","og_title":"Prefeitura de Manaus celebra \u2018M\u00eas do Patrim\u00f4nio Hist\u00f3rico\u2019 com debates e valoriza\u00e7\u00e3o da cultura local","og_description":"Nesta sexta-feira, 22\/8, no Casar\u00e3o da Inova\u00e7\u00e3o Cassina, no Centro, a Prefeitura de Manaus marcou presen\u00e7a na programa\u00e7\u00e3o do \u201cAndan\u00e7as do Patrim\u00f4nio\u201d","og_url":"https:\/\/www.manaus.am.gov.br\/implurb\/prefeitura-implurb-mesdopatrimonio\/","og_site_name":"IMPLURB","article_published_time":"2025-08-22T17:33:30+00:00","article_modified_time":"2025-08-22T17:33:32+00:00","og_image":[{"width":1600,"height":1200,"url":"https:\/\/www.manaus.am.gov.br\/implurb\/wp-content\/uploads\/sites\/13\/2025\/08\/andancas9.jpeg","type":"image\/jpeg"}],"author":"Adriana Costa","twitter_card":"summary_large_image","twitter_misc":{"Written by":"Adriana Costa","Est. reading time":"3 minutos"},"schema":{"@context":"https:\/\/schema.org","@graph":[{"@type":"WebPage","@id":"https:\/\/www.manaus.am.gov.br\/implurb\/prefeitura-implurb-mesdopatrimonio\/","url":"https:\/\/www.manaus.am.gov.br\/implurb\/prefeitura-implurb-mesdopatrimonio\/","name":"Prefeitura de Manaus celebra \u2018M\u00eas do Patrim\u00f4nio Hist\u00f3rico\u2019 com debates e valoriza\u00e7\u00e3o da cultura local","isPartOf":{"@id":"https:\/\/www.manaus.am.gov.br\/implurb\/#website"},"primaryImageOfPage":{"@id":"https:\/\/www.manaus.am.gov.br\/implurb\/prefeitura-implurb-mesdopatrimonio\/#primaryimage"},"image":{"@id":"https:\/\/www.manaus.am.gov.br\/implurb\/prefeitura-implurb-mesdopatrimonio\/#primaryimage"},"thumbnailUrl":"https:\/\/www.manaus.am.gov.br\/implurb\/wp-content\/uploads\/sites\/13\/2025\/08\/andancas9.jpeg","datePublished":"2025-08-22T17:33:30+00:00","dateModified":"2025-08-22T17:33:32+00:00","author":{"@id":"https:\/\/www.manaus.am.gov.br\/implurb\/#\/schema\/person\/4e49f4e267757a06ca072ec61b2b9968"},"description":"Nesta sexta-feira, 22\/8, no Casar\u00e3o da Inova\u00e7\u00e3o Cassina, no Centro, a Prefeitura de Manaus marcou presen\u00e7a na programa\u00e7\u00e3o do \u201cAndan\u00e7as do Patrim\u00f4nio\u201d","breadcrumb":{"@id":"https:\/\/www.manaus.am.gov.br\/implurb\/prefeitura-implurb-mesdopatrimonio\/#breadcrumb"},"inLanguage":"pt-BR","potentialAction":[{"@type":"ReadAction","target":["https:\/\/www.manaus.am.gov.br\/implurb\/prefeitura-implurb-mesdopatrimonio\/"]}]},{"@type":"ImageObject","inLanguage":"pt-BR","@id":"https:\/\/www.manaus.am.gov.br\/implurb\/prefeitura-implurb-mesdopatrimonio\/#primaryimage","url":"https:\/\/www.manaus.am.gov.br\/implurb\/wp-content\/uploads\/sites\/13\/2025\/08\/andancas9.jpeg","contentUrl":"https:\/\/www.manaus.am.gov.br\/implurb\/wp-content\/uploads\/sites\/13\/2025\/08\/andancas9.jpeg","width":1600,"height":1200},{"@type":"BreadcrumbList","@id":"https:\/\/www.manaus.am.gov.br\/implurb\/prefeitura-implurb-mesdopatrimonio\/#breadcrumb","itemListElement":[{"@type":"ListItem","position":1,"name":"Home","item":"https:\/\/www.manaus.am.gov.br\/implurb\/"},{"@type":"ListItem","position":2,"name":"Prefeitura de Manaus celebra m\u00eas do patrim\u00f4nio hist\u00f3rico com debates e valoriza\u00e7\u00e3o da cultura local"}]},{"@type":"WebSite","@id":"https:\/\/www.manaus.am.gov.br\/implurb\/#website","url":"https:\/\/www.manaus.am.gov.br\/implurb\/","name":"IMPLURB","description":"Prefeitura de Manaus","potentialAction":[{"@type":"SearchAction","target":{"@type":"EntryPoint","urlTemplate":"https:\/\/www.manaus.am.gov.br\/implurb\/?s={search_term_string}"},"query-input":"required name=search_term_string"}],"inLanguage":"pt-BR"},{"@type":"Person","@id":"https:\/\/www.manaus.am.gov.br\/implurb\/#\/schema\/person\/4e49f4e267757a06ca072ec61b2b9968","name":"Adriana Costa","image":{"@type":"ImageObject","inLanguage":"pt-BR","@id":"https:\/\/www.manaus.am.gov.br\/implurb\/#\/schema\/person\/image\/","url":"https:\/\/secure.gravatar.com\/avatar\/576258617ef7194f718179e766d57bd4?s=96&d=mm&r=g","contentUrl":"https:\/\/secure.gravatar.com\/avatar\/576258617ef7194f718179e766d57bd4?s=96&d=mm&r=g","caption":"Adriana Costa"}}]}},"_links":{"self":[{"href":"https:\/\/www.manaus.am.gov.br\/implurb\/wp-json\/wp\/v2\/posts\/6537"}],"collection":[{"href":"https:\/\/www.manaus.am.gov.br\/implurb\/wp-json\/wp\/v2\/posts"}],"about":[{"href":"https:\/\/www.manaus.am.gov.br\/implurb\/wp-json\/wp\/v2\/types\/post"}],"author":[{"embeddable":true,"href":"https:\/\/www.manaus.am.gov.br\/implurb\/wp-json\/wp\/v2\/users\/23"}],"replies":[{"embeddable":true,"href":"https:\/\/www.manaus.am.gov.br\/implurb\/wp-json\/wp\/v2\/comments?post=6537"}],"version-history":[{"count":0,"href":"https:\/\/www.manaus.am.gov.br\/implurb\/wp-json\/wp\/v2\/posts\/6537\/revisions"}],"wp:featuredmedia":[{"embeddable":true,"href":"https:\/\/www.manaus.am.gov.br\/implurb\/wp-json\/wp\/v2\/media\/6538"}],"wp:attachment":[{"href":"https:\/\/www.manaus.am.gov.br\/implurb\/wp-json\/wp\/v2\/media?parent=6537"}],"wp:term":[{"taxonomy":"category","embeddable":true,"href":"https:\/\/www.manaus.am.gov.br\/implurb\/wp-json\/wp\/v2\/categories?post=6537"},{"taxonomy":"post_tag","embeddable":true,"href":"https:\/\/www.manaus.am.gov.br\/implurb\/wp-json\/wp\/v2\/tags?post=6537"}],"curies":[{"name":"wp","href":"https:\/\/api.w.org\/{rel}","templated":true}]}}