{"id":6530,"date":"2025-08-21T14:53:15","date_gmt":"2025-08-21T18:53:15","guid":{"rendered":"https:\/\/www.manaus.am.gov.br\/implurb\/inscricoes-boas-praticas-11o-encontro-inrede\/"},"modified":"2025-08-21T14:53:15","modified_gmt":"2025-08-21T18:53:15","slug":"inscricoes-boas-praticas-11o-encontro-inrede","status":"publish","type":"post","link":"https:\/\/www.manaus.am.gov.br\/implurb\/inscricoes-boas-praticas-11o-encontro-inrede\/","title":{"rendered":"Prefeitura de Manaus refor\u00e7a o prazo para a inscri\u00e7\u00e3o das cidades no envio de \u2018Boas Pr\u00e1ticas\u2019 para apresenta\u00e7\u00e3o no 11\u00ba Encontro InREDE"},"content":{"rendered":"\n<p>A Prefeitura de Manaus, por meio do Instituto Municipal de Planejamento Urbano (Implurb), alerta as cidades, entidades e institui\u00e7\u00f5es, que desejam enviar os projetos para apresenta\u00e7\u00e3o de suas \u201cBoas Pr\u00e1ticas\u201d no 11\u00ba Encontro Nacional da Rede Brasileira de Institutos de Planejamento (InREDE), que o prazo para as inscri\u00e7\u00f5es segue at\u00e9 o dia 10\/9. O evento acontece de 25 a 27\/9, com o tema \u201cDesenvolvimento Urbano Integrado\u201d.<\/p>\n\n\n\n<p>Os projetos ir\u00e3o compor os pain\u00e9is que ser\u00e3o apresentados no dia 26\/9, durante a programa\u00e7\u00e3o do encontro, mostrando as experi\u00eancias que fazem a diferen\u00e7a no planejamento urbano. As informa\u00e7\u00f5es devem ser enviadas por e-mail, para a organiza\u00e7\u00e3o (<a href=\"mailto:inredeimplurb25@gmail.com\" target=\"_blank\" rel=\"noreferrer noopener\">inredeimplurb25@gmail.com<\/a> e <a href=\"mailto:presidenciaimplurb@gmail.com\" target=\"_blank\" rel=\"noreferrer noopener\">presidenciaimplurb@gmail.com<\/a>).<\/p>\n\n\n\n<p>\u201cEsse encontro em Manaus ser\u00e1 um marco para o planejamento urbano no Brasil. Teremos um espa\u00e7o \u00fanico para que cada cidade mostre suas experi\u00eancias e solu\u00e7\u00f5es, fortalecendo a coopera\u00e7\u00e3o entre os institutos e projetando boas pr\u00e1ticas para todo o pa\u00eds. Mais do que compartilhar iniciativas, \u00e9 o momento de afirmar o papel estrat\u00e9gico do planejamento urbano diante das mudan\u00e7as clim\u00e1ticas, da sustentabilidade e da constru\u00e7\u00e3o de cidades mais humanas\u201d, destacou o diretor-presidente do Implurb, Carlos Valente.<\/p>\n\n\n\n<p>Na capital amazonense, anfitri\u00e3 do 11\u00ba Encontro InREDE, ser\u00e3o reunidos especialistas e gestores para debater solu\u00e7\u00f5es ambientais, enfrentamento dos desafios das mudan\u00e7as clim\u00e1ticas e a constru\u00e7\u00e3o dos caminhos sustent\u00e1veis para as cidades brasileiras.<\/p>\n\n\n\n<p><strong>Nacional<\/strong><\/p>\n\n\n\n<p>O evento nacional conta com o apoio institucional do Minist\u00e9rio das Cidades, Programa de Assentamentos Humanos das Na\u00e7\u00f5es Unidas (ONU-Habitat) e a Coopera\u00e7\u00e3o Brasil-Alemanha (GIZ). O encontro busca engajar os munic\u00edpios na troca de experi\u00eancias e fortalecer a cultura do planejamento urbano, por meio do compartilhamento de boas pr\u00e1ticas nacionais e internacionais.<\/p>\n\n\n\n<p>\u201cA presen\u00e7a e a participa\u00e7\u00e3o dos munic\u00edpios s\u00e3o essenciais para transformar desafios em oportunidades e para dar visibilidade \u00e0 inova\u00e7\u00e3o que nasce em cada territ\u00f3rio brasileiro\u201d, comentou Valente.<\/p>\n\n\n\n<p>O&nbsp;Implurb&nbsp;foi eleito para a vice-presid\u00eancia do grupo de institutos e a presid\u00eancia tem como gestor Fortaleza, com o Instituto de Pesquisa e Planejamento de Fortaleza (Ipplan).<\/p>\n\n\n\n<p>Para participar da edi\u00e7\u00e3o, os interessados devem realizar inscri\u00e7\u00e3o pr\u00e9via, gratuitamente, para o dia 25\/9, primeiro dia de evento, no&nbsp;<a href=\"https:\/\/www.redus.org.br\/rede-nacional-de-institutos-de-planejamento\/formularios\/3b022014-bfef-4986-ad6c-f6f45babcea2\" target=\"_blank\" rel=\"noreferrer noopener\">link<\/a>&nbsp;j\u00e1 dispon\u00edvel. A programa\u00e7\u00e3o preliminar conta com palestras, mesas de boas pr\u00e1ticas, trabalho em grupo e visita t\u00e9cnica.<\/p>\n\n\n\n<p><strong>Reuni\u00e3o<\/strong><\/p>\n\n\n\n<p>A&nbsp;InREDE&nbsp;re\u00fane institutos e \u00f3rg\u00e3os de planejamento municipais com a miss\u00e3o de fortalecer o planejamento das cidades de forma institucionalizada, inovadora e cont\u00ednua, com o compromisso de promover cidades mais resilientes, inclusivas e sustent\u00e1veis, articulando pol\u00edticas p\u00fablicas alinhadas \u00e0s agendas globais, como a Agenda 2030 e a Nova Agenda Urbana. Tamb\u00e9m atua como uma voz ativa no di\u00e1logo com diferentes esferas de governo e organismos nacionais e internacionais, contribuindo para o desenvolvimento de um planejamento urbano mais eficiente e estrat\u00e9gico no Brasil.<\/p>\n\n\n\n<p>O evento contar\u00e1 com a presen\u00e7a de representantes de minist\u00e9rios, especialistas, organiza\u00e7\u00f5es nacionais e internacionais, al\u00e9m de institui\u00e7\u00f5es financeiras e gestores municipais, promovendo um ambiente de interc\u00e2mbio e coopera\u00e7\u00e3o.<\/p>\n\n\n\n<figure class=\"wp-block-image size-large\"><img decoding=\"async\" src=\"https:\/\/www.manaus.am.gov.br\/implurb\/wp-content\/uploads\/sites\/13\/2025\/08\/Chamada-de-Boas-Praticas-576x1024.jpeg\" alt=\"\" class=\"wp-image-6532\" \/><\/figure>\n\n\n\n<p>&#8212; &#8212; &#8212;<\/p>\n\n\n\n<p><strong>Texto &#8211;<\/strong>\u00a0Cl\u00e1udia do Valle\/Implurb<\/p>\n\n\n\n<p><strong>Fotos<\/strong>\u00a0\u2013 Divulga\u00e7\u00e3o\/Implurb<\/p>\n","protected":false},"excerpt":{"rendered":"","protected":false},"author":39,"featured_media":6531,"comment_status":"closed","ping_status":"closed","sticky":false,"template":"","format":"standard","meta":{"footnotes":""},"categories":[114],"tags":[1855,1874,11,1875,1876,15],"acf":[],"yoast_head":"<!-- This site is optimized with the Yoast SEO plugin v23.0 - https:\/\/yoast.com\/wordpress\/plugins\/seo\/ -->\n<title>Inscri\u00e7\u00e3o das \u2018Boas Pr\u00e1ticas\u2019 para o 11\u00ba Encontro InREDE<\/title>\n<meta name=\"description\" content=\"Prefeitura de Manaus refor\u00e7a o prazo para a inscri\u00e7\u00e3o das cidades no envio de \u2018Boas Pr\u00e1ticas\u2019 para apresenta\u00e7\u00e3o no 11\u00ba Encontro InREDE.\" \/>\n<meta name=\"robots\" content=\"noindex, follow\" \/>\n<meta property=\"og:locale\" content=\"pt_BR\" \/>\n<meta property=\"og:type\" content=\"article\" \/>\n<meta property=\"og:title\" content=\"Inscri\u00e7\u00e3o das \u2018Boas Pr\u00e1ticas\u2019 para o 11\u00ba Encontro InREDE\" \/>\n<meta property=\"og:description\" content=\"Prefeitura de Manaus refor\u00e7a o prazo para a inscri\u00e7\u00e3o das cidades no envio de \u2018Boas Pr\u00e1ticas\u2019 para apresenta\u00e7\u00e3o no 11\u00ba Encontro InREDE.\" \/>\n<meta property=\"og:url\" content=\"https:\/\/www.manaus.am.gov.br\/implurb\/inscricoes-boas-praticas-11o-encontro-inrede\/\" \/>\n<meta property=\"og:site_name\" content=\"IMPLURB\" \/>\n<meta property=\"article:published_time\" content=\"2025-08-21T18:53:15+00:00\" \/>\n<meta property=\"og:image\" content=\"https:\/\/www.manaus.am.gov.br\/implurb\/wp-content\/uploads\/sites\/13\/2025\/08\/Centro-de-Manaus-1.jpeg\" \/>\n\t<meta property=\"og:image:width\" content=\"1600\" \/>\n\t<meta property=\"og:image:height\" content=\"1200\" \/>\n\t<meta property=\"og:image:type\" content=\"image\/jpeg\" \/>\n<meta name=\"author\" content=\"Bruna Greco\" \/>\n<meta name=\"twitter:card\" content=\"summary_large_image\" \/>\n<meta name=\"twitter:label1\" content=\"Written by\" \/>\n\t<meta name=\"twitter:data1\" content=\"Bruna Greco\" \/>\n\t<meta name=\"twitter:label2\" content=\"Est. reading time\" \/>\n\t<meta name=\"twitter:data2\" content=\"4 minutos\" \/>\n<script type=\"application\/ld+json\" class=\"yoast-schema-graph\">{\"@context\":\"https:\/\/schema.org\",\"@graph\":[{\"@type\":\"WebPage\",\"@id\":\"https:\/\/www.manaus.am.gov.br\/implurb\/inscricoes-boas-praticas-11o-encontro-inrede\/\",\"url\":\"https:\/\/www.manaus.am.gov.br\/implurb\/inscricoes-boas-praticas-11o-encontro-inrede\/\",\"name\":\"Inscri\u00e7\u00e3o das \u2018Boas Pr\u00e1ticas\u2019 para o 11\u00ba Encontro InREDE\",\"isPartOf\":{\"@id\":\"https:\/\/www.manaus.am.gov.br\/implurb\/#website\"},\"primaryImageOfPage\":{\"@id\":\"https:\/\/www.manaus.am.gov.br\/implurb\/inscricoes-boas-praticas-11o-encontro-inrede\/#primaryimage\"},\"image\":{\"@id\":\"https:\/\/www.manaus.am.gov.br\/implurb\/inscricoes-boas-praticas-11o-encontro-inrede\/#primaryimage\"},\"thumbnailUrl\":\"https:\/\/www.manaus.am.gov.br\/implurb\/wp-content\/uploads\/sites\/13\/2025\/08\/Centro-de-Manaus-1.jpeg\",\"datePublished\":\"2025-08-21T18:53:15+00:00\",\"dateModified\":\"2025-08-21T18:53:15+00:00\",\"author\":{\"@id\":\"https:\/\/www.manaus.am.gov.br\/implurb\/#\/schema\/person\/05d223aea2bf115f9883a6ff3683d81b\"},\"description\":\"Prefeitura de Manaus refor\u00e7a o prazo para a inscri\u00e7\u00e3o das cidades no envio de \u2018Boas Pr\u00e1ticas\u2019 para apresenta\u00e7\u00e3o no 11\u00ba Encontro InREDE.\",\"breadcrumb\":{\"@id\":\"https:\/\/www.manaus.am.gov.br\/implurb\/inscricoes-boas-praticas-11o-encontro-inrede\/#breadcrumb\"},\"inLanguage\":\"pt-BR\",\"potentialAction\":[{\"@type\":\"ReadAction\",\"target\":[\"https:\/\/www.manaus.am.gov.br\/implurb\/inscricoes-boas-praticas-11o-encontro-inrede\/\"]}]},{\"@type\":\"ImageObject\",\"inLanguage\":\"pt-BR\",\"@id\":\"https:\/\/www.manaus.am.gov.br\/implurb\/inscricoes-boas-praticas-11o-encontro-inrede\/#primaryimage\",\"url\":\"https:\/\/www.manaus.am.gov.br\/implurb\/wp-content\/uploads\/sites\/13\/2025\/08\/Centro-de-Manaus-1.jpeg\",\"contentUrl\":\"https:\/\/www.manaus.am.gov.br\/implurb\/wp-content\/uploads\/sites\/13\/2025\/08\/Centro-de-Manaus-1.jpeg\",\"width\":1600,\"height\":1200,\"caption\":\"#paratodosverem - Imagem \u00e1rea do p\u00eder tur\u00edstico Manaus 355, no centro da cidade\"},{\"@type\":\"BreadcrumbList\",\"@id\":\"https:\/\/www.manaus.am.gov.br\/implurb\/inscricoes-boas-praticas-11o-encontro-inrede\/#breadcrumb\",\"itemListElement\":[{\"@type\":\"ListItem\",\"position\":1,\"name\":\"Home\",\"item\":\"https:\/\/www.manaus.am.gov.br\/implurb\/\"},{\"@type\":\"ListItem\",\"position\":2,\"name\":\"Prefeitura de Manaus refor\u00e7a o prazo para a inscri\u00e7\u00e3o das cidades no envio de \u2018Boas Pr\u00e1ticas\u2019 para apresenta\u00e7\u00e3o no 11\u00ba Encontro InREDE\"}]},{\"@type\":\"WebSite\",\"@id\":\"https:\/\/www.manaus.am.gov.br\/implurb\/#website\",\"url\":\"https:\/\/www.manaus.am.gov.br\/implurb\/\",\"name\":\"IMPLURB\",\"description\":\"Prefeitura de Manaus\",\"potentialAction\":[{\"@type\":\"SearchAction\",\"target\":{\"@type\":\"EntryPoint\",\"urlTemplate\":\"https:\/\/www.manaus.am.gov.br\/implurb\/?s={search_term_string}\"},\"query-input\":\"required name=search_term_string\"}],\"inLanguage\":\"pt-BR\"},{\"@type\":\"Person\",\"@id\":\"https:\/\/www.manaus.am.gov.br\/implurb\/#\/schema\/person\/05d223aea2bf115f9883a6ff3683d81b\",\"name\":\"Bruna Greco\",\"image\":{\"@type\":\"ImageObject\",\"inLanguage\":\"pt-BR\",\"@id\":\"https:\/\/www.manaus.am.gov.br\/implurb\/#\/schema\/person\/image\/\",\"url\":\"https:\/\/secure.gravatar.com\/avatar\/9c877d1a6adc2a055330e5c09a8653ce?s=96&d=mm&r=g\",\"contentUrl\":\"https:\/\/secure.gravatar.com\/avatar\/9c877d1a6adc2a055330e5c09a8653ce?s=96&d=mm&r=g\",\"caption\":\"Bruna Greco\"}}]}<\/script>\n<!-- \/ Yoast SEO plugin. -->","yoast_head_json":{"title":"Inscri\u00e7\u00e3o das \u2018Boas Pr\u00e1ticas\u2019 para o 11\u00ba Encontro InREDE","description":"Prefeitura de Manaus refor\u00e7a o prazo para a inscri\u00e7\u00e3o das cidades no envio de \u2018Boas Pr\u00e1ticas\u2019 para apresenta\u00e7\u00e3o no 11\u00ba Encontro InREDE.","robots":{"index":"noindex","follow":"follow"},"og_locale":"pt_BR","og_type":"article","og_title":"Inscri\u00e7\u00e3o das \u2018Boas Pr\u00e1ticas\u2019 para o 11\u00ba Encontro InREDE","og_description":"Prefeitura de Manaus refor\u00e7a o prazo para a inscri\u00e7\u00e3o das cidades no envio de \u2018Boas Pr\u00e1ticas\u2019 para apresenta\u00e7\u00e3o no 11\u00ba Encontro InREDE.","og_url":"https:\/\/www.manaus.am.gov.br\/implurb\/inscricoes-boas-praticas-11o-encontro-inrede\/","og_site_name":"IMPLURB","article_published_time":"2025-08-21T18:53:15+00:00","og_image":[{"width":1600,"height":1200,"url":"https:\/\/www.manaus.am.gov.br\/implurb\/wp-content\/uploads\/sites\/13\/2025\/08\/Centro-de-Manaus-1.jpeg","type":"image\/jpeg"}],"author":"Bruna Greco","twitter_card":"summary_large_image","twitter_misc":{"Written by":"Bruna Greco","Est. reading time":"4 minutos"},"schema":{"@context":"https:\/\/schema.org","@graph":[{"@type":"WebPage","@id":"https:\/\/www.manaus.am.gov.br\/implurb\/inscricoes-boas-praticas-11o-encontro-inrede\/","url":"https:\/\/www.manaus.am.gov.br\/implurb\/inscricoes-boas-praticas-11o-encontro-inrede\/","name":"Inscri\u00e7\u00e3o das \u2018Boas Pr\u00e1ticas\u2019 para o 11\u00ba Encontro InREDE","isPartOf":{"@id":"https:\/\/www.manaus.am.gov.br\/implurb\/#website"},"primaryImageOfPage":{"@id":"https:\/\/www.manaus.am.gov.br\/implurb\/inscricoes-boas-praticas-11o-encontro-inrede\/#primaryimage"},"image":{"@id":"https:\/\/www.manaus.am.gov.br\/implurb\/inscricoes-boas-praticas-11o-encontro-inrede\/#primaryimage"},"thumbnailUrl":"https:\/\/www.manaus.am.gov.br\/implurb\/wp-content\/uploads\/sites\/13\/2025\/08\/Centro-de-Manaus-1.jpeg","datePublished":"2025-08-21T18:53:15+00:00","dateModified":"2025-08-21T18:53:15+00:00","author":{"@id":"https:\/\/www.manaus.am.gov.br\/implurb\/#\/schema\/person\/05d223aea2bf115f9883a6ff3683d81b"},"description":"Prefeitura de Manaus refor\u00e7a o prazo para a inscri\u00e7\u00e3o das cidades no envio de \u2018Boas Pr\u00e1ticas\u2019 para apresenta\u00e7\u00e3o no 11\u00ba Encontro InREDE.","breadcrumb":{"@id":"https:\/\/www.manaus.am.gov.br\/implurb\/inscricoes-boas-praticas-11o-encontro-inrede\/#breadcrumb"},"inLanguage":"pt-BR","potentialAction":[{"@type":"ReadAction","target":["https:\/\/www.manaus.am.gov.br\/implurb\/inscricoes-boas-praticas-11o-encontro-inrede\/"]}]},{"@type":"ImageObject","inLanguage":"pt-BR","@id":"https:\/\/www.manaus.am.gov.br\/implurb\/inscricoes-boas-praticas-11o-encontro-inrede\/#primaryimage","url":"https:\/\/www.manaus.am.gov.br\/implurb\/wp-content\/uploads\/sites\/13\/2025\/08\/Centro-de-Manaus-1.jpeg","contentUrl":"https:\/\/www.manaus.am.gov.br\/implurb\/wp-content\/uploads\/sites\/13\/2025\/08\/Centro-de-Manaus-1.jpeg","width":1600,"height":1200,"caption":"#paratodosverem - Imagem \u00e1rea do p\u00eder tur\u00edstico Manaus 355, no centro da cidade"},{"@type":"BreadcrumbList","@id":"https:\/\/www.manaus.am.gov.br\/implurb\/inscricoes-boas-praticas-11o-encontro-inrede\/#breadcrumb","itemListElement":[{"@type":"ListItem","position":1,"name":"Home","item":"https:\/\/www.manaus.am.gov.br\/implurb\/"},{"@type":"ListItem","position":2,"name":"Prefeitura de Manaus refor\u00e7a o prazo para a inscri\u00e7\u00e3o das cidades no envio de \u2018Boas Pr\u00e1ticas\u2019 para apresenta\u00e7\u00e3o no 11\u00ba Encontro InREDE"}]},{"@type":"WebSite","@id":"https:\/\/www.manaus.am.gov.br\/implurb\/#website","url":"https:\/\/www.manaus.am.gov.br\/implurb\/","name":"IMPLURB","description":"Prefeitura de Manaus","potentialAction":[{"@type":"SearchAction","target":{"@type":"EntryPoint","urlTemplate":"https:\/\/www.manaus.am.gov.br\/implurb\/?s={search_term_string}"},"query-input":"required name=search_term_string"}],"inLanguage":"pt-BR"},{"@type":"Person","@id":"https:\/\/www.manaus.am.gov.br\/implurb\/#\/schema\/person\/05d223aea2bf115f9883a6ff3683d81b","name":"Bruna Greco","image":{"@type":"ImageObject","inLanguage":"pt-BR","@id":"https:\/\/www.manaus.am.gov.br\/implurb\/#\/schema\/person\/image\/","url":"https:\/\/secure.gravatar.com\/avatar\/9c877d1a6adc2a055330e5c09a8653ce?s=96&d=mm&r=g","contentUrl":"https:\/\/secure.gravatar.com\/avatar\/9c877d1a6adc2a055330e5c09a8653ce?s=96&d=mm&r=g","caption":"Bruna Greco"}}]}},"_links":{"self":[{"href":"https:\/\/www.manaus.am.gov.br\/implurb\/wp-json\/wp\/v2\/posts\/6530"}],"collection":[{"href":"https:\/\/www.manaus.am.gov.br\/implurb\/wp-json\/wp\/v2\/posts"}],"about":[{"href":"https:\/\/www.manaus.am.gov.br\/implurb\/wp-json\/wp\/v2\/types\/post"}],"author":[{"embeddable":true,"href":"https:\/\/www.manaus.am.gov.br\/implurb\/wp-json\/wp\/v2\/users\/39"}],"replies":[{"embeddable":true,"href":"https:\/\/www.manaus.am.gov.br\/implurb\/wp-json\/wp\/v2\/comments?post=6530"}],"version-history":[{"count":1,"href":"https:\/\/www.manaus.am.gov.br\/implurb\/wp-json\/wp\/v2\/posts\/6530\/revisions"}],"predecessor-version":[{"id":6533,"href":"https:\/\/www.manaus.am.gov.br\/implurb\/wp-json\/wp\/v2\/posts\/6530\/revisions\/6533"}],"wp:featuredmedia":[{"embeddable":true,"href":"https:\/\/www.manaus.am.gov.br\/implurb\/wp-json\/wp\/v2\/media\/6531"}],"wp:attachment":[{"href":"https:\/\/www.manaus.am.gov.br\/implurb\/wp-json\/wp\/v2\/media?parent=6530"}],"wp:term":[{"taxonomy":"category","embeddable":true,"href":"https:\/\/www.manaus.am.gov.br\/implurb\/wp-json\/wp\/v2\/categories?post=6530"},{"taxonomy":"post_tag","embeddable":true,"href":"https:\/\/www.manaus.am.gov.br\/implurb\/wp-json\/wp\/v2\/tags?post=6530"}],"curies":[{"name":"wp","href":"https:\/\/api.w.org\/{rel}","templated":true}]}}