{"id":6528,"date":"2025-08-21T11:36:57","date_gmt":"2025-08-21T15:36:57","guid":{"rendered":"https:\/\/www.manaus.am.gov.br\/implurb\/prefeitura-implurb-embargo-construcaoparque10\/"},"modified":"2025-08-21T11:36:58","modified_gmt":"2025-08-21T15:36:58","slug":"prefeitura-implurb-embargo-construcaoparque10","status":"publish","type":"post","link":"https:\/\/www.manaus.am.gov.br\/implurb\/prefeitura-implurb-embargo-construcaoparque10\/","title":{"rendered":"Prefeitura embarga constru\u00e7\u00e3o com vergalh\u00f5es em cal\u00e7ada no Parque 10"},"content":{"rendered":"\n<p>Mais um caso de maus-tratos em cal\u00e7ada p\u00fablica resultou em notifica\u00e7\u00e3o e embargo de uma obra denunciada no Parque 10 de Novembro, zona Centro-Sul, durante a\u00e7\u00e3o da Prefeitura de Manaus. Fiscais da Divis\u00e3o de Controle (Dicon), do Instituto Municipal de Planejamento Urbano (Implurb), estiveram no local, na quarta-feira, 20\/8, constatando a irregularidade de uma constru\u00e7\u00e3o no meio-fio da cal\u00e7ada, que estava recebendo coluna de amarra\u00e7\u00e3o com vergalh\u00f5es.<\/p>\n\n\n\n<p>Apesar de ter a obra licenciada, o propriet\u00e1rio constru\u00eda em desacordo com o projeto aprovado, cravando estacas de amarra\u00e7\u00e3o na divisa da cal\u00e7ada com a via, ambas p\u00fablicas.<\/p>\n\n\n\n<p>\u201c\u00c9 uma constru\u00e7\u00e3o completamente proibida, em desacordo com o C\u00f3digo de Obras e o Plano Diretor. Isso \u00e9 ilegal. Ao recebermos a den\u00fancia, por v\u00eddeo, fizemos a notifica\u00e7\u00e3o e embargamos. A empresa ter\u00e1 que recompor a cal\u00e7ada, recuperando o logradouro e o dano causado. Caso n\u00e3o fa\u00e7a o reparo, estar\u00e1 sujeita a multas e san\u00e7\u00f5es administrativas\u201d, explicou o vice-presidente do Implurb, Antonio Peixoto.<\/p>\n\n\n\n<p>No acumulado de janeiro a julho deste ano, a Ger\u00eancia de Fiscaliza\u00e7\u00e3o de Obras (GFO) fez 1.849 notifica\u00e7\u00f5es e aplicou 195 infra\u00e7\u00f5es, 222 embargos e 81 interdi\u00e7\u00f5es, al\u00e9m de ter realizado duas demoli\u00e7\u00f5es administrativas.<\/p>\n\n\n\n<p>As fiscaliza\u00e7\u00f5es s\u00e3o realizadas pelas ger\u00eancias da&nbsp;Dicon, por meio de den\u00fancias, demandas de \u00f3rg\u00e3os municipais e estaduais, e rota di\u00e1ria da equipe de fiscais nas ruas.<\/p>\n\n\n\n<p>Den\u00fancias sobre&nbsp;obras&nbsp;irregulares, obstru\u00e7\u00e3o de cal\u00e7ada p\u00fablica e afins s\u00e3o atendidas pelo n\u00famero do&nbsp;Disque&nbsp;Den\u00fancia, pelo 3673-9305 (segunda a sexta, das 8h \u00e0s 14h, exceto feriados e pontos facultativos), ou pelo 161 (segunda a sexta, das 8h \u00e0s 14h), ou pelo e-mail&nbsp;<a href=\"mailto:disquedenuncia.implurb@manaus.am.gov.br\" target=\"_blank\" rel=\"noreferrer noopener\">disquedenuncia.implurb@manaus.am.gov.br<\/a><\/p>\n\n\n\n<p>&#8212; &#8212; &#8212;<\/p>\n\n\n\n<p><strong>Texto\u00a0<\/strong>\u2013 Claudia do Valle \/ Implurb<br><strong>Fotos\u00a0<\/strong>\u2013 Divulga\u00e7\u00e3o\/Implurb<\/p>\n","protected":false},"excerpt":{"rendered":"","protected":false},"author":23,"featured_media":6529,"comment_status":"closed","ping_status":"closed","sticky":false,"template":"","format":"standard","meta":{"footnotes":""},"categories":[33],"tags":[1871,1872,1403,11,88,1873,15],"acf":[],"yoast_head":"<!-- This site is optimized with the Yoast SEO plugin v23.0 - https:\/\/yoast.com\/wordpress\/plugins\/seo\/ -->\n<title>Prefeitura embarga constru\u00e7\u00e3o com vergalh\u00f5es em cal\u00e7ada no Parque 10<\/title>\n<meta name=\"description\" content=\"Mais um caso de maus-tratos em cal\u00e7ada p\u00fablica resultou em notifica\u00e7\u00e3o e embargo de uma obra denunciada no Parque 10 de Novembro, zona Centro-Sul, durante a\u00e7\u00e3o da Prefeitura de Manaus.\" \/>\n<meta name=\"robots\" content=\"noindex, follow\" \/>\n<meta property=\"og:locale\" content=\"pt_BR\" \/>\n<meta property=\"og:type\" content=\"article\" \/>\n<meta property=\"og:title\" content=\"Prefeitura embarga constru\u00e7\u00e3o com vergalh\u00f5es em cal\u00e7ada no Parque 10\" \/>\n<meta property=\"og:description\" content=\"Mais um caso de maus-tratos em cal\u00e7ada p\u00fablica resultou em notifica\u00e7\u00e3o e embargo de uma obra denunciada no Parque 10 de Novembro, zona Centro-Sul, durante a\u00e7\u00e3o da Prefeitura de Manaus.\" \/>\n<meta property=\"og:url\" content=\"https:\/\/www.manaus.am.gov.br\/implurb\/prefeitura-implurb-embargo-construcaoparque10\/\" \/>\n<meta property=\"og:site_name\" content=\"IMPLURB\" \/>\n<meta property=\"article:published_time\" content=\"2025-08-21T15:36:57+00:00\" \/>\n<meta property=\"article:modified_time\" content=\"2025-08-21T15:36:58+00:00\" \/>\n<meta property=\"og:image\" content=\"https:\/\/www.manaus.am.gov.br\/implurb\/wp-content\/uploads\/sites\/13\/2025\/08\/obra2.jpeg\" \/>\n\t<meta property=\"og:image:width\" content=\"1280\" \/>\n\t<meta property=\"og:image:height\" content=\"720\" \/>\n\t<meta property=\"og:image:type\" content=\"image\/jpeg\" \/>\n<meta name=\"author\" content=\"Adriana Costa\" \/>\n<meta name=\"twitter:card\" content=\"summary_large_image\" \/>\n<meta name=\"twitter:label1\" content=\"Written by\" \/>\n\t<meta name=\"twitter:data1\" content=\"Adriana Costa\" \/>\n\t<meta name=\"twitter:label2\" content=\"Est. reading time\" \/>\n\t<meta name=\"twitter:data2\" content=\"2 minutos\" \/>\n<script type=\"application\/ld+json\" class=\"yoast-schema-graph\">{\"@context\":\"https:\/\/schema.org\",\"@graph\":[{\"@type\":\"WebPage\",\"@id\":\"https:\/\/www.manaus.am.gov.br\/implurb\/prefeitura-implurb-embargo-construcaoparque10\/\",\"url\":\"https:\/\/www.manaus.am.gov.br\/implurb\/prefeitura-implurb-embargo-construcaoparque10\/\",\"name\":\"Prefeitura embarga constru\u00e7\u00e3o com vergalh\u00f5es em cal\u00e7ada no Parque 10\",\"isPartOf\":{\"@id\":\"https:\/\/www.manaus.am.gov.br\/implurb\/#website\"},\"primaryImageOfPage\":{\"@id\":\"https:\/\/www.manaus.am.gov.br\/implurb\/prefeitura-implurb-embargo-construcaoparque10\/#primaryimage\"},\"image\":{\"@id\":\"https:\/\/www.manaus.am.gov.br\/implurb\/prefeitura-implurb-embargo-construcaoparque10\/#primaryimage\"},\"thumbnailUrl\":\"https:\/\/www.manaus.am.gov.br\/implurb\/wp-content\/uploads\/sites\/13\/2025\/08\/obra2.jpeg\",\"datePublished\":\"2025-08-21T15:36:57+00:00\",\"dateModified\":\"2025-08-21T15:36:58+00:00\",\"author\":{\"@id\":\"https:\/\/www.manaus.am.gov.br\/implurb\/#\/schema\/person\/4e49f4e267757a06ca072ec61b2b9968\"},\"description\":\"Mais um caso de maus-tratos em cal\u00e7ada p\u00fablica resultou em notifica\u00e7\u00e3o e embargo de uma obra denunciada no Parque 10 de Novembro, zona Centro-Sul, durante a\u00e7\u00e3o da Prefeitura de Manaus.\",\"breadcrumb\":{\"@id\":\"https:\/\/www.manaus.am.gov.br\/implurb\/prefeitura-implurb-embargo-construcaoparque10\/#breadcrumb\"},\"inLanguage\":\"pt-BR\",\"potentialAction\":[{\"@type\":\"ReadAction\",\"target\":[\"https:\/\/www.manaus.am.gov.br\/implurb\/prefeitura-implurb-embargo-construcaoparque10\/\"]}]},{\"@type\":\"ImageObject\",\"inLanguage\":\"pt-BR\",\"@id\":\"https:\/\/www.manaus.am.gov.br\/implurb\/prefeitura-implurb-embargo-construcaoparque10\/#primaryimage\",\"url\":\"https:\/\/www.manaus.am.gov.br\/implurb\/wp-content\/uploads\/sites\/13\/2025\/08\/obra2.jpeg\",\"contentUrl\":\"https:\/\/www.manaus.am.gov.br\/implurb\/wp-content\/uploads\/sites\/13\/2025\/08\/obra2.jpeg\",\"width\":1280,\"height\":720},{\"@type\":\"BreadcrumbList\",\"@id\":\"https:\/\/www.manaus.am.gov.br\/implurb\/prefeitura-implurb-embargo-construcaoparque10\/#breadcrumb\",\"itemListElement\":[{\"@type\":\"ListItem\",\"position\":1,\"name\":\"Home\",\"item\":\"https:\/\/www.manaus.am.gov.br\/implurb\/\"},{\"@type\":\"ListItem\",\"position\":2,\"name\":\"Prefeitura embarga constru\u00e7\u00e3o com vergalh\u00f5es em cal\u00e7ada no Parque 10\"}]},{\"@type\":\"WebSite\",\"@id\":\"https:\/\/www.manaus.am.gov.br\/implurb\/#website\",\"url\":\"https:\/\/www.manaus.am.gov.br\/implurb\/\",\"name\":\"IMPLURB\",\"description\":\"Prefeitura de Manaus\",\"potentialAction\":[{\"@type\":\"SearchAction\",\"target\":{\"@type\":\"EntryPoint\",\"urlTemplate\":\"https:\/\/www.manaus.am.gov.br\/implurb\/?s={search_term_string}\"},\"query-input\":\"required name=search_term_string\"}],\"inLanguage\":\"pt-BR\"},{\"@type\":\"Person\",\"@id\":\"https:\/\/www.manaus.am.gov.br\/implurb\/#\/schema\/person\/4e49f4e267757a06ca072ec61b2b9968\",\"name\":\"Adriana Costa\",\"image\":{\"@type\":\"ImageObject\",\"inLanguage\":\"pt-BR\",\"@id\":\"https:\/\/www.manaus.am.gov.br\/implurb\/#\/schema\/person\/image\/\",\"url\":\"https:\/\/secure.gravatar.com\/avatar\/576258617ef7194f718179e766d57bd4?s=96&d=mm&r=g\",\"contentUrl\":\"https:\/\/secure.gravatar.com\/avatar\/576258617ef7194f718179e766d57bd4?s=96&d=mm&r=g\",\"caption\":\"Adriana Costa\"}}]}<\/script>\n<!-- \/ Yoast SEO plugin. -->","yoast_head_json":{"title":"Prefeitura embarga constru\u00e7\u00e3o com vergalh\u00f5es em cal\u00e7ada no Parque 10","description":"Mais um caso de maus-tratos em cal\u00e7ada p\u00fablica resultou em notifica\u00e7\u00e3o e embargo de uma obra denunciada no Parque 10 de Novembro, zona Centro-Sul, durante a\u00e7\u00e3o da Prefeitura de Manaus.","robots":{"index":"noindex","follow":"follow"},"og_locale":"pt_BR","og_type":"article","og_title":"Prefeitura embarga constru\u00e7\u00e3o com vergalh\u00f5es em cal\u00e7ada no Parque 10","og_description":"Mais um caso de maus-tratos em cal\u00e7ada p\u00fablica resultou em notifica\u00e7\u00e3o e embargo de uma obra denunciada no Parque 10 de Novembro, zona Centro-Sul, durante a\u00e7\u00e3o da Prefeitura de Manaus.","og_url":"https:\/\/www.manaus.am.gov.br\/implurb\/prefeitura-implurb-embargo-construcaoparque10\/","og_site_name":"IMPLURB","article_published_time":"2025-08-21T15:36:57+00:00","article_modified_time":"2025-08-21T15:36:58+00:00","og_image":[{"width":1280,"height":720,"url":"https:\/\/www.manaus.am.gov.br\/implurb\/wp-content\/uploads\/sites\/13\/2025\/08\/obra2.jpeg","type":"image\/jpeg"}],"author":"Adriana Costa","twitter_card":"summary_large_image","twitter_misc":{"Written by":"Adriana Costa","Est. reading time":"2 minutos"},"schema":{"@context":"https:\/\/schema.org","@graph":[{"@type":"WebPage","@id":"https:\/\/www.manaus.am.gov.br\/implurb\/prefeitura-implurb-embargo-construcaoparque10\/","url":"https:\/\/www.manaus.am.gov.br\/implurb\/prefeitura-implurb-embargo-construcaoparque10\/","name":"Prefeitura embarga constru\u00e7\u00e3o com vergalh\u00f5es em cal\u00e7ada no Parque 10","isPartOf":{"@id":"https:\/\/www.manaus.am.gov.br\/implurb\/#website"},"primaryImageOfPage":{"@id":"https:\/\/www.manaus.am.gov.br\/implurb\/prefeitura-implurb-embargo-construcaoparque10\/#primaryimage"},"image":{"@id":"https:\/\/www.manaus.am.gov.br\/implurb\/prefeitura-implurb-embargo-construcaoparque10\/#primaryimage"},"thumbnailUrl":"https:\/\/www.manaus.am.gov.br\/implurb\/wp-content\/uploads\/sites\/13\/2025\/08\/obra2.jpeg","datePublished":"2025-08-21T15:36:57+00:00","dateModified":"2025-08-21T15:36:58+00:00","author":{"@id":"https:\/\/www.manaus.am.gov.br\/implurb\/#\/schema\/person\/4e49f4e267757a06ca072ec61b2b9968"},"description":"Mais um caso de maus-tratos em cal\u00e7ada p\u00fablica resultou em notifica\u00e7\u00e3o e embargo de uma obra denunciada no Parque 10 de Novembro, zona Centro-Sul, durante a\u00e7\u00e3o da Prefeitura de Manaus.","breadcrumb":{"@id":"https:\/\/www.manaus.am.gov.br\/implurb\/prefeitura-implurb-embargo-construcaoparque10\/#breadcrumb"},"inLanguage":"pt-BR","potentialAction":[{"@type":"ReadAction","target":["https:\/\/www.manaus.am.gov.br\/implurb\/prefeitura-implurb-embargo-construcaoparque10\/"]}]},{"@type":"ImageObject","inLanguage":"pt-BR","@id":"https:\/\/www.manaus.am.gov.br\/implurb\/prefeitura-implurb-embargo-construcaoparque10\/#primaryimage","url":"https:\/\/www.manaus.am.gov.br\/implurb\/wp-content\/uploads\/sites\/13\/2025\/08\/obra2.jpeg","contentUrl":"https:\/\/www.manaus.am.gov.br\/implurb\/wp-content\/uploads\/sites\/13\/2025\/08\/obra2.jpeg","width":1280,"height":720},{"@type":"BreadcrumbList","@id":"https:\/\/www.manaus.am.gov.br\/implurb\/prefeitura-implurb-embargo-construcaoparque10\/#breadcrumb","itemListElement":[{"@type":"ListItem","position":1,"name":"Home","item":"https:\/\/www.manaus.am.gov.br\/implurb\/"},{"@type":"ListItem","position":2,"name":"Prefeitura embarga constru\u00e7\u00e3o com vergalh\u00f5es em cal\u00e7ada no Parque 10"}]},{"@type":"WebSite","@id":"https:\/\/www.manaus.am.gov.br\/implurb\/#website","url":"https:\/\/www.manaus.am.gov.br\/implurb\/","name":"IMPLURB","description":"Prefeitura de Manaus","potentialAction":[{"@type":"SearchAction","target":{"@type":"EntryPoint","urlTemplate":"https:\/\/www.manaus.am.gov.br\/implurb\/?s={search_term_string}"},"query-input":"required name=search_term_string"}],"inLanguage":"pt-BR"},{"@type":"Person","@id":"https:\/\/www.manaus.am.gov.br\/implurb\/#\/schema\/person\/4e49f4e267757a06ca072ec61b2b9968","name":"Adriana Costa","image":{"@type":"ImageObject","inLanguage":"pt-BR","@id":"https:\/\/www.manaus.am.gov.br\/implurb\/#\/schema\/person\/image\/","url":"https:\/\/secure.gravatar.com\/avatar\/576258617ef7194f718179e766d57bd4?s=96&d=mm&r=g","contentUrl":"https:\/\/secure.gravatar.com\/avatar\/576258617ef7194f718179e766d57bd4?s=96&d=mm&r=g","caption":"Adriana Costa"}}]}},"_links":{"self":[{"href":"https:\/\/www.manaus.am.gov.br\/implurb\/wp-json\/wp\/v2\/posts\/6528"}],"collection":[{"href":"https:\/\/www.manaus.am.gov.br\/implurb\/wp-json\/wp\/v2\/posts"}],"about":[{"href":"https:\/\/www.manaus.am.gov.br\/implurb\/wp-json\/wp\/v2\/types\/post"}],"author":[{"embeddable":true,"href":"https:\/\/www.manaus.am.gov.br\/implurb\/wp-json\/wp\/v2\/users\/23"}],"replies":[{"embeddable":true,"href":"https:\/\/www.manaus.am.gov.br\/implurb\/wp-json\/wp\/v2\/comments?post=6528"}],"version-history":[{"count":0,"href":"https:\/\/www.manaus.am.gov.br\/implurb\/wp-json\/wp\/v2\/posts\/6528\/revisions"}],"wp:featuredmedia":[{"embeddable":true,"href":"https:\/\/www.manaus.am.gov.br\/implurb\/wp-json\/wp\/v2\/media\/6529"}],"wp:attachment":[{"href":"https:\/\/www.manaus.am.gov.br\/implurb\/wp-json\/wp\/v2\/media?parent=6528"}],"wp:term":[{"taxonomy":"category","embeddable":true,"href":"https:\/\/www.manaus.am.gov.br\/implurb\/wp-json\/wp\/v2\/categories?post=6528"},{"taxonomy":"post_tag","embeddable":true,"href":"https:\/\/www.manaus.am.gov.br\/implurb\/wp-json\/wp\/v2\/tags?post=6528"}],"curies":[{"name":"wp","href":"https:\/\/api.w.org\/{rel}","templated":true}]}}