{"id":6495,"date":"2025-08-18T10:07:59","date_gmt":"2025-08-18T14:07:59","guid":{"rendered":"https:\/\/www.manaus.am.gov.br\/implurb\/prefeitura-implurb-novasvias-semestre\/"},"modified":"2025-08-18T10:08:00","modified_gmt":"2025-08-18T14:08:00","slug":"prefeitura-implurb-novasvias-semestre","status":"publish","type":"post","link":"https:\/\/www.manaus.am.gov.br\/implurb\/prefeitura-implurb-novasvias-semestre\/","title":{"rendered":"Prefeitura de Manaus oficializou 246 novas vias p\u00fablicas na capital em seis meses"},"content":{"rendered":"\n<p>At\u00e9 o primeiro semestre de 2025, a Prefeitura de Manaus fez a oficializa\u00e7\u00e3o de 246 novas vias p\u00fablicas, totalizando, hoje, 13.172 logradouros na capital amazonense. Os dados s\u00e3o da Ger\u00eancia de Mobilidade Urbana (GMU), do Instituto Municipal de Planejamento Urbano (Implurb). Em 2023, a cidade tinha 13.052 vias e, ano passado, ocorreu uma revis\u00e3o, onde foram exclu\u00eddos C\u00f3digos de Logradouros (CDL), em raz\u00e3o de atualiza\u00e7\u00e3o da base cadastral e por n\u00e3o serem vias oficializadas. S\u00e3o exclu\u00eddas, por exemplo, passagens dentro de lotes particulares ou dentro de invas\u00f5es de \u00e1reas p\u00fablicas.<\/p>\n\n\n\n<p>\u201cOs logradouros p\u00fablicos s\u00e3o&nbsp;distribu\u00eddos entre ruas,&nbsp;vias, becos, avenidas, travessas e afins. Entre as raz\u00f5es para o aumento de vias est\u00e1 a atualiza\u00e7\u00e3o de base de dados, al\u00e9m da inclus\u00e3o de loteamentos e de obras executadas pela Prefeitura de Manaus\u201d, explicou a gerente do GMU, arquiteta e urbanista Carolina Azevedo.<\/p>\n\n\n\n<p>A atualiza\u00e7\u00e3o dos C\u00f3digos de Logradouros \u00e9 rotina no \u00f3rg\u00e3o, assim como a dos nomes das vias p\u00fablicas, conforme legisla\u00e7\u00e3o em vigor. O processo de nomenclatura atende a legisla\u00e7\u00e3o pr\u00f3pria, com as leis municipais n\u00ba 266\/94, que regula a identifica\u00e7\u00e3o dos logradouros p\u00fablicos, e a de n\u00ba 343\/96, que define&nbsp;nova&nbsp;denomina\u00e7\u00e3o dos logradouros. As mesmas obedecem a legisla\u00e7\u00e3o federal n\u00ba 6.454\/1977, que tamb\u00e9m se refere a logradouros e denomina\u00e7\u00e3o de bairros do munic\u00edpio.<\/p>\n\n\n\n<p>Bairros<\/p>\n\n\n\n<p>Em rela\u00e7\u00e3o aos nomes de bairros, a Prefeitura de Manaus tem registrados, oficialmente, 63 bairros, conforme a Lei 1.401, de 14 de janeiro de 2010, a \u00faltima atualiza\u00e7\u00e3o existente.<\/p>\n\n\n\n<p>A an\u00e1lise de pedidos e revis\u00f5es para nomes de logradouros p\u00fablicos \u00e9 feita pela GMU. A revis\u00e3o da base de dados \u00e9 feita periodicamente. Em muitos casos, h\u00e1 uma diferen\u00e7a entre o nome oficial da via e o popular, aquele que a popula\u00e7\u00e3o e at\u00e9 mesmo concession\u00e1rias de servi\u00e7os costumam usar para localizar endere\u00e7os.<\/p>\n\n\n\n<p>Pela legisla\u00e7\u00e3o, n\u00e3o s\u00e3o permitidas que as ruas tenham letras e n\u00fameros, porque assim haveria uma infinidade de ruas &#8220;A&#8221; ou &#8220;10&#8221;, por exemplo. Esse uso \u00e9 comum logo na abertura de um loteamento, onde o propriet\u00e1rio usa letras ou n\u00fameros, mas posteriormente \u00e9 feita a nomenclatura oficial. As legisla\u00e7\u00f5es municipais se remetem \u00e0 federal, prevendo n\u00e3o ser poss\u00edvel ter nomes de pessoas vivas.<\/p>\n\n\n\n<p>A prefeitura, hoje, trabalha com um cadastro \u00fanico. Para tirar d\u00favidas sobre a nomenclatura de uma rua, h\u00e1 a Certid\u00e3o de Endere\u00e7o, expedida pelo GMU, cuja primeira via \u00e9 gratuita.<\/p>\n\n\n\n<p>&#8212; &#8212; &#8212;<\/p>\n\n\n\n<p><strong>Texto<\/strong>\u00a0\u2013\u00a0Claudia do Valle\/Implurb<\/p>\n\n\n\n<p><strong>Fotos<\/strong>\u00a0\u2013 Maxwell Oliveira\/Implurb<\/p>\n","protected":false},"excerpt":{"rendered":"","protected":false},"author":23,"featured_media":6496,"comment_status":"closed","ping_status":"closed","sticky":false,"template":"","format":"standard","meta":{"footnotes":""},"categories":[33],"tags":[835,11,1859,15,1825],"acf":[],"yoast_head":"<!-- This site is optimized with the Yoast SEO plugin v23.0 - https:\/\/yoast.com\/wordpress\/plugins\/seo\/ -->\n<title>Prefeitura de Manaus oficializou 246 novas vias p\u00fablicas na capital em seis meses<\/title>\n<meta name=\"description\" content=\"At\u00e9 o primeiro semestre de 2025, a Prefeitura de Manaus fez a oficializa\u00e7\u00e3o de 246 novas vias p\u00fablicas, totalizando, hoje, 13.172 logradouros na capital amazonense. Os dados s\u00e3o da Ger\u00eancia de Mobilidade Urbana (GMU), do Instituto Municipal de Planejamento Urbano (Implurb).\" \/>\n<meta name=\"robots\" content=\"noindex, follow\" \/>\n<meta property=\"og:locale\" content=\"pt_BR\" \/>\n<meta property=\"og:type\" content=\"article\" \/>\n<meta property=\"og:title\" content=\"Prefeitura de Manaus oficializou 246 novas vias p\u00fablicas na capital em seis meses\" \/>\n<meta property=\"og:description\" content=\"At\u00e9 o primeiro semestre de 2025, a Prefeitura de Manaus fez a oficializa\u00e7\u00e3o de 246 novas vias p\u00fablicas, totalizando, hoje, 13.172 logradouros na capital amazonense. Os dados s\u00e3o da Ger\u00eancia de Mobilidade Urbana (GMU), do Instituto Municipal de Planejamento Urbano (Implurb).\" \/>\n<meta property=\"og:url\" content=\"https:\/\/www.manaus.am.gov.br\/implurb\/prefeitura-implurb-novasvias-semestre\/\" \/>\n<meta property=\"og:site_name\" content=\"IMPLURB\" \/>\n<meta property=\"article:published_time\" content=\"2025-08-18T14:07:59+00:00\" \/>\n<meta property=\"article:modified_time\" content=\"2025-08-18T14:08:00+00:00\" \/>\n<meta property=\"og:image\" content=\"https:\/\/www.manaus.am.gov.br\/implurb\/wp-content\/uploads\/sites\/13\/2025\/08\/GMU0.jpg\" \/>\n\t<meta property=\"og:image:width\" content=\"1000\" \/>\n\t<meta property=\"og:image:height\" content=\"666\" \/>\n\t<meta property=\"og:image:type\" content=\"image\/jpeg\" \/>\n<meta name=\"author\" content=\"Adriana Costa\" \/>\n<meta name=\"twitter:card\" content=\"summary_large_image\" \/>\n<meta name=\"twitter:label1\" content=\"Written by\" \/>\n\t<meta name=\"twitter:data1\" content=\"Adriana Costa\" \/>\n\t<meta name=\"twitter:label2\" content=\"Est. reading time\" \/>\n\t<meta name=\"twitter:data2\" content=\"3 minutos\" \/>\n<script type=\"application\/ld+json\" class=\"yoast-schema-graph\">{\"@context\":\"https:\/\/schema.org\",\"@graph\":[{\"@type\":\"WebPage\",\"@id\":\"https:\/\/www.manaus.am.gov.br\/implurb\/prefeitura-implurb-novasvias-semestre\/\",\"url\":\"https:\/\/www.manaus.am.gov.br\/implurb\/prefeitura-implurb-novasvias-semestre\/\",\"name\":\"Prefeitura de Manaus oficializou 246 novas vias p\u00fablicas na capital em seis meses\",\"isPartOf\":{\"@id\":\"https:\/\/www.manaus.am.gov.br\/implurb\/#website\"},\"primaryImageOfPage\":{\"@id\":\"https:\/\/www.manaus.am.gov.br\/implurb\/prefeitura-implurb-novasvias-semestre\/#primaryimage\"},\"image\":{\"@id\":\"https:\/\/www.manaus.am.gov.br\/implurb\/prefeitura-implurb-novasvias-semestre\/#primaryimage\"},\"thumbnailUrl\":\"https:\/\/www.manaus.am.gov.br\/implurb\/wp-content\/uploads\/sites\/13\/2025\/08\/GMU0.jpg\",\"datePublished\":\"2025-08-18T14:07:59+00:00\",\"dateModified\":\"2025-08-18T14:08:00+00:00\",\"author\":{\"@id\":\"https:\/\/www.manaus.am.gov.br\/implurb\/#\/schema\/person\/4e49f4e267757a06ca072ec61b2b9968\"},\"description\":\"At\u00e9 o primeiro semestre de 2025, a Prefeitura de Manaus fez a oficializa\u00e7\u00e3o de 246 novas vias p\u00fablicas, totalizando, hoje, 13.172 logradouros na capital amazonense. Os dados s\u00e3o da Ger\u00eancia de Mobilidade Urbana (GMU), do Instituto Municipal de Planejamento Urbano (Implurb).\",\"breadcrumb\":{\"@id\":\"https:\/\/www.manaus.am.gov.br\/implurb\/prefeitura-implurb-novasvias-semestre\/#breadcrumb\"},\"inLanguage\":\"pt-BR\",\"potentialAction\":[{\"@type\":\"ReadAction\",\"target\":[\"https:\/\/www.manaus.am.gov.br\/implurb\/prefeitura-implurb-novasvias-semestre\/\"]}]},{\"@type\":\"ImageObject\",\"inLanguage\":\"pt-BR\",\"@id\":\"https:\/\/www.manaus.am.gov.br\/implurb\/prefeitura-implurb-novasvias-semestre\/#primaryimage\",\"url\":\"https:\/\/www.manaus.am.gov.br\/implurb\/wp-content\/uploads\/sites\/13\/2025\/08\/GMU0.jpg\",\"contentUrl\":\"https:\/\/www.manaus.am.gov.br\/implurb\/wp-content\/uploads\/sites\/13\/2025\/08\/GMU0.jpg\",\"width\":1000,\"height\":666},{\"@type\":\"BreadcrumbList\",\"@id\":\"https:\/\/www.manaus.am.gov.br\/implurb\/prefeitura-implurb-novasvias-semestre\/#breadcrumb\",\"itemListElement\":[{\"@type\":\"ListItem\",\"position\":1,\"name\":\"Home\",\"item\":\"https:\/\/www.manaus.am.gov.br\/implurb\/\"},{\"@type\":\"ListItem\",\"position\":2,\"name\":\"Prefeitura de Manaus oficializou 246 novas vias p\u00fablicas na capital em seis meses\"}]},{\"@type\":\"WebSite\",\"@id\":\"https:\/\/www.manaus.am.gov.br\/implurb\/#website\",\"url\":\"https:\/\/www.manaus.am.gov.br\/implurb\/\",\"name\":\"IMPLURB\",\"description\":\"Prefeitura de Manaus\",\"potentialAction\":[{\"@type\":\"SearchAction\",\"target\":{\"@type\":\"EntryPoint\",\"urlTemplate\":\"https:\/\/www.manaus.am.gov.br\/implurb\/?s={search_term_string}\"},\"query-input\":\"required name=search_term_string\"}],\"inLanguage\":\"pt-BR\"},{\"@type\":\"Person\",\"@id\":\"https:\/\/www.manaus.am.gov.br\/implurb\/#\/schema\/person\/4e49f4e267757a06ca072ec61b2b9968\",\"name\":\"Adriana Costa\",\"image\":{\"@type\":\"ImageObject\",\"inLanguage\":\"pt-BR\",\"@id\":\"https:\/\/www.manaus.am.gov.br\/implurb\/#\/schema\/person\/image\/\",\"url\":\"https:\/\/secure.gravatar.com\/avatar\/576258617ef7194f718179e766d57bd4?s=96&d=mm&r=g\",\"contentUrl\":\"https:\/\/secure.gravatar.com\/avatar\/576258617ef7194f718179e766d57bd4?s=96&d=mm&r=g\",\"caption\":\"Adriana Costa\"}}]}<\/script>\n<!-- \/ Yoast SEO plugin. -->","yoast_head_json":{"title":"Prefeitura de Manaus oficializou 246 novas vias p\u00fablicas na capital em seis meses","description":"At\u00e9 o primeiro semestre de 2025, a Prefeitura de Manaus fez a oficializa\u00e7\u00e3o de 246 novas vias p\u00fablicas, totalizando, hoje, 13.172 logradouros na capital amazonense. Os dados s\u00e3o da Ger\u00eancia de Mobilidade Urbana (GMU), do Instituto Municipal de Planejamento Urbano (Implurb).","robots":{"index":"noindex","follow":"follow"},"og_locale":"pt_BR","og_type":"article","og_title":"Prefeitura de Manaus oficializou 246 novas vias p\u00fablicas na capital em seis meses","og_description":"At\u00e9 o primeiro semestre de 2025, a Prefeitura de Manaus fez a oficializa\u00e7\u00e3o de 246 novas vias p\u00fablicas, totalizando, hoje, 13.172 logradouros na capital amazonense. Os dados s\u00e3o da Ger\u00eancia de Mobilidade Urbana (GMU), do Instituto Municipal de Planejamento Urbano (Implurb).","og_url":"https:\/\/www.manaus.am.gov.br\/implurb\/prefeitura-implurb-novasvias-semestre\/","og_site_name":"IMPLURB","article_published_time":"2025-08-18T14:07:59+00:00","article_modified_time":"2025-08-18T14:08:00+00:00","og_image":[{"width":1000,"height":666,"url":"https:\/\/www.manaus.am.gov.br\/implurb\/wp-content\/uploads\/sites\/13\/2025\/08\/GMU0.jpg","type":"image\/jpeg"}],"author":"Adriana Costa","twitter_card":"summary_large_image","twitter_misc":{"Written by":"Adriana Costa","Est. reading time":"3 minutos"},"schema":{"@context":"https:\/\/schema.org","@graph":[{"@type":"WebPage","@id":"https:\/\/www.manaus.am.gov.br\/implurb\/prefeitura-implurb-novasvias-semestre\/","url":"https:\/\/www.manaus.am.gov.br\/implurb\/prefeitura-implurb-novasvias-semestre\/","name":"Prefeitura de Manaus oficializou 246 novas vias p\u00fablicas na capital em seis meses","isPartOf":{"@id":"https:\/\/www.manaus.am.gov.br\/implurb\/#website"},"primaryImageOfPage":{"@id":"https:\/\/www.manaus.am.gov.br\/implurb\/prefeitura-implurb-novasvias-semestre\/#primaryimage"},"image":{"@id":"https:\/\/www.manaus.am.gov.br\/implurb\/prefeitura-implurb-novasvias-semestre\/#primaryimage"},"thumbnailUrl":"https:\/\/www.manaus.am.gov.br\/implurb\/wp-content\/uploads\/sites\/13\/2025\/08\/GMU0.jpg","datePublished":"2025-08-18T14:07:59+00:00","dateModified":"2025-08-18T14:08:00+00:00","author":{"@id":"https:\/\/www.manaus.am.gov.br\/implurb\/#\/schema\/person\/4e49f4e267757a06ca072ec61b2b9968"},"description":"At\u00e9 o primeiro semestre de 2025, a Prefeitura de Manaus fez a oficializa\u00e7\u00e3o de 246 novas vias p\u00fablicas, totalizando, hoje, 13.172 logradouros na capital amazonense. Os dados s\u00e3o da Ger\u00eancia de Mobilidade Urbana (GMU), do Instituto Municipal de Planejamento Urbano (Implurb).","breadcrumb":{"@id":"https:\/\/www.manaus.am.gov.br\/implurb\/prefeitura-implurb-novasvias-semestre\/#breadcrumb"},"inLanguage":"pt-BR","potentialAction":[{"@type":"ReadAction","target":["https:\/\/www.manaus.am.gov.br\/implurb\/prefeitura-implurb-novasvias-semestre\/"]}]},{"@type":"ImageObject","inLanguage":"pt-BR","@id":"https:\/\/www.manaus.am.gov.br\/implurb\/prefeitura-implurb-novasvias-semestre\/#primaryimage","url":"https:\/\/www.manaus.am.gov.br\/implurb\/wp-content\/uploads\/sites\/13\/2025\/08\/GMU0.jpg","contentUrl":"https:\/\/www.manaus.am.gov.br\/implurb\/wp-content\/uploads\/sites\/13\/2025\/08\/GMU0.jpg","width":1000,"height":666},{"@type":"BreadcrumbList","@id":"https:\/\/www.manaus.am.gov.br\/implurb\/prefeitura-implurb-novasvias-semestre\/#breadcrumb","itemListElement":[{"@type":"ListItem","position":1,"name":"Home","item":"https:\/\/www.manaus.am.gov.br\/implurb\/"},{"@type":"ListItem","position":2,"name":"Prefeitura de Manaus oficializou 246 novas vias p\u00fablicas na capital em seis meses"}]},{"@type":"WebSite","@id":"https:\/\/www.manaus.am.gov.br\/implurb\/#website","url":"https:\/\/www.manaus.am.gov.br\/implurb\/","name":"IMPLURB","description":"Prefeitura de Manaus","potentialAction":[{"@type":"SearchAction","target":{"@type":"EntryPoint","urlTemplate":"https:\/\/www.manaus.am.gov.br\/implurb\/?s={search_term_string}"},"query-input":"required name=search_term_string"}],"inLanguage":"pt-BR"},{"@type":"Person","@id":"https:\/\/www.manaus.am.gov.br\/implurb\/#\/schema\/person\/4e49f4e267757a06ca072ec61b2b9968","name":"Adriana Costa","image":{"@type":"ImageObject","inLanguage":"pt-BR","@id":"https:\/\/www.manaus.am.gov.br\/implurb\/#\/schema\/person\/image\/","url":"https:\/\/secure.gravatar.com\/avatar\/576258617ef7194f718179e766d57bd4?s=96&d=mm&r=g","contentUrl":"https:\/\/secure.gravatar.com\/avatar\/576258617ef7194f718179e766d57bd4?s=96&d=mm&r=g","caption":"Adriana Costa"}}]}},"_links":{"self":[{"href":"https:\/\/www.manaus.am.gov.br\/implurb\/wp-json\/wp\/v2\/posts\/6495"}],"collection":[{"href":"https:\/\/www.manaus.am.gov.br\/implurb\/wp-json\/wp\/v2\/posts"}],"about":[{"href":"https:\/\/www.manaus.am.gov.br\/implurb\/wp-json\/wp\/v2\/types\/post"}],"author":[{"embeddable":true,"href":"https:\/\/www.manaus.am.gov.br\/implurb\/wp-json\/wp\/v2\/users\/23"}],"replies":[{"embeddable":true,"href":"https:\/\/www.manaus.am.gov.br\/implurb\/wp-json\/wp\/v2\/comments?post=6495"}],"version-history":[{"count":0,"href":"https:\/\/www.manaus.am.gov.br\/implurb\/wp-json\/wp\/v2\/posts\/6495\/revisions"}],"wp:featuredmedia":[{"embeddable":true,"href":"https:\/\/www.manaus.am.gov.br\/implurb\/wp-json\/wp\/v2\/media\/6496"}],"wp:attachment":[{"href":"https:\/\/www.manaus.am.gov.br\/implurb\/wp-json\/wp\/v2\/media?parent=6495"}],"wp:term":[{"taxonomy":"category","embeddable":true,"href":"https:\/\/www.manaus.am.gov.br\/implurb\/wp-json\/wp\/v2\/categories?post=6495"},{"taxonomy":"post_tag","embeddable":true,"href":"https:\/\/www.manaus.am.gov.br\/implurb\/wp-json\/wp\/v2\/tags?post=6495"}],"curies":[{"name":"wp","href":"https:\/\/api.w.org\/{rel}","templated":true}]}}