{"id":6472,"date":"2025-08-15T12:02:20","date_gmt":"2025-08-15T16:02:20","guid":{"rendered":"https:\/\/www.manaus.am.gov.br\/implurb\/representantes-de-cidades-brasileiras-confirmam-presenca-no-11o-encontro-inrede-em-manaus\/"},"modified":"2025-08-15T14:34:19","modified_gmt":"2025-08-15T18:34:19","slug":"representantes-presenca-11o-encontro-inrede-manaus","status":"publish","type":"post","link":"https:\/\/www.manaus.am.gov.br\/implurb\/representantes-presenca-11o-encontro-inrede-manaus\/","title":{"rendered":"Representantes de cidades brasileiras confirmam presen\u00e7a no 11\u00ba Encontro InREDE em Manaus"},"content":{"rendered":"\n<p>Reunindo especialistas, gestores p\u00fablicos e representantes de institui\u00e7\u00f5es de planejamento urbano de todo o pa\u00eds, Manaus ser\u00e1 palco do 11\u00ba Encontro da Rede Brasileira de Institutos de Planejamento (InREDE), que ocorre nos dias 25, 26 e 27\/9. A Prefeitura de Manaus, por meio do Instituto Municipal de Planejamento Urbano (Implurb), ser\u00e1 anfitri\u00e3 do evento que vai debater o tema \u201cDesenvolvimento Urbano Integrado\u201d.<\/p>\n\n\n\n<p>Representantes de cidades e Estados como S\u00e3o Paulo, Bras\u00edlia (DF), Campo Grande (MS), S\u00e3o Lu\u00eds (MA), Niter\u00f3i (RJ) e Reden\u00e7\u00e3o (PA) j\u00e1 confirmaram presen\u00e7a na capital amazonense, faltando 41 dias para o encontro. Durante tr\u00eas dias, os participantes v\u00e3o compartilhar experi\u00eancias e debater caminhos para a constru\u00e7\u00e3o de centros urbanos mais inclusivos, resilientes e conectados.<\/p>\n\n\n\n<p>\u201cVamos receber em Manaus todos os institutos de planejamento urbano que comp\u00f5em a&nbsp;InRede, falando de planejamento urban\u00edstico, revitaliza\u00e7\u00e3o dos centros hist\u00f3ricos e sustentabilidade. Essa \u00e9 uma grande oportunidade de colocar em discuss\u00e3o demandas e solu\u00e7\u00f5es para as cidades do Brasil e, evidentemente, para a nossa querida Manaus\u201d, comentou o diretor-presidente do Implurb,&nbsp;Carlos&nbsp;Valente.<\/p>\n\n\n\n<p>A programa\u00e7\u00e3o prev\u00ea palestras, mesas-redondas e visitas t\u00e9cnicas, abordando desde pr\u00e1ticas de gest\u00e3o territorial at\u00e9 o fortalecimento da governan\u00e7a local. Em um momento em que o planejamento urbano ganha centralidade na agenda nacional, o encontro pretende ampliar o di\u00e1logo entre diferentes regi\u00f5es e destacar solu\u00e7\u00f5es que considerem a diversidade cultural, ambiental e social do pa\u00eds.<\/p>\n\n\n\n<p>A escolha de Manaus como anfitri\u00e3 do 11\u00ba encontro reafirma a import\u00e2ncia estrat\u00e9gica da cidade na pauta urbana brasileira. Localizada no cora\u00e7\u00e3o da Amaz\u00f4nia, a capital \u00e9 um espa\u00e7o simb\u00f3lico e inspirador para o debate sobre integra\u00e7\u00e3o urban\u00edstica diante de desafios em mobilidade, infraestrutura, regenera\u00e7\u00e3o de territ\u00f3rios e preserva\u00e7\u00e3o ambiental.<\/p>\n\n\n\n<p>Com mais de 2 milh\u00f5es de habitantes e a s\u00e9tima maior popula\u00e7\u00e3o do Brasil, Manaus \u00e9 considerada uma das cidades mais agrad\u00e1veis para se viver na Am\u00e9rica Latina (segundo estudo da revista <em>The Economist<\/em> de 2024).<\/p>\n\n\n\n<p><strong>Visibilidade<\/strong><\/p>\n\n\n\n<p>O evento tamb\u00e9m dar\u00e1 visibilidade a experi\u00eancias exitosas de munic\u00edpios participantes, promovendo a troca de conhecimentos t\u00e9cnicos e fortalecendo a rede de coopera\u00e7\u00e3o entre institutos de planejamento.<\/p>\n\n\n\n<p>A cerim\u00f4nia de abertura ser\u00e1 realizada no dia 25\/9 e contar\u00e1 com a presen\u00e7a de autoridades locais, representantes do Minist\u00e9rio das Cidades, do ONU-Habitat e da Deutsche Gesellschaft f\u00fcr Internationale Zusammenarbeit (GIZ), parceira internacional da iniciativa.<\/p>\n\n\n\n<p><strong>Rede brasileira<\/strong><\/p>\n\n\n\n<p>Criada para fortalecer a cultura do planejamento urbano no Brasil, a InREDE promove coopera\u00e7\u00e3o e interc\u00e2mbio de experi\u00eancias entre institutos municipais de planejamento. A iniciativa tem apoio do Minist\u00e9rio das Cidades, do ONU-Habitat e do Projeto Cidade Presente \u2013 Desenvolvimento Urbano Sustent\u00e1vel (DUS), fruto da coopera\u00e7\u00e3o entre o governo brasileiro e o Minist\u00e9rio Federal da Coopera\u00e7\u00e3o Econ\u00f4mica e do Desenvolvimento da Alemanha (BMZ), implementado pela GIZ.<\/p>\n\n\n\n<figure class=\"wp-block-image size-large\"><img decoding=\"async\" src=\"https:\/\/www.manaus.am.gov.br\/implurb\/wp-content\/uploads\/sites\/13\/2025\/08\/inredeNOVO2-1024x683.jpg\" alt=\"\" class=\"wp-image-6474\" \/><\/figure>\n\n\n\n<p>&#8212; &#8212; &#8212;<\/p>\n\n\n\n<p><strong>Texto<\/strong> \u2013 Claudia do Valle\/Implurb<\/p>\n\n\n\n<p><strong>Fotos \u2013<\/strong> Arquivo\/Implurb<\/p>\n","protected":false},"excerpt":{"rendered":"","protected":false},"author":39,"featured_media":6473,"comment_status":"closed","ping_status":"closed","sticky":false,"template":"","format":"standard","meta":{"footnotes":""},"categories":[114],"tags":[1855,11,15,1856,1828],"acf":[],"yoast_head":"<!-- This site is optimized with the Yoast SEO plugin v23.0 - https:\/\/yoast.com\/wordpress\/plugins\/seo\/ -->\n<title>Representantes de cidades brasileiras confirmam presen\u00e7a no 11\u00ba Encontro InREDE em Manaus<\/title>\n<meta name=\"description\" content=\"Representantes de cidades brasileiras confirmam presen\u00e7a no 11\u00ba Encontro InREDE sediado pela Prefeitura de Manaus.\" \/>\n<meta name=\"robots\" content=\"noindex, follow\" \/>\n<meta property=\"og:locale\" content=\"pt_BR\" \/>\n<meta property=\"og:type\" content=\"article\" \/>\n<meta property=\"og:title\" content=\"Representantes de cidades brasileiras confirmam presen\u00e7a no 11\u00ba Encontro InREDE em Manaus\" \/>\n<meta property=\"og:description\" content=\"Representantes de cidades brasileiras confirmam presen\u00e7a no 11\u00ba Encontro InREDE sediado pela Prefeitura de Manaus.\" \/>\n<meta property=\"og:url\" content=\"https:\/\/www.manaus.am.gov.br\/implurb\/representantes-presenca-11o-encontro-inrede-manaus\/\" \/>\n<meta property=\"og:site_name\" content=\"IMPLURB\" \/>\n<meta property=\"article:published_time\" content=\"2025-08-15T16:02:20+00:00\" \/>\n<meta property=\"article:modified_time\" content=\"2025-08-15T18:34:19+00:00\" \/>\n<meta property=\"og:image\" content=\"https:\/\/www.manaus.am.gov.br\/implurb\/wp-content\/uploads\/sites\/13\/2025\/08\/inredeNOVO3.jpg\" \/>\n\t<meta property=\"og:image:width\" content=\"1281\" \/>\n\t<meta property=\"og:image:height\" content=\"848\" \/>\n\t<meta property=\"og:image:type\" content=\"image\/jpeg\" \/>\n<meta name=\"author\" content=\"Bruna Greco\" \/>\n<meta name=\"twitter:card\" content=\"summary_large_image\" \/>\n<meta name=\"twitter:label1\" content=\"Written by\" \/>\n\t<meta name=\"twitter:data1\" content=\"Bruna Greco\" \/>\n\t<meta name=\"twitter:label2\" content=\"Est. reading time\" \/>\n\t<meta name=\"twitter:data2\" content=\"3 minutos\" \/>\n<script type=\"application\/ld+json\" class=\"yoast-schema-graph\">{\"@context\":\"https:\/\/schema.org\",\"@graph\":[{\"@type\":\"WebPage\",\"@id\":\"https:\/\/www.manaus.am.gov.br\/implurb\/representantes-presenca-11o-encontro-inrede-manaus\/\",\"url\":\"https:\/\/www.manaus.am.gov.br\/implurb\/representantes-presenca-11o-encontro-inrede-manaus\/\",\"name\":\"Representantes de cidades brasileiras confirmam presen\u00e7a no 11\u00ba Encontro InREDE em Manaus\",\"isPartOf\":{\"@id\":\"https:\/\/www.manaus.am.gov.br\/implurb\/#website\"},\"primaryImageOfPage\":{\"@id\":\"https:\/\/www.manaus.am.gov.br\/implurb\/representantes-presenca-11o-encontro-inrede-manaus\/#primaryimage\"},\"image\":{\"@id\":\"https:\/\/www.manaus.am.gov.br\/implurb\/representantes-presenca-11o-encontro-inrede-manaus\/#primaryimage\"},\"thumbnailUrl\":\"https:\/\/www.manaus.am.gov.br\/implurb\/wp-content\/uploads\/sites\/13\/2025\/08\/inredeNOVO3.jpg\",\"datePublished\":\"2025-08-15T16:02:20+00:00\",\"dateModified\":\"2025-08-15T18:34:19+00:00\",\"author\":{\"@id\":\"https:\/\/www.manaus.am.gov.br\/implurb\/#\/schema\/person\/05d223aea2bf115f9883a6ff3683d81b\"},\"description\":\"Representantes de cidades brasileiras confirmam presen\u00e7a no 11\u00ba Encontro InREDE sediado pela Prefeitura de Manaus.\",\"breadcrumb\":{\"@id\":\"https:\/\/www.manaus.am.gov.br\/implurb\/representantes-presenca-11o-encontro-inrede-manaus\/#breadcrumb\"},\"inLanguage\":\"pt-BR\",\"potentialAction\":[{\"@type\":\"ReadAction\",\"target\":[\"https:\/\/www.manaus.am.gov.br\/implurb\/representantes-presenca-11o-encontro-inrede-manaus\/\"]}]},{\"@type\":\"ImageObject\",\"inLanguage\":\"pt-BR\",\"@id\":\"https:\/\/www.manaus.am.gov.br\/implurb\/representantes-presenca-11o-encontro-inrede-manaus\/#primaryimage\",\"url\":\"https:\/\/www.manaus.am.gov.br\/implurb\/wp-content\/uploads\/sites\/13\/2025\/08\/inredeNOVO3.jpg\",\"contentUrl\":\"https:\/\/www.manaus.am.gov.br\/implurb\/wp-content\/uploads\/sites\/13\/2025\/08\/inredeNOVO3.jpg\",\"width\":1281,\"height\":848,\"caption\":\"#paratodosverem - Representantes de cidades brasileiras participando de edi\u00e7\u00e3o do Encontro InREDE\"},{\"@type\":\"BreadcrumbList\",\"@id\":\"https:\/\/www.manaus.am.gov.br\/implurb\/representantes-presenca-11o-encontro-inrede-manaus\/#breadcrumb\",\"itemListElement\":[{\"@type\":\"ListItem\",\"position\":1,\"name\":\"Home\",\"item\":\"https:\/\/www.manaus.am.gov.br\/implurb\/\"},{\"@type\":\"ListItem\",\"position\":2,\"name\":\"Representantes de cidades brasileiras confirmam presen\u00e7a no 11\u00ba Encontro InREDE em Manaus\"}]},{\"@type\":\"WebSite\",\"@id\":\"https:\/\/www.manaus.am.gov.br\/implurb\/#website\",\"url\":\"https:\/\/www.manaus.am.gov.br\/implurb\/\",\"name\":\"IMPLURB\",\"description\":\"Prefeitura de Manaus\",\"potentialAction\":[{\"@type\":\"SearchAction\",\"target\":{\"@type\":\"EntryPoint\",\"urlTemplate\":\"https:\/\/www.manaus.am.gov.br\/implurb\/?s={search_term_string}\"},\"query-input\":\"required name=search_term_string\"}],\"inLanguage\":\"pt-BR\"},{\"@type\":\"Person\",\"@id\":\"https:\/\/www.manaus.am.gov.br\/implurb\/#\/schema\/person\/05d223aea2bf115f9883a6ff3683d81b\",\"name\":\"Bruna Greco\",\"image\":{\"@type\":\"ImageObject\",\"inLanguage\":\"pt-BR\",\"@id\":\"https:\/\/www.manaus.am.gov.br\/implurb\/#\/schema\/person\/image\/\",\"url\":\"https:\/\/secure.gravatar.com\/avatar\/9c877d1a6adc2a055330e5c09a8653ce?s=96&d=mm&r=g\",\"contentUrl\":\"https:\/\/secure.gravatar.com\/avatar\/9c877d1a6adc2a055330e5c09a8653ce?s=96&d=mm&r=g\",\"caption\":\"Bruna Greco\"}}]}<\/script>\n<!-- \/ Yoast SEO plugin. -->","yoast_head_json":{"title":"Representantes de cidades brasileiras confirmam presen\u00e7a no 11\u00ba Encontro InREDE em Manaus","description":"Representantes de cidades brasileiras confirmam presen\u00e7a no 11\u00ba Encontro InREDE sediado pela Prefeitura de Manaus.","robots":{"index":"noindex","follow":"follow"},"og_locale":"pt_BR","og_type":"article","og_title":"Representantes de cidades brasileiras confirmam presen\u00e7a no 11\u00ba Encontro InREDE em Manaus","og_description":"Representantes de cidades brasileiras confirmam presen\u00e7a no 11\u00ba Encontro InREDE sediado pela Prefeitura de Manaus.","og_url":"https:\/\/www.manaus.am.gov.br\/implurb\/representantes-presenca-11o-encontro-inrede-manaus\/","og_site_name":"IMPLURB","article_published_time":"2025-08-15T16:02:20+00:00","article_modified_time":"2025-08-15T18:34:19+00:00","og_image":[{"width":1281,"height":848,"url":"https:\/\/www.manaus.am.gov.br\/implurb\/wp-content\/uploads\/sites\/13\/2025\/08\/inredeNOVO3.jpg","type":"image\/jpeg"}],"author":"Bruna Greco","twitter_card":"summary_large_image","twitter_misc":{"Written by":"Bruna Greco","Est. reading time":"3 minutos"},"schema":{"@context":"https:\/\/schema.org","@graph":[{"@type":"WebPage","@id":"https:\/\/www.manaus.am.gov.br\/implurb\/representantes-presenca-11o-encontro-inrede-manaus\/","url":"https:\/\/www.manaus.am.gov.br\/implurb\/representantes-presenca-11o-encontro-inrede-manaus\/","name":"Representantes de cidades brasileiras confirmam presen\u00e7a no 11\u00ba Encontro InREDE em Manaus","isPartOf":{"@id":"https:\/\/www.manaus.am.gov.br\/implurb\/#website"},"primaryImageOfPage":{"@id":"https:\/\/www.manaus.am.gov.br\/implurb\/representantes-presenca-11o-encontro-inrede-manaus\/#primaryimage"},"image":{"@id":"https:\/\/www.manaus.am.gov.br\/implurb\/representantes-presenca-11o-encontro-inrede-manaus\/#primaryimage"},"thumbnailUrl":"https:\/\/www.manaus.am.gov.br\/implurb\/wp-content\/uploads\/sites\/13\/2025\/08\/inredeNOVO3.jpg","datePublished":"2025-08-15T16:02:20+00:00","dateModified":"2025-08-15T18:34:19+00:00","author":{"@id":"https:\/\/www.manaus.am.gov.br\/implurb\/#\/schema\/person\/05d223aea2bf115f9883a6ff3683d81b"},"description":"Representantes de cidades brasileiras confirmam presen\u00e7a no 11\u00ba Encontro InREDE sediado pela Prefeitura de Manaus.","breadcrumb":{"@id":"https:\/\/www.manaus.am.gov.br\/implurb\/representantes-presenca-11o-encontro-inrede-manaus\/#breadcrumb"},"inLanguage":"pt-BR","potentialAction":[{"@type":"ReadAction","target":["https:\/\/www.manaus.am.gov.br\/implurb\/representantes-presenca-11o-encontro-inrede-manaus\/"]}]},{"@type":"ImageObject","inLanguage":"pt-BR","@id":"https:\/\/www.manaus.am.gov.br\/implurb\/representantes-presenca-11o-encontro-inrede-manaus\/#primaryimage","url":"https:\/\/www.manaus.am.gov.br\/implurb\/wp-content\/uploads\/sites\/13\/2025\/08\/inredeNOVO3.jpg","contentUrl":"https:\/\/www.manaus.am.gov.br\/implurb\/wp-content\/uploads\/sites\/13\/2025\/08\/inredeNOVO3.jpg","width":1281,"height":848,"caption":"#paratodosverem - Representantes de cidades brasileiras participando de edi\u00e7\u00e3o do Encontro InREDE"},{"@type":"BreadcrumbList","@id":"https:\/\/www.manaus.am.gov.br\/implurb\/representantes-presenca-11o-encontro-inrede-manaus\/#breadcrumb","itemListElement":[{"@type":"ListItem","position":1,"name":"Home","item":"https:\/\/www.manaus.am.gov.br\/implurb\/"},{"@type":"ListItem","position":2,"name":"Representantes de cidades brasileiras confirmam presen\u00e7a no 11\u00ba Encontro InREDE em Manaus"}]},{"@type":"WebSite","@id":"https:\/\/www.manaus.am.gov.br\/implurb\/#website","url":"https:\/\/www.manaus.am.gov.br\/implurb\/","name":"IMPLURB","description":"Prefeitura de Manaus","potentialAction":[{"@type":"SearchAction","target":{"@type":"EntryPoint","urlTemplate":"https:\/\/www.manaus.am.gov.br\/implurb\/?s={search_term_string}"},"query-input":"required name=search_term_string"}],"inLanguage":"pt-BR"},{"@type":"Person","@id":"https:\/\/www.manaus.am.gov.br\/implurb\/#\/schema\/person\/05d223aea2bf115f9883a6ff3683d81b","name":"Bruna Greco","image":{"@type":"ImageObject","inLanguage":"pt-BR","@id":"https:\/\/www.manaus.am.gov.br\/implurb\/#\/schema\/person\/image\/","url":"https:\/\/secure.gravatar.com\/avatar\/9c877d1a6adc2a055330e5c09a8653ce?s=96&d=mm&r=g","contentUrl":"https:\/\/secure.gravatar.com\/avatar\/9c877d1a6adc2a055330e5c09a8653ce?s=96&d=mm&r=g","caption":"Bruna Greco"}}]}},"_links":{"self":[{"href":"https:\/\/www.manaus.am.gov.br\/implurb\/wp-json\/wp\/v2\/posts\/6472"}],"collection":[{"href":"https:\/\/www.manaus.am.gov.br\/implurb\/wp-json\/wp\/v2\/posts"}],"about":[{"href":"https:\/\/www.manaus.am.gov.br\/implurb\/wp-json\/wp\/v2\/types\/post"}],"author":[{"embeddable":true,"href":"https:\/\/www.manaus.am.gov.br\/implurb\/wp-json\/wp\/v2\/users\/39"}],"replies":[{"embeddable":true,"href":"https:\/\/www.manaus.am.gov.br\/implurb\/wp-json\/wp\/v2\/comments?post=6472"}],"version-history":[{"count":7,"href":"https:\/\/www.manaus.am.gov.br\/implurb\/wp-json\/wp\/v2\/posts\/6472\/revisions"}],"predecessor-version":[{"id":6481,"href":"https:\/\/www.manaus.am.gov.br\/implurb\/wp-json\/wp\/v2\/posts\/6472\/revisions\/6481"}],"wp:featuredmedia":[{"embeddable":true,"href":"https:\/\/www.manaus.am.gov.br\/implurb\/wp-json\/wp\/v2\/media\/6473"}],"wp:attachment":[{"href":"https:\/\/www.manaus.am.gov.br\/implurb\/wp-json\/wp\/v2\/media?parent=6472"}],"wp:term":[{"taxonomy":"category","embeddable":true,"href":"https:\/\/www.manaus.am.gov.br\/implurb\/wp-json\/wp\/v2\/categories?post=6472"},{"taxonomy":"post_tag","embeddable":true,"href":"https:\/\/www.manaus.am.gov.br\/implurb\/wp-json\/wp\/v2\/tags?post=6472"}],"curies":[{"name":"wp","href":"https:\/\/api.w.org\/{rel}","templated":true}]}}