{"id":6424,"date":"2025-08-14T14:57:37","date_gmt":"2025-08-14T18:57:37","guid":{"rendered":"https:\/\/www.manaus.am.gov.br\/implurb\/prefeitura-implurb-eventocidadepresente\/"},"modified":"2025-08-14T14:57:39","modified_gmt":"2025-08-14T18:57:39","slug":"prefeitura-implurb-eventocidadepresente","status":"publish","type":"post","link":"https:\/\/www.manaus.am.gov.br\/implurb\/prefeitura-implurb-eventocidadepresente\/","title":{"rendered":"Prefeitura de Manaus participa de roda de conversa nacional sobre \u2018Cidade Presente\u2019, em Bras\u00edlia"},"content":{"rendered":"\n<p>A Prefeitura de Manaus, via Instituto Municipal de Planejamento Urbano, participou, nesta quinta-feira, 14\/8, na Asa Sul, em Bras\u00edlia (DF), &nbsp;da roda de conversa do Bloco 6, sobre \u201cTransforma\u00e7\u00e3o das Organiza\u00e7\u00f5es e Pessoas\u201d, com o tema&nbsp;\u201cComo fazer a sua Rede funcionar?\u201d, no segundo dia do evento &#8220;A cidade \u00e9 o caminho para o futuro: conquistas e novos rumos para a transforma\u00e7\u00e3o urbana&#8221;. O evento \u00e9 uma organiza\u00e7\u00e3o da Deutsche Gesellschaft f\u00fcr Internationale Zusammenarbeit (GIZ) GmbH, da Coopera\u00e7\u00e3o Alem\u00e3 para o Desenvolvimento Sustent\u00e1vel no Brasil, marcando o encerramento do projeto \u201cCidade Presente\u201d e Andus.<\/p>\n\n\n\n<p>Hoje, no Porto Vitt\u00f3ria, o diretor-presidente do Implurb, engenheiro Carlos Valente, fez reflex\u00f5es e conversou sobre abordagens da Rede Brasileira de Institutos de Planejamento (InRede), da qual \u00e9 vice-presidente, representando Manaus.<\/p>\n\n\n\n<p>\u201cA partir de experi\u00eancias concretas e da troca intensa de informa\u00e7\u00f5es e boas pr\u00e1ticas, a rede fez algo muito representativo no Brasil, uma vez que cada instituto era observado como uma p\u00e9rola, com suas fun\u00e7\u00f5es, trabalhos e resultados. E, a atua\u00e7\u00e3o da InRede foi de pegar essas p\u00e9rolas, antes sozinhas, e as reunir para formar um colar precioso, onde se congregam diversas formas de organiza\u00e7\u00e3o do planejamento urbano brasileiro, do planejamento estrat\u00e9gico e integrado, do planejamento e licenciamento, com apoio dos parceiros nacionais e internacionais, para enfrentar os desafios das cidades contempor\u00e2neas\u201d, explicou Valente.<\/p>\n\n\n\n<p><strong>Objetivo<\/strong><\/p>\n\n\n\n<p>O objetivo do evento \u00e9 de trocar experi\u00eancias sobre a forma\u00e7\u00e3o, o fortalecimento e os desafios das redes de colabora\u00e7\u00e3o, trazendo aprendizados concretos a partir das trajet\u00f3rias da Rede de Desenvolvimento Urbano Sustent\u00e1vel (Redus), InRede, Rede Periferia Viva, Comunidades de Pr\u00e1ticas (CoPs), planos de mobilidade local,&nbsp;Coaliz\u00e3o para o Desenvolvimento Urbano Sustent\u00e1vel da Amaz\u00f4nia (Dusa), entre outros marcos produzidos coletivamente.<\/p>\n\n\n\n<p>Ainda durante a roda de conversa, o diretor-presidente do Implurb destacou que faz parte dos trabalhos da rede destacar a import\u00e2ncia das regi\u00f5es do Brasil e suas respectivas especificidades. Na Amaz\u00f4nia, ele destacou desafios do desenvolvimento, como log\u00edstica, mobilidade, transporte, sustentabilidade, meio ambiente, clima, entre outras demandas urbanas.<\/p>\n\n\n\n<p><strong>Bras\u00edlia<\/strong><\/p>\n\n\n\n<p>Para Carlos Valente, s\u00e3o em eventos como o promovido pela GIZ e Andus que se adquire mais conhecimento para o desenvolvimento e transforma\u00e7\u00e3o urbanos. \u201cVamos procurar trazer um pouco mais de conhecimento para aplicar na nossa grande Manaus, representando a gest\u00e3o do prefeito David Almeida, e tamb\u00e9m como membro da InRede, como vice-presidente do grupo\u201d, completou o diretor-presidente.<\/p>\n\n\n\n<p>As atividades em Bras\u00edlia v\u00e3o servir ainda como uma celebra\u00e7\u00e3o de conquistas, um marco simb\u00f3lico e pol\u00edtico da continuidade da Coopera\u00e7\u00e3o Brasil-Alemanha para a Transforma\u00e7\u00e3o Urbana. A ocasi\u00e3o ser\u00e1 uma oportunidade de comunicar os avan\u00e7os obtidos, alinhar os pr\u00f3ximos passos com parceiros estrat\u00e9gicos e fortalecer o engajamento em torno do desenvolvimento urbano sustent\u00e1vel.<\/p>\n\n\n\n<p><strong>O projeto<\/strong><\/p>\n\n\n\n<p>O projeto Andus, ou &#8220;Apoio \u00e0 Agenda Nacional de Desenvolvimento Urbano Sustent\u00e1vel no Brasil&#8221;,&nbsp;\u00e9 uma iniciativa de coopera\u00e7\u00e3o t\u00e9cnica entre os governos brasileiro e alem\u00e3o, com o objetivo de aprimorar as pol\u00edticas de desenvolvimento urbano sustent\u00e1vel no pa\u00eds.&nbsp;O projeto atua em n\u00edvel nacional e local, desenvolvendo a\u00e7\u00f5es-piloto em parceria com munic\u00edpios selecionados, al\u00e9m de oferecer mentoria e capacita\u00e7\u00e3o para outros munic\u00edpios.&nbsp;<\/p>\n\n\n\n<p>J\u00e1 o \u201cCidade Presente&#8221;&nbsp;\u00e9 uma iniciativa de coopera\u00e7\u00e3o t\u00e9cnica entre o Brasil e a Alemanha, focada em promover o desenvolvimento urbano sustent\u00e1vel no pa\u00eds.&nbsp;Ele busca aprimorar as condi\u00e7\u00f5es para um desenvolvimento urbano integrado e centrado no cidad\u00e3o, com foco na melhoria da qualidade de vida nas cidades, especialmente para grupos vulner\u00e1veis, e na promo\u00e7\u00e3o da coes\u00e3o social e resili\u00eancia clim\u00e1tica.&nbsp;O projeto \u00e9 uma continuidade do antigo projeto DUS (Desenvolvimento Urbano Sustent\u00e1vel) e, agora, \u00e9 conhecido como &#8220;Cidade Presente&#8221;.&nbsp;<\/p>\n\n\n\n<p>&#8212; &#8212; &#8212;<\/p>\n\n\n\n<p><strong>Texto<\/strong>&nbsp;\u2013 Claudia do Valle\/ Implurb<\/p>\n\n\n\n<p><strong>Fotos<\/strong>&nbsp;&#8211; &nbsp;Divulga\u00e7\u00e3o<\/p>\n","protected":false},"excerpt":{"rendered":"","protected":false},"author":23,"featured_media":6425,"comment_status":"closed","ping_status":"closed","sticky":false,"template":"","format":"standard","meta":{"footnotes":""},"categories":[33],"tags":[383,1836,716,11,15,1853],"acf":[],"yoast_head":"<!-- This site is optimized with the Yoast SEO plugin v23.0 - https:\/\/yoast.com\/wordpress\/plugins\/seo\/ -->\n<title>Prefeitura de Manaus participa de roda de conversa nacional sobre \u2018Cidade Presente\u2019, em Bras\u00edlia<\/title>\n<meta name=\"description\" content=\"A Prefeitura de Manaus, via Instituto Municipal de Planejamento Urbano, participou, nesta quinta-feira, 14\/8, na Asa Sul, em Bras\u00edlia (DF), da roda de conversa do Bloco 6, sobre \u201cTransforma\u00e7\u00e3o das Organiza\u00e7\u00f5es e Pessoas\u201d, com o tema \u201cComo fazer a sua Rede funcionar?\u201d, no segundo dia do evento &quot;A cidade \u00e9 o caminho para o futuro: conquistas e novos rumos para a transforma\u00e7\u00e3o urbana&quot;.\" \/>\n<meta name=\"robots\" content=\"noindex, follow\" \/>\n<meta property=\"og:locale\" content=\"pt_BR\" \/>\n<meta property=\"og:type\" content=\"article\" \/>\n<meta property=\"og:title\" content=\"Prefeitura de Manaus participa de roda de conversa nacional sobre \u2018Cidade Presente\u2019, em Bras\u00edlia\" \/>\n<meta property=\"og:description\" content=\"A Prefeitura de Manaus, via Instituto Municipal de Planejamento Urbano, participou, nesta quinta-feira, 14\/8, na Asa Sul, em Bras\u00edlia (DF), da roda de conversa do Bloco 6, sobre \u201cTransforma\u00e7\u00e3o das Organiza\u00e7\u00f5es e Pessoas\u201d, com o tema \u201cComo fazer a sua Rede funcionar?\u201d, no segundo dia do evento &quot;A cidade \u00e9 o caminho para o futuro: conquistas e novos rumos para a transforma\u00e7\u00e3o urbana&quot;.\" \/>\n<meta property=\"og:url\" content=\"https:\/\/www.manaus.am.gov.br\/implurb\/prefeitura-implurb-eventocidadepresente\/\" \/>\n<meta property=\"og:site_name\" content=\"IMPLURB\" \/>\n<meta property=\"article:published_time\" content=\"2025-08-14T18:57:37+00:00\" \/>\n<meta property=\"article:modified_time\" content=\"2025-08-14T18:57:39+00:00\" \/>\n<meta property=\"og:image\" content=\"https:\/\/www.manaus.am.gov.br\/implurb\/wp-content\/uploads\/sites\/13\/2025\/08\/brasilia8.jpeg\" \/>\n\t<meta property=\"og:image:width\" content=\"1200\" \/>\n\t<meta property=\"og:image:height\" content=\"960\" \/>\n\t<meta property=\"og:image:type\" content=\"image\/jpeg\" \/>\n<meta name=\"author\" content=\"Adriana Costa\" \/>\n<meta name=\"twitter:card\" content=\"summary_large_image\" \/>\n<meta name=\"twitter:label1\" content=\"Written by\" \/>\n\t<meta name=\"twitter:data1\" content=\"Adriana Costa\" \/>\n\t<meta name=\"twitter:label2\" content=\"Est. reading time\" \/>\n\t<meta name=\"twitter:data2\" content=\"4 minutos\" \/>\n<script type=\"application\/ld+json\" class=\"yoast-schema-graph\">{\"@context\":\"https:\/\/schema.org\",\"@graph\":[{\"@type\":\"WebPage\",\"@id\":\"https:\/\/www.manaus.am.gov.br\/implurb\/prefeitura-implurb-eventocidadepresente\/\",\"url\":\"https:\/\/www.manaus.am.gov.br\/implurb\/prefeitura-implurb-eventocidadepresente\/\",\"name\":\"Prefeitura de Manaus participa de roda de conversa nacional sobre \u2018Cidade Presente\u2019, em Bras\u00edlia\",\"isPartOf\":{\"@id\":\"https:\/\/www.manaus.am.gov.br\/implurb\/#website\"},\"primaryImageOfPage\":{\"@id\":\"https:\/\/www.manaus.am.gov.br\/implurb\/prefeitura-implurb-eventocidadepresente\/#primaryimage\"},\"image\":{\"@id\":\"https:\/\/www.manaus.am.gov.br\/implurb\/prefeitura-implurb-eventocidadepresente\/#primaryimage\"},\"thumbnailUrl\":\"https:\/\/www.manaus.am.gov.br\/implurb\/wp-content\/uploads\/sites\/13\/2025\/08\/brasilia8.jpeg\",\"datePublished\":\"2025-08-14T18:57:37+00:00\",\"dateModified\":\"2025-08-14T18:57:39+00:00\",\"author\":{\"@id\":\"https:\/\/www.manaus.am.gov.br\/implurb\/#\/schema\/person\/4e49f4e267757a06ca072ec61b2b9968\"},\"description\":\"A Prefeitura de Manaus, via Instituto Municipal de Planejamento Urbano, participou, nesta quinta-feira, 14\/8, na Asa Sul, em Bras\u00edlia (DF), da roda de conversa do Bloco 6, sobre \u201cTransforma\u00e7\u00e3o das Organiza\u00e7\u00f5es e Pessoas\u201d, com o tema \u201cComo fazer a sua Rede funcionar?\u201d, no segundo dia do evento \\\"A cidade \u00e9 o caminho para o futuro: conquistas e novos rumos para a transforma\u00e7\u00e3o urbana\\\".\",\"breadcrumb\":{\"@id\":\"https:\/\/www.manaus.am.gov.br\/implurb\/prefeitura-implurb-eventocidadepresente\/#breadcrumb\"},\"inLanguage\":\"pt-BR\",\"potentialAction\":[{\"@type\":\"ReadAction\",\"target\":[\"https:\/\/www.manaus.am.gov.br\/implurb\/prefeitura-implurb-eventocidadepresente\/\"]}]},{\"@type\":\"ImageObject\",\"inLanguage\":\"pt-BR\",\"@id\":\"https:\/\/www.manaus.am.gov.br\/implurb\/prefeitura-implurb-eventocidadepresente\/#primaryimage\",\"url\":\"https:\/\/www.manaus.am.gov.br\/implurb\/wp-content\/uploads\/sites\/13\/2025\/08\/brasilia8.jpeg\",\"contentUrl\":\"https:\/\/www.manaus.am.gov.br\/implurb\/wp-content\/uploads\/sites\/13\/2025\/08\/brasilia8.jpeg\",\"width\":1200,\"height\":960},{\"@type\":\"BreadcrumbList\",\"@id\":\"https:\/\/www.manaus.am.gov.br\/implurb\/prefeitura-implurb-eventocidadepresente\/#breadcrumb\",\"itemListElement\":[{\"@type\":\"ListItem\",\"position\":1,\"name\":\"Home\",\"item\":\"https:\/\/www.manaus.am.gov.br\/implurb\/\"},{\"@type\":\"ListItem\",\"position\":2,\"name\":\"Prefeitura de Manaus participa de roda de conversa nacional sobre \u2018Cidade Presente\u2019, em Bras\u00edlia\"}]},{\"@type\":\"WebSite\",\"@id\":\"https:\/\/www.manaus.am.gov.br\/implurb\/#website\",\"url\":\"https:\/\/www.manaus.am.gov.br\/implurb\/\",\"name\":\"IMPLURB\",\"description\":\"Prefeitura de Manaus\",\"potentialAction\":[{\"@type\":\"SearchAction\",\"target\":{\"@type\":\"EntryPoint\",\"urlTemplate\":\"https:\/\/www.manaus.am.gov.br\/implurb\/?s={search_term_string}\"},\"query-input\":\"required name=search_term_string\"}],\"inLanguage\":\"pt-BR\"},{\"@type\":\"Person\",\"@id\":\"https:\/\/www.manaus.am.gov.br\/implurb\/#\/schema\/person\/4e49f4e267757a06ca072ec61b2b9968\",\"name\":\"Adriana Costa\",\"image\":{\"@type\":\"ImageObject\",\"inLanguage\":\"pt-BR\",\"@id\":\"https:\/\/www.manaus.am.gov.br\/implurb\/#\/schema\/person\/image\/\",\"url\":\"https:\/\/secure.gravatar.com\/avatar\/576258617ef7194f718179e766d57bd4?s=96&d=mm&r=g\",\"contentUrl\":\"https:\/\/secure.gravatar.com\/avatar\/576258617ef7194f718179e766d57bd4?s=96&d=mm&r=g\",\"caption\":\"Adriana Costa\"}}]}<\/script>\n<!-- \/ Yoast SEO plugin. -->","yoast_head_json":{"title":"Prefeitura de Manaus participa de roda de conversa nacional sobre \u2018Cidade Presente\u2019, em Bras\u00edlia","description":"A Prefeitura de Manaus, via Instituto Municipal de Planejamento Urbano, participou, nesta quinta-feira, 14\/8, na Asa Sul, em Bras\u00edlia (DF), da roda de conversa do Bloco 6, sobre \u201cTransforma\u00e7\u00e3o das Organiza\u00e7\u00f5es e Pessoas\u201d, com o tema \u201cComo fazer a sua Rede funcionar?\u201d, no segundo dia do evento \"A cidade \u00e9 o caminho para o futuro: conquistas e novos rumos para a transforma\u00e7\u00e3o urbana\".","robots":{"index":"noindex","follow":"follow"},"og_locale":"pt_BR","og_type":"article","og_title":"Prefeitura de Manaus participa de roda de conversa nacional sobre \u2018Cidade Presente\u2019, em Bras\u00edlia","og_description":"A Prefeitura de Manaus, via Instituto Municipal de Planejamento Urbano, participou, nesta quinta-feira, 14\/8, na Asa Sul, em Bras\u00edlia (DF), da roda de conversa do Bloco 6, sobre \u201cTransforma\u00e7\u00e3o das Organiza\u00e7\u00f5es e Pessoas\u201d, com o tema \u201cComo fazer a sua Rede funcionar?\u201d, no segundo dia do evento \"A cidade \u00e9 o caminho para o futuro: conquistas e novos rumos para a transforma\u00e7\u00e3o urbana\".","og_url":"https:\/\/www.manaus.am.gov.br\/implurb\/prefeitura-implurb-eventocidadepresente\/","og_site_name":"IMPLURB","article_published_time":"2025-08-14T18:57:37+00:00","article_modified_time":"2025-08-14T18:57:39+00:00","og_image":[{"width":1200,"height":960,"url":"https:\/\/www.manaus.am.gov.br\/implurb\/wp-content\/uploads\/sites\/13\/2025\/08\/brasilia8.jpeg","type":"image\/jpeg"}],"author":"Adriana Costa","twitter_card":"summary_large_image","twitter_misc":{"Written by":"Adriana Costa","Est. reading time":"4 minutos"},"schema":{"@context":"https:\/\/schema.org","@graph":[{"@type":"WebPage","@id":"https:\/\/www.manaus.am.gov.br\/implurb\/prefeitura-implurb-eventocidadepresente\/","url":"https:\/\/www.manaus.am.gov.br\/implurb\/prefeitura-implurb-eventocidadepresente\/","name":"Prefeitura de Manaus participa de roda de conversa nacional sobre \u2018Cidade Presente\u2019, em Bras\u00edlia","isPartOf":{"@id":"https:\/\/www.manaus.am.gov.br\/implurb\/#website"},"primaryImageOfPage":{"@id":"https:\/\/www.manaus.am.gov.br\/implurb\/prefeitura-implurb-eventocidadepresente\/#primaryimage"},"image":{"@id":"https:\/\/www.manaus.am.gov.br\/implurb\/prefeitura-implurb-eventocidadepresente\/#primaryimage"},"thumbnailUrl":"https:\/\/www.manaus.am.gov.br\/implurb\/wp-content\/uploads\/sites\/13\/2025\/08\/brasilia8.jpeg","datePublished":"2025-08-14T18:57:37+00:00","dateModified":"2025-08-14T18:57:39+00:00","author":{"@id":"https:\/\/www.manaus.am.gov.br\/implurb\/#\/schema\/person\/4e49f4e267757a06ca072ec61b2b9968"},"description":"A Prefeitura de Manaus, via Instituto Municipal de Planejamento Urbano, participou, nesta quinta-feira, 14\/8, na Asa Sul, em Bras\u00edlia (DF), da roda de conversa do Bloco 6, sobre \u201cTransforma\u00e7\u00e3o das Organiza\u00e7\u00f5es e Pessoas\u201d, com o tema \u201cComo fazer a sua Rede funcionar?\u201d, no segundo dia do evento \"A cidade \u00e9 o caminho para o futuro: conquistas e novos rumos para a transforma\u00e7\u00e3o urbana\".","breadcrumb":{"@id":"https:\/\/www.manaus.am.gov.br\/implurb\/prefeitura-implurb-eventocidadepresente\/#breadcrumb"},"inLanguage":"pt-BR","potentialAction":[{"@type":"ReadAction","target":["https:\/\/www.manaus.am.gov.br\/implurb\/prefeitura-implurb-eventocidadepresente\/"]}]},{"@type":"ImageObject","inLanguage":"pt-BR","@id":"https:\/\/www.manaus.am.gov.br\/implurb\/prefeitura-implurb-eventocidadepresente\/#primaryimage","url":"https:\/\/www.manaus.am.gov.br\/implurb\/wp-content\/uploads\/sites\/13\/2025\/08\/brasilia8.jpeg","contentUrl":"https:\/\/www.manaus.am.gov.br\/implurb\/wp-content\/uploads\/sites\/13\/2025\/08\/brasilia8.jpeg","width":1200,"height":960},{"@type":"BreadcrumbList","@id":"https:\/\/www.manaus.am.gov.br\/implurb\/prefeitura-implurb-eventocidadepresente\/#breadcrumb","itemListElement":[{"@type":"ListItem","position":1,"name":"Home","item":"https:\/\/www.manaus.am.gov.br\/implurb\/"},{"@type":"ListItem","position":2,"name":"Prefeitura de Manaus participa de roda de conversa nacional sobre \u2018Cidade Presente\u2019, em Bras\u00edlia"}]},{"@type":"WebSite","@id":"https:\/\/www.manaus.am.gov.br\/implurb\/#website","url":"https:\/\/www.manaus.am.gov.br\/implurb\/","name":"IMPLURB","description":"Prefeitura de Manaus","potentialAction":[{"@type":"SearchAction","target":{"@type":"EntryPoint","urlTemplate":"https:\/\/www.manaus.am.gov.br\/implurb\/?s={search_term_string}"},"query-input":"required name=search_term_string"}],"inLanguage":"pt-BR"},{"@type":"Person","@id":"https:\/\/www.manaus.am.gov.br\/implurb\/#\/schema\/person\/4e49f4e267757a06ca072ec61b2b9968","name":"Adriana Costa","image":{"@type":"ImageObject","inLanguage":"pt-BR","@id":"https:\/\/www.manaus.am.gov.br\/implurb\/#\/schema\/person\/image\/","url":"https:\/\/secure.gravatar.com\/avatar\/576258617ef7194f718179e766d57bd4?s=96&d=mm&r=g","contentUrl":"https:\/\/secure.gravatar.com\/avatar\/576258617ef7194f718179e766d57bd4?s=96&d=mm&r=g","caption":"Adriana Costa"}}]}},"_links":{"self":[{"href":"https:\/\/www.manaus.am.gov.br\/implurb\/wp-json\/wp\/v2\/posts\/6424"}],"collection":[{"href":"https:\/\/www.manaus.am.gov.br\/implurb\/wp-json\/wp\/v2\/posts"}],"about":[{"href":"https:\/\/www.manaus.am.gov.br\/implurb\/wp-json\/wp\/v2\/types\/post"}],"author":[{"embeddable":true,"href":"https:\/\/www.manaus.am.gov.br\/implurb\/wp-json\/wp\/v2\/users\/23"}],"replies":[{"embeddable":true,"href":"https:\/\/www.manaus.am.gov.br\/implurb\/wp-json\/wp\/v2\/comments?post=6424"}],"version-history":[{"count":0,"href":"https:\/\/www.manaus.am.gov.br\/implurb\/wp-json\/wp\/v2\/posts\/6424\/revisions"}],"wp:featuredmedia":[{"embeddable":true,"href":"https:\/\/www.manaus.am.gov.br\/implurb\/wp-json\/wp\/v2\/media\/6425"}],"wp:attachment":[{"href":"https:\/\/www.manaus.am.gov.br\/implurb\/wp-json\/wp\/v2\/media?parent=6424"}],"wp:term":[{"taxonomy":"category","embeddable":true,"href":"https:\/\/www.manaus.am.gov.br\/implurb\/wp-json\/wp\/v2\/categories?post=6424"},{"taxonomy":"post_tag","embeddable":true,"href":"https:\/\/www.manaus.am.gov.br\/implurb\/wp-json\/wp\/v2\/tags?post=6424"}],"curies":[{"name":"wp","href":"https:\/\/api.w.org\/{rel}","templated":true}]}}