{"id":6396,"date":"2025-08-13T10:25:23","date_gmt":"2025-08-13T14:25:23","guid":{"rendered":"https:\/\/www.manaus.am.gov.br\/implurb\/prefeitura-implurb-habitacao-interessesocial\/"},"modified":"2025-08-13T10:25:24","modified_gmt":"2025-08-13T14:25:24","slug":"prefeitura-implurb-habitacao-interessesocial","status":"publish","type":"post","link":"https:\/\/www.manaus.am.gov.br\/implurb\/prefeitura-implurb-habitacao-interessesocial\/","title":{"rendered":"Prefeitura de Manaus aumenta an\u00e1lise de projetos de habita\u00e7\u00e3o de interesse social em mais de 100%"},"content":{"rendered":"\n<p>Programas como o \u201cMinha Casa, Minha Vida\u201d j\u00e1 entregaram moradias em n\u00famero equivalente ao d\u00e9ficit habitacional de pa\u00edses inteiros, um impacto que se reflete diretamente na gera\u00e7\u00e3o de empregos, no desenvolvimento urbano e na dignidade das fam\u00edlias. E, a Prefeitura de Manaus se soma aos esfor\u00e7os para reduzir o d\u00e9ficit de habita\u00e7\u00e3o na capital, registrando aumento de 104,6% em an\u00e1lises dentro da Ger\u00eancia de Aprova\u00e7\u00e3o de Projetos de Interesse Social (Gapis), do Instituto Municipal de Planejamento Urbano (Implurb), para empreendimentos do programa federal.<\/p>\n\n\n\n<p>De janeiro a julho deste ano, foram feitas 266 an\u00e1lises, contra 130 do ano anterior. Foram elaborados ainda 114 pareceres, emitidos 23 alvar\u00e1s de constru\u00e7\u00e3o e 134 renova\u00e7\u00f5es de alvar\u00e1, e expedidas 7 certid\u00f5es de Habite-se multifamiliar. J\u00e1 dentro do programa de Arquitetura Social, nos sete primeiros meses, a alta foi de 142%, com a an\u00e1lise de 121 projetos, contra 50 de 2024.<\/p>\n\n\n\n<p>Grande operadora do programa, a Caixa Econ\u00f4mica Federal (CEF) comemora o avan\u00e7o da participa\u00e7\u00e3o da constru\u00e7\u00e3o civil no PIB brasileiro. \u201cO Brasil saiu de menos de 2% de participa\u00e7\u00e3o no PIB do pa\u00eds para 6,2%, mas podemos avan\u00e7ar, pois no Chile, por exemplo, o valor \u00e9 de 30%\u201d, pontuou o diretor de habita\u00e7\u00e3o da CEF, Roberto Ceratto.<\/p>\n\n\n\n<p><strong>Constru\u00e7\u00e3o civil<\/strong><\/p>\n\n\n\n<p>No Brasil, a constru\u00e7\u00e3o civil j\u00e1 responde por 6,2% do PIB, e tem potencial para crescer muito mais. Esse avan\u00e7o ser\u00e1 poss\u00edvel com a uni\u00e3o de for\u00e7as entre governos, iniciativa privada e institui\u00e7\u00f5es financeiras, garantindo cr\u00e9dito acess\u00edvel e desburocratiza\u00e7\u00e3o, para que mais fam\u00edlias possam realizar o sonho da moradia.<\/p>\n\n\n\n<p>Em Manaus, a habita\u00e7\u00e3o de interesse social \u00e9 fundamental para reduzir ocupa\u00e7\u00f5es irregulares, melhorar a infraestrutura urbana e promover a inclus\u00e3o. \u201cCada projeto habitacional bem planejado \u00e9 um passo importante para uma cidade mais justa, segura e organizada \u2014 onde todos possam viver com dignidade.&nbsp;O programa tamb\u00e9m atua para a expedi\u00e7\u00e3o do Habite-se, documento definitivo que autoriza o uso e ocupa\u00e7\u00e3o de um im\u00f3vel, pr\u00e9dio ou edif\u00edcio\u201d, afirmou a gerente do Gapis, arquiteta e urbanista Bianca Moura.<\/p>\n\n\n\n<p>O programa visa atender, principalmente, a popula\u00e7\u00e3o de baixa renda, oferecendo croquis de planta baixa e apoio para a regulariza\u00e7\u00e3o de im\u00f3veis, com foco na melhoria da qualidade de vida e na garantia do direito de constru\u00e7\u00e3o. S\u00e3o oferecidos acompanhamento completo durante todas as fases de aprova\u00e7\u00e3o e regulariza\u00e7\u00e3o, incluindo licenciamento e tramita\u00e7\u00e3o nos setores t\u00e9cnicos do Implurb.<\/p>\n\n\n\n<p><strong>Acesso<\/strong><\/p>\n\n\n\n<p>Para ter acesso \u00e0 Arquitetura Social, o interessado deve apresentar, junto ao Implurb, um documento de posse do im\u00f3vel (registro de im\u00f3veis, t\u00edtulo definitivo ou escritura p\u00fablica) e comprovar que recebe, no m\u00e1ximo, at\u00e9 cinco sal\u00e1rios m\u00ednimos. O programa \u00e9 voltado para edifica\u00e7\u00f5es de at\u00e9 100 metros quadrados, exclusivamente residenciais ou com uso misto, residencial e comercial, e at\u00e9 dois pavimentos. Para projetos de at\u00e9 70 metros quadrados, o benefici\u00e1rio pode ter uma renda de at\u00e9 tr\u00eas sal\u00e1rios m\u00ednimos, e para projetos de at\u00e9 100 metros quadrados, a renda deve ser de at\u00e9 cinco sal\u00e1rios m\u00ednimos.<\/p>\n\n\n\n<p>Ap\u00f3s a aprova\u00e7\u00e3o, o projeto b\u00e1sico de arquitetura ser\u00e1 elaborado pelo t\u00e9cnico respons\u00e1vel do Implurb, e o interessado dever\u00e1 apresentar um respons\u00e1vel t\u00e9cnico pela execu\u00e7\u00e3o da obra, com a devida Anota\u00e7\u00e3o de Responsabilidade T\u00e9cnica (ART\/RRT).<\/p>\n\n\n\n<p>O atendimento pode ser solicitado pelo e-mail&nbsp;<a href=\"mailto:gapis.implurb@manaus.am.gov.br\" target=\"_blank\" rel=\"noreferrer noopener\">gapis.implurb@manaus.am.gov.br<\/a>, e o interessado deve preencher o formul\u00e1rio dispon\u00edvel no site do Implurb (<a href=\"http:\/\/implurb.manaus.am.gov.br\/\" target=\"_blank\" rel=\"noreferrer noopener\">implurb.manaus.am.gov.br<\/a>), acessando a se\u00e7\u00e3o \u201cLista de Documentos\u201d para verificar os documentos necess\u00e1rios para aprova\u00e7\u00e3o e licen\u00e7a.<\/p>\n\n\n\n<p>Uma vez formalizado o processo, a Gapis realiza o levantamento t\u00e9cnico, coletando as medidas da obra (se em execu\u00e7\u00e3o) ou da edifica\u00e7\u00e3o (em caso de regulariza\u00e7\u00e3o), e elaborando um laudo t\u00e9cnico conforme o Plano Diretor de Manaus.<\/p>\n\n\n\n<p>O C\u00f3digo de Obras do Munic\u00edpio (Lei 003\/2014), no artigo 11, estabelece que o &#8220;Poder Executivo municipal poder\u00e1, a requerimento do interessado, fornecer projeto para habita\u00e7\u00e3o popular para pessoas com renda de at\u00e9 cinco sal\u00e1rios m\u00ednimos, conforme a legisla\u00e7\u00e3o urbana vigente&#8221;.<\/p>\n\n\n\n<p>&#8212; &#8212; &#8212;<\/p>\n\n\n\n<p><strong>Texto<\/strong>&nbsp;\u2013&nbsp;Claudia do Valle\/Implurb<\/p>\n\n\n\n<p><strong>Fotos<\/strong>&nbsp;\u2013 Valdo Le\u00e3o\/Semcom<\/p>\n\n\n\n<p><strong>Dispon\u00edveis em<\/strong> &#8211; <a href=\"https:\/\/www.flickr.com\/photos\/prefeiturademanaus\/albums\/72177720314964149\/\" target=\"_blank\" rel=\"noreferrer noopener\">https:\/\/www.flickr.com\/photos\/prefeiturademanaus\/albums\/72177720314964149\/<\/a><\/p>\n\n\n\n<p><\/p>\n","protected":false},"excerpt":{"rendered":"","protected":false},"author":23,"featured_media":6397,"comment_status":"closed","ping_status":"closed","sticky":false,"template":"","format":"standard","meta":{"footnotes":""},"categories":[33],"tags":[1850,11,1246,546,15],"acf":[],"yoast_head":"<!-- This site is optimized with the Yoast SEO plugin v23.0 - https:\/\/yoast.com\/wordpress\/plugins\/seo\/ -->\n<title>Prefeitura de Manaus aumenta an\u00e1lise de projetos de habita\u00e7\u00e3o de interesse social em mais de 100%<\/title>\n<meta name=\"description\" content=\"Programas como o \u201cMinha Casa, Minha Vida\u201d j\u00e1 entregaram moradias em n\u00famero equivalente ao d\u00e9ficit habitacional de pa\u00edses inteiros, um impacto que se reflete diretamente na gera\u00e7\u00e3o de empregos, no desenvolvimento urbano e na dignidade das fam\u00edlias.\" \/>\n<meta name=\"robots\" content=\"noindex, follow\" \/>\n<meta property=\"og:locale\" content=\"pt_BR\" \/>\n<meta property=\"og:type\" content=\"article\" \/>\n<meta property=\"og:title\" content=\"Prefeitura de Manaus aumenta an\u00e1lise de projetos de habita\u00e7\u00e3o de interesse social em mais de 100%\" \/>\n<meta property=\"og:description\" content=\"Programas como o \u201cMinha Casa, Minha Vida\u201d j\u00e1 entregaram moradias em n\u00famero equivalente ao d\u00e9ficit habitacional de pa\u00edses inteiros, um impacto que se reflete diretamente na gera\u00e7\u00e3o de empregos, no desenvolvimento urbano e na dignidade das fam\u00edlias.\" \/>\n<meta property=\"og:url\" content=\"https:\/\/www.manaus.am.gov.br\/implurb\/prefeitura-implurb-habitacao-interessesocial\/\" \/>\n<meta property=\"og:site_name\" content=\"IMPLURB\" \/>\n<meta property=\"article:published_time\" content=\"2025-08-13T14:25:23+00:00\" \/>\n<meta property=\"article:modified_time\" content=\"2025-08-13T14:25:24+00:00\" \/>\n<meta property=\"og:image\" content=\"https:\/\/www.manaus.am.gov.br\/implurb\/wp-content\/uploads\/sites\/13\/2025\/08\/53543446913_f4e67838f4_c.jpg\" \/>\n\t<meta property=\"og:image:width\" content=\"799\" \/>\n\t<meta property=\"og:image:height\" content=\"533\" \/>\n\t<meta property=\"og:image:type\" content=\"image\/jpeg\" \/>\n<meta name=\"author\" content=\"Adriana Costa\" \/>\n<meta name=\"twitter:card\" content=\"summary_large_image\" \/>\n<meta name=\"twitter:label1\" content=\"Written by\" \/>\n\t<meta name=\"twitter:data1\" content=\"Adriana Costa\" \/>\n\t<meta name=\"twitter:label2\" content=\"Est. reading time\" \/>\n\t<meta name=\"twitter:data2\" content=\"4 minutos\" \/>\n<script type=\"application\/ld+json\" class=\"yoast-schema-graph\">{\"@context\":\"https:\/\/schema.org\",\"@graph\":[{\"@type\":\"WebPage\",\"@id\":\"https:\/\/www.manaus.am.gov.br\/implurb\/prefeitura-implurb-habitacao-interessesocial\/\",\"url\":\"https:\/\/www.manaus.am.gov.br\/implurb\/prefeitura-implurb-habitacao-interessesocial\/\",\"name\":\"Prefeitura de Manaus aumenta an\u00e1lise de projetos de habita\u00e7\u00e3o de interesse social em mais de 100%\",\"isPartOf\":{\"@id\":\"https:\/\/www.manaus.am.gov.br\/implurb\/#website\"},\"primaryImageOfPage\":{\"@id\":\"https:\/\/www.manaus.am.gov.br\/implurb\/prefeitura-implurb-habitacao-interessesocial\/#primaryimage\"},\"image\":{\"@id\":\"https:\/\/www.manaus.am.gov.br\/implurb\/prefeitura-implurb-habitacao-interessesocial\/#primaryimage\"},\"thumbnailUrl\":\"https:\/\/www.manaus.am.gov.br\/implurb\/wp-content\/uploads\/sites\/13\/2025\/08\/53543446913_f4e67838f4_c.jpg\",\"datePublished\":\"2025-08-13T14:25:23+00:00\",\"dateModified\":\"2025-08-13T14:25:24+00:00\",\"author\":{\"@id\":\"https:\/\/www.manaus.am.gov.br\/implurb\/#\/schema\/person\/4e49f4e267757a06ca072ec61b2b9968\"},\"description\":\"Programas como o \u201cMinha Casa, Minha Vida\u201d j\u00e1 entregaram moradias em n\u00famero equivalente ao d\u00e9ficit habitacional de pa\u00edses inteiros, um impacto que se reflete diretamente na gera\u00e7\u00e3o de empregos, no desenvolvimento urbano e na dignidade das fam\u00edlias.\",\"breadcrumb\":{\"@id\":\"https:\/\/www.manaus.am.gov.br\/implurb\/prefeitura-implurb-habitacao-interessesocial\/#breadcrumb\"},\"inLanguage\":\"pt-BR\",\"potentialAction\":[{\"@type\":\"ReadAction\",\"target\":[\"https:\/\/www.manaus.am.gov.br\/implurb\/prefeitura-implurb-habitacao-interessesocial\/\"]}]},{\"@type\":\"ImageObject\",\"inLanguage\":\"pt-BR\",\"@id\":\"https:\/\/www.manaus.am.gov.br\/implurb\/prefeitura-implurb-habitacao-interessesocial\/#primaryimage\",\"url\":\"https:\/\/www.manaus.am.gov.br\/implurb\/wp-content\/uploads\/sites\/13\/2025\/08\/53543446913_f4e67838f4_c.jpg\",\"contentUrl\":\"https:\/\/www.manaus.am.gov.br\/implurb\/wp-content\/uploads\/sites\/13\/2025\/08\/53543446913_f4e67838f4_c.jpg\",\"width\":799,\"height\":533},{\"@type\":\"BreadcrumbList\",\"@id\":\"https:\/\/www.manaus.am.gov.br\/implurb\/prefeitura-implurb-habitacao-interessesocial\/#breadcrumb\",\"itemListElement\":[{\"@type\":\"ListItem\",\"position\":1,\"name\":\"Home\",\"item\":\"https:\/\/www.manaus.am.gov.br\/implurb\/\"},{\"@type\":\"ListItem\",\"position\":2,\"name\":\"Prefeitura de Manaus aumenta an\u00e1lise de projetos de habita\u00e7\u00e3o de interesse social em mais de 100%\"}]},{\"@type\":\"WebSite\",\"@id\":\"https:\/\/www.manaus.am.gov.br\/implurb\/#website\",\"url\":\"https:\/\/www.manaus.am.gov.br\/implurb\/\",\"name\":\"IMPLURB\",\"description\":\"Prefeitura de Manaus\",\"potentialAction\":[{\"@type\":\"SearchAction\",\"target\":{\"@type\":\"EntryPoint\",\"urlTemplate\":\"https:\/\/www.manaus.am.gov.br\/implurb\/?s={search_term_string}\"},\"query-input\":\"required name=search_term_string\"}],\"inLanguage\":\"pt-BR\"},{\"@type\":\"Person\",\"@id\":\"https:\/\/www.manaus.am.gov.br\/implurb\/#\/schema\/person\/4e49f4e267757a06ca072ec61b2b9968\",\"name\":\"Adriana Costa\",\"image\":{\"@type\":\"ImageObject\",\"inLanguage\":\"pt-BR\",\"@id\":\"https:\/\/www.manaus.am.gov.br\/implurb\/#\/schema\/person\/image\/\",\"url\":\"https:\/\/secure.gravatar.com\/avatar\/576258617ef7194f718179e766d57bd4?s=96&d=mm&r=g\",\"contentUrl\":\"https:\/\/secure.gravatar.com\/avatar\/576258617ef7194f718179e766d57bd4?s=96&d=mm&r=g\",\"caption\":\"Adriana Costa\"}}]}<\/script>\n<!-- \/ Yoast SEO plugin. -->","yoast_head_json":{"title":"Prefeitura de Manaus aumenta an\u00e1lise de projetos de habita\u00e7\u00e3o de interesse social em mais de 100%","description":"Programas como o \u201cMinha Casa, Minha Vida\u201d j\u00e1 entregaram moradias em n\u00famero equivalente ao d\u00e9ficit habitacional de pa\u00edses inteiros, um impacto que se reflete diretamente na gera\u00e7\u00e3o de empregos, no desenvolvimento urbano e na dignidade das fam\u00edlias.","robots":{"index":"noindex","follow":"follow"},"og_locale":"pt_BR","og_type":"article","og_title":"Prefeitura de Manaus aumenta an\u00e1lise de projetos de habita\u00e7\u00e3o de interesse social em mais de 100%","og_description":"Programas como o \u201cMinha Casa, Minha Vida\u201d j\u00e1 entregaram moradias em n\u00famero equivalente ao d\u00e9ficit habitacional de pa\u00edses inteiros, um impacto que se reflete diretamente na gera\u00e7\u00e3o de empregos, no desenvolvimento urbano e na dignidade das fam\u00edlias.","og_url":"https:\/\/www.manaus.am.gov.br\/implurb\/prefeitura-implurb-habitacao-interessesocial\/","og_site_name":"IMPLURB","article_published_time":"2025-08-13T14:25:23+00:00","article_modified_time":"2025-08-13T14:25:24+00:00","og_image":[{"width":799,"height":533,"url":"https:\/\/www.manaus.am.gov.br\/implurb\/wp-content\/uploads\/sites\/13\/2025\/08\/53543446913_f4e67838f4_c.jpg","type":"image\/jpeg"}],"author":"Adriana Costa","twitter_card":"summary_large_image","twitter_misc":{"Written by":"Adriana Costa","Est. reading time":"4 minutos"},"schema":{"@context":"https:\/\/schema.org","@graph":[{"@type":"WebPage","@id":"https:\/\/www.manaus.am.gov.br\/implurb\/prefeitura-implurb-habitacao-interessesocial\/","url":"https:\/\/www.manaus.am.gov.br\/implurb\/prefeitura-implurb-habitacao-interessesocial\/","name":"Prefeitura de Manaus aumenta an\u00e1lise de projetos de habita\u00e7\u00e3o de interesse social em mais de 100%","isPartOf":{"@id":"https:\/\/www.manaus.am.gov.br\/implurb\/#website"},"primaryImageOfPage":{"@id":"https:\/\/www.manaus.am.gov.br\/implurb\/prefeitura-implurb-habitacao-interessesocial\/#primaryimage"},"image":{"@id":"https:\/\/www.manaus.am.gov.br\/implurb\/prefeitura-implurb-habitacao-interessesocial\/#primaryimage"},"thumbnailUrl":"https:\/\/www.manaus.am.gov.br\/implurb\/wp-content\/uploads\/sites\/13\/2025\/08\/53543446913_f4e67838f4_c.jpg","datePublished":"2025-08-13T14:25:23+00:00","dateModified":"2025-08-13T14:25:24+00:00","author":{"@id":"https:\/\/www.manaus.am.gov.br\/implurb\/#\/schema\/person\/4e49f4e267757a06ca072ec61b2b9968"},"description":"Programas como o \u201cMinha Casa, Minha Vida\u201d j\u00e1 entregaram moradias em n\u00famero equivalente ao d\u00e9ficit habitacional de pa\u00edses inteiros, um impacto que se reflete diretamente na gera\u00e7\u00e3o de empregos, no desenvolvimento urbano e na dignidade das fam\u00edlias.","breadcrumb":{"@id":"https:\/\/www.manaus.am.gov.br\/implurb\/prefeitura-implurb-habitacao-interessesocial\/#breadcrumb"},"inLanguage":"pt-BR","potentialAction":[{"@type":"ReadAction","target":["https:\/\/www.manaus.am.gov.br\/implurb\/prefeitura-implurb-habitacao-interessesocial\/"]}]},{"@type":"ImageObject","inLanguage":"pt-BR","@id":"https:\/\/www.manaus.am.gov.br\/implurb\/prefeitura-implurb-habitacao-interessesocial\/#primaryimage","url":"https:\/\/www.manaus.am.gov.br\/implurb\/wp-content\/uploads\/sites\/13\/2025\/08\/53543446913_f4e67838f4_c.jpg","contentUrl":"https:\/\/www.manaus.am.gov.br\/implurb\/wp-content\/uploads\/sites\/13\/2025\/08\/53543446913_f4e67838f4_c.jpg","width":799,"height":533},{"@type":"BreadcrumbList","@id":"https:\/\/www.manaus.am.gov.br\/implurb\/prefeitura-implurb-habitacao-interessesocial\/#breadcrumb","itemListElement":[{"@type":"ListItem","position":1,"name":"Home","item":"https:\/\/www.manaus.am.gov.br\/implurb\/"},{"@type":"ListItem","position":2,"name":"Prefeitura de Manaus aumenta an\u00e1lise de projetos de habita\u00e7\u00e3o de interesse social em mais de 100%"}]},{"@type":"WebSite","@id":"https:\/\/www.manaus.am.gov.br\/implurb\/#website","url":"https:\/\/www.manaus.am.gov.br\/implurb\/","name":"IMPLURB","description":"Prefeitura de Manaus","potentialAction":[{"@type":"SearchAction","target":{"@type":"EntryPoint","urlTemplate":"https:\/\/www.manaus.am.gov.br\/implurb\/?s={search_term_string}"},"query-input":"required name=search_term_string"}],"inLanguage":"pt-BR"},{"@type":"Person","@id":"https:\/\/www.manaus.am.gov.br\/implurb\/#\/schema\/person\/4e49f4e267757a06ca072ec61b2b9968","name":"Adriana Costa","image":{"@type":"ImageObject","inLanguage":"pt-BR","@id":"https:\/\/www.manaus.am.gov.br\/implurb\/#\/schema\/person\/image\/","url":"https:\/\/secure.gravatar.com\/avatar\/576258617ef7194f718179e766d57bd4?s=96&d=mm&r=g","contentUrl":"https:\/\/secure.gravatar.com\/avatar\/576258617ef7194f718179e766d57bd4?s=96&d=mm&r=g","caption":"Adriana Costa"}}]}},"_links":{"self":[{"href":"https:\/\/www.manaus.am.gov.br\/implurb\/wp-json\/wp\/v2\/posts\/6396"}],"collection":[{"href":"https:\/\/www.manaus.am.gov.br\/implurb\/wp-json\/wp\/v2\/posts"}],"about":[{"href":"https:\/\/www.manaus.am.gov.br\/implurb\/wp-json\/wp\/v2\/types\/post"}],"author":[{"embeddable":true,"href":"https:\/\/www.manaus.am.gov.br\/implurb\/wp-json\/wp\/v2\/users\/23"}],"replies":[{"embeddable":true,"href":"https:\/\/www.manaus.am.gov.br\/implurb\/wp-json\/wp\/v2\/comments?post=6396"}],"version-history":[{"count":0,"href":"https:\/\/www.manaus.am.gov.br\/implurb\/wp-json\/wp\/v2\/posts\/6396\/revisions"}],"wp:featuredmedia":[{"embeddable":true,"href":"https:\/\/www.manaus.am.gov.br\/implurb\/wp-json\/wp\/v2\/media\/6397"}],"wp:attachment":[{"href":"https:\/\/www.manaus.am.gov.br\/implurb\/wp-json\/wp\/v2\/media?parent=6396"}],"wp:term":[{"taxonomy":"category","embeddable":true,"href":"https:\/\/www.manaus.am.gov.br\/implurb\/wp-json\/wp\/v2\/categories?post=6396"},{"taxonomy":"post_tag","embeddable":true,"href":"https:\/\/www.manaus.am.gov.br\/implurb\/wp-json\/wp\/v2\/tags?post=6396"}],"curies":[{"name":"wp","href":"https:\/\/api.w.org\/{rel}","templated":true}]}}