{"id":6391,"date":"2025-08-12T11:23:57","date_gmt":"2025-08-12T15:23:57","guid":{"rendered":"https:\/\/www.manaus.am.gov.br\/implurb\/modernizacao-estrutura-organizacional-implurb\/"},"modified":"2025-08-12T11:23:57","modified_gmt":"2025-08-12T15:23:57","slug":"modernizacao-estrutura-organizacional-implurb","status":"publish","type":"post","link":"https:\/\/www.manaus.am.gov.br\/implurb\/modernizacao-estrutura-organizacional-implurb\/","title":{"rendered":"Prefeitura de Manaus atua para modernizar estrutura organizacional do Implurb"},"content":{"rendered":"\n<p>A Prefeitura de Manaus vai atualizar a estrutura organizacional do Instituto Municipal de Planejamento Urbano (Implurb), com o objetivo de modernizar sua administra\u00e7\u00e3o e refor\u00e7ar seu papel estrat\u00e9gico na gest\u00e3o do ordenamento e planejamento urban\u00edsticos da capital. A minuta de um projeto de lei que disp\u00f5e sobre a nova estrutura administrativa do Implurb, j\u00e1 est\u00e1 na Casa Civil, para otimizar processos internos, aumentar a efici\u00eancia dos servi\u00e7os prestados e alinhar ainda mais as a\u00e7\u00f5es do \u00f3rg\u00e3o \u00e0s diretrizes do Plano Diretor Urbano e Ambiental.<\/p>\n\n\n\n<p>Autarquia vinculada \u00e0 administra\u00e7\u00e3o indireta da prefeitura, o Implurb passar\u00e1 a ter amplia\u00e7\u00e3o nas \u00e1reas de planejamento, licenciamento, fiscaliza\u00e7\u00e3o e preserva\u00e7\u00e3o do patrim\u00f4nio hist\u00f3rico e urban\u00edstico da capital. Sua nova configura\u00e7\u00e3o ainda vai fortalecer a capacidade de execu\u00e7\u00e3o e integra\u00e7\u00e3o com demais \u00f3rg\u00e3os municipais.<\/p>\n\n\n\n<p>\u201cTeremos essa nova estrutura\u00e7\u00e3o, que se soma \u00e0 nossa nova sede administrativa, que est\u00e1 em obras, sendo um marco da gest\u00e3o p\u00fablica. Terminamos os estudos t\u00e9cnicos para esta nova composi\u00e7\u00e3o, encaminhada \u00e0 Casa Civil, aguardando delibera\u00e7\u00e3o do prefeito David Almeida, para posterior envio \u00e0 C\u00e2mara Municipal de Manaus (CMM). Posteriormente tamb\u00e9m teremos o Plano de Cargos, Carreiras e Sal\u00e1rios e um novo concurso p\u00fablico, que o prefeito estar\u00e1 lan\u00e7ando para refor\u00e7ar a estrutura do Implurb, para ter um melhor gerenciamento e planejamento da cidade\u201d, comentou o diretor-presidente da autarquia, Carlos Valente.<\/p>\n\n\n\n<p>Com investimentos na nova sede e melhoria de instala\u00e7\u00f5es e sistemas para atender demandas e sugest\u00f5es da popula\u00e7\u00e3o, o Implurb continua em constante evolu\u00e7\u00e3o, melhorando indicadores de gest\u00e3o e desenvolvendo sua equipe t\u00e9cnica para atender desafios e propor solu\u00e7\u00f5es para a capital.<\/p>\n\n\n\n<p><strong>Legisla\u00e7\u00e3o<\/strong><\/p>\n\n\n\n<p>Entre as atribui\u00e7\u00f5es do Implurb est\u00e3o: garantir o cumprimento da Constitui\u00e7\u00e3o, da Lei Org\u00e2nica do Munic\u00edpio e das normas espec\u00edficas; gerir e fiscalizar suas \u00e1reas operacionais; e administrar os bens e materiais sob sua guarda, assegurando manuten\u00e7\u00e3o, conserva\u00e7\u00e3o e moderniza\u00e7\u00e3o constantes.<\/p>\n\n\n\n<p>O \u00f3rg\u00e3o tamb\u00e9m \u00e9 respons\u00e1vel por alinhar suas a\u00e7\u00f5es \u00e0s metas do setor, firmar acordos e conv\u00eanios com entidades p\u00fablicas e privadas, al\u00e9m de elaborar e propor resolu\u00e7\u00f5es ao Conselho Municipal de Desenvolvimento Urbano (CMDU). Todas essas fun\u00e7\u00f5es s\u00e3o desempenhadas com foco em planejamento, licenciamento e na preserva\u00e7\u00e3o do patrim\u00f4nio hist\u00f3rico e urban\u00edstico.<\/p>\n\n\n\n<p><strong>Ordenamento<\/strong><\/p>\n\n\n\n<p>Com a nova organiza\u00e7\u00e3o, o Implurb refor\u00e7a sua miss\u00e3o de melhorar as condi\u00e7\u00f5es de vida, qualificar o conv\u00edvio comunit\u00e1rio e garantir um desenvolvimento urbano sustent\u00e1vel e ordenado para Manaus. Dentro da prefeitura, fazem parte do sistema municipal de planejamento urbano, os \u00f3rg\u00e3os da administra\u00e7\u00e3o direta e indireta; o Conselho Municipal de Desenvolvimento Urbano (CMDU); e a Comiss\u00e3o T\u00e9cnica de Planejamento e Controle Urbano (CTPCU).<\/p>\n\n\n\n<p><strong>Finalidades e atribui\u00e7\u00f5es<\/strong><\/p>\n\n\n\n<p>Entre as principais finalidades e atribui\u00e7\u00f5es do Implurb est\u00e3o: planejamento e pol\u00edticas urbanas, que visa definir e executar pol\u00edticas p\u00fablicas de ordenamento e desenvolvimento urbano, em conformidade com o Plano Diretor Urbano e Ambiental; o licenciamento e fiscaliza\u00e7\u00e3o, que busca aprovar, licenciar, monitorar e fiscalizar obras p\u00fablicas e particulares, parcelamento do solo, mobili\u00e1rio urbano, engenhos publicit\u00e1rios e uso de espa\u00e7os p\u00fablicos para atividades comerciais; a preserva\u00e7\u00e3o hist\u00f3rica, que tem o intuito de aprovar e fiscalizar empreendimentos de interesse do patrim\u00f4nio hist\u00f3rico municipal, difundir medidas de preserva\u00e7\u00e3o e fomentar o desenvolvimento do Centro Hist\u00f3rico de Manaus; a gest\u00e3o de espa\u00e7os e projetos, que tende a elaborar e supervisionar projetos arquitet\u00f4nicos e urban\u00edsticos; identificar e propor usos para \u00e1reas p\u00fablicas; promover estudos e obras urban\u00edsticas de interesse municipal; o controle e poder de pol\u00edcia, que visa exercer o poder de pol\u00edcia administrativa, determinar e executar demoli\u00e7\u00f5es administrativas conforme legisla\u00e7\u00e3o vigente, al\u00e9m de fiscalizar medidas compensat\u00f3rias e contrapartidas urban\u00edsticas; e a integra\u00e7\u00e3o institucional, que articula a\u00e7\u00f5es com \u00f3rg\u00e3os e entidades municipais, estaduais, federais e da sociedade civil, fortalecendo a gest\u00e3o integrada do espa\u00e7o urbano.<\/p>\n\n\n\n<figure class=\"wp-block-image size-large\"><img decoding=\"async\" src=\"https:\/\/www.manaus.am.gov.br\/implurb\/wp-content\/uploads\/sites\/13\/2025\/08\/estrutura2-1024x576.jpg\" alt=\"\" class=\"wp-image-6393\" \/><figcaption class=\"wp-element-caption\">DCIM\\101MEDIA\\DJI_0318.JPG<\/figcaption><\/figure>\n\n\n\n<p>&#8212; &#8212; &#8212;<\/p>\n\n\n\n<p><strong>Texto<\/strong> \u2013 Claudia do Valle\/Implurb<\/p>\n\n\n\n<p><strong>Fotos<\/strong> \u2013 Divulga\u00e7\u00e3o\/Semcom<\/p>\n","protected":false},"excerpt":{"rendered":"","protected":false},"author":39,"featured_media":6392,"comment_status":"closed","ping_status":"closed","sticky":false,"template":"","format":"standard","meta":{"footnotes":""},"categories":[634],"tags":[1848,1849,11,1749,15],"acf":[],"yoast_head":"<!-- This site is optimized with the Yoast SEO plugin v23.0 - https:\/\/yoast.com\/wordpress\/plugins\/seo\/ -->\n<title>Moderniza\u00e7\u00e3o da estrutura organizacional do Implurb<\/title>\n<meta name=\"description\" content=\"Prefeitura de Manaus atua para modernizar estrutura organizacional do Instituto Municipal de Planejamento Urbano (Implurb).\" \/>\n<meta name=\"robots\" content=\"noindex, follow\" \/>\n<meta property=\"og:locale\" content=\"pt_BR\" \/>\n<meta property=\"og:type\" content=\"article\" \/>\n<meta property=\"og:title\" content=\"Moderniza\u00e7\u00e3o da estrutura organizacional do Implurb\" \/>\n<meta property=\"og:description\" content=\"Prefeitura de Manaus atua para modernizar estrutura organizacional do Instituto Municipal de Planejamento Urbano (Implurb).\" \/>\n<meta property=\"og:url\" content=\"https:\/\/www.manaus.am.gov.br\/implurb\/modernizacao-estrutura-organizacional-implurb\/\" \/>\n<meta property=\"og:site_name\" content=\"IMPLURB\" \/>\n<meta property=\"article:published_time\" content=\"2025-08-12T15:23:57+00:00\" \/>\n<meta property=\"og:image\" content=\"https:\/\/www.manaus.am.gov.br\/implurb\/wp-content\/uploads\/sites\/13\/2025\/08\/estrutura.jpg\" \/>\n\t<meta property=\"og:image:width\" content=\"5760\" \/>\n\t<meta property=\"og:image:height\" content=\"3840\" \/>\n\t<meta property=\"og:image:type\" content=\"image\/jpeg\" \/>\n<meta name=\"author\" content=\"Bruna Greco\" \/>\n<meta name=\"twitter:card\" content=\"summary_large_image\" \/>\n<meta name=\"twitter:label1\" content=\"Written by\" \/>\n\t<meta name=\"twitter:data1\" content=\"Bruna Greco\" \/>\n\t<meta name=\"twitter:label2\" content=\"Est. reading time\" \/>\n\t<meta name=\"twitter:data2\" content=\"4 minutos\" \/>\n<script type=\"application\/ld+json\" class=\"yoast-schema-graph\">{\"@context\":\"https:\/\/schema.org\",\"@graph\":[{\"@type\":\"WebPage\",\"@id\":\"https:\/\/www.manaus.am.gov.br\/implurb\/modernizacao-estrutura-organizacional-implurb\/\",\"url\":\"https:\/\/www.manaus.am.gov.br\/implurb\/modernizacao-estrutura-organizacional-implurb\/\",\"name\":\"Moderniza\u00e7\u00e3o da estrutura organizacional do Implurb\",\"isPartOf\":{\"@id\":\"https:\/\/www.manaus.am.gov.br\/implurb\/#website\"},\"primaryImageOfPage\":{\"@id\":\"https:\/\/www.manaus.am.gov.br\/implurb\/modernizacao-estrutura-organizacional-implurb\/#primaryimage\"},\"image\":{\"@id\":\"https:\/\/www.manaus.am.gov.br\/implurb\/modernizacao-estrutura-organizacional-implurb\/#primaryimage\"},\"thumbnailUrl\":\"https:\/\/www.manaus.am.gov.br\/implurb\/wp-content\/uploads\/sites\/13\/2025\/08\/estrutura.jpg\",\"datePublished\":\"2025-08-12T15:23:57+00:00\",\"dateModified\":\"2025-08-12T15:23:57+00:00\",\"author\":{\"@id\":\"https:\/\/www.manaus.am.gov.br\/implurb\/#\/schema\/person\/05d223aea2bf115f9883a6ff3683d81b\"},\"description\":\"Prefeitura de Manaus atua para modernizar estrutura organizacional do Instituto Municipal de Planejamento Urbano (Implurb).\",\"breadcrumb\":{\"@id\":\"https:\/\/www.manaus.am.gov.br\/implurb\/modernizacao-estrutura-organizacional-implurb\/#breadcrumb\"},\"inLanguage\":\"pt-BR\",\"potentialAction\":[{\"@type\":\"ReadAction\",\"target\":[\"https:\/\/www.manaus.am.gov.br\/implurb\/modernizacao-estrutura-organizacional-implurb\/\"]}]},{\"@type\":\"ImageObject\",\"inLanguage\":\"pt-BR\",\"@id\":\"https:\/\/www.manaus.am.gov.br\/implurb\/modernizacao-estrutura-organizacional-implurb\/#primaryimage\",\"url\":\"https:\/\/www.manaus.am.gov.br\/implurb\/wp-content\/uploads\/sites\/13\/2025\/08\/estrutura.jpg\",\"contentUrl\":\"https:\/\/www.manaus.am.gov.br\/implurb\/wp-content\/uploads\/sites\/13\/2025\/08\/estrutura.jpg\",\"width\":5760,\"height\":3840,\"caption\":\"#paratodosverem - Nova sede do Implurb em obras de moderniza\u00e7\u00e3o\"},{\"@type\":\"BreadcrumbList\",\"@id\":\"https:\/\/www.manaus.am.gov.br\/implurb\/modernizacao-estrutura-organizacional-implurb\/#breadcrumb\",\"itemListElement\":[{\"@type\":\"ListItem\",\"position\":1,\"name\":\"Home\",\"item\":\"https:\/\/www.manaus.am.gov.br\/implurb\/\"},{\"@type\":\"ListItem\",\"position\":2,\"name\":\"Prefeitura de Manaus atua para modernizar estrutura organizacional do Implurb\"}]},{\"@type\":\"WebSite\",\"@id\":\"https:\/\/www.manaus.am.gov.br\/implurb\/#website\",\"url\":\"https:\/\/www.manaus.am.gov.br\/implurb\/\",\"name\":\"IMPLURB\",\"description\":\"Prefeitura de Manaus\",\"potentialAction\":[{\"@type\":\"SearchAction\",\"target\":{\"@type\":\"EntryPoint\",\"urlTemplate\":\"https:\/\/www.manaus.am.gov.br\/implurb\/?s={search_term_string}\"},\"query-input\":\"required name=search_term_string\"}],\"inLanguage\":\"pt-BR\"},{\"@type\":\"Person\",\"@id\":\"https:\/\/www.manaus.am.gov.br\/implurb\/#\/schema\/person\/05d223aea2bf115f9883a6ff3683d81b\",\"name\":\"Bruna Greco\",\"image\":{\"@type\":\"ImageObject\",\"inLanguage\":\"pt-BR\",\"@id\":\"https:\/\/www.manaus.am.gov.br\/implurb\/#\/schema\/person\/image\/\",\"url\":\"https:\/\/secure.gravatar.com\/avatar\/9c877d1a6adc2a055330e5c09a8653ce?s=96&d=mm&r=g\",\"contentUrl\":\"https:\/\/secure.gravatar.com\/avatar\/9c877d1a6adc2a055330e5c09a8653ce?s=96&d=mm&r=g\",\"caption\":\"Bruna Greco\"}}]}<\/script>\n<!-- \/ Yoast SEO plugin. -->","yoast_head_json":{"title":"Moderniza\u00e7\u00e3o da estrutura organizacional do Implurb","description":"Prefeitura de Manaus atua para modernizar estrutura organizacional do Instituto Municipal de Planejamento Urbano (Implurb).","robots":{"index":"noindex","follow":"follow"},"og_locale":"pt_BR","og_type":"article","og_title":"Moderniza\u00e7\u00e3o da estrutura organizacional do Implurb","og_description":"Prefeitura de Manaus atua para modernizar estrutura organizacional do Instituto Municipal de Planejamento Urbano (Implurb).","og_url":"https:\/\/www.manaus.am.gov.br\/implurb\/modernizacao-estrutura-organizacional-implurb\/","og_site_name":"IMPLURB","article_published_time":"2025-08-12T15:23:57+00:00","og_image":[{"url":"https:\/\/www.manaus.am.gov.br\/implurb\/wp-content\/uploads\/sites\/13\/2025\/08\/estrutura.jpg","width":5760,"height":3840,"type":"image\/jpeg"}],"author":"Bruna Greco","twitter_card":"summary_large_image","twitter_misc":{"Written by":"Bruna Greco","Est. reading time":"4 minutos"},"schema":{"@context":"https:\/\/schema.org","@graph":[{"@type":"WebPage","@id":"https:\/\/www.manaus.am.gov.br\/implurb\/modernizacao-estrutura-organizacional-implurb\/","url":"https:\/\/www.manaus.am.gov.br\/implurb\/modernizacao-estrutura-organizacional-implurb\/","name":"Moderniza\u00e7\u00e3o da estrutura organizacional do Implurb","isPartOf":{"@id":"https:\/\/www.manaus.am.gov.br\/implurb\/#website"},"primaryImageOfPage":{"@id":"https:\/\/www.manaus.am.gov.br\/implurb\/modernizacao-estrutura-organizacional-implurb\/#primaryimage"},"image":{"@id":"https:\/\/www.manaus.am.gov.br\/implurb\/modernizacao-estrutura-organizacional-implurb\/#primaryimage"},"thumbnailUrl":"https:\/\/www.manaus.am.gov.br\/implurb\/wp-content\/uploads\/sites\/13\/2025\/08\/estrutura.jpg","datePublished":"2025-08-12T15:23:57+00:00","dateModified":"2025-08-12T15:23:57+00:00","author":{"@id":"https:\/\/www.manaus.am.gov.br\/implurb\/#\/schema\/person\/05d223aea2bf115f9883a6ff3683d81b"},"description":"Prefeitura de Manaus atua para modernizar estrutura organizacional do Instituto Municipal de Planejamento Urbano (Implurb).","breadcrumb":{"@id":"https:\/\/www.manaus.am.gov.br\/implurb\/modernizacao-estrutura-organizacional-implurb\/#breadcrumb"},"inLanguage":"pt-BR","potentialAction":[{"@type":"ReadAction","target":["https:\/\/www.manaus.am.gov.br\/implurb\/modernizacao-estrutura-organizacional-implurb\/"]}]},{"@type":"ImageObject","inLanguage":"pt-BR","@id":"https:\/\/www.manaus.am.gov.br\/implurb\/modernizacao-estrutura-organizacional-implurb\/#primaryimage","url":"https:\/\/www.manaus.am.gov.br\/implurb\/wp-content\/uploads\/sites\/13\/2025\/08\/estrutura.jpg","contentUrl":"https:\/\/www.manaus.am.gov.br\/implurb\/wp-content\/uploads\/sites\/13\/2025\/08\/estrutura.jpg","width":5760,"height":3840,"caption":"#paratodosverem - Nova sede do Implurb em obras de moderniza\u00e7\u00e3o"},{"@type":"BreadcrumbList","@id":"https:\/\/www.manaus.am.gov.br\/implurb\/modernizacao-estrutura-organizacional-implurb\/#breadcrumb","itemListElement":[{"@type":"ListItem","position":1,"name":"Home","item":"https:\/\/www.manaus.am.gov.br\/implurb\/"},{"@type":"ListItem","position":2,"name":"Prefeitura de Manaus atua para modernizar estrutura organizacional do Implurb"}]},{"@type":"WebSite","@id":"https:\/\/www.manaus.am.gov.br\/implurb\/#website","url":"https:\/\/www.manaus.am.gov.br\/implurb\/","name":"IMPLURB","description":"Prefeitura de Manaus","potentialAction":[{"@type":"SearchAction","target":{"@type":"EntryPoint","urlTemplate":"https:\/\/www.manaus.am.gov.br\/implurb\/?s={search_term_string}"},"query-input":"required name=search_term_string"}],"inLanguage":"pt-BR"},{"@type":"Person","@id":"https:\/\/www.manaus.am.gov.br\/implurb\/#\/schema\/person\/05d223aea2bf115f9883a6ff3683d81b","name":"Bruna Greco","image":{"@type":"ImageObject","inLanguage":"pt-BR","@id":"https:\/\/www.manaus.am.gov.br\/implurb\/#\/schema\/person\/image\/","url":"https:\/\/secure.gravatar.com\/avatar\/9c877d1a6adc2a055330e5c09a8653ce?s=96&d=mm&r=g","contentUrl":"https:\/\/secure.gravatar.com\/avatar\/9c877d1a6adc2a055330e5c09a8653ce?s=96&d=mm&r=g","caption":"Bruna Greco"}}]}},"_links":{"self":[{"href":"https:\/\/www.manaus.am.gov.br\/implurb\/wp-json\/wp\/v2\/posts\/6391"}],"collection":[{"href":"https:\/\/www.manaus.am.gov.br\/implurb\/wp-json\/wp\/v2\/posts"}],"about":[{"href":"https:\/\/www.manaus.am.gov.br\/implurb\/wp-json\/wp\/v2\/types\/post"}],"author":[{"embeddable":true,"href":"https:\/\/www.manaus.am.gov.br\/implurb\/wp-json\/wp\/v2\/users\/39"}],"replies":[{"embeddable":true,"href":"https:\/\/www.manaus.am.gov.br\/implurb\/wp-json\/wp\/v2\/comments?post=6391"}],"version-history":[{"count":1,"href":"https:\/\/www.manaus.am.gov.br\/implurb\/wp-json\/wp\/v2\/posts\/6391\/revisions"}],"predecessor-version":[{"id":6394,"href":"https:\/\/www.manaus.am.gov.br\/implurb\/wp-json\/wp\/v2\/posts\/6391\/revisions\/6394"}],"wp:featuredmedia":[{"embeddable":true,"href":"https:\/\/www.manaus.am.gov.br\/implurb\/wp-json\/wp\/v2\/media\/6392"}],"wp:attachment":[{"href":"https:\/\/www.manaus.am.gov.br\/implurb\/wp-json\/wp\/v2\/media?parent=6391"}],"wp:term":[{"taxonomy":"category","embeddable":true,"href":"https:\/\/www.manaus.am.gov.br\/implurb\/wp-json\/wp\/v2\/categories?post=6391"},{"taxonomy":"post_tag","embeddable":true,"href":"https:\/\/www.manaus.am.gov.br\/implurb\/wp-json\/wp\/v2\/tags?post=6391"}],"curies":[{"name":"wp","href":"https:\/\/api.w.org\/{rel}","templated":true}]}}