{"id":6383,"date":"2025-08-11T14:16:40","date_gmt":"2025-08-11T18:16:40","guid":{"rendered":"https:\/\/www.manaus.am.gov.br\/implurb\/novo-acmf-11-mil-metros-quadrados-licenciados\/"},"modified":"2025-08-11T14:58:18","modified_gmt":"2025-08-11T18:58:18","slug":"novo-acmf-11-mil-metros-quadrados-licenciados","status":"publish","type":"post","link":"https:\/\/www.manaus.am.gov.br\/implurb\/novo-acmf-11-mil-metros-quadrados-licenciados\/","title":{"rendered":"Novo Alvar\u00e1 de Constru\u00e7\u00e3o Mais F\u00e1cil da prefeitura chega a quase 11 mil metros quadrados licenciados no acumulado do ano"},"content":{"rendered":"\n<p>De fevereiro a julho deste ano, a Prefeitura de Manaus, por meio do Instituto Municipal de Planejamento Urbano (Implurb), j\u00e1 licenciou quase 11 mil&nbsp;metros quadrados de novas obras dentro do sistema do Alvar\u00e1 de Constru\u00e7\u00e3o Mais F\u00e1cil (ACMF). Neste per\u00edodo, foram expedidos 45 alvar\u00e1s no novo formato, com uma m\u00e9dia de 242,2 metros quadrados por processo.<\/p>\n\n\n\n<p>Ap\u00f3s o pagamento do boleto e o tempo para emiss\u00e3o do alvar\u00e1, o sistema teve um tempo m\u00e9dio para processar o documento de apenas 10,62 minutos. O menor tempo foi de um minuto, e o maior de 46 minutos. No formato de alvar\u00e1 convencional, o tempo m\u00e9dio pode chegar at\u00e9 a 21 dias, em raz\u00e3o de an\u00e1lise pelas equipes t\u00e9cnicas.<\/p>\n\n\n\n<p>O ACMF trouxe uma inova\u00e7\u00e3o importante para o licenciamento urban\u00edstico em Manaus, com um processo automatizado, on-line e autodeclarat\u00f3rio, destinado a obras de at\u00e9 750 metros quadrados, com at\u00e9 quatro pavimentos, classificadas como tipo 1 e tipo 2 (baixo impacto). Essa modalidade abrange constru\u00e7\u00f5es unifamiliares, multifamiliares, comerciais, de servi\u00e7os, industriais e de uso misto.<\/p>\n\n\n\n<p>\u201cSob a gest\u00e3o do prefeito David Almeida, Manaus vive uma verdadeira transforma\u00e7\u00e3o no licenciamento urbano. O Alvar\u00e1 de Constru\u00e7\u00e3o Mais F\u00e1cil tornou-se mais acess\u00edvel, \u00e1gil e econ\u00f4mico, oferecendo ainda um desconto de 20% para pagamentos \u00e0 vista\u201d, destacou o diretor-presidente do Implurb, Carlos Valente.<\/p>\n\n\n\n<p><strong>Automatiza\u00e7\u00e3o<\/strong><\/p>\n\n\n\n<p>Os documentos expedidos foram totalmente automatizados, realizados de forma on-line e com os recursos previstos na legisla\u00e7\u00e3o, incluindo descontos de pagamento nas taxas. O sistema tem mais de 300 pessoas treinadas por profissionais do Implurb, para usar o procedimento, que permite ao requerente, devidamente habilitado, que possa ter um tempo m\u00e9dio em at\u00e9 duas horas para emitir o alvar\u00e1 (incluindo neste prazo a emiss\u00e3o do DAM\/Documento de Arrecada\u00e7\u00e3o Municipal, o pagamento da taxa e a baixa no sistema banc\u00e1rio).<\/p>\n\n\n\n<p>\u201cS\u00e3o projetos que levam menos de duas horas para que o interessado alimente o sistema, fa\u00e7a o preenchimento dos dados e emita o boleto. \u00c9 uma ferramenta superamig\u00e1vel e j\u00e1 treinamos mais de 300 profissionais, construindo uma nova din\u00e2mica na prefeitura. O tempo depende do usu\u00e1rio, uma vez que o sistema \u00e9 todo automatizado e parametrizado com as leis urbanas e o Plano Diretor\u201d, afirmou Valente.<\/p>\n\n\n\n<p><strong>Cadastro<\/strong><\/p>\n\n\n\n<p>Para ter acesso ao sistema, os profissionais habilitados a fazer os licenciamentos no modelo autodeclarat\u00f3rio, arquitetos e engenheiros, v\u00e3o precisar ter credenciamento do respons\u00e1vel t\u00e9cnico, usando certificado digital (token). Os certificados funcionam em sistema operacional Windows.<\/p>\n\n\n\n<p>Podem ser respons\u00e1veis t\u00e9cnicos de projetos do ACMF os profissionais legalmente habilitados. Eles far\u00e3o inicialmente o <a href=\"https:\/\/amf.manaus.am.gov.br\/cadastro-usuario\" target=\"_blank\" rel=\"noreferrer noopener\">cadastro<\/a> no sistema, informando dados b\u00e1sicos de identifica\u00e7\u00e3o, endere\u00e7o de correspond\u00eancia e contato. O sistema, em si, \u00e9 muito intuitivo e simples, dependendo da inclus\u00e3o dos dados da obra.<\/p>\n\n\n\n<p>Com fluxo cont\u00ednuo para preenchimento simples e tendo uma sequ\u00eancia l\u00f3gica de an\u00e1lise e inclus\u00e3o de documentos solicitados, o sistema do novo alvar\u00e1 tem itens parametrizados do Plano Diretor, como afastamento, gabarito, taxa de ocupa\u00e7\u00e3o, permeabilidade, vaga de estacionamento, entre outros itens em vigor.<\/p>\n\n\n\n<p>Por ser autodeclarat\u00f3rio, todas as informa\u00e7\u00f5es s\u00e3o de responsabilidade dos t\u00e9cnicos que assinam o projeto. Caso constatado declara\u00e7\u00f5es falsas ou omiss\u00f5es de informa\u00e7\u00f5es relevantes, ser\u00e1 oficiado ao Conselho de Arquitetura e Urbanismo do Amazonas (CAU-AM) e Conselho Regional de Engenharia e Agronomia do Amazonas (Crea-AM) para apura\u00e7\u00e3o da responsabilidade profissional, bem como ser\u00e1 informada a autoridade policial para apurar casos que configurem ato il\u00edcito. Durante o processo \u00e9 permitido a substitui\u00e7\u00e3o de respons\u00e1vel t\u00e9cnico.<\/p>\n\n\n\n<p><strong>Descontos<\/strong><\/p>\n\n\n\n<p>Al\u00e9m do ineditismo da automa\u00e7\u00e3o para o licenciamento urban\u00edstico, o ACMF tem desconto de 20%, a partir do decreto 5.750, assinado pelo prefeito David Almeida. Os descontos ser\u00e3o concedidos exclusivamente para os pagamentos em parcela \u00fanica.<\/p>\n\n\n\n<figure class=\"wp-block-image size-large\"><img decoding=\"async\" src=\"https:\/\/www.manaus.am.gov.br\/implurb\/wp-content\/uploads\/sites\/13\/2025\/08\/Urbanismo-2-1024x768.jpg\" alt=\"\" class=\"wp-image-6385\" \/><\/figure>\n\n\n\n<p>&#8212; &#8212; &#8212;<\/p>\n\n\n\n<p><strong>Texto &#8211;\u00a0<\/strong>Claudia do Valle\/Implurb<\/p>\n\n\n\n<p><strong>Fotos<\/strong>\u00a0\u2013 Maxwell Oliveira e Divulga\u00e7\u00e3o\/Implurb<\/p>\n","protected":false},"excerpt":{"rendered":"","protected":false},"author":39,"featured_media":6384,"comment_status":"closed","ping_status":"closed","sticky":false,"template":"","format":"standard","meta":{"footnotes":""},"categories":[9],"tags":[517,11,668,15,1847],"acf":[],"yoast_head":"<!-- This site is optimized with the Yoast SEO plugin v23.0 - https:\/\/yoast.com\/wordpress\/plugins\/seo\/ -->\n<title>Novo ACMF chega a quase 11 mil metros quadrados licenciados<\/title>\n<meta name=\"description\" content=\"Novo Alvar\u00e1 de Constru\u00e7\u00e3o Mais F\u00e1cil da prefeitura chega a quase 11 mil metros quadrados licenciados no acumulado do ano.\" \/>\n<meta name=\"robots\" content=\"noindex, follow\" \/>\n<meta property=\"og:locale\" content=\"pt_BR\" \/>\n<meta property=\"og:type\" content=\"article\" \/>\n<meta property=\"og:title\" content=\"Novo ACMF chega a quase 11 mil metros quadrados licenciados\" \/>\n<meta property=\"og:description\" content=\"Novo Alvar\u00e1 de Constru\u00e7\u00e3o Mais F\u00e1cil da prefeitura chega a quase 11 mil metros quadrados licenciados no acumulado do ano.\" \/>\n<meta property=\"og:url\" content=\"https:\/\/www.manaus.am.gov.br\/implurb\/novo-acmf-11-mil-metros-quadrados-licenciados\/\" \/>\n<meta property=\"og:site_name\" content=\"IMPLURB\" \/>\n<meta property=\"article:published_time\" content=\"2025-08-11T18:16:40+00:00\" \/>\n<meta property=\"article:modified_time\" content=\"2025-08-11T18:58:18+00:00\" \/>\n<meta property=\"og:image\" content=\"https:\/\/www.manaus.am.gov.br\/implurb\/wp-content\/uploads\/sites\/13\/2025\/08\/Urbanismo-1.jpeg\" \/>\n\t<meta property=\"og:image:width\" content=\"4032\" \/>\n\t<meta property=\"og:image:height\" content=\"3024\" \/>\n\t<meta property=\"og:image:type\" content=\"image\/jpeg\" \/>\n<meta name=\"author\" content=\"Bruna Greco\" \/>\n<meta name=\"twitter:card\" content=\"summary_large_image\" \/>\n<meta name=\"twitter:label1\" content=\"Written by\" \/>\n\t<meta name=\"twitter:data1\" content=\"Bruna Greco\" \/>\n\t<meta name=\"twitter:label2\" content=\"Est. reading time\" \/>\n\t<meta name=\"twitter:data2\" content=\"4 minutos\" \/>\n<script type=\"application\/ld+json\" class=\"yoast-schema-graph\">{\"@context\":\"https:\/\/schema.org\",\"@graph\":[{\"@type\":\"WebPage\",\"@id\":\"https:\/\/www.manaus.am.gov.br\/implurb\/novo-acmf-11-mil-metros-quadrados-licenciados\/\",\"url\":\"https:\/\/www.manaus.am.gov.br\/implurb\/novo-acmf-11-mil-metros-quadrados-licenciados\/\",\"name\":\"Novo ACMF chega a quase 11 mil metros quadrados licenciados\",\"isPartOf\":{\"@id\":\"https:\/\/www.manaus.am.gov.br\/implurb\/#website\"},\"primaryImageOfPage\":{\"@id\":\"https:\/\/www.manaus.am.gov.br\/implurb\/novo-acmf-11-mil-metros-quadrados-licenciados\/#primaryimage\"},\"image\":{\"@id\":\"https:\/\/www.manaus.am.gov.br\/implurb\/novo-acmf-11-mil-metros-quadrados-licenciados\/#primaryimage\"},\"thumbnailUrl\":\"https:\/\/www.manaus.am.gov.br\/implurb\/wp-content\/uploads\/sites\/13\/2025\/08\/Urbanismo-1.jpeg\",\"datePublished\":\"2025-08-11T18:16:40+00:00\",\"dateModified\":\"2025-08-11T18:58:18+00:00\",\"author\":{\"@id\":\"https:\/\/www.manaus.am.gov.br\/implurb\/#\/schema\/person\/05d223aea2bf115f9883a6ff3683d81b\"},\"description\":\"Novo Alvar\u00e1 de Constru\u00e7\u00e3o Mais F\u00e1cil da prefeitura chega a quase 11 mil metros quadrados licenciados no acumulado do ano.\",\"breadcrumb\":{\"@id\":\"https:\/\/www.manaus.am.gov.br\/implurb\/novo-acmf-11-mil-metros-quadrados-licenciados\/#breadcrumb\"},\"inLanguage\":\"pt-BR\",\"potentialAction\":[{\"@type\":\"ReadAction\",\"target\":[\"https:\/\/www.manaus.am.gov.br\/implurb\/novo-acmf-11-mil-metros-quadrados-licenciados\/\"]}]},{\"@type\":\"ImageObject\",\"inLanguage\":\"pt-BR\",\"@id\":\"https:\/\/www.manaus.am.gov.br\/implurb\/novo-acmf-11-mil-metros-quadrados-licenciados\/#primaryimage\",\"url\":\"https:\/\/www.manaus.am.gov.br\/implurb\/wp-content\/uploads\/sites\/13\/2025\/08\/Urbanismo-1.jpeg\",\"contentUrl\":\"https:\/\/www.manaus.am.gov.br\/implurb\/wp-content\/uploads\/sites\/13\/2025\/08\/Urbanismo-1.jpeg\",\"width\":4032,\"height\":3024,\"caption\":\"#paratodosverem - Servidor do Implurb acessando novo sistema de Alvar\u00e1 de Constru\u00e7\u00e3o Mais F\u00e1cil da prefeitura\"},{\"@type\":\"BreadcrumbList\",\"@id\":\"https:\/\/www.manaus.am.gov.br\/implurb\/novo-acmf-11-mil-metros-quadrados-licenciados\/#breadcrumb\",\"itemListElement\":[{\"@type\":\"ListItem\",\"position\":1,\"name\":\"Home\",\"item\":\"https:\/\/www.manaus.am.gov.br\/implurb\/\"},{\"@type\":\"ListItem\",\"position\":2,\"name\":\"Novo Alvar\u00e1 de Constru\u00e7\u00e3o Mais F\u00e1cil da prefeitura chega a quase 11 mil metros quadrados licenciados no acumulado do ano\"}]},{\"@type\":\"WebSite\",\"@id\":\"https:\/\/www.manaus.am.gov.br\/implurb\/#website\",\"url\":\"https:\/\/www.manaus.am.gov.br\/implurb\/\",\"name\":\"IMPLURB\",\"description\":\"Prefeitura de Manaus\",\"potentialAction\":[{\"@type\":\"SearchAction\",\"target\":{\"@type\":\"EntryPoint\",\"urlTemplate\":\"https:\/\/www.manaus.am.gov.br\/implurb\/?s={search_term_string}\"},\"query-input\":\"required name=search_term_string\"}],\"inLanguage\":\"pt-BR\"},{\"@type\":\"Person\",\"@id\":\"https:\/\/www.manaus.am.gov.br\/implurb\/#\/schema\/person\/05d223aea2bf115f9883a6ff3683d81b\",\"name\":\"Bruna Greco\",\"image\":{\"@type\":\"ImageObject\",\"inLanguage\":\"pt-BR\",\"@id\":\"https:\/\/www.manaus.am.gov.br\/implurb\/#\/schema\/person\/image\/\",\"url\":\"https:\/\/secure.gravatar.com\/avatar\/9c877d1a6adc2a055330e5c09a8653ce?s=96&d=mm&r=g\",\"contentUrl\":\"https:\/\/secure.gravatar.com\/avatar\/9c877d1a6adc2a055330e5c09a8653ce?s=96&d=mm&r=g\",\"caption\":\"Bruna Greco\"}}]}<\/script>\n<!-- \/ Yoast SEO plugin. -->","yoast_head_json":{"title":"Novo ACMF chega a quase 11 mil metros quadrados licenciados","description":"Novo Alvar\u00e1 de Constru\u00e7\u00e3o Mais F\u00e1cil da prefeitura chega a quase 11 mil metros quadrados licenciados no acumulado do ano.","robots":{"index":"noindex","follow":"follow"},"og_locale":"pt_BR","og_type":"article","og_title":"Novo ACMF chega a quase 11 mil metros quadrados licenciados","og_description":"Novo Alvar\u00e1 de Constru\u00e7\u00e3o Mais F\u00e1cil da prefeitura chega a quase 11 mil metros quadrados licenciados no acumulado do ano.","og_url":"https:\/\/www.manaus.am.gov.br\/implurb\/novo-acmf-11-mil-metros-quadrados-licenciados\/","og_site_name":"IMPLURB","article_published_time":"2025-08-11T18:16:40+00:00","article_modified_time":"2025-08-11T18:58:18+00:00","og_image":[{"width":4032,"height":3024,"url":"https:\/\/www.manaus.am.gov.br\/implurb\/wp-content\/uploads\/sites\/13\/2025\/08\/Urbanismo-1.jpeg","type":"image\/jpeg"}],"author":"Bruna Greco","twitter_card":"summary_large_image","twitter_misc":{"Written by":"Bruna Greco","Est. reading time":"4 minutos"},"schema":{"@context":"https:\/\/schema.org","@graph":[{"@type":"WebPage","@id":"https:\/\/www.manaus.am.gov.br\/implurb\/novo-acmf-11-mil-metros-quadrados-licenciados\/","url":"https:\/\/www.manaus.am.gov.br\/implurb\/novo-acmf-11-mil-metros-quadrados-licenciados\/","name":"Novo ACMF chega a quase 11 mil metros quadrados licenciados","isPartOf":{"@id":"https:\/\/www.manaus.am.gov.br\/implurb\/#website"},"primaryImageOfPage":{"@id":"https:\/\/www.manaus.am.gov.br\/implurb\/novo-acmf-11-mil-metros-quadrados-licenciados\/#primaryimage"},"image":{"@id":"https:\/\/www.manaus.am.gov.br\/implurb\/novo-acmf-11-mil-metros-quadrados-licenciados\/#primaryimage"},"thumbnailUrl":"https:\/\/www.manaus.am.gov.br\/implurb\/wp-content\/uploads\/sites\/13\/2025\/08\/Urbanismo-1.jpeg","datePublished":"2025-08-11T18:16:40+00:00","dateModified":"2025-08-11T18:58:18+00:00","author":{"@id":"https:\/\/www.manaus.am.gov.br\/implurb\/#\/schema\/person\/05d223aea2bf115f9883a6ff3683d81b"},"description":"Novo Alvar\u00e1 de Constru\u00e7\u00e3o Mais F\u00e1cil da prefeitura chega a quase 11 mil metros quadrados licenciados no acumulado do ano.","breadcrumb":{"@id":"https:\/\/www.manaus.am.gov.br\/implurb\/novo-acmf-11-mil-metros-quadrados-licenciados\/#breadcrumb"},"inLanguage":"pt-BR","potentialAction":[{"@type":"ReadAction","target":["https:\/\/www.manaus.am.gov.br\/implurb\/novo-acmf-11-mil-metros-quadrados-licenciados\/"]}]},{"@type":"ImageObject","inLanguage":"pt-BR","@id":"https:\/\/www.manaus.am.gov.br\/implurb\/novo-acmf-11-mil-metros-quadrados-licenciados\/#primaryimage","url":"https:\/\/www.manaus.am.gov.br\/implurb\/wp-content\/uploads\/sites\/13\/2025\/08\/Urbanismo-1.jpeg","contentUrl":"https:\/\/www.manaus.am.gov.br\/implurb\/wp-content\/uploads\/sites\/13\/2025\/08\/Urbanismo-1.jpeg","width":4032,"height":3024,"caption":"#paratodosverem - Servidor do Implurb acessando novo sistema de Alvar\u00e1 de Constru\u00e7\u00e3o Mais F\u00e1cil da prefeitura"},{"@type":"BreadcrumbList","@id":"https:\/\/www.manaus.am.gov.br\/implurb\/novo-acmf-11-mil-metros-quadrados-licenciados\/#breadcrumb","itemListElement":[{"@type":"ListItem","position":1,"name":"Home","item":"https:\/\/www.manaus.am.gov.br\/implurb\/"},{"@type":"ListItem","position":2,"name":"Novo Alvar\u00e1 de Constru\u00e7\u00e3o Mais F\u00e1cil da prefeitura chega a quase 11 mil metros quadrados licenciados no acumulado do ano"}]},{"@type":"WebSite","@id":"https:\/\/www.manaus.am.gov.br\/implurb\/#website","url":"https:\/\/www.manaus.am.gov.br\/implurb\/","name":"IMPLURB","description":"Prefeitura de Manaus","potentialAction":[{"@type":"SearchAction","target":{"@type":"EntryPoint","urlTemplate":"https:\/\/www.manaus.am.gov.br\/implurb\/?s={search_term_string}"},"query-input":"required name=search_term_string"}],"inLanguage":"pt-BR"},{"@type":"Person","@id":"https:\/\/www.manaus.am.gov.br\/implurb\/#\/schema\/person\/05d223aea2bf115f9883a6ff3683d81b","name":"Bruna Greco","image":{"@type":"ImageObject","inLanguage":"pt-BR","@id":"https:\/\/www.manaus.am.gov.br\/implurb\/#\/schema\/person\/image\/","url":"https:\/\/secure.gravatar.com\/avatar\/9c877d1a6adc2a055330e5c09a8653ce?s=96&d=mm&r=g","contentUrl":"https:\/\/secure.gravatar.com\/avatar\/9c877d1a6adc2a055330e5c09a8653ce?s=96&d=mm&r=g","caption":"Bruna Greco"}}]}},"_links":{"self":[{"href":"https:\/\/www.manaus.am.gov.br\/implurb\/wp-json\/wp\/v2\/posts\/6383"}],"collection":[{"href":"https:\/\/www.manaus.am.gov.br\/implurb\/wp-json\/wp\/v2\/posts"}],"about":[{"href":"https:\/\/www.manaus.am.gov.br\/implurb\/wp-json\/wp\/v2\/types\/post"}],"author":[{"embeddable":true,"href":"https:\/\/www.manaus.am.gov.br\/implurb\/wp-json\/wp\/v2\/users\/39"}],"replies":[{"embeddable":true,"href":"https:\/\/www.manaus.am.gov.br\/implurb\/wp-json\/wp\/v2\/comments?post=6383"}],"version-history":[{"count":3,"href":"https:\/\/www.manaus.am.gov.br\/implurb\/wp-json\/wp\/v2\/posts\/6383\/revisions"}],"predecessor-version":[{"id":6388,"href":"https:\/\/www.manaus.am.gov.br\/implurb\/wp-json\/wp\/v2\/posts\/6383\/revisions\/6388"}],"wp:featuredmedia":[{"embeddable":true,"href":"https:\/\/www.manaus.am.gov.br\/implurb\/wp-json\/wp\/v2\/media\/6384"}],"wp:attachment":[{"href":"https:\/\/www.manaus.am.gov.br\/implurb\/wp-json\/wp\/v2\/media?parent=6383"}],"wp:term":[{"taxonomy":"category","embeddable":true,"href":"https:\/\/www.manaus.am.gov.br\/implurb\/wp-json\/wp\/v2\/categories?post=6383"},{"taxonomy":"post_tag","embeddable":true,"href":"https:\/\/www.manaus.am.gov.br\/implurb\/wp-json\/wp\/v2\/tags?post=6383"}],"curies":[{"name":"wp","href":"https:\/\/api.w.org\/{rel}","templated":true}]}}