{"id":6377,"date":"2025-08-10T10:30:42","date_gmt":"2025-08-10T14:30:42","guid":{"rendered":"https:\/\/www.manaus.am.gov.br\/implurb\/horarios-de-banho-na-praia-da-ponta-negra\/"},"modified":"2025-08-10T10:30:44","modified_gmt":"2025-08-10T14:30:44","slug":"horarios-de-banho-na-praia-da-ponta-negra","status":"publish","type":"post","link":"https:\/\/www.manaus.am.gov.br\/implurb\/horarios-de-banho-na-praia-da-ponta-negra\/","title":{"rendered":"Prefeitura orienta popula\u00e7\u00e3o sobre hor\u00e1rios de banho na praia da Ponta Negra com a chegada do ver\u00e3o amaz\u00f4nico"},"content":{"rendered":"\n<p>Com a chegada do ver\u00e3o amaz\u00f4nico e o aumento das temperaturas, a Prefeitura de Manaus refor\u00e7a aos frequentadores da praia da Ponta Negra, zona Oeste, a import\u00e2ncia de se respeitar as regras de seguran\u00e7a para o uso do balne\u00e1rio, especialmente no per\u00edodo noturno.<br><br>O hor\u00e1rio autorizado para banho no balne\u00e1rio, nas \u00e1guas do rio Negro, \u00e9 das 8h \u00e0s 17h. Ap\u00f3s esse hor\u00e1rio, n\u00e3o h\u00e1 presen\u00e7a de guarda-vidas do Corpo de Bombeiros do Amazonas no local, al\u00e9m da visibilidade do rio Negro ser um fator de risco, especialmente \u00e0 noite.<br><br>\u201cNo segundo semestre, com o nosso ver\u00e3o amaz\u00f4nico, \u00e9 natural as pessoas frequentarem ainda mais a praia da Ponta Negra e s\u00e3o todos bem-vindos. Mas devemos redobrar a aten\u00e7\u00e3o para o hor\u00e1rio de uso da Ponta Negra, que vai at\u00e9 as 17h, para banho. Depois deste hor\u00e1rio, n\u00e3o h\u00e1 guarda-vidas na praia. Tome banho com seguran\u00e7a, dentro do longo per\u00edodo dispon\u00edvel, e a gente pede que n\u00e3o entrem no rio ap\u00f3s as 17h ou at\u00e9 mesmo de noite e madrugada\u201d, frisou o vice-presidente do Instituto Municipal de Planejamento Urbano (Implurb), Ant\u00f4nio Peixoto.<\/p>\n\n\n\n<p><strong>Recomenda\u00e7\u00e3o<\/strong><strong><br><\/strong><\/p>\n\n\n\n<p>O vice-presidente refor\u00e7a ainda que, a seguran\u00e7a come\u00e7a com cada um de n\u00f3s. \u201cRespeitar os hor\u00e1rios \u00e9 essencial para evitar acidentes e preservar vidas\u201d, destaca Peixoto. A prefeitura orienta que todos sigam as marca\u00e7\u00f5es feitas pelos guarda-vidas, evitem o consumo de bebidas alco\u00f3licas em excesso antes do banho e redobrem a aten\u00e7\u00e3o com crian\u00e7as, idosos e pessoas com sa\u00fade mais fr\u00e1gil.<br><br>Tamb\u00e9m \u00e9 proibido o uso de garrafas de vidro na faixa de areia e na \u00e1gua, para prevenir acidentes. Placas indicativas est\u00e3o distribu\u00eddas ao longo da praia e devem ser respeitadas. O ver\u00e3o amaz\u00f4nico \u00e9 um convite para aproveitar o sol, a \u00e1gua e a paisagem, mas a seguran\u00e7a depende da consci\u00eancia e da responsabilidade de cada visitante. Na \u00faltima sexta-feira, 8\/8, a cota do rio Negro estava 28,22 metros.<\/p>\n\n\n\n<p><strong>Guarda-vidas<\/strong><strong><br><\/strong><strong><br><\/strong>Os guarda-vidas est\u00e3o no local para preven\u00e7\u00e3o e poss\u00edvel necessidade de resgate nas \u00e1guas. Placas indicativas orientam os frequentadores e devem ser respeitadas para conforto e bem-estar de todos. A orienta\u00e7\u00e3o dos bombeiros militares, que est\u00e3o todos os dias no balne\u00e1rio Ponta Negra, promovendo a seguran\u00e7a dos banhistas, \u00e9 de que o banho noturno n\u00e3o \u00e9 seguro.<\/p>\n\n\n\n<p><strong>Orienta\u00e7\u00f5es<\/strong><strong><br><\/strong><strong><br><\/strong>Para os dias mais quentes, a recomenda\u00e7\u00e3o \u00e9 manter-se hidratado, usar prote\u00e7\u00e3o solar adequada, preferir estar \u00e0 sombra e n\u00e3o esquecer de \u00f3culos escuros e chap\u00e9u. Na praia, a orienta\u00e7\u00e3o tamb\u00e9m para os frequentadores \u00e9 quanto \u00e0s proibi\u00e7\u00f5es de consumo de bebidas em garrafas de vidro; brincar de papagaio (pipa); assim como fazer acampamento. Tamb\u00e9m \u00e9 proibido o com\u00e9rcio ambulante n\u00e3o autorizado pela prefeitura.<br><br>O p\u00fablico \u00e9 abordado e orientado sobre a apreens\u00e3o de objetos proibidos. E, as medidas de preven\u00e7\u00e3o devem ser individuais, com a colabora\u00e7\u00e3o da popula\u00e7\u00e3o. Na praia e no balne\u00e1rio tamb\u00e9m n\u00e3o \u00e9 permitido fazer churrasco ou fogueiras.<br><br>Os corpos permanentes de seguran\u00e7a, incluindo Guarda Municipal, com ciclopatrulha, a Pol\u00edcia Militar e bombeiros atuam no monitoramento da praia e na seguran\u00e7a dos banhistas, bem como na seguran\u00e7a e manuten\u00e7\u00e3o do patrim\u00f4nio de todo o complexo. Equipes da Secretaria Municipal de Limpeza Urbana (Semulsp) tamb\u00e9m refor\u00e7am a higiene do cal\u00e7ad\u00e3o e da praia perene.<\/p>\n\n\n\n<p><strong>Praia<\/strong><strong><br><\/strong><strong><br><\/strong>A praia perene da Ponta Negra, que tem 4,8 mil metros quadrados, foi entregue durante a obra de requalifica\u00e7\u00e3o da primeira etapa do complexo, no ano de 2012.<\/p>\n\n\n\n<p>&#8212; &#8212; &#8212;<br><strong>Texto<\/strong> \u2013 Claudia do Valle \/Implurb<br><strong>Fotos<\/strong> \u2013 Arquivo\/ Semcom<\/p>\n","protected":false},"excerpt":{"rendered":"","protected":false},"author":68,"featured_media":6378,"comment_status":"closed","ping_status":"closed","sticky":false,"template":"","format":"standard","meta":{"footnotes":""},"categories":[99],"tags":[11,15,1846],"acf":[],"yoast_head":"<!-- This site is optimized with the Yoast SEO plugin v23.0 - https:\/\/yoast.com\/wordpress\/plugins\/seo\/ -->\n<title>Prefeitura orienta popula\u00e7\u00e3o sobre hor\u00e1rios de banho na praia da Ponta Negra com a chegada do ver\u00e3o amaz\u00f4nico<\/title>\n<meta name=\"description\" content=\"Com a chegada do ver\u00e3o amaz\u00f4nico e o aumento das temperaturas, a Prefeitura de Manaus refor\u00e7a aos frequentadores da praia da Ponta Negra, zona Oeste, a import\u00e2ncia de se respeitar as regras de seguran\u00e7a para o uso do balne\u00e1rio, especialmente no per\u00edodo noturno.\" \/>\n<meta name=\"robots\" content=\"noindex, follow\" \/>\n<meta property=\"og:locale\" content=\"pt_BR\" \/>\n<meta property=\"og:type\" content=\"article\" \/>\n<meta property=\"og:title\" content=\"Prefeitura orienta popula\u00e7\u00e3o sobre hor\u00e1rios de banho na praia da Ponta Negra com a chegada do ver\u00e3o amaz\u00f4nico\" \/>\n<meta property=\"og:description\" content=\"Com a chegada do ver\u00e3o amaz\u00f4nico e o aumento das temperaturas, a Prefeitura de Manaus refor\u00e7a aos frequentadores da praia da Ponta Negra, zona Oeste, a import\u00e2ncia de se respeitar as regras de seguran\u00e7a para o uso do balne\u00e1rio, especialmente no per\u00edodo noturno.\" \/>\n<meta property=\"og:url\" content=\"https:\/\/www.manaus.am.gov.br\/implurb\/horarios-de-banho-na-praia-da-ponta-negra\/\" \/>\n<meta property=\"og:site_name\" content=\"IMPLURB\" \/>\n<meta property=\"article:published_time\" content=\"2025-08-10T14:30:42+00:00\" \/>\n<meta property=\"article:modified_time\" content=\"2025-08-10T14:30:44+00:00\" \/>\n<meta property=\"og:image\" content=\"https:\/\/www.manaus.am.gov.br\/implurb\/wp-content\/uploads\/sites\/13\/2025\/08\/Prefeitura-orienta-populacao-sobre-horarios-de-banho-na-praia-da-Ponta-Negra-com-a-chegada-do-verao-amazonico.jpg\" \/>\n\t<meta property=\"og:image:width\" content=\"2048\" \/>\n\t<meta property=\"og:image:height\" content=\"1365\" \/>\n\t<meta property=\"og:image:type\" content=\"image\/jpeg\" \/>\n<meta name=\"author\" content=\"bvalente\" \/>\n<meta name=\"twitter:card\" content=\"summary_large_image\" \/>\n<meta name=\"twitter:label1\" content=\"Written by\" \/>\n\t<meta name=\"twitter:data1\" content=\"bvalente\" \/>\n\t<meta name=\"twitter:label2\" content=\"Est. reading time\" \/>\n\t<meta name=\"twitter:data2\" content=\"4 minutos\" \/>\n<script type=\"application\/ld+json\" class=\"yoast-schema-graph\">{\"@context\":\"https:\/\/schema.org\",\"@graph\":[{\"@type\":\"WebPage\",\"@id\":\"https:\/\/www.manaus.am.gov.br\/implurb\/horarios-de-banho-na-praia-da-ponta-negra\/\",\"url\":\"https:\/\/www.manaus.am.gov.br\/implurb\/horarios-de-banho-na-praia-da-ponta-negra\/\",\"name\":\"Prefeitura orienta popula\u00e7\u00e3o sobre hor\u00e1rios de banho na praia da Ponta Negra com a chegada do ver\u00e3o amaz\u00f4nico\",\"isPartOf\":{\"@id\":\"https:\/\/www.manaus.am.gov.br\/implurb\/#website\"},\"primaryImageOfPage\":{\"@id\":\"https:\/\/www.manaus.am.gov.br\/implurb\/horarios-de-banho-na-praia-da-ponta-negra\/#primaryimage\"},\"image\":{\"@id\":\"https:\/\/www.manaus.am.gov.br\/implurb\/horarios-de-banho-na-praia-da-ponta-negra\/#primaryimage\"},\"thumbnailUrl\":\"https:\/\/www.manaus.am.gov.br\/implurb\/wp-content\/uploads\/sites\/13\/2025\/08\/Prefeitura-orienta-populacao-sobre-horarios-de-banho-na-praia-da-Ponta-Negra-com-a-chegada-do-verao-amazonico.jpg\",\"datePublished\":\"2025-08-10T14:30:42+00:00\",\"dateModified\":\"2025-08-10T14:30:44+00:00\",\"author\":{\"@id\":\"https:\/\/www.manaus.am.gov.br\/implurb\/#\/schema\/person\/466a0e03ae4b6062809046bd560ac955\"},\"description\":\"Com a chegada do ver\u00e3o amaz\u00f4nico e o aumento das temperaturas, a Prefeitura de Manaus refor\u00e7a aos frequentadores da praia da Ponta Negra, zona Oeste, a import\u00e2ncia de se respeitar as regras de seguran\u00e7a para o uso do balne\u00e1rio, especialmente no per\u00edodo noturno.\",\"breadcrumb\":{\"@id\":\"https:\/\/www.manaus.am.gov.br\/implurb\/horarios-de-banho-na-praia-da-ponta-negra\/#breadcrumb\"},\"inLanguage\":\"pt-BR\",\"potentialAction\":[{\"@type\":\"ReadAction\",\"target\":[\"https:\/\/www.manaus.am.gov.br\/implurb\/horarios-de-banho-na-praia-da-ponta-negra\/\"]}]},{\"@type\":\"ImageObject\",\"inLanguage\":\"pt-BR\",\"@id\":\"https:\/\/www.manaus.am.gov.br\/implurb\/horarios-de-banho-na-praia-da-ponta-negra\/#primaryimage\",\"url\":\"https:\/\/www.manaus.am.gov.br\/implurb\/wp-content\/uploads\/sites\/13\/2025\/08\/Prefeitura-orienta-populacao-sobre-horarios-de-banho-na-praia-da-Ponta-Negra-com-a-chegada-do-verao-amazonico.jpg\",\"contentUrl\":\"https:\/\/www.manaus.am.gov.br\/implurb\/wp-content\/uploads\/sites\/13\/2025\/08\/Prefeitura-orienta-populacao-sobre-horarios-de-banho-na-praia-da-Ponta-Negra-com-a-chegada-do-verao-amazonico.jpg\",\"width\":2048,\"height\":1365},{\"@type\":\"BreadcrumbList\",\"@id\":\"https:\/\/www.manaus.am.gov.br\/implurb\/horarios-de-banho-na-praia-da-ponta-negra\/#breadcrumb\",\"itemListElement\":[{\"@type\":\"ListItem\",\"position\":1,\"name\":\"Home\",\"item\":\"https:\/\/www.manaus.am.gov.br\/implurb\/\"},{\"@type\":\"ListItem\",\"position\":2,\"name\":\"Prefeitura orienta popula\u00e7\u00e3o sobre hor\u00e1rios de banho na praia da Ponta Negra com a chegada do ver\u00e3o amaz\u00f4nico\"}]},{\"@type\":\"WebSite\",\"@id\":\"https:\/\/www.manaus.am.gov.br\/implurb\/#website\",\"url\":\"https:\/\/www.manaus.am.gov.br\/implurb\/\",\"name\":\"IMPLURB\",\"description\":\"Prefeitura de Manaus\",\"potentialAction\":[{\"@type\":\"SearchAction\",\"target\":{\"@type\":\"EntryPoint\",\"urlTemplate\":\"https:\/\/www.manaus.am.gov.br\/implurb\/?s={search_term_string}\"},\"query-input\":\"required name=search_term_string\"}],\"inLanguage\":\"pt-BR\"},{\"@type\":\"Person\",\"@id\":\"https:\/\/www.manaus.am.gov.br\/implurb\/#\/schema\/person\/466a0e03ae4b6062809046bd560ac955\",\"name\":\"bvalente\",\"image\":{\"@type\":\"ImageObject\",\"inLanguage\":\"pt-BR\",\"@id\":\"https:\/\/www.manaus.am.gov.br\/implurb\/#\/schema\/person\/image\/\",\"url\":\"https:\/\/secure.gravatar.com\/avatar\/3e69bc2b014bdad41adfec3a39de07d2?s=96&d=mm&r=g\",\"contentUrl\":\"https:\/\/secure.gravatar.com\/avatar\/3e69bc2b014bdad41adfec3a39de07d2?s=96&d=mm&r=g\",\"caption\":\"bvalente\"}}]}<\/script>\n<!-- \/ Yoast SEO plugin. -->","yoast_head_json":{"title":"Prefeitura orienta popula\u00e7\u00e3o sobre hor\u00e1rios de banho na praia da Ponta Negra com a chegada do ver\u00e3o amaz\u00f4nico","description":"Com a chegada do ver\u00e3o amaz\u00f4nico e o aumento das temperaturas, a Prefeitura de Manaus refor\u00e7a aos frequentadores da praia da Ponta Negra, zona Oeste, a import\u00e2ncia de se respeitar as regras de seguran\u00e7a para o uso do balne\u00e1rio, especialmente no per\u00edodo noturno.","robots":{"index":"noindex","follow":"follow"},"og_locale":"pt_BR","og_type":"article","og_title":"Prefeitura orienta popula\u00e7\u00e3o sobre hor\u00e1rios de banho na praia da Ponta Negra com a chegada do ver\u00e3o amaz\u00f4nico","og_description":"Com a chegada do ver\u00e3o amaz\u00f4nico e o aumento das temperaturas, a Prefeitura de Manaus refor\u00e7a aos frequentadores da praia da Ponta Negra, zona Oeste, a import\u00e2ncia de se respeitar as regras de seguran\u00e7a para o uso do balne\u00e1rio, especialmente no per\u00edodo noturno.","og_url":"https:\/\/www.manaus.am.gov.br\/implurb\/horarios-de-banho-na-praia-da-ponta-negra\/","og_site_name":"IMPLURB","article_published_time":"2025-08-10T14:30:42+00:00","article_modified_time":"2025-08-10T14:30:44+00:00","og_image":[{"width":2048,"height":1365,"url":"https:\/\/www.manaus.am.gov.br\/implurb\/wp-content\/uploads\/sites\/13\/2025\/08\/Prefeitura-orienta-populacao-sobre-horarios-de-banho-na-praia-da-Ponta-Negra-com-a-chegada-do-verao-amazonico.jpg","type":"image\/jpeg"}],"author":"bvalente","twitter_card":"summary_large_image","twitter_misc":{"Written by":"bvalente","Est. reading time":"4 minutos"},"schema":{"@context":"https:\/\/schema.org","@graph":[{"@type":"WebPage","@id":"https:\/\/www.manaus.am.gov.br\/implurb\/horarios-de-banho-na-praia-da-ponta-negra\/","url":"https:\/\/www.manaus.am.gov.br\/implurb\/horarios-de-banho-na-praia-da-ponta-negra\/","name":"Prefeitura orienta popula\u00e7\u00e3o sobre hor\u00e1rios de banho na praia da Ponta Negra com a chegada do ver\u00e3o amaz\u00f4nico","isPartOf":{"@id":"https:\/\/www.manaus.am.gov.br\/implurb\/#website"},"primaryImageOfPage":{"@id":"https:\/\/www.manaus.am.gov.br\/implurb\/horarios-de-banho-na-praia-da-ponta-negra\/#primaryimage"},"image":{"@id":"https:\/\/www.manaus.am.gov.br\/implurb\/horarios-de-banho-na-praia-da-ponta-negra\/#primaryimage"},"thumbnailUrl":"https:\/\/www.manaus.am.gov.br\/implurb\/wp-content\/uploads\/sites\/13\/2025\/08\/Prefeitura-orienta-populacao-sobre-horarios-de-banho-na-praia-da-Ponta-Negra-com-a-chegada-do-verao-amazonico.jpg","datePublished":"2025-08-10T14:30:42+00:00","dateModified":"2025-08-10T14:30:44+00:00","author":{"@id":"https:\/\/www.manaus.am.gov.br\/implurb\/#\/schema\/person\/466a0e03ae4b6062809046bd560ac955"},"description":"Com a chegada do ver\u00e3o amaz\u00f4nico e o aumento das temperaturas, a Prefeitura de Manaus refor\u00e7a aos frequentadores da praia da Ponta Negra, zona Oeste, a import\u00e2ncia de se respeitar as regras de seguran\u00e7a para o uso do balne\u00e1rio, especialmente no per\u00edodo noturno.","breadcrumb":{"@id":"https:\/\/www.manaus.am.gov.br\/implurb\/horarios-de-banho-na-praia-da-ponta-negra\/#breadcrumb"},"inLanguage":"pt-BR","potentialAction":[{"@type":"ReadAction","target":["https:\/\/www.manaus.am.gov.br\/implurb\/horarios-de-banho-na-praia-da-ponta-negra\/"]}]},{"@type":"ImageObject","inLanguage":"pt-BR","@id":"https:\/\/www.manaus.am.gov.br\/implurb\/horarios-de-banho-na-praia-da-ponta-negra\/#primaryimage","url":"https:\/\/www.manaus.am.gov.br\/implurb\/wp-content\/uploads\/sites\/13\/2025\/08\/Prefeitura-orienta-populacao-sobre-horarios-de-banho-na-praia-da-Ponta-Negra-com-a-chegada-do-verao-amazonico.jpg","contentUrl":"https:\/\/www.manaus.am.gov.br\/implurb\/wp-content\/uploads\/sites\/13\/2025\/08\/Prefeitura-orienta-populacao-sobre-horarios-de-banho-na-praia-da-Ponta-Negra-com-a-chegada-do-verao-amazonico.jpg","width":2048,"height":1365},{"@type":"BreadcrumbList","@id":"https:\/\/www.manaus.am.gov.br\/implurb\/horarios-de-banho-na-praia-da-ponta-negra\/#breadcrumb","itemListElement":[{"@type":"ListItem","position":1,"name":"Home","item":"https:\/\/www.manaus.am.gov.br\/implurb\/"},{"@type":"ListItem","position":2,"name":"Prefeitura orienta popula\u00e7\u00e3o sobre hor\u00e1rios de banho na praia da Ponta Negra com a chegada do ver\u00e3o amaz\u00f4nico"}]},{"@type":"WebSite","@id":"https:\/\/www.manaus.am.gov.br\/implurb\/#website","url":"https:\/\/www.manaus.am.gov.br\/implurb\/","name":"IMPLURB","description":"Prefeitura de Manaus","potentialAction":[{"@type":"SearchAction","target":{"@type":"EntryPoint","urlTemplate":"https:\/\/www.manaus.am.gov.br\/implurb\/?s={search_term_string}"},"query-input":"required name=search_term_string"}],"inLanguage":"pt-BR"},{"@type":"Person","@id":"https:\/\/www.manaus.am.gov.br\/implurb\/#\/schema\/person\/466a0e03ae4b6062809046bd560ac955","name":"bvalente","image":{"@type":"ImageObject","inLanguage":"pt-BR","@id":"https:\/\/www.manaus.am.gov.br\/implurb\/#\/schema\/person\/image\/","url":"https:\/\/secure.gravatar.com\/avatar\/3e69bc2b014bdad41adfec3a39de07d2?s=96&d=mm&r=g","contentUrl":"https:\/\/secure.gravatar.com\/avatar\/3e69bc2b014bdad41adfec3a39de07d2?s=96&d=mm&r=g","caption":"bvalente"}}]}},"_links":{"self":[{"href":"https:\/\/www.manaus.am.gov.br\/implurb\/wp-json\/wp\/v2\/posts\/6377"}],"collection":[{"href":"https:\/\/www.manaus.am.gov.br\/implurb\/wp-json\/wp\/v2\/posts"}],"about":[{"href":"https:\/\/www.manaus.am.gov.br\/implurb\/wp-json\/wp\/v2\/types\/post"}],"author":[{"embeddable":true,"href":"https:\/\/www.manaus.am.gov.br\/implurb\/wp-json\/wp\/v2\/users\/68"}],"replies":[{"embeddable":true,"href":"https:\/\/www.manaus.am.gov.br\/implurb\/wp-json\/wp\/v2\/comments?post=6377"}],"version-history":[{"count":0,"href":"https:\/\/www.manaus.am.gov.br\/implurb\/wp-json\/wp\/v2\/posts\/6377\/revisions"}],"wp:featuredmedia":[{"embeddable":true,"href":"https:\/\/www.manaus.am.gov.br\/implurb\/wp-json\/wp\/v2\/media\/6378"}],"wp:attachment":[{"href":"https:\/\/www.manaus.am.gov.br\/implurb\/wp-json\/wp\/v2\/media?parent=6377"}],"wp:term":[{"taxonomy":"category","embeddable":true,"href":"https:\/\/www.manaus.am.gov.br\/implurb\/wp-json\/wp\/v2\/categories?post=6377"},{"taxonomy":"post_tag","embeddable":true,"href":"https:\/\/www.manaus.am.gov.br\/implurb\/wp-json\/wp\/v2\/tags?post=6377"}],"curies":[{"name":"wp","href":"https:\/\/api.w.org\/{rel}","templated":true}]}}