{"id":6370,"date":"2025-08-08T14:08:37","date_gmt":"2025-08-08T18:08:37","guid":{"rendered":"https:\/\/www.manaus.am.gov.br\/implurb\/prefeitura-implurb-mutirao-retiradadefiosabandonados\/"},"modified":"2025-08-08T14:35:53","modified_gmt":"2025-08-08T18:35:53","slug":"prefeitura-implurb-mutirao-retiradadefiosabandonados","status":"publish","type":"post","link":"https:\/\/www.manaus.am.gov.br\/implurb\/prefeitura-implurb-mutirao-retiradadefiosabandonados\/","title":{"rendered":"Fios abandonados em postes s\u00e3o alvos de fiscaliza\u00e7\u00e3o durante \u2018Mutir\u00e3o no Bairro\u2019 no Centro"},"content":{"rendered":"\n<p>Fios abandonados e o emaranhado de cabos e fia\u00e7\u00e3o nos postes da capital est\u00e3o entre os problemas combatidos durante o quinto \u201cMutir\u00e3o&nbsp;no Bairro\u201d, lan\u00e7ado pelo prefeito David Almeida na \u00faltima segunda-feira, 4\/8, que est\u00e1 mudando a paisagem do Centro Hist\u00f3rico de&nbsp;Manaus. A a\u00e7\u00e3o, que re\u00fane 16 secretarias municipais e mais de 1.100 servidores, atua de forma integrada para promover infraestrutura, limpeza urbana, mobilidade, ordenamento e assist\u00eancia social, enfrentando problemas acumulados h\u00e1 d\u00e9cadas.<\/p>\n\n\n\n<p>Os fios representam um problema frequente que impacta tanto na apar\u00eancia das \u00e1reas urbanas quanto na seguran\u00e7a e no funcionamento das redes el\u00e9tricas, causando polui\u00e7\u00e3o visual. E, nesta sexta-feira, 8\/8, durante o quinto dia&nbsp;de intensa atividade no mutir\u00e3o, equipes do Instituto Municipal de Planejamento Urbano (Implurb), estiveram na regi\u00e3o atuando para combater o problema, buscando solu\u00e7\u00f5es em campo, t\u00e9cnicas e institucionais.<\/p>\n\n\n\n<p>\u201cO Implurb est\u00e1 fazendo o ordenamento urbano de cal\u00e7adas e, tamb\u00e9m, principalmente, atuando no combate \u00e0 polui\u00e7\u00e3o visual. H\u00e1 postes que s\u00e3o compartilhados com operadoras de telefonia, internet, fibra \u00f3ptica, que causam muita polui\u00e7\u00e3o visual, aspecto feio e de desordenamento. A determina\u00e7\u00e3o do prefeito David Almeida e do vice-prefeito Renato Junior, durante todo o mutir\u00e3o, \u00e9 que se fa\u00e7a a\u00e7\u00f5es integradas e, hoje, estamos aqui com a equipe da Amazonas Energia\u201d, explicou o vice-presidente do instituto, Ant\u00f4nio Peixoto.<\/p>\n\n\n\n<p>A partir de um levantamento na \u00e1rea, cada operadora e empresa dever\u00e1 apontar a chamada \u201crede morta\u201d, com cabos n\u00e3o utilizados, para fazer a retirada do material compartilhado nos postes. A gest\u00e3o do compartilhamento \u00e9 da Ag\u00eancia Nacional de Energia El\u00e9trica (Aneel).<\/p>\n\n\n\n<p>&#8220;Precisamos fazer a despolui\u00e7\u00e3o visual destes cabos, apoiando a verdadeira sustentabilidade da cidade. Chega de fios e cabos soltos no meio dos postes. Estamos falando de mais seguran\u00e7a para as pessoas e de melhores paisagens nos centros urbanos&#8221;, completou Peixoto.<\/p>\n\n\n\n<p>A presen\u00e7a de fios soltos e entrela\u00e7ados nos postes transmite sensa\u00e7\u00e3o de desordem, prejudicando a beleza e afetando a qualidade de vida dos moradores. Para a gerente de Intelig\u00eancia no Combate \u00e0 Fraude da Amazonas Energia, Sandra Farias, a concession\u00e1ria se soma aos esfor\u00e7os da prefeitura, a convite do Implurb. \u201cEstamos aqui para refor\u00e7ar o ordenamento do Centro e vamos desenvolver, junto com os operadores de telefonia e telecomunica\u00e7\u00e3o, uma reorganiza\u00e7\u00e3o do cabeamento, de forma a retirar alguns cabos que est\u00e3o em desuso, de forma a deixar o centro da cidade com uma apar\u00eancia melhor dentro do ordenamento jur\u00eddico da cidade. E estamos aqui para contribuir da melhor forma poss\u00edvel\u201d, comentou Sandra.<\/p>\n\n\n\n<p>Seguran\u00e7a<\/p>\n\n\n\n<p>Outro aspecto importante \u00e9 a quest\u00e3o da seguran\u00e7a. Fios abandonados representam um risco para a popula\u00e7\u00e3o, especialmente quando est\u00e3o energizados. Os fios soltos podem cair, causando inc\u00eandios ou interrup\u00e7\u00f5es no fornecimento de energia, afetando resid\u00eancias, com\u00e9rcios e servi\u00e7os essenciais.<\/p>\n\n\n\n<p>Infraestrutura<\/p>\n\n\n\n<p>O poste \u00e9 uma infraestrutura da Uni\u00e3o concedida \u00e0s distribuidoras de energia, mas compartilhada com empresas de TV e de internet. De acordo com a Ag\u00eancia Nacional de Telecomunica\u00e7\u00f5es (Anatel), estima-se que dos 50 milh\u00f5es de postes no pa\u00eds, 10 milh\u00f5es est\u00e3o abarrotados de fios e com liga\u00e7\u00f5es clandestinas.<\/p>\n\n\n\n<p>O compartilhamento dos postes gera problemas de duas d\u00e9cadas. Em junho de 2023, um decreto do presidente Luiz In\u00e1cio Lula da Silva obrigou que as distribuidoras contratem empresas terceirizadas para ordenar os fios. Os \u201cposteiros\u201d seriam contratados para fazer a cobran\u00e7a dos pontos de fixa\u00e7\u00e3o usados pelas operadoras de telecomunica\u00e7\u00f5es e a fiscaliza\u00e7\u00e3o do uso da infraestrutura, uma das principais reivindica\u00e7\u00f5es da Anatel.<\/p>\n\n\n\n<p>&#8212; &#8212; &#8212;<\/p>\n\n\n\n<p><strong>Texto <\/strong>&#8211;\u00a0Claudia do Valle\/ Implurb<\/p>\n\n\n\n<p><strong>Fotos\u00a0<\/strong>&#8211; Maxwell Oliveira\/ Implurb<\/p>\n","protected":false},"excerpt":{"rendered":"","protected":false},"author":23,"featured_media":6371,"comment_status":"closed","ping_status":"closed","sticky":false,"template":"","format":"standard","meta":{"footnotes":""},"categories":[9],"tags":[480,11,1834,15,1842],"acf":[],"yoast_head":"<!-- This site is optimized with the Yoast SEO plugin v23.0 - https:\/\/yoast.com\/wordpress\/plugins\/seo\/ -->\n<title>Fios abandonados em postes s\u00e3o retirados durante \u2018Mutir\u00e3o no Bairro\u2019 no Centro<\/title>\n<meta name=\"description\" content=\"Fios abandonados e o emaranhado de cabos e fia\u00e7\u00e3o nos postes da capital est\u00e3o entre os problemas combatidos durante o quinto \u201cMutir\u00e3o no Bairro\u201d, lan\u00e7ado pelo prefeito David Almeida na \u00faltima segunda-feira, 4\/8, que est\u00e1 mudando a paisagem do Centro Hist\u00f3rico de Manaus.\" \/>\n<meta name=\"robots\" content=\"noindex, follow\" \/>\n<meta property=\"og:locale\" content=\"pt_BR\" \/>\n<meta property=\"og:type\" content=\"article\" \/>\n<meta property=\"og:title\" content=\"Fios abandonados em postes s\u00e3o retirados durante \u2018Mutir\u00e3o no Bairro\u2019 no Centro\" \/>\n<meta property=\"og:description\" content=\"Fios abandonados e o emaranhado de cabos e fia\u00e7\u00e3o nos postes da capital est\u00e3o entre os problemas combatidos durante o quinto \u201cMutir\u00e3o no Bairro\u201d, lan\u00e7ado pelo prefeito David Almeida na \u00faltima segunda-feira, 4\/8, que est\u00e1 mudando a paisagem do Centro Hist\u00f3rico de Manaus.\" \/>\n<meta property=\"og:url\" content=\"https:\/\/www.manaus.am.gov.br\/implurb\/prefeitura-implurb-mutirao-retiradadefiosabandonados\/\" \/>\n<meta property=\"og:site_name\" content=\"IMPLURB\" \/>\n<meta property=\"article:published_time\" content=\"2025-08-08T18:08:37+00:00\" \/>\n<meta property=\"article:modified_time\" content=\"2025-08-08T18:35:53+00:00\" \/>\n<meta property=\"og:image\" content=\"https:\/\/www.manaus.am.gov.br\/implurb\/wp-content\/uploads\/sites\/13\/2025\/08\/WhatsApp-Image-2025-08-08-at-14.05.30-5.jpeg\" \/>\n\t<meta property=\"og:image:width\" content=\"1600\" \/>\n\t<meta property=\"og:image:height\" content=\"1200\" \/>\n\t<meta property=\"og:image:type\" content=\"image\/jpeg\" \/>\n<meta name=\"author\" content=\"Adriana Costa\" \/>\n<meta name=\"twitter:card\" content=\"summary_large_image\" \/>\n<meta name=\"twitter:label1\" content=\"Written by\" \/>\n\t<meta name=\"twitter:data1\" content=\"Adriana Costa\" \/>\n\t<meta name=\"twitter:label2\" content=\"Est. reading time\" \/>\n\t<meta name=\"twitter:data2\" content=\"4 minutos\" \/>\n<script type=\"application\/ld+json\" class=\"yoast-schema-graph\">{\"@context\":\"https:\/\/schema.org\",\"@graph\":[{\"@type\":\"WebPage\",\"@id\":\"https:\/\/www.manaus.am.gov.br\/implurb\/prefeitura-implurb-mutirao-retiradadefiosabandonados\/\",\"url\":\"https:\/\/www.manaus.am.gov.br\/implurb\/prefeitura-implurb-mutirao-retiradadefiosabandonados\/\",\"name\":\"Fios abandonados em postes s\u00e3o retirados durante \u2018Mutir\u00e3o no Bairro\u2019 no Centro\",\"isPartOf\":{\"@id\":\"https:\/\/www.manaus.am.gov.br\/implurb\/#website\"},\"primaryImageOfPage\":{\"@id\":\"https:\/\/www.manaus.am.gov.br\/implurb\/prefeitura-implurb-mutirao-retiradadefiosabandonados\/#primaryimage\"},\"image\":{\"@id\":\"https:\/\/www.manaus.am.gov.br\/implurb\/prefeitura-implurb-mutirao-retiradadefiosabandonados\/#primaryimage\"},\"thumbnailUrl\":\"https:\/\/www.manaus.am.gov.br\/implurb\/wp-content\/uploads\/sites\/13\/2025\/08\/WhatsApp-Image-2025-08-08-at-14.05.30-5.jpeg\",\"datePublished\":\"2025-08-08T18:08:37+00:00\",\"dateModified\":\"2025-08-08T18:35:53+00:00\",\"author\":{\"@id\":\"https:\/\/www.manaus.am.gov.br\/implurb\/#\/schema\/person\/4e49f4e267757a06ca072ec61b2b9968\"},\"description\":\"Fios abandonados e o emaranhado de cabos e fia\u00e7\u00e3o nos postes da capital est\u00e3o entre os problemas combatidos durante o quinto \u201cMutir\u00e3o no Bairro\u201d, lan\u00e7ado pelo prefeito David Almeida na \u00faltima segunda-feira, 4\/8, que est\u00e1 mudando a paisagem do Centro Hist\u00f3rico de Manaus.\",\"breadcrumb\":{\"@id\":\"https:\/\/www.manaus.am.gov.br\/implurb\/prefeitura-implurb-mutirao-retiradadefiosabandonados\/#breadcrumb\"},\"inLanguage\":\"pt-BR\",\"potentialAction\":[{\"@type\":\"ReadAction\",\"target\":[\"https:\/\/www.manaus.am.gov.br\/implurb\/prefeitura-implurb-mutirao-retiradadefiosabandonados\/\"]}]},{\"@type\":\"ImageObject\",\"inLanguage\":\"pt-BR\",\"@id\":\"https:\/\/www.manaus.am.gov.br\/implurb\/prefeitura-implurb-mutirao-retiradadefiosabandonados\/#primaryimage\",\"url\":\"https:\/\/www.manaus.am.gov.br\/implurb\/wp-content\/uploads\/sites\/13\/2025\/08\/WhatsApp-Image-2025-08-08-at-14.05.30-5.jpeg\",\"contentUrl\":\"https:\/\/www.manaus.am.gov.br\/implurb\/wp-content\/uploads\/sites\/13\/2025\/08\/WhatsApp-Image-2025-08-08-at-14.05.30-5.jpeg\",\"width\":1600,\"height\":1200},{\"@type\":\"BreadcrumbList\",\"@id\":\"https:\/\/www.manaus.am.gov.br\/implurb\/prefeitura-implurb-mutirao-retiradadefiosabandonados\/#breadcrumb\",\"itemListElement\":[{\"@type\":\"ListItem\",\"position\":1,\"name\":\"Home\",\"item\":\"https:\/\/www.manaus.am.gov.br\/implurb\/\"},{\"@type\":\"ListItem\",\"position\":2,\"name\":\"Fios abandonados em postes s\u00e3o alvos de fiscaliza\u00e7\u00e3o durante \u2018Mutir\u00e3o no Bairro\u2019 no Centro\"}]},{\"@type\":\"WebSite\",\"@id\":\"https:\/\/www.manaus.am.gov.br\/implurb\/#website\",\"url\":\"https:\/\/www.manaus.am.gov.br\/implurb\/\",\"name\":\"IMPLURB\",\"description\":\"Prefeitura de Manaus\",\"potentialAction\":[{\"@type\":\"SearchAction\",\"target\":{\"@type\":\"EntryPoint\",\"urlTemplate\":\"https:\/\/www.manaus.am.gov.br\/implurb\/?s={search_term_string}\"},\"query-input\":\"required name=search_term_string\"}],\"inLanguage\":\"pt-BR\"},{\"@type\":\"Person\",\"@id\":\"https:\/\/www.manaus.am.gov.br\/implurb\/#\/schema\/person\/4e49f4e267757a06ca072ec61b2b9968\",\"name\":\"Adriana Costa\",\"image\":{\"@type\":\"ImageObject\",\"inLanguage\":\"pt-BR\",\"@id\":\"https:\/\/www.manaus.am.gov.br\/implurb\/#\/schema\/person\/image\/\",\"url\":\"https:\/\/secure.gravatar.com\/avatar\/576258617ef7194f718179e766d57bd4?s=96&d=mm&r=g\",\"contentUrl\":\"https:\/\/secure.gravatar.com\/avatar\/576258617ef7194f718179e766d57bd4?s=96&d=mm&r=g\",\"caption\":\"Adriana Costa\"}}]}<\/script>\n<!-- \/ Yoast SEO plugin. -->","yoast_head_json":{"title":"Fios abandonados em postes s\u00e3o retirados durante \u2018Mutir\u00e3o no Bairro\u2019 no Centro","description":"Fios abandonados e o emaranhado de cabos e fia\u00e7\u00e3o nos postes da capital est\u00e3o entre os problemas combatidos durante o quinto \u201cMutir\u00e3o no Bairro\u201d, lan\u00e7ado pelo prefeito David Almeida na \u00faltima segunda-feira, 4\/8, que est\u00e1 mudando a paisagem do Centro Hist\u00f3rico de Manaus.","robots":{"index":"noindex","follow":"follow"},"og_locale":"pt_BR","og_type":"article","og_title":"Fios abandonados em postes s\u00e3o retirados durante \u2018Mutir\u00e3o no Bairro\u2019 no Centro","og_description":"Fios abandonados e o emaranhado de cabos e fia\u00e7\u00e3o nos postes da capital est\u00e3o entre os problemas combatidos durante o quinto \u201cMutir\u00e3o no Bairro\u201d, lan\u00e7ado pelo prefeito David Almeida na \u00faltima segunda-feira, 4\/8, que est\u00e1 mudando a paisagem do Centro Hist\u00f3rico de Manaus.","og_url":"https:\/\/www.manaus.am.gov.br\/implurb\/prefeitura-implurb-mutirao-retiradadefiosabandonados\/","og_site_name":"IMPLURB","article_published_time":"2025-08-08T18:08:37+00:00","article_modified_time":"2025-08-08T18:35:53+00:00","og_image":[{"width":1600,"height":1200,"url":"https:\/\/www.manaus.am.gov.br\/implurb\/wp-content\/uploads\/sites\/13\/2025\/08\/WhatsApp-Image-2025-08-08-at-14.05.30-5.jpeg","type":"image\/jpeg"}],"author":"Adriana Costa","twitter_card":"summary_large_image","twitter_misc":{"Written by":"Adriana Costa","Est. reading time":"4 minutos"},"schema":{"@context":"https:\/\/schema.org","@graph":[{"@type":"WebPage","@id":"https:\/\/www.manaus.am.gov.br\/implurb\/prefeitura-implurb-mutirao-retiradadefiosabandonados\/","url":"https:\/\/www.manaus.am.gov.br\/implurb\/prefeitura-implurb-mutirao-retiradadefiosabandonados\/","name":"Fios abandonados em postes s\u00e3o retirados durante \u2018Mutir\u00e3o no Bairro\u2019 no Centro","isPartOf":{"@id":"https:\/\/www.manaus.am.gov.br\/implurb\/#website"},"primaryImageOfPage":{"@id":"https:\/\/www.manaus.am.gov.br\/implurb\/prefeitura-implurb-mutirao-retiradadefiosabandonados\/#primaryimage"},"image":{"@id":"https:\/\/www.manaus.am.gov.br\/implurb\/prefeitura-implurb-mutirao-retiradadefiosabandonados\/#primaryimage"},"thumbnailUrl":"https:\/\/www.manaus.am.gov.br\/implurb\/wp-content\/uploads\/sites\/13\/2025\/08\/WhatsApp-Image-2025-08-08-at-14.05.30-5.jpeg","datePublished":"2025-08-08T18:08:37+00:00","dateModified":"2025-08-08T18:35:53+00:00","author":{"@id":"https:\/\/www.manaus.am.gov.br\/implurb\/#\/schema\/person\/4e49f4e267757a06ca072ec61b2b9968"},"description":"Fios abandonados e o emaranhado de cabos e fia\u00e7\u00e3o nos postes da capital est\u00e3o entre os problemas combatidos durante o quinto \u201cMutir\u00e3o no Bairro\u201d, lan\u00e7ado pelo prefeito David Almeida na \u00faltima segunda-feira, 4\/8, que est\u00e1 mudando a paisagem do Centro Hist\u00f3rico de Manaus.","breadcrumb":{"@id":"https:\/\/www.manaus.am.gov.br\/implurb\/prefeitura-implurb-mutirao-retiradadefiosabandonados\/#breadcrumb"},"inLanguage":"pt-BR","potentialAction":[{"@type":"ReadAction","target":["https:\/\/www.manaus.am.gov.br\/implurb\/prefeitura-implurb-mutirao-retiradadefiosabandonados\/"]}]},{"@type":"ImageObject","inLanguage":"pt-BR","@id":"https:\/\/www.manaus.am.gov.br\/implurb\/prefeitura-implurb-mutirao-retiradadefiosabandonados\/#primaryimage","url":"https:\/\/www.manaus.am.gov.br\/implurb\/wp-content\/uploads\/sites\/13\/2025\/08\/WhatsApp-Image-2025-08-08-at-14.05.30-5.jpeg","contentUrl":"https:\/\/www.manaus.am.gov.br\/implurb\/wp-content\/uploads\/sites\/13\/2025\/08\/WhatsApp-Image-2025-08-08-at-14.05.30-5.jpeg","width":1600,"height":1200},{"@type":"BreadcrumbList","@id":"https:\/\/www.manaus.am.gov.br\/implurb\/prefeitura-implurb-mutirao-retiradadefiosabandonados\/#breadcrumb","itemListElement":[{"@type":"ListItem","position":1,"name":"Home","item":"https:\/\/www.manaus.am.gov.br\/implurb\/"},{"@type":"ListItem","position":2,"name":"Fios abandonados em postes s\u00e3o alvos de fiscaliza\u00e7\u00e3o durante \u2018Mutir\u00e3o no Bairro\u2019 no Centro"}]},{"@type":"WebSite","@id":"https:\/\/www.manaus.am.gov.br\/implurb\/#website","url":"https:\/\/www.manaus.am.gov.br\/implurb\/","name":"IMPLURB","description":"Prefeitura de Manaus","potentialAction":[{"@type":"SearchAction","target":{"@type":"EntryPoint","urlTemplate":"https:\/\/www.manaus.am.gov.br\/implurb\/?s={search_term_string}"},"query-input":"required name=search_term_string"}],"inLanguage":"pt-BR"},{"@type":"Person","@id":"https:\/\/www.manaus.am.gov.br\/implurb\/#\/schema\/person\/4e49f4e267757a06ca072ec61b2b9968","name":"Adriana Costa","image":{"@type":"ImageObject","inLanguage":"pt-BR","@id":"https:\/\/www.manaus.am.gov.br\/implurb\/#\/schema\/person\/image\/","url":"https:\/\/secure.gravatar.com\/avatar\/576258617ef7194f718179e766d57bd4?s=96&d=mm&r=g","contentUrl":"https:\/\/secure.gravatar.com\/avatar\/576258617ef7194f718179e766d57bd4?s=96&d=mm&r=g","caption":"Adriana Costa"}}]}},"_links":{"self":[{"href":"https:\/\/www.manaus.am.gov.br\/implurb\/wp-json\/wp\/v2\/posts\/6370"}],"collection":[{"href":"https:\/\/www.manaus.am.gov.br\/implurb\/wp-json\/wp\/v2\/posts"}],"about":[{"href":"https:\/\/www.manaus.am.gov.br\/implurb\/wp-json\/wp\/v2\/types\/post"}],"author":[{"embeddable":true,"href":"https:\/\/www.manaus.am.gov.br\/implurb\/wp-json\/wp\/v2\/users\/23"}],"replies":[{"embeddable":true,"href":"https:\/\/www.manaus.am.gov.br\/implurb\/wp-json\/wp\/v2\/comments?post=6370"}],"version-history":[{"count":1,"href":"https:\/\/www.manaus.am.gov.br\/implurb\/wp-json\/wp\/v2\/posts\/6370\/revisions"}],"predecessor-version":[{"id":6372,"href":"https:\/\/www.manaus.am.gov.br\/implurb\/wp-json\/wp\/v2\/posts\/6370\/revisions\/6372"}],"wp:featuredmedia":[{"embeddable":true,"href":"https:\/\/www.manaus.am.gov.br\/implurb\/wp-json\/wp\/v2\/media\/6371"}],"wp:attachment":[{"href":"https:\/\/www.manaus.am.gov.br\/implurb\/wp-json\/wp\/v2\/media?parent=6370"}],"wp:term":[{"taxonomy":"category","embeddable":true,"href":"https:\/\/www.manaus.am.gov.br\/implurb\/wp-json\/wp\/v2\/categories?post=6370"},{"taxonomy":"post_tag","embeddable":true,"href":"https:\/\/www.manaus.am.gov.br\/implurb\/wp-json\/wp\/v2\/tags?post=6370"}],"curies":[{"name":"wp","href":"https:\/\/api.w.org\/{rel}","templated":true}]}}