{"id":6368,"date":"2025-08-08T11:39:37","date_gmt":"2025-08-08T15:39:37","guid":{"rendered":"https:\/\/www.manaus.am.gov.br\/implurb\/prefeitura-implurb-evento-desenvolvimentourbano\/"},"modified":"2025-08-08T11:39:39","modified_gmt":"2025-08-08T15:39:39","slug":"prefeitura-implurb-evento-desenvolvimentourbano","status":"publish","type":"post","link":"https:\/\/www.manaus.am.gov.br\/implurb\/prefeitura-implurb-evento-desenvolvimentourbano\/","title":{"rendered":"Prefeitura de Manaus participa de congresso de engenharia tratando de \u2018Desenvolvimento Urbano Integrado\u2019"},"content":{"rendered":"\n<p>Participando da mesa-redonda sobre \u201cDesenvolvimento Urbano Integrado\u201d na capital, a Prefeitura de Manaus, via Instituto Municipal de Planejamento Urbano (Implurb), estar\u00e1 presente no 1\u00ba Congresso de Engenharia, Agronomia e Tecnologia do Amazonas (Cenatec), que acontece de 13 a 15 de agosto, no centro de conven\u00e7\u00f5es Studio 5, zona Sul. A mesa-redonda ter\u00e1 como participante o diretor-presidente do Implurb, Carlos Valente, no dia 14, das 16h \u00e0s 17h30. O evento \u00e9 uma realiza\u00e7\u00e3o do Conselho Regional de Engenharia e Agronomia do Amazonas (Crea-AM).<\/p>\n\n\n\n<p>Com o tema\u00a0\u201cCidades em Transforma\u00e7\u00e3o: O papel da Engenharia, Agronomia e Geoci\u00eancias para um futuro sustent\u00e1vel\u201d, o evento \u00e9 uma iniciativa in\u00e9dita voltada \u00e0 valoriza\u00e7\u00e3o do conhecimento t\u00e9cnico e cient\u00edfico na constru\u00e7\u00e3o de solu\u00e7\u00f5es sustent\u00e1veis para os desafios da regi\u00e3o amaz\u00f4nica.<\/p>\n\n\n\n<p>Inspirado pelo protagonismo do Brasil como sede da COP30 e pelo crescente interesse internacional sobre a Amaz\u00f4nia, o Cenatec tem como objetivo reunir profissionais, pesquisadores, estudantes, institui\u00e7\u00f5es p\u00fablicas e privadas para debater inova\u00e7\u00e3o tecnol\u00f3gica, bioeconomia, energias renov\u00e1veis, mudan\u00e7as clim\u00e1ticas, agricultura de precis\u00e3o, infraestrutura sustent\u00e1vel, entre outros temas estrat\u00e9gicos.<\/p>\n\n\n\n<p>\u201cEste congresso, de forma in\u00e9dita, ser\u00e1 realizado no Studio 5, trazendo grandes pain\u00e9is e debates para o setor, alavancando conhecimento e experi\u00eancias, com temas importantes como Intelig\u00eancia Artificial (IA), urbanismo, tecnologias, impactos do agrobusiness, desenvolvimento sustent\u00e1vel, entre outras tem\u00e1ticas atuais e essenciais para o mercado e a nossa economia\u201d, disse Valente.<\/p>\n\n\n\n<p>A programa\u00e7\u00e3o do congresso contempla palestras, oficinas, minicursos, desafios t\u00e9cnicos, exposi\u00e7\u00e3o de produtos e servi\u00e7os, mostra cient\u00edfica, atividades culturais e a\u00e7\u00f5es voltadas \u00e0 populariza\u00e7\u00e3o das profiss\u00f5es do sistema Confea\/Crea e M\u00fatua.<\/p>\n\n\n\n<p>Networking<\/p>\n\n\n\n<p>\u201cA ideia \u00e9 fazer um espa\u00e7o de&nbsp;<em>networking<\/em>&nbsp;real, onde seniores, juniores, estudantes e futuros profissionais da engenharia possam se encontrar, trocar experi\u00eancias e construir juntos esse futuro que queremos. Queremos fazer barulho como engenheiros, agr\u00f4nomos e geocientistas, mostrando nosso papel na transforma\u00e7\u00e3o das cidades\u201d, afirmou a presidente do Crea-AM, engenheira de pesca Alzira Miranda.<\/p>\n\n\n\n<p>Participa\u00e7\u00e3o e inscri\u00e7\u00e3o<\/p>\n\n\n\n<p>A expectativa \u00e9 de reunir aproximadamente 2.000 participantes. As inscri\u00e7\u00f5es est\u00e3o abertas com valores promocionais at\u00e9 o dia 10 de junho, contemplando pacotes para estudantes, grupos e profissionais do sistema Confea\/Crea. O investimento varia de R$ 40 a R$ 200, conforme categoria e lote.<\/p>\n\n\n\n<p>Os participantes ter\u00e3o acesso a um certificado de 20 horas complementares, e estudantes do ensino m\u00e9dio tamb\u00e9m ser\u00e3o contemplados com a\u00e7\u00f5es de imers\u00e3o, por meio do \u201cMomento Pr\u00e9-Calouro\u201d, voltado \u00e0 divulga\u00e7\u00e3o das profiss\u00f5es abrangidas pelo sistema. As inscri\u00e7\u00f5es&nbsp;para o Cenatec j\u00e1 est\u00e3o abertas e podem ser feitas&nbsp;<a href=\"https:\/\/www.even3.com.br\/cenatec2025\/\" target=\"_blank\" rel=\"noreferrer noopener\">aqui<\/a>.<\/p>\n\n\n\n<p>&#8212; &#8212; &#8212;<\/p>\n\n\n\n<p><strong>Texto\u00a0<\/strong>\u2013 Divulga\u00e7\u00e3o\/ Implurb<\/p>\n\n\n\n<p><strong>Fotos\u00a0<\/strong>&#8211; Divulga\u00e7\u00e3o<\/p>\n","protected":false},"excerpt":{"rendered":"","protected":false},"author":23,"featured_media":6369,"comment_status":"closed","ping_status":"closed","sticky":false,"template":"","format":"standard","meta":{"footnotes":""},"categories":[114],"tags":[1026,716,11,1840,15,1841],"acf":[],"yoast_head":"<!-- This site is optimized with the Yoast SEO plugin v23.0 - https:\/\/yoast.com\/wordpress\/plugins\/seo\/ -->\n<title>Prefeitura de Manaus participa de congresso de engenharia tratando de \u2018Desenvolvimento Urbano Integrado\u2019<\/title>\n<meta name=\"description\" content=\"Participando da mesa-redonda sobre \u201cDesenvolvimento Urbano Integrado\u201d na capital, a Prefeitura de Manaus, via Instituto Municipal de Planejamento Urbano (Implurb), estar\u00e1 presente no 1\u00ba Congresso de Engenharia, Agronomia e Tecnologia do Amazonas (Cenatec),\" \/>\n<meta name=\"robots\" content=\"noindex, follow\" \/>\n<meta property=\"og:locale\" content=\"pt_BR\" \/>\n<meta property=\"og:type\" content=\"article\" \/>\n<meta property=\"og:title\" content=\"Prefeitura de Manaus participa de congresso de engenharia tratando de \u2018Desenvolvimento Urbano Integrado\u2019\" \/>\n<meta property=\"og:description\" content=\"Participando da mesa-redonda sobre \u201cDesenvolvimento Urbano Integrado\u201d na capital, a Prefeitura de Manaus, via Instituto Municipal de Planejamento Urbano (Implurb), estar\u00e1 presente no 1\u00ba Congresso de Engenharia, Agronomia e Tecnologia do Amazonas (Cenatec),\" \/>\n<meta property=\"og:url\" content=\"https:\/\/www.manaus.am.gov.br\/implurb\/prefeitura-implurb-evento-desenvolvimentourbano\/\" \/>\n<meta property=\"og:site_name\" content=\"IMPLURB\" \/>\n<meta property=\"article:published_time\" content=\"2025-08-08T15:39:37+00:00\" \/>\n<meta property=\"article:modified_time\" content=\"2025-08-08T15:39:39+00:00\" \/>\n<meta property=\"og:image\" content=\"https:\/\/www.manaus.am.gov.br\/implurb\/wp-content\/uploads\/sites\/13\/2025\/08\/creaam8-2.jpg\" \/>\n\t<meta property=\"og:image:width\" content=\"4032\" \/>\n\t<meta property=\"og:image:height\" content=\"3024\" \/>\n\t<meta property=\"og:image:type\" content=\"image\/jpeg\" \/>\n<meta name=\"author\" content=\"Adriana Costa\" \/>\n<meta name=\"twitter:card\" content=\"summary_large_image\" \/>\n<meta name=\"twitter:label1\" content=\"Written by\" \/>\n\t<meta name=\"twitter:data1\" content=\"Adriana Costa\" \/>\n\t<meta name=\"twitter:label2\" content=\"Est. reading time\" \/>\n\t<meta name=\"twitter:data2\" content=\"3 minutos\" \/>\n<script type=\"application\/ld+json\" class=\"yoast-schema-graph\">{\"@context\":\"https:\/\/schema.org\",\"@graph\":[{\"@type\":\"WebPage\",\"@id\":\"https:\/\/www.manaus.am.gov.br\/implurb\/prefeitura-implurb-evento-desenvolvimentourbano\/\",\"url\":\"https:\/\/www.manaus.am.gov.br\/implurb\/prefeitura-implurb-evento-desenvolvimentourbano\/\",\"name\":\"Prefeitura de Manaus participa de congresso de engenharia tratando de \u2018Desenvolvimento Urbano Integrado\u2019\",\"isPartOf\":{\"@id\":\"https:\/\/www.manaus.am.gov.br\/implurb\/#website\"},\"primaryImageOfPage\":{\"@id\":\"https:\/\/www.manaus.am.gov.br\/implurb\/prefeitura-implurb-evento-desenvolvimentourbano\/#primaryimage\"},\"image\":{\"@id\":\"https:\/\/www.manaus.am.gov.br\/implurb\/prefeitura-implurb-evento-desenvolvimentourbano\/#primaryimage\"},\"thumbnailUrl\":\"https:\/\/www.manaus.am.gov.br\/implurb\/wp-content\/uploads\/sites\/13\/2025\/08\/creaam8-2.jpg\",\"datePublished\":\"2025-08-08T15:39:37+00:00\",\"dateModified\":\"2025-08-08T15:39:39+00:00\",\"author\":{\"@id\":\"https:\/\/www.manaus.am.gov.br\/implurb\/#\/schema\/person\/4e49f4e267757a06ca072ec61b2b9968\"},\"description\":\"Participando da mesa-redonda sobre \u201cDesenvolvimento Urbano Integrado\u201d na capital, a Prefeitura de Manaus, via Instituto Municipal de Planejamento Urbano (Implurb), estar\u00e1 presente no 1\u00ba Congresso de Engenharia, Agronomia e Tecnologia do Amazonas (Cenatec),\",\"breadcrumb\":{\"@id\":\"https:\/\/www.manaus.am.gov.br\/implurb\/prefeitura-implurb-evento-desenvolvimentourbano\/#breadcrumb\"},\"inLanguage\":\"pt-BR\",\"potentialAction\":[{\"@type\":\"ReadAction\",\"target\":[\"https:\/\/www.manaus.am.gov.br\/implurb\/prefeitura-implurb-evento-desenvolvimentourbano\/\"]}]},{\"@type\":\"ImageObject\",\"inLanguage\":\"pt-BR\",\"@id\":\"https:\/\/www.manaus.am.gov.br\/implurb\/prefeitura-implurb-evento-desenvolvimentourbano\/#primaryimage\",\"url\":\"https:\/\/www.manaus.am.gov.br\/implurb\/wp-content\/uploads\/sites\/13\/2025\/08\/creaam8-2.jpg\",\"contentUrl\":\"https:\/\/www.manaus.am.gov.br\/implurb\/wp-content\/uploads\/sites\/13\/2025\/08\/creaam8-2.jpg\",\"width\":4032,\"height\":3024},{\"@type\":\"BreadcrumbList\",\"@id\":\"https:\/\/www.manaus.am.gov.br\/implurb\/prefeitura-implurb-evento-desenvolvimentourbano\/#breadcrumb\",\"itemListElement\":[{\"@type\":\"ListItem\",\"position\":1,\"name\":\"Home\",\"item\":\"https:\/\/www.manaus.am.gov.br\/implurb\/\"},{\"@type\":\"ListItem\",\"position\":2,\"name\":\"Prefeitura de Manaus participa de congresso de engenharia tratando de \u2018Desenvolvimento Urbano Integrado\u2019\"}]},{\"@type\":\"WebSite\",\"@id\":\"https:\/\/www.manaus.am.gov.br\/implurb\/#website\",\"url\":\"https:\/\/www.manaus.am.gov.br\/implurb\/\",\"name\":\"IMPLURB\",\"description\":\"Prefeitura de Manaus\",\"potentialAction\":[{\"@type\":\"SearchAction\",\"target\":{\"@type\":\"EntryPoint\",\"urlTemplate\":\"https:\/\/www.manaus.am.gov.br\/implurb\/?s={search_term_string}\"},\"query-input\":\"required name=search_term_string\"}],\"inLanguage\":\"pt-BR\"},{\"@type\":\"Person\",\"@id\":\"https:\/\/www.manaus.am.gov.br\/implurb\/#\/schema\/person\/4e49f4e267757a06ca072ec61b2b9968\",\"name\":\"Adriana Costa\",\"image\":{\"@type\":\"ImageObject\",\"inLanguage\":\"pt-BR\",\"@id\":\"https:\/\/www.manaus.am.gov.br\/implurb\/#\/schema\/person\/image\/\",\"url\":\"https:\/\/secure.gravatar.com\/avatar\/576258617ef7194f718179e766d57bd4?s=96&d=mm&r=g\",\"contentUrl\":\"https:\/\/secure.gravatar.com\/avatar\/576258617ef7194f718179e766d57bd4?s=96&d=mm&r=g\",\"caption\":\"Adriana Costa\"}}]}<\/script>\n<!-- \/ Yoast SEO plugin. -->","yoast_head_json":{"title":"Prefeitura de Manaus participa de congresso de engenharia tratando de \u2018Desenvolvimento Urbano Integrado\u2019","description":"Participando da mesa-redonda sobre \u201cDesenvolvimento Urbano Integrado\u201d na capital, a Prefeitura de Manaus, via Instituto Municipal de Planejamento Urbano (Implurb), estar\u00e1 presente no 1\u00ba Congresso de Engenharia, Agronomia e Tecnologia do Amazonas (Cenatec),","robots":{"index":"noindex","follow":"follow"},"og_locale":"pt_BR","og_type":"article","og_title":"Prefeitura de Manaus participa de congresso de engenharia tratando de \u2018Desenvolvimento Urbano Integrado\u2019","og_description":"Participando da mesa-redonda sobre \u201cDesenvolvimento Urbano Integrado\u201d na capital, a Prefeitura de Manaus, via Instituto Municipal de Planejamento Urbano (Implurb), estar\u00e1 presente no 1\u00ba Congresso de Engenharia, Agronomia e Tecnologia do Amazonas (Cenatec),","og_url":"https:\/\/www.manaus.am.gov.br\/implurb\/prefeitura-implurb-evento-desenvolvimentourbano\/","og_site_name":"IMPLURB","article_published_time":"2025-08-08T15:39:37+00:00","article_modified_time":"2025-08-08T15:39:39+00:00","og_image":[{"width":4032,"height":3024,"url":"https:\/\/www.manaus.am.gov.br\/implurb\/wp-content\/uploads\/sites\/13\/2025\/08\/creaam8-2.jpg","type":"image\/jpeg"}],"author":"Adriana Costa","twitter_card":"summary_large_image","twitter_misc":{"Written by":"Adriana Costa","Est. reading time":"3 minutos"},"schema":{"@context":"https:\/\/schema.org","@graph":[{"@type":"WebPage","@id":"https:\/\/www.manaus.am.gov.br\/implurb\/prefeitura-implurb-evento-desenvolvimentourbano\/","url":"https:\/\/www.manaus.am.gov.br\/implurb\/prefeitura-implurb-evento-desenvolvimentourbano\/","name":"Prefeitura de Manaus participa de congresso de engenharia tratando de \u2018Desenvolvimento Urbano Integrado\u2019","isPartOf":{"@id":"https:\/\/www.manaus.am.gov.br\/implurb\/#website"},"primaryImageOfPage":{"@id":"https:\/\/www.manaus.am.gov.br\/implurb\/prefeitura-implurb-evento-desenvolvimentourbano\/#primaryimage"},"image":{"@id":"https:\/\/www.manaus.am.gov.br\/implurb\/prefeitura-implurb-evento-desenvolvimentourbano\/#primaryimage"},"thumbnailUrl":"https:\/\/www.manaus.am.gov.br\/implurb\/wp-content\/uploads\/sites\/13\/2025\/08\/creaam8-2.jpg","datePublished":"2025-08-08T15:39:37+00:00","dateModified":"2025-08-08T15:39:39+00:00","author":{"@id":"https:\/\/www.manaus.am.gov.br\/implurb\/#\/schema\/person\/4e49f4e267757a06ca072ec61b2b9968"},"description":"Participando da mesa-redonda sobre \u201cDesenvolvimento Urbano Integrado\u201d na capital, a Prefeitura de Manaus, via Instituto Municipal de Planejamento Urbano (Implurb), estar\u00e1 presente no 1\u00ba Congresso de Engenharia, Agronomia e Tecnologia do Amazonas (Cenatec),","breadcrumb":{"@id":"https:\/\/www.manaus.am.gov.br\/implurb\/prefeitura-implurb-evento-desenvolvimentourbano\/#breadcrumb"},"inLanguage":"pt-BR","potentialAction":[{"@type":"ReadAction","target":["https:\/\/www.manaus.am.gov.br\/implurb\/prefeitura-implurb-evento-desenvolvimentourbano\/"]}]},{"@type":"ImageObject","inLanguage":"pt-BR","@id":"https:\/\/www.manaus.am.gov.br\/implurb\/prefeitura-implurb-evento-desenvolvimentourbano\/#primaryimage","url":"https:\/\/www.manaus.am.gov.br\/implurb\/wp-content\/uploads\/sites\/13\/2025\/08\/creaam8-2.jpg","contentUrl":"https:\/\/www.manaus.am.gov.br\/implurb\/wp-content\/uploads\/sites\/13\/2025\/08\/creaam8-2.jpg","width":4032,"height":3024},{"@type":"BreadcrumbList","@id":"https:\/\/www.manaus.am.gov.br\/implurb\/prefeitura-implurb-evento-desenvolvimentourbano\/#breadcrumb","itemListElement":[{"@type":"ListItem","position":1,"name":"Home","item":"https:\/\/www.manaus.am.gov.br\/implurb\/"},{"@type":"ListItem","position":2,"name":"Prefeitura de Manaus participa de congresso de engenharia tratando de \u2018Desenvolvimento Urbano Integrado\u2019"}]},{"@type":"WebSite","@id":"https:\/\/www.manaus.am.gov.br\/implurb\/#website","url":"https:\/\/www.manaus.am.gov.br\/implurb\/","name":"IMPLURB","description":"Prefeitura de Manaus","potentialAction":[{"@type":"SearchAction","target":{"@type":"EntryPoint","urlTemplate":"https:\/\/www.manaus.am.gov.br\/implurb\/?s={search_term_string}"},"query-input":"required name=search_term_string"}],"inLanguage":"pt-BR"},{"@type":"Person","@id":"https:\/\/www.manaus.am.gov.br\/implurb\/#\/schema\/person\/4e49f4e267757a06ca072ec61b2b9968","name":"Adriana Costa","image":{"@type":"ImageObject","inLanguage":"pt-BR","@id":"https:\/\/www.manaus.am.gov.br\/implurb\/#\/schema\/person\/image\/","url":"https:\/\/secure.gravatar.com\/avatar\/576258617ef7194f718179e766d57bd4?s=96&d=mm&r=g","contentUrl":"https:\/\/secure.gravatar.com\/avatar\/576258617ef7194f718179e766d57bd4?s=96&d=mm&r=g","caption":"Adriana Costa"}}]}},"_links":{"self":[{"href":"https:\/\/www.manaus.am.gov.br\/implurb\/wp-json\/wp\/v2\/posts\/6368"}],"collection":[{"href":"https:\/\/www.manaus.am.gov.br\/implurb\/wp-json\/wp\/v2\/posts"}],"about":[{"href":"https:\/\/www.manaus.am.gov.br\/implurb\/wp-json\/wp\/v2\/types\/post"}],"author":[{"embeddable":true,"href":"https:\/\/www.manaus.am.gov.br\/implurb\/wp-json\/wp\/v2\/users\/23"}],"replies":[{"embeddable":true,"href":"https:\/\/www.manaus.am.gov.br\/implurb\/wp-json\/wp\/v2\/comments?post=6368"}],"version-history":[{"count":0,"href":"https:\/\/www.manaus.am.gov.br\/implurb\/wp-json\/wp\/v2\/posts\/6368\/revisions"}],"wp:featuredmedia":[{"embeddable":true,"href":"https:\/\/www.manaus.am.gov.br\/implurb\/wp-json\/wp\/v2\/media\/6369"}],"wp:attachment":[{"href":"https:\/\/www.manaus.am.gov.br\/implurb\/wp-json\/wp\/v2\/media?parent=6368"}],"wp:term":[{"taxonomy":"category","embeddable":true,"href":"https:\/\/www.manaus.am.gov.br\/implurb\/wp-json\/wp\/v2\/categories?post=6368"},{"taxonomy":"post_tag","embeddable":true,"href":"https:\/\/www.manaus.am.gov.br\/implurb\/wp-json\/wp\/v2\/tags?post=6368"}],"curies":[{"name":"wp","href":"https:\/\/api.w.org\/{rel}","templated":true}]}}