{"id":6358,"date":"2025-08-07T09:16:15","date_gmt":"2025-08-07T13:16:15","guid":{"rendered":"https:\/\/www.manaus.am.gov.br\/implurb\/prefeitura-implurb-chamamento-encontroinrede\/"},"modified":"2025-08-07T09:16:17","modified_gmt":"2025-08-07T13:16:17","slug":"prefeitura-implurb-chamamento-encontroinrede","status":"publish","type":"post","link":"https:\/\/www.manaus.am.gov.br\/implurb\/prefeitura-implurb-chamamento-encontroinrede\/","title":{"rendered":"Prefeitura de Manaus faz chamamento para cidades enviarem\u00a0\u2018boas pr\u00e1ticas\u2019\u00a0para 11\u00ba Encontro InRede"},"content":{"rendered":"\n<p>De 25 a 27 de setembro, a Prefeitura de Manaus ser\u00e1 anfitri\u00e3 do 11\u00ba Encontro Nacional da Rede Brasileira de Institutos de Planejamento (InRede), por meio do Instituto Municipal de Planejamento Urbano (Implurb). Com o tema&nbsp;\u201cDesenvolvimento Urbano Integrado\u201d, o evento reunir\u00e1 especialistas e gestores para debater solu\u00e7\u00f5es ambientais, enfrentar os desafios das mudan\u00e7as clim\u00e1ticas e construir caminhos sustent\u00e1veis para as cidades brasileiras.<\/p>\n\n\n\n<p>Na programa\u00e7\u00e3o do evento, est\u00e1 a \u201cChamada de Boas Pr\u00e1ticas\u201d, a partir da qual as cidades participantes e os institutos s\u00e3o convidados a apresentarem experi\u00eancias e projetos que fazem a diferen\u00e7a no planejamento urbano. As inscri\u00e7\u00f5es para as iniciativas podem ser feitas at\u00e9 o dia 10 de setembro, para compor os pain\u00e9is que ser\u00e3o apresentados no dia 26, durante a programa\u00e7\u00e3o do encontro. As informa\u00e7\u00f5es devem ser enviadas por e-mail, para a organiza\u00e7\u00e3o (<a href=\"mailto:inredeimplurb25@gmail.com\" target=\"_blank\" rel=\"noreferrer noopener\">inredeimplurb25@gmail.com<\/a>&nbsp;e&nbsp;<a href=\"mailto:presidenciaimplurb@gmail.com\" target=\"_blank\" rel=\"noreferrer noopener\">presidenciaimplurb@gmail.com<\/a>).<\/p>\n\n\n\n<p>\u201cManaus j\u00e1 compartilhou suas experi\u00eancias, como as ecobarreiras e o parque Gigantes da Floresta, e queremos conhecer as boas pr\u00e1ticas que cada instituto tem para mostrar. Ser\u00e1 uma oportunidade incr\u00edvel conhecer pr\u00e1ticas em curso pelo Brasil, que inspiram e transformam centros urbanos\u201d, explicou o diretor-presidente do Implurb, Carlos Valente.<\/p>\n\n\n\n<p>O evento nacional&nbsp;conta com o apoio institucional do Minist\u00e9rio das Cidades, Programa de Assentamentos Humanos das Na\u00e7\u00f5es Unidas (ONU-Habitat) e a Coopera\u00e7\u00e3o Brasil-Alemanha (GIZ).<\/p>\n\n\n\n<p>Encontro&nbsp;<\/p>\n\n\n\n<p>O encontro busca engajar os munic\u00edpios na troca de experi\u00eancias e fortalecer a cultura do planejamento urbano, por meio do compartilhamento de boas pr\u00e1ticas nacionais e internacionais.<\/p>\n\n\n\n<p>\u201cVamos receber todos os institutos de planejamento urbano que comp\u00f5em a&nbsp;InRede, com participantes de Curitiba, Londrina, S\u00e3o Paulo, Fortaleza, Bras\u00edlia, da regi\u00e3o Norte e de outros locais do Brasil. Na pauta, abordaremos temas como o desenvolvimento urbano, planejamento urban\u00edstico, revitaliza\u00e7\u00e3o dos centros hist\u00f3ricos e sustentabilidade. Essa \u00e9 uma grande oportunidade de colocar em discuss\u00e3o demandas e solu\u00e7\u00f5es para as cidades do Brasil e, evidentemente, para a nossa querida Manaus. Sua participa\u00e7\u00e3o \u00e9 muito importante\u201d, comentou Valente.<\/p>\n\n\n\n<p>O&nbsp;Implurb&nbsp;foi eleito para a vice-presid\u00eancia do grupo de institutos e a presid\u00eancia tem como gestor Fortaleza, com o Instituto de Pesquisa e Planejamento de Fortaleza (Ipplan).<\/p>\n\n\n\n<p>Para participar da edi\u00e7\u00e3o, os interessados devem realizar inscri\u00e7\u00e3o pr\u00e9via, gratuitamente, para o dia 25\/9, primeiro dia de evento, no&nbsp;<a href=\"https:\/\/www.redus.org.br\/rede-nacional-de-institutos-de-planejamento\/formularios\/3b022014-bfef-4986-ad6c-f6f45babcea2\" target=\"_blank\" rel=\"noreferrer noopener\">link<\/a>&nbsp;j\u00e1 dispon\u00edvel. A programa\u00e7\u00e3o preliminar conta com palestras, mesas de boas pr\u00e1ticas, trabalho em grupo e visita t\u00e9cnica.<\/p>\n\n\n\n<p>Reuni\u00e3o<\/p>\n\n\n\n<p>A&nbsp;InRede&nbsp;re\u00fane institutos e \u00f3rg\u00e3os de planejamento municipais com a miss\u00e3o de fortalecer o planejamento das cidades de forma institucionalizada, inovadora e cont\u00ednua. Seu compromisso \u00e9 promover cidades mais resilientes, inclusivas e sustent\u00e1veis, articulando pol\u00edticas p\u00fablicas alinhadas \u00e0s agendas globais, como a \u201cAgenda 2030\u201d e a \u201cNova Agenda Urbana\u201d. Tamb\u00e9m atua como uma voz ativa no di\u00e1logo com diferentes esferas de governo e organismos nacionais e internacionais, contribuindo para o desenvolvimento de um planejamento urbano mais eficiente e estrat\u00e9gico no Brasil.<\/p>\n\n\n\n<p>Objetivo<\/p>\n\n\n\n<p>O encontro nacional busca engajar novos munic\u00edpios, promover a troca de experi\u00eancias e o fortalecimento da cultura do planejamento urbano, com o compartilhamento de boas pr\u00e1ticas nacionais e internacionais.<\/p>\n\n\n\n<p>A&nbsp;InRede&nbsp;fortalece a cultura do planejamento urbano nos munic\u00edpios brasileiros, promovendo n\u00e3o s\u00f3 a cria\u00e7\u00e3o de novos institutos, mas tamb\u00e9m o debate e o protagonismo do planejamento urbano para melhor alinhamento com agendas globais, como a \u201cAgenda 2030\u201d e a \u201cNova Agenda Urbana\u201d.<\/p>\n\n\n\n<p>O evento reunir\u00e1 representantes de minist\u00e9rios, especialistas, organiza\u00e7\u00f5es nacionais e internacionais, al\u00e9m de institui\u00e7\u00f5es financeiras e gestores municipais, promovendo um ambiente de interc\u00e2mbio e coopera\u00e7\u00e3o.<\/p>\n\n\n\n<p>&#8212; &#8212; &#8212;<\/p>\n\n\n\n<p><strong>Texto <\/strong>&#8211;\u00a0Cl\u00e1udia do Valle\/Implurb<\/p>\n\n\n\n<p><strong>Fotos\u00a0<\/strong>\u2013 Divulga\u00e7\u00e3o\/Implurb<\/p>\n","protected":false},"excerpt":{"rendered":"","protected":false},"author":23,"featured_media":6359,"comment_status":"closed","ping_status":"closed","sticky":false,"template":"","format":"standard","meta":{"footnotes":""},"categories":[33],"tags":[1837,1838,11,15],"acf":[],"yoast_head":"<!-- This site is optimized with the Yoast SEO plugin v23.0 - https:\/\/yoast.com\/wordpress\/plugins\/seo\/ -->\n<title>Prefeitura de Manaus faz chamamento para cidades enviarem \u2018boas pr\u00e1ticas\u2019 para 11\u00ba Encontro InRede<\/title>\n<meta name=\"description\" content=\"De 25 a 27 de setembro, a Prefeitura de Manaus ser\u00e1 anfitri\u00e3 do 11\u00ba Encontro Nacional da Rede Brasileira de Institutos de Planejamento (InRede), por meio do Instituto Municipal de Planejamento Urbano (Implurb).\" \/>\n<meta name=\"robots\" content=\"noindex, follow\" \/>\n<meta property=\"og:locale\" content=\"pt_BR\" \/>\n<meta property=\"og:type\" content=\"article\" \/>\n<meta property=\"og:title\" content=\"Prefeitura de Manaus faz chamamento para cidades enviarem \u2018boas pr\u00e1ticas\u2019 para 11\u00ba Encontro InRede\" \/>\n<meta property=\"og:description\" content=\"De 25 a 27 de setembro, a Prefeitura de Manaus ser\u00e1 anfitri\u00e3 do 11\u00ba Encontro Nacional da Rede Brasileira de Institutos de Planejamento (InRede), por meio do Instituto Municipal de Planejamento Urbano (Implurb).\" \/>\n<meta property=\"og:url\" content=\"https:\/\/www.manaus.am.gov.br\/implurb\/prefeitura-implurb-chamamento-encontroinrede\/\" \/>\n<meta property=\"og:site_name\" content=\"IMPLURB\" \/>\n<meta property=\"article:published_time\" content=\"2025-08-07T13:16:15+00:00\" \/>\n<meta property=\"article:modified_time\" content=\"2025-08-07T13:16:17+00:00\" \/>\n<meta property=\"og:image\" content=\"https:\/\/www.manaus.am.gov.br\/implurb\/wp-content\/uploads\/sites\/13\/2025\/08\/Arquivo_029-2.png\" \/>\n\t<meta property=\"og:image:width\" content=\"960\" \/>\n\t<meta property=\"og:image:height\" content=\"540\" \/>\n\t<meta property=\"og:image:type\" content=\"image\/png\" \/>\n<meta name=\"author\" content=\"Adriana Costa\" \/>\n<meta name=\"twitter:card\" content=\"summary_large_image\" \/>\n<meta name=\"twitter:label1\" content=\"Written by\" \/>\n\t<meta name=\"twitter:data1\" content=\"Adriana Costa\" \/>\n\t<meta name=\"twitter:label2\" content=\"Est. reading time\" \/>\n\t<meta name=\"twitter:data2\" content=\"4 minutos\" \/>\n<script type=\"application\/ld+json\" class=\"yoast-schema-graph\">{\"@context\":\"https:\/\/schema.org\",\"@graph\":[{\"@type\":\"WebPage\",\"@id\":\"https:\/\/www.manaus.am.gov.br\/implurb\/prefeitura-implurb-chamamento-encontroinrede\/\",\"url\":\"https:\/\/www.manaus.am.gov.br\/implurb\/prefeitura-implurb-chamamento-encontroinrede\/\",\"name\":\"Prefeitura de Manaus faz chamamento para cidades enviarem \u2018boas pr\u00e1ticas\u2019 para 11\u00ba Encontro InRede\",\"isPartOf\":{\"@id\":\"https:\/\/www.manaus.am.gov.br\/implurb\/#website\"},\"primaryImageOfPage\":{\"@id\":\"https:\/\/www.manaus.am.gov.br\/implurb\/prefeitura-implurb-chamamento-encontroinrede\/#primaryimage\"},\"image\":{\"@id\":\"https:\/\/www.manaus.am.gov.br\/implurb\/prefeitura-implurb-chamamento-encontroinrede\/#primaryimage\"},\"thumbnailUrl\":\"https:\/\/www.manaus.am.gov.br\/implurb\/wp-content\/uploads\/sites\/13\/2025\/08\/Arquivo_029-2.png\",\"datePublished\":\"2025-08-07T13:16:15+00:00\",\"dateModified\":\"2025-08-07T13:16:17+00:00\",\"author\":{\"@id\":\"https:\/\/www.manaus.am.gov.br\/implurb\/#\/schema\/person\/4e49f4e267757a06ca072ec61b2b9968\"},\"description\":\"De 25 a 27 de setembro, a Prefeitura de Manaus ser\u00e1 anfitri\u00e3 do 11\u00ba Encontro Nacional da Rede Brasileira de Institutos de Planejamento (InRede), por meio do Instituto Municipal de Planejamento Urbano (Implurb).\",\"breadcrumb\":{\"@id\":\"https:\/\/www.manaus.am.gov.br\/implurb\/prefeitura-implurb-chamamento-encontroinrede\/#breadcrumb\"},\"inLanguage\":\"pt-BR\",\"potentialAction\":[{\"@type\":\"ReadAction\",\"target\":[\"https:\/\/www.manaus.am.gov.br\/implurb\/prefeitura-implurb-chamamento-encontroinrede\/\"]}]},{\"@type\":\"ImageObject\",\"inLanguage\":\"pt-BR\",\"@id\":\"https:\/\/www.manaus.am.gov.br\/implurb\/prefeitura-implurb-chamamento-encontroinrede\/#primaryimage\",\"url\":\"https:\/\/www.manaus.am.gov.br\/implurb\/wp-content\/uploads\/sites\/13\/2025\/08\/Arquivo_029-2.png\",\"contentUrl\":\"https:\/\/www.manaus.am.gov.br\/implurb\/wp-content\/uploads\/sites\/13\/2025\/08\/Arquivo_029-2.png\",\"width\":960,\"height\":540},{\"@type\":\"BreadcrumbList\",\"@id\":\"https:\/\/www.manaus.am.gov.br\/implurb\/prefeitura-implurb-chamamento-encontroinrede\/#breadcrumb\",\"itemListElement\":[{\"@type\":\"ListItem\",\"position\":1,\"name\":\"Home\",\"item\":\"https:\/\/www.manaus.am.gov.br\/implurb\/\"},{\"@type\":\"ListItem\",\"position\":2,\"name\":\"Prefeitura de Manaus faz chamamento para cidades enviarem\u00a0\u2018boas pr\u00e1ticas\u2019\u00a0para 11\u00ba Encontro InRede\"}]},{\"@type\":\"WebSite\",\"@id\":\"https:\/\/www.manaus.am.gov.br\/implurb\/#website\",\"url\":\"https:\/\/www.manaus.am.gov.br\/implurb\/\",\"name\":\"IMPLURB\",\"description\":\"Prefeitura de Manaus\",\"potentialAction\":[{\"@type\":\"SearchAction\",\"target\":{\"@type\":\"EntryPoint\",\"urlTemplate\":\"https:\/\/www.manaus.am.gov.br\/implurb\/?s={search_term_string}\"},\"query-input\":\"required name=search_term_string\"}],\"inLanguage\":\"pt-BR\"},{\"@type\":\"Person\",\"@id\":\"https:\/\/www.manaus.am.gov.br\/implurb\/#\/schema\/person\/4e49f4e267757a06ca072ec61b2b9968\",\"name\":\"Adriana Costa\",\"image\":{\"@type\":\"ImageObject\",\"inLanguage\":\"pt-BR\",\"@id\":\"https:\/\/www.manaus.am.gov.br\/implurb\/#\/schema\/person\/image\/\",\"url\":\"https:\/\/secure.gravatar.com\/avatar\/576258617ef7194f718179e766d57bd4?s=96&d=mm&r=g\",\"contentUrl\":\"https:\/\/secure.gravatar.com\/avatar\/576258617ef7194f718179e766d57bd4?s=96&d=mm&r=g\",\"caption\":\"Adriana Costa\"}}]}<\/script>\n<!-- \/ Yoast SEO plugin. -->","yoast_head_json":{"title":"Prefeitura de Manaus faz chamamento para cidades enviarem \u2018boas pr\u00e1ticas\u2019 para 11\u00ba Encontro InRede","description":"De 25 a 27 de setembro, a Prefeitura de Manaus ser\u00e1 anfitri\u00e3 do 11\u00ba Encontro Nacional da Rede Brasileira de Institutos de Planejamento (InRede), por meio do Instituto Municipal de Planejamento Urbano (Implurb).","robots":{"index":"noindex","follow":"follow"},"og_locale":"pt_BR","og_type":"article","og_title":"Prefeitura de Manaus faz chamamento para cidades enviarem \u2018boas pr\u00e1ticas\u2019 para 11\u00ba Encontro InRede","og_description":"De 25 a 27 de setembro, a Prefeitura de Manaus ser\u00e1 anfitri\u00e3 do 11\u00ba Encontro Nacional da Rede Brasileira de Institutos de Planejamento (InRede), por meio do Instituto Municipal de Planejamento Urbano (Implurb).","og_url":"https:\/\/www.manaus.am.gov.br\/implurb\/prefeitura-implurb-chamamento-encontroinrede\/","og_site_name":"IMPLURB","article_published_time":"2025-08-07T13:16:15+00:00","article_modified_time":"2025-08-07T13:16:17+00:00","og_image":[{"width":960,"height":540,"url":"https:\/\/www.manaus.am.gov.br\/implurb\/wp-content\/uploads\/sites\/13\/2025\/08\/Arquivo_029-2.png","type":"image\/png"}],"author":"Adriana Costa","twitter_card":"summary_large_image","twitter_misc":{"Written by":"Adriana Costa","Est. reading time":"4 minutos"},"schema":{"@context":"https:\/\/schema.org","@graph":[{"@type":"WebPage","@id":"https:\/\/www.manaus.am.gov.br\/implurb\/prefeitura-implurb-chamamento-encontroinrede\/","url":"https:\/\/www.manaus.am.gov.br\/implurb\/prefeitura-implurb-chamamento-encontroinrede\/","name":"Prefeitura de Manaus faz chamamento para cidades enviarem \u2018boas pr\u00e1ticas\u2019 para 11\u00ba Encontro InRede","isPartOf":{"@id":"https:\/\/www.manaus.am.gov.br\/implurb\/#website"},"primaryImageOfPage":{"@id":"https:\/\/www.manaus.am.gov.br\/implurb\/prefeitura-implurb-chamamento-encontroinrede\/#primaryimage"},"image":{"@id":"https:\/\/www.manaus.am.gov.br\/implurb\/prefeitura-implurb-chamamento-encontroinrede\/#primaryimage"},"thumbnailUrl":"https:\/\/www.manaus.am.gov.br\/implurb\/wp-content\/uploads\/sites\/13\/2025\/08\/Arquivo_029-2.png","datePublished":"2025-08-07T13:16:15+00:00","dateModified":"2025-08-07T13:16:17+00:00","author":{"@id":"https:\/\/www.manaus.am.gov.br\/implurb\/#\/schema\/person\/4e49f4e267757a06ca072ec61b2b9968"},"description":"De 25 a 27 de setembro, a Prefeitura de Manaus ser\u00e1 anfitri\u00e3 do 11\u00ba Encontro Nacional da Rede Brasileira de Institutos de Planejamento (InRede), por meio do Instituto Municipal de Planejamento Urbano (Implurb).","breadcrumb":{"@id":"https:\/\/www.manaus.am.gov.br\/implurb\/prefeitura-implurb-chamamento-encontroinrede\/#breadcrumb"},"inLanguage":"pt-BR","potentialAction":[{"@type":"ReadAction","target":["https:\/\/www.manaus.am.gov.br\/implurb\/prefeitura-implurb-chamamento-encontroinrede\/"]}]},{"@type":"ImageObject","inLanguage":"pt-BR","@id":"https:\/\/www.manaus.am.gov.br\/implurb\/prefeitura-implurb-chamamento-encontroinrede\/#primaryimage","url":"https:\/\/www.manaus.am.gov.br\/implurb\/wp-content\/uploads\/sites\/13\/2025\/08\/Arquivo_029-2.png","contentUrl":"https:\/\/www.manaus.am.gov.br\/implurb\/wp-content\/uploads\/sites\/13\/2025\/08\/Arquivo_029-2.png","width":960,"height":540},{"@type":"BreadcrumbList","@id":"https:\/\/www.manaus.am.gov.br\/implurb\/prefeitura-implurb-chamamento-encontroinrede\/#breadcrumb","itemListElement":[{"@type":"ListItem","position":1,"name":"Home","item":"https:\/\/www.manaus.am.gov.br\/implurb\/"},{"@type":"ListItem","position":2,"name":"Prefeitura de Manaus faz chamamento para cidades enviarem\u00a0\u2018boas pr\u00e1ticas\u2019\u00a0para 11\u00ba Encontro InRede"}]},{"@type":"WebSite","@id":"https:\/\/www.manaus.am.gov.br\/implurb\/#website","url":"https:\/\/www.manaus.am.gov.br\/implurb\/","name":"IMPLURB","description":"Prefeitura de Manaus","potentialAction":[{"@type":"SearchAction","target":{"@type":"EntryPoint","urlTemplate":"https:\/\/www.manaus.am.gov.br\/implurb\/?s={search_term_string}"},"query-input":"required name=search_term_string"}],"inLanguage":"pt-BR"},{"@type":"Person","@id":"https:\/\/www.manaus.am.gov.br\/implurb\/#\/schema\/person\/4e49f4e267757a06ca072ec61b2b9968","name":"Adriana Costa","image":{"@type":"ImageObject","inLanguage":"pt-BR","@id":"https:\/\/www.manaus.am.gov.br\/implurb\/#\/schema\/person\/image\/","url":"https:\/\/secure.gravatar.com\/avatar\/576258617ef7194f718179e766d57bd4?s=96&d=mm&r=g","contentUrl":"https:\/\/secure.gravatar.com\/avatar\/576258617ef7194f718179e766d57bd4?s=96&d=mm&r=g","caption":"Adriana Costa"}}]}},"_links":{"self":[{"href":"https:\/\/www.manaus.am.gov.br\/implurb\/wp-json\/wp\/v2\/posts\/6358"}],"collection":[{"href":"https:\/\/www.manaus.am.gov.br\/implurb\/wp-json\/wp\/v2\/posts"}],"about":[{"href":"https:\/\/www.manaus.am.gov.br\/implurb\/wp-json\/wp\/v2\/types\/post"}],"author":[{"embeddable":true,"href":"https:\/\/www.manaus.am.gov.br\/implurb\/wp-json\/wp\/v2\/users\/23"}],"replies":[{"embeddable":true,"href":"https:\/\/www.manaus.am.gov.br\/implurb\/wp-json\/wp\/v2\/comments?post=6358"}],"version-history":[{"count":0,"href":"https:\/\/www.manaus.am.gov.br\/implurb\/wp-json\/wp\/v2\/posts\/6358\/revisions"}],"wp:featuredmedia":[{"embeddable":true,"href":"https:\/\/www.manaus.am.gov.br\/implurb\/wp-json\/wp\/v2\/media\/6359"}],"wp:attachment":[{"href":"https:\/\/www.manaus.am.gov.br\/implurb\/wp-json\/wp\/v2\/media?parent=6358"}],"wp:term":[{"taxonomy":"category","embeddable":true,"href":"https:\/\/www.manaus.am.gov.br\/implurb\/wp-json\/wp\/v2\/categories?post=6358"},{"taxonomy":"post_tag","embeddable":true,"href":"https:\/\/www.manaus.am.gov.br\/implurb\/wp-json\/wp\/v2\/tags?post=6358"}],"curies":[{"name":"wp","href":"https:\/\/api.w.org\/{rel}","templated":true}]}}