{"id":6348,"date":"2025-08-04T14:44:25","date_gmt":"2025-08-04T18:44:25","guid":{"rendered":"https:\/\/www.manaus.am.gov.br\/implurb\/35-notificacoes-desocupar-calcadas\/"},"modified":"2025-08-04T15:43:26","modified_gmt":"2025-08-04T19:43:26","slug":"35-notificacoes-desocupar-calcadas","status":"publish","type":"post","link":"https:\/\/www.manaus.am.gov.br\/implurb\/35-notificacoes-desocupar-calcadas\/","title":{"rendered":"No primeiro dia do \u2018Mutir\u00e3o no Bairro\u2019 no Centro, Prefeitura de Manaus aplica 35 notifica\u00e7\u00f5es para desocupar cal\u00e7adas\u00a0"},"content":{"rendered":"\n<p>No primeiro dia da opera\u00e7\u00e3o \u201cMutir\u00e3o no Bairro\u201d realizada no Centro, zona Sul da capital, nesta segunda-feira, 4\/8, a Prefeitura de Manaus, por meio do Instituto Municipal de Planejamento Urbano (Implurb), aplicou 35 notifica\u00e7\u00f5es por obstru\u00e7\u00e3o de logradouro p\u00fablico e ocupa\u00e7\u00e3o de cal\u00e7adas, especificamente no quadril\u00e1tero das ruas Bar\u00e3o de S\u00e3o Domingos, dos Bar\u00e9s, Coronel S\u00e9rgio Pessoa e Leovegildo Coelho.<\/p>\n\n\n\n<p>Os lojistas foram notificados a fazer a retirada imediata dos produtos das cal\u00e7adas, como araras, redes de pesca, fogareiros, bancas e at\u00e9 objetos gigantes, como tachos de metal. Conforme o Plano Diretor da cidade, a Lei Complementar 005\/2014, que disp\u00f5e sobre o C\u00f3digo de Postura, no art. 38, par\u00e1grafo 1, \u201cos logradouros p\u00fablicos dever\u00e3o atender \u00e0s normas gerais e crit\u00e9rios b\u00e1sicos para a promo\u00e7\u00e3o da acessibilidade das pessoas com defici\u00eancia ou com mobilidade reduzida, nos termos definidos pelas normas t\u00e9cnicas federais\u201d.<\/p>\n\n\n\n<p>O segundo par\u00e1grafo do artigo define que \u00e9 \u201cvedado aos estabelecimentos comerciais, im\u00f3veis residenciais e \u00f3rg\u00e3os p\u00fablicos a utiliza\u00e7\u00e3o dos passeios p\u00fablicos para estacionamento de ve\u00edculos de moradores, clientes e funcion\u00e1rios ou exposi\u00e7\u00e3o de produtos\u201d.<\/p>\n\n\n\n<p>O prefeito David Almeida, iniciou o mutir\u00e3o reunindo 16 secretarias municipais e mais de 1.100 servidores em uma opera\u00e7\u00e3o integrada de infraestrutura, limpeza urbana, mobilidade, ordenamento e assist\u00eancia social. Com dura\u00e7\u00e3o estimada de 90 dias, o mutir\u00e3o ser\u00e1 dividido em tr\u00eas grandes polos territoriais e, nesta primeira fase, contempla 49 ruas.<\/p>\n\n\n\n<p><strong>Autoridades<\/strong><\/p>\n\n\n\n<p>A largada de in\u00edcio aos trabalhos foi feita a partir da \u00e1rea do entorno do pr\u00e9dio Casar\u00e3o da Inova\u00e7\u00e3o Cassina, com a presen\u00e7a do prefeito; do vice-prefeito e secret\u00e1rio de Obras, Renato Junior; de secret\u00e1rios municipais; al\u00e9m de&nbsp;representantes&nbsp;dos lojistas, o presidente da C\u00e2mara de Dirigentes Lojistas de Manaus (CDL-Manaus), Ralph Assayag;&nbsp;dos feirantes, Railson Silva;&nbsp;e dos camel\u00f4s, Marquinho Maia.<\/p>\n\n\n\n<p>\u201cEstamos fazendo este choque de ordem e vamos permanecer no Centro, o tempo que for necess\u00e1rio, para melhorar o ambiente de neg\u00f3cios do Centro, atrair as pessoas e, acima de tudo, oferecer melhores servi\u00e7os para a popula\u00e7\u00e3o que frequenta o espa\u00e7o\u201d, comentou o prefeito David Almeida. As a\u00e7\u00f5es visam ainda melhorar o ambiente para a realiza\u00e7\u00e3o da edi\u00e7\u00e3o do \u201c#SouManaus Passo a Pa\u00e7o 2025\u201d, que acontecer\u00e1 em setembro.<\/p>\n\n\n\n<p><strong>A\u00e7\u00f5es<\/strong><\/p>\n\n\n\n<p>As a\u00e7\u00f5es visam requalificar o&nbsp;Centro Hist\u00f3rico de Manaus e comercial, onde pulsa a mem\u00f3ria, a economia e o turismo da capital. A popula\u00e7\u00e3o tamb\u00e9m \u00e9 chamada a ser parceira, respeitando as regras de ocupa\u00e7\u00e3o e ajudando a manter os espa\u00e7os organizados.<\/p>\n\n\n\n<p>Dentro do Plano Diretor, com foco no ordenamento urban\u00edstico, o Implurb atua com uma equipe de 25 pessoas, para promover, entre outros, a desobstru\u00e7\u00e3o de \u00e1reas p\u00fablicas, libera\u00e7\u00e3o de cal\u00e7adas e despolui\u00e7\u00e3o visual.<\/p>\n\n\n\n<p>Segundo o vice-presidente do Implurb, Ant\u00f4nio Peixoto, o foco \u00e9 resgatar a beleza e a funcionalidade do Centro, combatendo problemas cr\u00f4nicos. \u201cVamos atuar fortemente contra a polui\u00e7\u00e3o visual, que deixa o Centro feio e desordenado. Tamb\u00e9m vamos agir sobre ocupa\u00e7\u00f5es irregulares, garantindo que a legisla\u00e7\u00e3o de ordenamento urbano seja cumprida\u201d, afirmou.<\/p>\n\n\n\n<p>O presidente da CDL Manaus, Ralph Assayag, destacou que a integra\u00e7\u00e3o entre secretarias \u00e9 in\u00e9dita e ter\u00e1 reflexos diretos na economia. \u201cO Centro de Manaus \u00e9 \u00fanico, movimenta diariamente cerca de 38 mil trabalhadores e recebe mais de 40 mil pessoas para compras. Agora, com ruas reabertas, buracos tapados e o com\u00e9rcio mais organizado, teremos mais empregos, mais seguran\u00e7a e um espa\u00e7o mais atrativo para todos\u201d, disse.<\/p>\n\n\n\n<p><strong>Fiscaliza\u00e7\u00e3o<\/strong><\/p>\n\n\n\n<p>A chefe de Fiscaliza\u00e7\u00e3o do Implurb (Dicon), Maria Aparecida Froz, refor\u00e7ou que o trabalho \u00e9 de conscientiza\u00e7\u00e3o e respeito ao espa\u00e7o p\u00fablico. \u201cNosso objetivo \u00e9 ordenar o uso do logradouro p\u00fablico, garantindo que as mercadorias permane\u00e7am dentro do estabelecimento. A cal\u00e7ada \u00e9 para o pedestre, incluindo pessoas com defici\u00eancia ou mobilidade reduzida. N\u00e3o queremos penalizar, e sim assegurar um ambiente seguro e acess\u00edvel para todos que circulam e consomem no Centro\u201d, afirmou.<\/p>\n\n\n\n<p>Durante a opera\u00e7\u00e3o, fiscais do Implurb notificaram lojistas que exp\u00f5em mercadorias sobre cal\u00e7adas, orientando-os a manter a faixa livre de circula\u00e7\u00e3o para as pessoas, o que melhora o ambiente de neg\u00f3cios, j\u00e1 que permite que o pedestre possa caminhar pela frente das pr\u00f3prias lojas. De acordo com a fiscal Andrea Diniz, essa etapa prioriza a orienta\u00e7\u00e3o, mas prev\u00ea san\u00e7\u00f5es em caso de descumprimento.<\/p>\n\n\n\n<p>\u201cEstamos aqui para orientar os lojistas a retirarem as mercadorias da cal\u00e7ada. A primeira notifica\u00e7\u00e3o \u00e9 educativa, mas, se houver reincid\u00eancia, poder\u00e1 gerar multa. \u00c9 essencial que todos colaborem para manter o Centro organizado e seguro para quem transita\u201d, destacou.<\/p>\n\n\n\n<p>O \u201cMutir\u00e3o no Bairro\u201d no Centro n\u00e3o \u00e9 apenas um trabalho de limpeza e manuten\u00e7\u00e3o, \u00e9 um movimento para valorizar o patrim\u00f4nio hist\u00f3rico, fortalecer o com\u00e9rcio e oferecer mais qualidade de vida a quem vive, trabalha e visita a regi\u00e3o.&nbsp;<\/p>\n\n\n\n<figure class=\"wp-block-image size-large\"><img decoding=\"async\" src=\"https:\/\/www.manaus.am.gov.br\/implurb\/wp-content\/uploads\/sites\/13\/2025\/08\/mutirao8-1024x768.jpeg\" alt=\"\" class=\"wp-image-6349\" \/><\/figure>\n\n\n\n<p>&#8212; &#8212; &#8212;<\/p>\n\n\n\n<p><strong>Texto<\/strong>&nbsp;\u2013 Claudia do Valle\/Implurb<\/p>\n\n\n\n<p><strong>Fotos &#8211;<\/strong> Semcom e Maxwell Oliveira\/Implurb<\/p>\n","protected":false},"excerpt":{"rendered":"","protected":false},"author":39,"featured_media":6350,"comment_status":"closed","ping_status":"closed","sticky":false,"template":"","format":"standard","meta":{"footnotes":""},"categories":[173],"tags":[1832,1833,11,1834,15],"acf":[],"yoast_head":"<!-- This site is optimized with the Yoast SEO plugin v23.0 - https:\/\/yoast.com\/wordpress\/plugins\/seo\/ -->\n<title>Prefeitura aplica 35 notifica\u00e7\u00f5es para desocupar cal\u00e7adas<\/title>\n<meta name=\"description\" content=\"No primeiro dia do \u2018Mutir\u00e3o no Bairro\u2019 no Centro, Prefeitura de Manaus aplica 35 notifica\u00e7\u00f5es para desocupar cal\u00e7adas.\" \/>\n<meta name=\"robots\" content=\"noindex, follow\" \/>\n<meta property=\"og:locale\" content=\"pt_BR\" \/>\n<meta property=\"og:type\" content=\"article\" \/>\n<meta property=\"og:title\" content=\"Prefeitura aplica 35 notifica\u00e7\u00f5es para desocupar cal\u00e7adas\" \/>\n<meta property=\"og:description\" content=\"No primeiro dia do \u2018Mutir\u00e3o no Bairro\u2019 no Centro, Prefeitura de Manaus aplica 35 notifica\u00e7\u00f5es para desocupar cal\u00e7adas.\" \/>\n<meta property=\"og:url\" content=\"https:\/\/www.manaus.am.gov.br\/implurb\/35-notificacoes-desocupar-calcadas\/\" \/>\n<meta property=\"og:site_name\" content=\"IMPLURB\" \/>\n<meta property=\"article:published_time\" content=\"2025-08-04T18:44:25+00:00\" \/>\n<meta property=\"article:modified_time\" content=\"2025-08-04T19:43:26+00:00\" \/>\n<meta property=\"og:image\" content=\"https:\/\/www.manaus.am.gov.br\/implurb\/wp-content\/uploads\/sites\/13\/2025\/08\/mutirao6.jpeg\" \/>\n\t<meta property=\"og:image:width\" content=\"4160\" \/>\n\t<meta property=\"og:image:height\" content=\"3120\" \/>\n\t<meta property=\"og:image:type\" content=\"image\/jpeg\" \/>\n<meta name=\"author\" content=\"Bruna Greco\" \/>\n<meta name=\"twitter:card\" content=\"summary_large_image\" \/>\n<meta name=\"twitter:label1\" content=\"Written by\" \/>\n\t<meta name=\"twitter:data1\" content=\"Bruna Greco\" \/>\n\t<meta name=\"twitter:label2\" content=\"Est. reading time\" \/>\n\t<meta name=\"twitter:data2\" content=\"5 minutos\" \/>\n<script type=\"application\/ld+json\" class=\"yoast-schema-graph\">{\"@context\":\"https:\/\/schema.org\",\"@graph\":[{\"@type\":\"WebPage\",\"@id\":\"https:\/\/www.manaus.am.gov.br\/implurb\/35-notificacoes-desocupar-calcadas\/\",\"url\":\"https:\/\/www.manaus.am.gov.br\/implurb\/35-notificacoes-desocupar-calcadas\/\",\"name\":\"Prefeitura aplica 35 notifica\u00e7\u00f5es para desocupar cal\u00e7adas\",\"isPartOf\":{\"@id\":\"https:\/\/www.manaus.am.gov.br\/implurb\/#website\"},\"primaryImageOfPage\":{\"@id\":\"https:\/\/www.manaus.am.gov.br\/implurb\/35-notificacoes-desocupar-calcadas\/#primaryimage\"},\"image\":{\"@id\":\"https:\/\/www.manaus.am.gov.br\/implurb\/35-notificacoes-desocupar-calcadas\/#primaryimage\"},\"thumbnailUrl\":\"https:\/\/www.manaus.am.gov.br\/implurb\/wp-content\/uploads\/sites\/13\/2025\/08\/mutirao6.jpeg\",\"datePublished\":\"2025-08-04T18:44:25+00:00\",\"dateModified\":\"2025-08-04T19:43:26+00:00\",\"author\":{\"@id\":\"https:\/\/www.manaus.am.gov.br\/implurb\/#\/schema\/person\/05d223aea2bf115f9883a6ff3683d81b\"},\"description\":\"No primeiro dia do \u2018Mutir\u00e3o no Bairro\u2019 no Centro, Prefeitura de Manaus aplica 35 notifica\u00e7\u00f5es para desocupar cal\u00e7adas.\",\"breadcrumb\":{\"@id\":\"https:\/\/www.manaus.am.gov.br\/implurb\/35-notificacoes-desocupar-calcadas\/#breadcrumb\"},\"inLanguage\":\"pt-BR\",\"potentialAction\":[{\"@type\":\"ReadAction\",\"target\":[\"https:\/\/www.manaus.am.gov.br\/implurb\/35-notificacoes-desocupar-calcadas\/\"]}]},{\"@type\":\"ImageObject\",\"inLanguage\":\"pt-BR\",\"@id\":\"https:\/\/www.manaus.am.gov.br\/implurb\/35-notificacoes-desocupar-calcadas\/#primaryimage\",\"url\":\"https:\/\/www.manaus.am.gov.br\/implurb\/wp-content\/uploads\/sites\/13\/2025\/08\/mutirao6.jpeg\",\"contentUrl\":\"https:\/\/www.manaus.am.gov.br\/implurb\/wp-content\/uploads\/sites\/13\/2025\/08\/mutirao6.jpeg\",\"width\":4160,\"height\":3120,\"caption\":\"#paratodosverem - Equipe do Implurb executando fiscaliza\u00e7\u00e3o para desocupa\u00e7\u00e3o de cal\u00e7adas\"},{\"@type\":\"BreadcrumbList\",\"@id\":\"https:\/\/www.manaus.am.gov.br\/implurb\/35-notificacoes-desocupar-calcadas\/#breadcrumb\",\"itemListElement\":[{\"@type\":\"ListItem\",\"position\":1,\"name\":\"Home\",\"item\":\"https:\/\/www.manaus.am.gov.br\/implurb\/\"},{\"@type\":\"ListItem\",\"position\":2,\"name\":\"No primeiro dia do \u2018Mutir\u00e3o no Bairro\u2019 no Centro, Prefeitura de Manaus aplica 35 notifica\u00e7\u00f5es para desocupar cal\u00e7adas\u00a0\"}]},{\"@type\":\"WebSite\",\"@id\":\"https:\/\/www.manaus.am.gov.br\/implurb\/#website\",\"url\":\"https:\/\/www.manaus.am.gov.br\/implurb\/\",\"name\":\"IMPLURB\",\"description\":\"Prefeitura de Manaus\",\"potentialAction\":[{\"@type\":\"SearchAction\",\"target\":{\"@type\":\"EntryPoint\",\"urlTemplate\":\"https:\/\/www.manaus.am.gov.br\/implurb\/?s={search_term_string}\"},\"query-input\":\"required name=search_term_string\"}],\"inLanguage\":\"pt-BR\"},{\"@type\":\"Person\",\"@id\":\"https:\/\/www.manaus.am.gov.br\/implurb\/#\/schema\/person\/05d223aea2bf115f9883a6ff3683d81b\",\"name\":\"Bruna Greco\",\"image\":{\"@type\":\"ImageObject\",\"inLanguage\":\"pt-BR\",\"@id\":\"https:\/\/www.manaus.am.gov.br\/implurb\/#\/schema\/person\/image\/\",\"url\":\"https:\/\/secure.gravatar.com\/avatar\/9c877d1a6adc2a055330e5c09a8653ce?s=96&d=mm&r=g\",\"contentUrl\":\"https:\/\/secure.gravatar.com\/avatar\/9c877d1a6adc2a055330e5c09a8653ce?s=96&d=mm&r=g\",\"caption\":\"Bruna Greco\"}}]}<\/script>\n<!-- \/ Yoast SEO plugin. -->","yoast_head_json":{"title":"Prefeitura aplica 35 notifica\u00e7\u00f5es para desocupar cal\u00e7adas","description":"No primeiro dia do \u2018Mutir\u00e3o no Bairro\u2019 no Centro, Prefeitura de Manaus aplica 35 notifica\u00e7\u00f5es para desocupar cal\u00e7adas.","robots":{"index":"noindex","follow":"follow"},"og_locale":"pt_BR","og_type":"article","og_title":"Prefeitura aplica 35 notifica\u00e7\u00f5es para desocupar cal\u00e7adas","og_description":"No primeiro dia do \u2018Mutir\u00e3o no Bairro\u2019 no Centro, Prefeitura de Manaus aplica 35 notifica\u00e7\u00f5es para desocupar cal\u00e7adas.","og_url":"https:\/\/www.manaus.am.gov.br\/implurb\/35-notificacoes-desocupar-calcadas\/","og_site_name":"IMPLURB","article_published_time":"2025-08-04T18:44:25+00:00","article_modified_time":"2025-08-04T19:43:26+00:00","og_image":[{"width":4160,"height":3120,"url":"https:\/\/www.manaus.am.gov.br\/implurb\/wp-content\/uploads\/sites\/13\/2025\/08\/mutirao6.jpeg","type":"image\/jpeg"}],"author":"Bruna Greco","twitter_card":"summary_large_image","twitter_misc":{"Written by":"Bruna Greco","Est. reading time":"5 minutos"},"schema":{"@context":"https:\/\/schema.org","@graph":[{"@type":"WebPage","@id":"https:\/\/www.manaus.am.gov.br\/implurb\/35-notificacoes-desocupar-calcadas\/","url":"https:\/\/www.manaus.am.gov.br\/implurb\/35-notificacoes-desocupar-calcadas\/","name":"Prefeitura aplica 35 notifica\u00e7\u00f5es para desocupar cal\u00e7adas","isPartOf":{"@id":"https:\/\/www.manaus.am.gov.br\/implurb\/#website"},"primaryImageOfPage":{"@id":"https:\/\/www.manaus.am.gov.br\/implurb\/35-notificacoes-desocupar-calcadas\/#primaryimage"},"image":{"@id":"https:\/\/www.manaus.am.gov.br\/implurb\/35-notificacoes-desocupar-calcadas\/#primaryimage"},"thumbnailUrl":"https:\/\/www.manaus.am.gov.br\/implurb\/wp-content\/uploads\/sites\/13\/2025\/08\/mutirao6.jpeg","datePublished":"2025-08-04T18:44:25+00:00","dateModified":"2025-08-04T19:43:26+00:00","author":{"@id":"https:\/\/www.manaus.am.gov.br\/implurb\/#\/schema\/person\/05d223aea2bf115f9883a6ff3683d81b"},"description":"No primeiro dia do \u2018Mutir\u00e3o no Bairro\u2019 no Centro, Prefeitura de Manaus aplica 35 notifica\u00e7\u00f5es para desocupar cal\u00e7adas.","breadcrumb":{"@id":"https:\/\/www.manaus.am.gov.br\/implurb\/35-notificacoes-desocupar-calcadas\/#breadcrumb"},"inLanguage":"pt-BR","potentialAction":[{"@type":"ReadAction","target":["https:\/\/www.manaus.am.gov.br\/implurb\/35-notificacoes-desocupar-calcadas\/"]}]},{"@type":"ImageObject","inLanguage":"pt-BR","@id":"https:\/\/www.manaus.am.gov.br\/implurb\/35-notificacoes-desocupar-calcadas\/#primaryimage","url":"https:\/\/www.manaus.am.gov.br\/implurb\/wp-content\/uploads\/sites\/13\/2025\/08\/mutirao6.jpeg","contentUrl":"https:\/\/www.manaus.am.gov.br\/implurb\/wp-content\/uploads\/sites\/13\/2025\/08\/mutirao6.jpeg","width":4160,"height":3120,"caption":"#paratodosverem - Equipe do Implurb executando fiscaliza\u00e7\u00e3o para desocupa\u00e7\u00e3o de cal\u00e7adas"},{"@type":"BreadcrumbList","@id":"https:\/\/www.manaus.am.gov.br\/implurb\/35-notificacoes-desocupar-calcadas\/#breadcrumb","itemListElement":[{"@type":"ListItem","position":1,"name":"Home","item":"https:\/\/www.manaus.am.gov.br\/implurb\/"},{"@type":"ListItem","position":2,"name":"No primeiro dia do \u2018Mutir\u00e3o no Bairro\u2019 no Centro, Prefeitura de Manaus aplica 35 notifica\u00e7\u00f5es para desocupar cal\u00e7adas\u00a0"}]},{"@type":"WebSite","@id":"https:\/\/www.manaus.am.gov.br\/implurb\/#website","url":"https:\/\/www.manaus.am.gov.br\/implurb\/","name":"IMPLURB","description":"Prefeitura de Manaus","potentialAction":[{"@type":"SearchAction","target":{"@type":"EntryPoint","urlTemplate":"https:\/\/www.manaus.am.gov.br\/implurb\/?s={search_term_string}"},"query-input":"required name=search_term_string"}],"inLanguage":"pt-BR"},{"@type":"Person","@id":"https:\/\/www.manaus.am.gov.br\/implurb\/#\/schema\/person\/05d223aea2bf115f9883a6ff3683d81b","name":"Bruna Greco","image":{"@type":"ImageObject","inLanguage":"pt-BR","@id":"https:\/\/www.manaus.am.gov.br\/implurb\/#\/schema\/person\/image\/","url":"https:\/\/secure.gravatar.com\/avatar\/9c877d1a6adc2a055330e5c09a8653ce?s=96&d=mm&r=g","contentUrl":"https:\/\/secure.gravatar.com\/avatar\/9c877d1a6adc2a055330e5c09a8653ce?s=96&d=mm&r=g","caption":"Bruna Greco"}}]}},"_links":{"self":[{"href":"https:\/\/www.manaus.am.gov.br\/implurb\/wp-json\/wp\/v2\/posts\/6348"}],"collection":[{"href":"https:\/\/www.manaus.am.gov.br\/implurb\/wp-json\/wp\/v2\/posts"}],"about":[{"href":"https:\/\/www.manaus.am.gov.br\/implurb\/wp-json\/wp\/v2\/types\/post"}],"author":[{"embeddable":true,"href":"https:\/\/www.manaus.am.gov.br\/implurb\/wp-json\/wp\/v2\/users\/39"}],"replies":[{"embeddable":true,"href":"https:\/\/www.manaus.am.gov.br\/implurb\/wp-json\/wp\/v2\/comments?post=6348"}],"version-history":[{"count":3,"href":"https:\/\/www.manaus.am.gov.br\/implurb\/wp-json\/wp\/v2\/posts\/6348\/revisions"}],"predecessor-version":[{"id":6353,"href":"https:\/\/www.manaus.am.gov.br\/implurb\/wp-json\/wp\/v2\/posts\/6348\/revisions\/6353"}],"wp:featuredmedia":[{"embeddable":true,"href":"https:\/\/www.manaus.am.gov.br\/implurb\/wp-json\/wp\/v2\/media\/6350"}],"wp:attachment":[{"href":"https:\/\/www.manaus.am.gov.br\/implurb\/wp-json\/wp\/v2\/media?parent=6348"}],"wp:term":[{"taxonomy":"category","embeddable":true,"href":"https:\/\/www.manaus.am.gov.br\/implurb\/wp-json\/wp\/v2\/categories?post=6348"},{"taxonomy":"post_tag","embeddable":true,"href":"https:\/\/www.manaus.am.gov.br\/implurb\/wp-json\/wp\/v2\/tags?post=6348"}],"curies":[{"name":"wp","href":"https:\/\/api.w.org\/{rel}","templated":true}]}}