{"id":6343,"date":"2025-08-01T11:00:09","date_gmt":"2025-08-01T15:00:09","guid":{"rendered":"https:\/\/www.manaus.am.gov.br\/implurb\/prefeitura-implurb-cauam-cooperacaotecnica\/"},"modified":"2025-08-01T11:00:10","modified_gmt":"2025-08-01T15:00:10","slug":"prefeitura-implurb-cauam-cooperacaotecnica","status":"publish","type":"post","link":"https:\/\/www.manaus.am.gov.br\/implurb\/prefeitura-implurb-cauam-cooperacaotecnica\/","title":{"rendered":"Prefeitura de Manaus e CAU-AM assinam termo de coopera\u00e7\u00e3o t\u00e9cnica para fortalecer urbanismo"},"content":{"rendered":"\n<p>Em mais um passo importante para o fortalecimento das pol\u00edticas de urbanismo e arquitetura na capital amazonense, a Prefeitura de Manaus, por meio do Instituto Municipal de Planejamento Urbano (Implurb), e o Conselho de Arquitetura e Urbanismo do Amazonas (CAU-AM) assinaram, na quinta-feira, 31\/7, um termo de coopera\u00e7\u00e3o t\u00e9cnica com vig\u00eancia de 24 meses.<\/p>\n\n\n\n<p>O documento \u00e9 estrat\u00e9gico para unir a capacidade t\u00e9cnica e fiscalizat\u00f3ria do conselho \u00e0 atua\u00e7\u00e3o do instituto no planejamento e gest\u00e3o urbana de Manaus, uma cidade-metr\u00f3pole com mais de 2 milh\u00f5es de habitantes.<\/p>\n\n\n\n<p>A parceria fortalece o compartilhamento de informa\u00e7\u00f5es, a execu\u00e7\u00e3o conjunta de a\u00e7\u00f5es de fiscaliza\u00e7\u00e3o e capacita\u00e7\u00e3o, e fomenta projetos e concursos que elevam a qualidade arquitet\u00f4nica e urban\u00edstica da cidade. Al\u00e9m disso, contribui para ampliar a Assist\u00eancia T\u00e9cnica em Habita\u00e7\u00e3o de Interesse Social (Athis), garantindo que o desenvolvimento urbano esteja alinhado \u00e0 legisla\u00e7\u00e3o, \u00e0s boas pr\u00e1ticas profissionais e \u00e0s necessidades da popula\u00e7\u00e3o.<\/p>\n\n\n\n<p><strong>Parceria<\/strong><\/p>\n\n\n\n<p>Para o diretor-presidente do Implurb, Carlos Valente, a parceria une o conhecimento t\u00e9cnico e acad\u00eamico \u00e0 gest\u00e3o p\u00fablica, ampliando o alcance e a qualidade dos projetos urbanos. \u201cEsse termo \u00e9 muito importante, que une esfor\u00e7os da academia e da entidade representativa dos arquitetos e urbanistas ao trabalho do Implurb. \u00c9 fundamental para produzirmos a\u00e7\u00f5es que alavanquem e melhorem a cidade de Manaus\u201d, destacou Valente.<\/p>\n\n\n\n<p>O presidente do CAU-AM, Fabr\u00edcio Santos, refor\u00e7ou o compromisso da categoria com o desenvolvimento da capital e a relev\u00e2ncia da parceria para atender \u00e0s demandas crescentes do munic\u00edpio.<\/p>\n\n\n\n<p>\u201cN\u00e3o \u00e9 apenas uma assinatura, mas a reafirma\u00e7\u00e3o do compromisso dos arquitetos e urbanistas em apoiar tecnicamente o Implurb, cumprindo suas atribui\u00e7\u00f5es. Acreditamos que esse apoio \u00e9 fundamental para termos uma cidade com mais qualidade projetada, com maior cuidado na parte urbana e habitacional. Obrigado tamb\u00e9m pela disponibilidade e que a gente possa seguir essa parceria por muitos longos anos\u201d, afirmou Santos.<\/p>\n\n\n\n<p>O termo, formalizado com base na Lei n\u00ba 14.133\/2021 e no Decreto n\u00ba 11.531\/2023, ser\u00e1 executado conforme plano de trabalho acordado entre as institui\u00e7\u00f5es e representa um marco para a integra\u00e7\u00e3o de esfor\u00e7os em prol de uma Manaus mais planejada, inclusiva e sustent\u00e1vel.<\/p>\n\n\n\n<p>&#8212; &#8212; &#8212;<\/p>\n\n\n\n<p><strong>Texto<\/strong>&nbsp;\u2013 Claudia do Valle\/ Implurb<\/p>\n\n\n\n<p><strong>Fotos<\/strong> &#8211; Valdo Le\u00e3o\/ Semcom<\/p>\n\n\n\n<p><strong>Dispon\u00edveis em<\/strong> &#8211;&nbsp;<a href=\"https:\/\/flic.kr\/s\/aHBqjCp5Av\" target=\"_blank\" rel=\"noreferrer noopener\">https:\/\/flic.kr\/s\/aHBqjCp5Av<\/a><\/p>\n","protected":false},"excerpt":{"rendered":"","protected":false},"author":23,"featured_media":6344,"comment_status":"closed","ping_status":"closed","sticky":false,"template":"","format":"standard","meta":{"footnotes":""},"categories":[33],"tags":[1830,1531,1785,15],"acf":[],"yoast_head":"<!-- This site is optimized with the Yoast SEO plugin v23.0 - https:\/\/yoast.com\/wordpress\/plugins\/seo\/ -->\n<title>Prefeitura de Manaus e CAU-AM assinam termo de coopera\u00e7\u00e3o t\u00e9cnica para fortalecer urbanismo<\/title>\n<meta name=\"description\" content=\"Em mais um passo importante para o fortalecimento das pol\u00edticas de urbanismo e arquitetura na capital amazonense, a Prefeitura de Manaus, por meio do Instituto Municipal de Planejamento Urbano (Implurb), e o Conselho de Arquitetura e Urbanismo do Amazonas (CAU-AM) assinaram, na quinta-feira, 31\/7, um termo de coopera\u00e7\u00e3o t\u00e9cnica com vig\u00eancia de 24 meses.\" \/>\n<meta name=\"robots\" content=\"noindex, follow\" \/>\n<meta property=\"og:locale\" content=\"pt_BR\" \/>\n<meta property=\"og:type\" content=\"article\" \/>\n<meta property=\"og:title\" content=\"Prefeitura de Manaus e CAU-AM assinam termo de coopera\u00e7\u00e3o t\u00e9cnica para fortalecer urbanismo\" \/>\n<meta property=\"og:description\" content=\"Em mais um passo importante para o fortalecimento das pol\u00edticas de urbanismo e arquitetura na capital amazonense, a Prefeitura de Manaus, por meio do Instituto Municipal de Planejamento Urbano (Implurb), e o Conselho de Arquitetura e Urbanismo do Amazonas (CAU-AM) assinaram, na quinta-feira, 31\/7, um termo de coopera\u00e7\u00e3o t\u00e9cnica com vig\u00eancia de 24 meses.\" \/>\n<meta property=\"og:url\" content=\"https:\/\/www.manaus.am.gov.br\/implurb\/prefeitura-implurb-cauam-cooperacaotecnica\/\" \/>\n<meta property=\"og:site_name\" content=\"IMPLURB\" \/>\n<meta property=\"article:published_time\" content=\"2025-08-01T15:00:09+00:00\" \/>\n<meta property=\"article:modified_time\" content=\"2025-08-01T15:00:10+00:00\" \/>\n<meta property=\"og:image\" content=\"https:\/\/www.manaus.am.gov.br\/implurb\/wp-content\/uploads\/sites\/13\/2025\/08\/54691616700_4059408507_c.jpg\" \/>\n\t<meta property=\"og:image:width\" content=\"799\" \/>\n\t<meta property=\"og:image:height\" content=\"533\" \/>\n\t<meta property=\"og:image:type\" content=\"image\/jpeg\" \/>\n<meta name=\"author\" content=\"Adriana Costa\" \/>\n<meta name=\"twitter:card\" content=\"summary_large_image\" \/>\n<meta name=\"twitter:label1\" content=\"Written by\" \/>\n\t<meta name=\"twitter:data1\" content=\"Adriana Costa\" \/>\n\t<meta name=\"twitter:label2\" content=\"Est. reading time\" \/>\n\t<meta name=\"twitter:data2\" content=\"3 minutos\" \/>\n<script type=\"application\/ld+json\" class=\"yoast-schema-graph\">{\"@context\":\"https:\/\/schema.org\",\"@graph\":[{\"@type\":\"WebPage\",\"@id\":\"https:\/\/www.manaus.am.gov.br\/implurb\/prefeitura-implurb-cauam-cooperacaotecnica\/\",\"url\":\"https:\/\/www.manaus.am.gov.br\/implurb\/prefeitura-implurb-cauam-cooperacaotecnica\/\",\"name\":\"Prefeitura de Manaus e CAU-AM assinam termo de coopera\u00e7\u00e3o t\u00e9cnica para fortalecer urbanismo\",\"isPartOf\":{\"@id\":\"https:\/\/www.manaus.am.gov.br\/implurb\/#website\"},\"primaryImageOfPage\":{\"@id\":\"https:\/\/www.manaus.am.gov.br\/implurb\/prefeitura-implurb-cauam-cooperacaotecnica\/#primaryimage\"},\"image\":{\"@id\":\"https:\/\/www.manaus.am.gov.br\/implurb\/prefeitura-implurb-cauam-cooperacaotecnica\/#primaryimage\"},\"thumbnailUrl\":\"https:\/\/www.manaus.am.gov.br\/implurb\/wp-content\/uploads\/sites\/13\/2025\/08\/54691616700_4059408507_c.jpg\",\"datePublished\":\"2025-08-01T15:00:09+00:00\",\"dateModified\":\"2025-08-01T15:00:10+00:00\",\"author\":{\"@id\":\"https:\/\/www.manaus.am.gov.br\/implurb\/#\/schema\/person\/4e49f4e267757a06ca072ec61b2b9968\"},\"description\":\"Em mais um passo importante para o fortalecimento das pol\u00edticas de urbanismo e arquitetura na capital amazonense, a Prefeitura de Manaus, por meio do Instituto Municipal de Planejamento Urbano (Implurb), e o Conselho de Arquitetura e Urbanismo do Amazonas (CAU-AM) assinaram, na quinta-feira, 31\/7, um termo de coopera\u00e7\u00e3o t\u00e9cnica com vig\u00eancia de 24 meses.\",\"breadcrumb\":{\"@id\":\"https:\/\/www.manaus.am.gov.br\/implurb\/prefeitura-implurb-cauam-cooperacaotecnica\/#breadcrumb\"},\"inLanguage\":\"pt-BR\",\"potentialAction\":[{\"@type\":\"ReadAction\",\"target\":[\"https:\/\/www.manaus.am.gov.br\/implurb\/prefeitura-implurb-cauam-cooperacaotecnica\/\"]}]},{\"@type\":\"ImageObject\",\"inLanguage\":\"pt-BR\",\"@id\":\"https:\/\/www.manaus.am.gov.br\/implurb\/prefeitura-implurb-cauam-cooperacaotecnica\/#primaryimage\",\"url\":\"https:\/\/www.manaus.am.gov.br\/implurb\/wp-content\/uploads\/sites\/13\/2025\/08\/54691616700_4059408507_c.jpg\",\"contentUrl\":\"https:\/\/www.manaus.am.gov.br\/implurb\/wp-content\/uploads\/sites\/13\/2025\/08\/54691616700_4059408507_c.jpg\",\"width\":799,\"height\":533},{\"@type\":\"BreadcrumbList\",\"@id\":\"https:\/\/www.manaus.am.gov.br\/implurb\/prefeitura-implurb-cauam-cooperacaotecnica\/#breadcrumb\",\"itemListElement\":[{\"@type\":\"ListItem\",\"position\":1,\"name\":\"Home\",\"item\":\"https:\/\/www.manaus.am.gov.br\/implurb\/\"},{\"@type\":\"ListItem\",\"position\":2,\"name\":\"Prefeitura de Manaus e CAU-AM assinam termo de coopera\u00e7\u00e3o t\u00e9cnica para fortalecer urbanismo\"}]},{\"@type\":\"WebSite\",\"@id\":\"https:\/\/www.manaus.am.gov.br\/implurb\/#website\",\"url\":\"https:\/\/www.manaus.am.gov.br\/implurb\/\",\"name\":\"IMPLURB\",\"description\":\"Prefeitura de Manaus\",\"potentialAction\":[{\"@type\":\"SearchAction\",\"target\":{\"@type\":\"EntryPoint\",\"urlTemplate\":\"https:\/\/www.manaus.am.gov.br\/implurb\/?s={search_term_string}\"},\"query-input\":\"required name=search_term_string\"}],\"inLanguage\":\"pt-BR\"},{\"@type\":\"Person\",\"@id\":\"https:\/\/www.manaus.am.gov.br\/implurb\/#\/schema\/person\/4e49f4e267757a06ca072ec61b2b9968\",\"name\":\"Adriana Costa\",\"image\":{\"@type\":\"ImageObject\",\"inLanguage\":\"pt-BR\",\"@id\":\"https:\/\/www.manaus.am.gov.br\/implurb\/#\/schema\/person\/image\/\",\"url\":\"https:\/\/secure.gravatar.com\/avatar\/576258617ef7194f718179e766d57bd4?s=96&d=mm&r=g\",\"contentUrl\":\"https:\/\/secure.gravatar.com\/avatar\/576258617ef7194f718179e766d57bd4?s=96&d=mm&r=g\",\"caption\":\"Adriana Costa\"}}]}<\/script>\n<!-- \/ Yoast SEO plugin. -->","yoast_head_json":{"title":"Prefeitura de Manaus e CAU-AM assinam termo de coopera\u00e7\u00e3o t\u00e9cnica para fortalecer urbanismo","description":"Em mais um passo importante para o fortalecimento das pol\u00edticas de urbanismo e arquitetura na capital amazonense, a Prefeitura de Manaus, por meio do Instituto Municipal de Planejamento Urbano (Implurb), e o Conselho de Arquitetura e Urbanismo do Amazonas (CAU-AM) assinaram, na quinta-feira, 31\/7, um termo de coopera\u00e7\u00e3o t\u00e9cnica com vig\u00eancia de 24 meses.","robots":{"index":"noindex","follow":"follow"},"og_locale":"pt_BR","og_type":"article","og_title":"Prefeitura de Manaus e CAU-AM assinam termo de coopera\u00e7\u00e3o t\u00e9cnica para fortalecer urbanismo","og_description":"Em mais um passo importante para o fortalecimento das pol\u00edticas de urbanismo e arquitetura na capital amazonense, a Prefeitura de Manaus, por meio do Instituto Municipal de Planejamento Urbano (Implurb), e o Conselho de Arquitetura e Urbanismo do Amazonas (CAU-AM) assinaram, na quinta-feira, 31\/7, um termo de coopera\u00e7\u00e3o t\u00e9cnica com vig\u00eancia de 24 meses.","og_url":"https:\/\/www.manaus.am.gov.br\/implurb\/prefeitura-implurb-cauam-cooperacaotecnica\/","og_site_name":"IMPLURB","article_published_time":"2025-08-01T15:00:09+00:00","article_modified_time":"2025-08-01T15:00:10+00:00","og_image":[{"width":799,"height":533,"url":"https:\/\/www.manaus.am.gov.br\/implurb\/wp-content\/uploads\/sites\/13\/2025\/08\/54691616700_4059408507_c.jpg","type":"image\/jpeg"}],"author":"Adriana Costa","twitter_card":"summary_large_image","twitter_misc":{"Written by":"Adriana Costa","Est. reading time":"3 minutos"},"schema":{"@context":"https:\/\/schema.org","@graph":[{"@type":"WebPage","@id":"https:\/\/www.manaus.am.gov.br\/implurb\/prefeitura-implurb-cauam-cooperacaotecnica\/","url":"https:\/\/www.manaus.am.gov.br\/implurb\/prefeitura-implurb-cauam-cooperacaotecnica\/","name":"Prefeitura de Manaus e CAU-AM assinam termo de coopera\u00e7\u00e3o t\u00e9cnica para fortalecer urbanismo","isPartOf":{"@id":"https:\/\/www.manaus.am.gov.br\/implurb\/#website"},"primaryImageOfPage":{"@id":"https:\/\/www.manaus.am.gov.br\/implurb\/prefeitura-implurb-cauam-cooperacaotecnica\/#primaryimage"},"image":{"@id":"https:\/\/www.manaus.am.gov.br\/implurb\/prefeitura-implurb-cauam-cooperacaotecnica\/#primaryimage"},"thumbnailUrl":"https:\/\/www.manaus.am.gov.br\/implurb\/wp-content\/uploads\/sites\/13\/2025\/08\/54691616700_4059408507_c.jpg","datePublished":"2025-08-01T15:00:09+00:00","dateModified":"2025-08-01T15:00:10+00:00","author":{"@id":"https:\/\/www.manaus.am.gov.br\/implurb\/#\/schema\/person\/4e49f4e267757a06ca072ec61b2b9968"},"description":"Em mais um passo importante para o fortalecimento das pol\u00edticas de urbanismo e arquitetura na capital amazonense, a Prefeitura de Manaus, por meio do Instituto Municipal de Planejamento Urbano (Implurb), e o Conselho de Arquitetura e Urbanismo do Amazonas (CAU-AM) assinaram, na quinta-feira, 31\/7, um termo de coopera\u00e7\u00e3o t\u00e9cnica com vig\u00eancia de 24 meses.","breadcrumb":{"@id":"https:\/\/www.manaus.am.gov.br\/implurb\/prefeitura-implurb-cauam-cooperacaotecnica\/#breadcrumb"},"inLanguage":"pt-BR","potentialAction":[{"@type":"ReadAction","target":["https:\/\/www.manaus.am.gov.br\/implurb\/prefeitura-implurb-cauam-cooperacaotecnica\/"]}]},{"@type":"ImageObject","inLanguage":"pt-BR","@id":"https:\/\/www.manaus.am.gov.br\/implurb\/prefeitura-implurb-cauam-cooperacaotecnica\/#primaryimage","url":"https:\/\/www.manaus.am.gov.br\/implurb\/wp-content\/uploads\/sites\/13\/2025\/08\/54691616700_4059408507_c.jpg","contentUrl":"https:\/\/www.manaus.am.gov.br\/implurb\/wp-content\/uploads\/sites\/13\/2025\/08\/54691616700_4059408507_c.jpg","width":799,"height":533},{"@type":"BreadcrumbList","@id":"https:\/\/www.manaus.am.gov.br\/implurb\/prefeitura-implurb-cauam-cooperacaotecnica\/#breadcrumb","itemListElement":[{"@type":"ListItem","position":1,"name":"Home","item":"https:\/\/www.manaus.am.gov.br\/implurb\/"},{"@type":"ListItem","position":2,"name":"Prefeitura de Manaus e CAU-AM assinam termo de coopera\u00e7\u00e3o t\u00e9cnica para fortalecer urbanismo"}]},{"@type":"WebSite","@id":"https:\/\/www.manaus.am.gov.br\/implurb\/#website","url":"https:\/\/www.manaus.am.gov.br\/implurb\/","name":"IMPLURB","description":"Prefeitura de Manaus","potentialAction":[{"@type":"SearchAction","target":{"@type":"EntryPoint","urlTemplate":"https:\/\/www.manaus.am.gov.br\/implurb\/?s={search_term_string}"},"query-input":"required name=search_term_string"}],"inLanguage":"pt-BR"},{"@type":"Person","@id":"https:\/\/www.manaus.am.gov.br\/implurb\/#\/schema\/person\/4e49f4e267757a06ca072ec61b2b9968","name":"Adriana Costa","image":{"@type":"ImageObject","inLanguage":"pt-BR","@id":"https:\/\/www.manaus.am.gov.br\/implurb\/#\/schema\/person\/image\/","url":"https:\/\/secure.gravatar.com\/avatar\/576258617ef7194f718179e766d57bd4?s=96&d=mm&r=g","contentUrl":"https:\/\/secure.gravatar.com\/avatar\/576258617ef7194f718179e766d57bd4?s=96&d=mm&r=g","caption":"Adriana Costa"}}]}},"_links":{"self":[{"href":"https:\/\/www.manaus.am.gov.br\/implurb\/wp-json\/wp\/v2\/posts\/6343"}],"collection":[{"href":"https:\/\/www.manaus.am.gov.br\/implurb\/wp-json\/wp\/v2\/posts"}],"about":[{"href":"https:\/\/www.manaus.am.gov.br\/implurb\/wp-json\/wp\/v2\/types\/post"}],"author":[{"embeddable":true,"href":"https:\/\/www.manaus.am.gov.br\/implurb\/wp-json\/wp\/v2\/users\/23"}],"replies":[{"embeddable":true,"href":"https:\/\/www.manaus.am.gov.br\/implurb\/wp-json\/wp\/v2\/comments?post=6343"}],"version-history":[{"count":0,"href":"https:\/\/www.manaus.am.gov.br\/implurb\/wp-json\/wp\/v2\/posts\/6343\/revisions"}],"wp:featuredmedia":[{"embeddable":true,"href":"https:\/\/www.manaus.am.gov.br\/implurb\/wp-json\/wp\/v2\/media\/6344"}],"wp:attachment":[{"href":"https:\/\/www.manaus.am.gov.br\/implurb\/wp-json\/wp\/v2\/media?parent=6343"}],"wp:term":[{"taxonomy":"category","embeddable":true,"href":"https:\/\/www.manaus.am.gov.br\/implurb\/wp-json\/wp\/v2\/categories?post=6343"},{"taxonomy":"post_tag","embeddable":true,"href":"https:\/\/www.manaus.am.gov.br\/implurb\/wp-json\/wp\/v2\/tags?post=6343"}],"curies":[{"name":"wp","href":"https:\/\/api.w.org\/{rel}","templated":true}]}}