{"id":6330,"date":"2025-07-25T10:22:20","date_gmt":"2025-07-25T14:22:20","guid":{"rendered":"https:\/\/www.manaus.am.gov.br\/implurb\/prefeitura-implurb-habitese-semestre\/"},"modified":"2025-07-25T10:22:22","modified_gmt":"2025-07-25T14:22:22","slug":"prefeitura-implurb-habitese-semestre","status":"publish","type":"post","link":"https:\/\/www.manaus.am.gov.br\/implurb\/prefeitura-implurb-habitese-semestre\/","title":{"rendered":"Prefeitura de Manaus licencia mais de 410 mil em metros quadrados de Habite-se no semestre"},"content":{"rendered":"\n<p>Com foco na regulariza\u00e7\u00e3o e na seguran\u00e7a na constru\u00e7\u00e3o civil, a Prefeitura de Manaus, via Instituto Municipal de Planejamento Urbano (Implurb), teve 25% de alta na regulariza\u00e7\u00e3o de volume em \u00e1rea de Habite-se nos seis primeiros meses de 2025. Foram mais de 413 mil metros quadrados de janeiro a junho, contra 330,4 mil metros quadrados do ano anterior.<\/p>\n\n\n\n<p>No semestre, o Implurb fez a emiss\u00e3o de 370 certid\u00f5es de Habite-se. Em toda a gest\u00e3o do prefeito David Almeida j\u00e1 foram expedidos 3.189 documentos e regularizados 4,2 milh\u00f5es de metros quadrados, de janeiro de 2021 a junho de 2025.<\/p>\n\n\n\n<p>Regulariza\u00e7\u00e3o e&nbsp;Habite-se&nbsp;\u00e9 o servi\u00e7o utilizado para as obras constru\u00eddas sem licen\u00e7a e aprova\u00e7\u00e3o, mas que podem ser regularizadas posteriormente, dentro dos mesmos crit\u00e9rios e par\u00e2metros estabelecidos pelo Plano Diretor de Manaus.<\/p>\n\n\n\n<p>\u201cEstamos focados em metas claras e indicadores de efici\u00eancia para garantir avan\u00e7os constantes, com menos burocracia e mais agilidade nos processos, sempre dentro da legalidade. A meta da gest\u00e3o do prefeito David Almeida \u00e9 transformar Manaus em uma das melhores cidades para fazer neg\u00f3cios no Brasil\u201d, afirmou o diretor-presidente do Implurb, engenheiro Carlos Valente.<\/p>\n\n\n\n<p><strong>C\u00f3digo de Obras<\/strong><\/p>\n\n\n\n<p>O documento legal da certid\u00e3o de&nbsp;Habite-se&nbsp;consta no artigo 33, da Lei 673\/02, referente ao C\u00f3digo de Obras do Munic\u00edpio, uma das leis do Plano Diretor de Manaus. A certid\u00e3o atesta que o im\u00f3vel foi constru\u00eddo de acordo com o projeto aprovado e licenciado, seguindo-se&nbsp;as exig\u00eancias estabelecidas pela legisla\u00e7\u00e3o urbana em vigor. A lista com os documentos necess\u00e1rios para dar entrada em projetos e licen\u00e7as junto ao&nbsp;Implurb&nbsp;pode ser acessada no site&nbsp;do \u00f3rg\u00e3o.<\/p>\n\n\n\n<p>A concess\u00e3o da certid\u00e3o de Habite-se implica no reconhecimento da prefeitura de que foram cumpridas todas as formalidades legais, desde o licenciamento at\u00e9 o cumprimento correto das restri\u00e7\u00f5es contidas no alvar\u00e1 inicial. Enquanto o in\u00edcio da obra tem sua autoriza\u00e7\u00e3o legal a partir do alvar\u00e1 de constru\u00e7\u00e3o, sua conclus\u00e3o ser\u00e1 atestada pela emiss\u00e3o da certid\u00e3o.<\/p>\n\n\n\n<p>Com o&nbsp;Habite-se, o propriet\u00e1rio tem a garantia de que a constru\u00e7\u00e3o seguiu corretamente o que estava previsto no projeto aprovado e licenciado, respeitando os par\u00e2metros legais da legisla\u00e7\u00e3o e normas t\u00e9cnicas, atendendo a aspectos relacionados ao meio ambiente, preven\u00e7\u00e3o de combate a inc\u00eandio, esgotamento sanit\u00e1rio, seguran\u00e7a, ocupa\u00e7\u00e3o do lote, \u00e1rea constru\u00edda, integridade f\u00edsica e estrutural, entre outros itens.<\/p>\n\n\n\n<p>Regulariza\u00e7\u00e3o<\/p>\n\n\n\n<p>Habite-se quer dizer &#8220;pode habitar, pode morar&#8221;. \u00c9 a etapa final do processo de constru\u00e7\u00e3o, validando que tudo foi feito conforme o projeto aprovado e dentro da lei.<\/p>\n\n\n\n<p>A emiss\u00e3o do documento \u00e9 importante por:<\/p>\n\n\n\n<p>Confirmar a conclus\u00e3o regular da obra;<\/p>\n\n\n\n<p>Permitir a averba\u00e7\u00e3o do im\u00f3vel no Cart\u00f3rio de Registro de Im\u00f3veis;<\/p>\n\n\n\n<p>Evitar preju\u00edzos jur\u00eddicos, financeiros e estruturais para o propriet\u00e1rio;<\/p>\n\n\n\n<p>\u00c9 requisito para financiamento e seguro imobili\u00e1rio;<\/p>\n\n\n\n<p>Viabiliza a constitui\u00e7\u00e3o legal de condom\u00ednio em edif\u00edcios.<\/p>\n\n\n\n<p>O que pode acontecer se o im\u00f3vel n\u00e3o tiver Habite-se?<\/p>\n\n\n\n<p>N\u00e3o \u00e9 poss\u00edvel registrar o im\u00f3vel no cart\u00f3rio \u2013 legalmente, ele &#8220;n\u00e3o existe&#8221;;<\/p>\n\n\n\n<p>Fica impedido de ser financiado por bancos e institui\u00e7\u00f5es financeiras;<\/p>\n\n\n\n<p>Pode ser desvalorizado no mercado e ter venda ou aluguel dificultados;<\/p>\n\n\n\n<p>N\u00e3o pode ser inclu\u00eddo em heran\u00e7a e nem doado;<\/p>\n\n\n\n<p>Fica sem cobertura de seguro ou perde direito \u00e0 indeniza\u00e7\u00e3o em caso de sinistro;<\/p>\n\n\n\n<p>Estabelecimentos comerciais n\u00e3o conseguem alvar\u00e1 definitivo;<\/p>\n\n\n\n<p>N\u00e3o \u00e9 poss\u00edvel criar condom\u00ednio legal e nem organizar a administra\u00e7\u00e3o do pr\u00e9dio.<\/p>\n\n\n\n<p>&#8212; &#8212; &#8212;<\/p>\n\n\n\n<p><strong>Texto\u00a0<\/strong>\u2013 Claudia do Valle\/ Implurb<\/p>\n\n\n\n<p><strong>Fotos\u00a0<\/strong>&#8211; Maxwell Oliveira\/ Implurb<\/p>\n","protected":false},"excerpt":{"rendered":"","protected":false},"author":23,"featured_media":6331,"comment_status":"closed","ping_status":"closed","sticky":false,"template":"","format":"standard","meta":{"footnotes":""},"categories":[33],"tags":[106,11,107,15,1825],"acf":[],"yoast_head":"<!-- This site is optimized with the Yoast SEO plugin v23.0 - https:\/\/yoast.com\/wordpress\/plugins\/seo\/ -->\n<title>Prefeitura de Manaus licencia mais de 410 mil em metros quadrados de Habite-se no semestre<\/title>\n<meta name=\"description\" content=\"Com foco na regulariza\u00e7\u00e3o e na seguran\u00e7a na constru\u00e7\u00e3o civil, a Prefeitura de Manaus, via Instituto Municipal de Planejamento Urbano (Implurb), teve 25% de alta na regulariza\u00e7\u00e3o de volume em \u00e1rea de Habite-se nos seis primeiros meses de 2025. Foram mais de 413 mil metros quadrados de janeiro a junho, contra 330,4 mil metros quadrados do ano anterior.\" \/>\n<meta name=\"robots\" content=\"noindex, follow\" \/>\n<meta property=\"og:locale\" content=\"pt_BR\" \/>\n<meta property=\"og:type\" content=\"article\" \/>\n<meta property=\"og:title\" content=\"Prefeitura de Manaus licencia mais de 410 mil em metros quadrados de Habite-se no semestre\" \/>\n<meta property=\"og:description\" content=\"Com foco na regulariza\u00e7\u00e3o e na seguran\u00e7a na constru\u00e7\u00e3o civil, a Prefeitura de Manaus, via Instituto Municipal de Planejamento Urbano (Implurb), teve 25% de alta na regulariza\u00e7\u00e3o de volume em \u00e1rea de Habite-se nos seis primeiros meses de 2025. Foram mais de 413 mil metros quadrados de janeiro a junho, contra 330,4 mil metros quadrados do ano anterior.\" \/>\n<meta property=\"og:url\" content=\"https:\/\/www.manaus.am.gov.br\/implurb\/prefeitura-implurb-habitese-semestre\/\" \/>\n<meta property=\"og:site_name\" content=\"IMPLURB\" \/>\n<meta property=\"article:published_time\" content=\"2025-07-25T14:22:20+00:00\" \/>\n<meta property=\"article:modified_time\" content=\"2025-07-25T14:22:22+00:00\" \/>\n<meta property=\"og:image\" content=\"https:\/\/www.manaus.am.gov.br\/implurb\/wp-content\/uploads\/sites\/13\/2025\/07\/habitese2-1.jpeg\" \/>\n\t<meta property=\"og:image:width\" content=\"4032\" \/>\n\t<meta property=\"og:image:height\" content=\"3024\" \/>\n\t<meta property=\"og:image:type\" content=\"image\/jpeg\" \/>\n<meta name=\"author\" content=\"Adriana Costa\" \/>\n<meta name=\"twitter:card\" content=\"summary_large_image\" \/>\n<meta name=\"twitter:label1\" content=\"Written by\" \/>\n\t<meta name=\"twitter:data1\" content=\"Adriana Costa\" \/>\n\t<meta name=\"twitter:label2\" content=\"Est. reading time\" \/>\n\t<meta name=\"twitter:data2\" content=\"4 minutos\" \/>\n<script type=\"application\/ld+json\" class=\"yoast-schema-graph\">{\"@context\":\"https:\/\/schema.org\",\"@graph\":[{\"@type\":\"WebPage\",\"@id\":\"https:\/\/www.manaus.am.gov.br\/implurb\/prefeitura-implurb-habitese-semestre\/\",\"url\":\"https:\/\/www.manaus.am.gov.br\/implurb\/prefeitura-implurb-habitese-semestre\/\",\"name\":\"Prefeitura de Manaus licencia mais de 410 mil em metros quadrados de Habite-se no semestre\",\"isPartOf\":{\"@id\":\"https:\/\/www.manaus.am.gov.br\/implurb\/#website\"},\"primaryImageOfPage\":{\"@id\":\"https:\/\/www.manaus.am.gov.br\/implurb\/prefeitura-implurb-habitese-semestre\/#primaryimage\"},\"image\":{\"@id\":\"https:\/\/www.manaus.am.gov.br\/implurb\/prefeitura-implurb-habitese-semestre\/#primaryimage\"},\"thumbnailUrl\":\"https:\/\/www.manaus.am.gov.br\/implurb\/wp-content\/uploads\/sites\/13\/2025\/07\/habitese2-1.jpeg\",\"datePublished\":\"2025-07-25T14:22:20+00:00\",\"dateModified\":\"2025-07-25T14:22:22+00:00\",\"author\":{\"@id\":\"https:\/\/www.manaus.am.gov.br\/implurb\/#\/schema\/person\/4e49f4e267757a06ca072ec61b2b9968\"},\"description\":\"Com foco na regulariza\u00e7\u00e3o e na seguran\u00e7a na constru\u00e7\u00e3o civil, a Prefeitura de Manaus, via Instituto Municipal de Planejamento Urbano (Implurb), teve 25% de alta na regulariza\u00e7\u00e3o de volume em \u00e1rea de Habite-se nos seis primeiros meses de 2025. Foram mais de 413 mil metros quadrados de janeiro a junho, contra 330,4 mil metros quadrados do ano anterior.\",\"breadcrumb\":{\"@id\":\"https:\/\/www.manaus.am.gov.br\/implurb\/prefeitura-implurb-habitese-semestre\/#breadcrumb\"},\"inLanguage\":\"pt-BR\",\"potentialAction\":[{\"@type\":\"ReadAction\",\"target\":[\"https:\/\/www.manaus.am.gov.br\/implurb\/prefeitura-implurb-habitese-semestre\/\"]}]},{\"@type\":\"ImageObject\",\"inLanguage\":\"pt-BR\",\"@id\":\"https:\/\/www.manaus.am.gov.br\/implurb\/prefeitura-implurb-habitese-semestre\/#primaryimage\",\"url\":\"https:\/\/www.manaus.am.gov.br\/implurb\/wp-content\/uploads\/sites\/13\/2025\/07\/habitese2-1.jpeg\",\"contentUrl\":\"https:\/\/www.manaus.am.gov.br\/implurb\/wp-content\/uploads\/sites\/13\/2025\/07\/habitese2-1.jpeg\",\"width\":4032,\"height\":3024},{\"@type\":\"BreadcrumbList\",\"@id\":\"https:\/\/www.manaus.am.gov.br\/implurb\/prefeitura-implurb-habitese-semestre\/#breadcrumb\",\"itemListElement\":[{\"@type\":\"ListItem\",\"position\":1,\"name\":\"Home\",\"item\":\"https:\/\/www.manaus.am.gov.br\/implurb\/\"},{\"@type\":\"ListItem\",\"position\":2,\"name\":\"Prefeitura de Manaus licencia mais de 410 mil em metros quadrados de Habite-se no semestre\"}]},{\"@type\":\"WebSite\",\"@id\":\"https:\/\/www.manaus.am.gov.br\/implurb\/#website\",\"url\":\"https:\/\/www.manaus.am.gov.br\/implurb\/\",\"name\":\"IMPLURB\",\"description\":\"Prefeitura de Manaus\",\"potentialAction\":[{\"@type\":\"SearchAction\",\"target\":{\"@type\":\"EntryPoint\",\"urlTemplate\":\"https:\/\/www.manaus.am.gov.br\/implurb\/?s={search_term_string}\"},\"query-input\":\"required name=search_term_string\"}],\"inLanguage\":\"pt-BR\"},{\"@type\":\"Person\",\"@id\":\"https:\/\/www.manaus.am.gov.br\/implurb\/#\/schema\/person\/4e49f4e267757a06ca072ec61b2b9968\",\"name\":\"Adriana Costa\",\"image\":{\"@type\":\"ImageObject\",\"inLanguage\":\"pt-BR\",\"@id\":\"https:\/\/www.manaus.am.gov.br\/implurb\/#\/schema\/person\/image\/\",\"url\":\"https:\/\/secure.gravatar.com\/avatar\/576258617ef7194f718179e766d57bd4?s=96&d=mm&r=g\",\"contentUrl\":\"https:\/\/secure.gravatar.com\/avatar\/576258617ef7194f718179e766d57bd4?s=96&d=mm&r=g\",\"caption\":\"Adriana Costa\"}}]}<\/script>\n<!-- \/ Yoast SEO plugin. -->","yoast_head_json":{"title":"Prefeitura de Manaus licencia mais de 410 mil em metros quadrados de Habite-se no semestre","description":"Com foco na regulariza\u00e7\u00e3o e na seguran\u00e7a na constru\u00e7\u00e3o civil, a Prefeitura de Manaus, via Instituto Municipal de Planejamento Urbano (Implurb), teve 25% de alta na regulariza\u00e7\u00e3o de volume em \u00e1rea de Habite-se nos seis primeiros meses de 2025. Foram mais de 413 mil metros quadrados de janeiro a junho, contra 330,4 mil metros quadrados do ano anterior.","robots":{"index":"noindex","follow":"follow"},"og_locale":"pt_BR","og_type":"article","og_title":"Prefeitura de Manaus licencia mais de 410 mil em metros quadrados de Habite-se no semestre","og_description":"Com foco na regulariza\u00e7\u00e3o e na seguran\u00e7a na constru\u00e7\u00e3o civil, a Prefeitura de Manaus, via Instituto Municipal de Planejamento Urbano (Implurb), teve 25% de alta na regulariza\u00e7\u00e3o de volume em \u00e1rea de Habite-se nos seis primeiros meses de 2025. Foram mais de 413 mil metros quadrados de janeiro a junho, contra 330,4 mil metros quadrados do ano anterior.","og_url":"https:\/\/www.manaus.am.gov.br\/implurb\/prefeitura-implurb-habitese-semestre\/","og_site_name":"IMPLURB","article_published_time":"2025-07-25T14:22:20+00:00","article_modified_time":"2025-07-25T14:22:22+00:00","og_image":[{"width":4032,"height":3024,"url":"https:\/\/www.manaus.am.gov.br\/implurb\/wp-content\/uploads\/sites\/13\/2025\/07\/habitese2-1.jpeg","type":"image\/jpeg"}],"author":"Adriana Costa","twitter_card":"summary_large_image","twitter_misc":{"Written by":"Adriana Costa","Est. reading time":"4 minutos"},"schema":{"@context":"https:\/\/schema.org","@graph":[{"@type":"WebPage","@id":"https:\/\/www.manaus.am.gov.br\/implurb\/prefeitura-implurb-habitese-semestre\/","url":"https:\/\/www.manaus.am.gov.br\/implurb\/prefeitura-implurb-habitese-semestre\/","name":"Prefeitura de Manaus licencia mais de 410 mil em metros quadrados de Habite-se no semestre","isPartOf":{"@id":"https:\/\/www.manaus.am.gov.br\/implurb\/#website"},"primaryImageOfPage":{"@id":"https:\/\/www.manaus.am.gov.br\/implurb\/prefeitura-implurb-habitese-semestre\/#primaryimage"},"image":{"@id":"https:\/\/www.manaus.am.gov.br\/implurb\/prefeitura-implurb-habitese-semestre\/#primaryimage"},"thumbnailUrl":"https:\/\/www.manaus.am.gov.br\/implurb\/wp-content\/uploads\/sites\/13\/2025\/07\/habitese2-1.jpeg","datePublished":"2025-07-25T14:22:20+00:00","dateModified":"2025-07-25T14:22:22+00:00","author":{"@id":"https:\/\/www.manaus.am.gov.br\/implurb\/#\/schema\/person\/4e49f4e267757a06ca072ec61b2b9968"},"description":"Com foco na regulariza\u00e7\u00e3o e na seguran\u00e7a na constru\u00e7\u00e3o civil, a Prefeitura de Manaus, via Instituto Municipal de Planejamento Urbano (Implurb), teve 25% de alta na regulariza\u00e7\u00e3o de volume em \u00e1rea de Habite-se nos seis primeiros meses de 2025. Foram mais de 413 mil metros quadrados de janeiro a junho, contra 330,4 mil metros quadrados do ano anterior.","breadcrumb":{"@id":"https:\/\/www.manaus.am.gov.br\/implurb\/prefeitura-implurb-habitese-semestre\/#breadcrumb"},"inLanguage":"pt-BR","potentialAction":[{"@type":"ReadAction","target":["https:\/\/www.manaus.am.gov.br\/implurb\/prefeitura-implurb-habitese-semestre\/"]}]},{"@type":"ImageObject","inLanguage":"pt-BR","@id":"https:\/\/www.manaus.am.gov.br\/implurb\/prefeitura-implurb-habitese-semestre\/#primaryimage","url":"https:\/\/www.manaus.am.gov.br\/implurb\/wp-content\/uploads\/sites\/13\/2025\/07\/habitese2-1.jpeg","contentUrl":"https:\/\/www.manaus.am.gov.br\/implurb\/wp-content\/uploads\/sites\/13\/2025\/07\/habitese2-1.jpeg","width":4032,"height":3024},{"@type":"BreadcrumbList","@id":"https:\/\/www.manaus.am.gov.br\/implurb\/prefeitura-implurb-habitese-semestre\/#breadcrumb","itemListElement":[{"@type":"ListItem","position":1,"name":"Home","item":"https:\/\/www.manaus.am.gov.br\/implurb\/"},{"@type":"ListItem","position":2,"name":"Prefeitura de Manaus licencia mais de 410 mil em metros quadrados de Habite-se no semestre"}]},{"@type":"WebSite","@id":"https:\/\/www.manaus.am.gov.br\/implurb\/#website","url":"https:\/\/www.manaus.am.gov.br\/implurb\/","name":"IMPLURB","description":"Prefeitura de Manaus","potentialAction":[{"@type":"SearchAction","target":{"@type":"EntryPoint","urlTemplate":"https:\/\/www.manaus.am.gov.br\/implurb\/?s={search_term_string}"},"query-input":"required name=search_term_string"}],"inLanguage":"pt-BR"},{"@type":"Person","@id":"https:\/\/www.manaus.am.gov.br\/implurb\/#\/schema\/person\/4e49f4e267757a06ca072ec61b2b9968","name":"Adriana Costa","image":{"@type":"ImageObject","inLanguage":"pt-BR","@id":"https:\/\/www.manaus.am.gov.br\/implurb\/#\/schema\/person\/image\/","url":"https:\/\/secure.gravatar.com\/avatar\/576258617ef7194f718179e766d57bd4?s=96&d=mm&r=g","contentUrl":"https:\/\/secure.gravatar.com\/avatar\/576258617ef7194f718179e766d57bd4?s=96&d=mm&r=g","caption":"Adriana Costa"}}]}},"_links":{"self":[{"href":"https:\/\/www.manaus.am.gov.br\/implurb\/wp-json\/wp\/v2\/posts\/6330"}],"collection":[{"href":"https:\/\/www.manaus.am.gov.br\/implurb\/wp-json\/wp\/v2\/posts"}],"about":[{"href":"https:\/\/www.manaus.am.gov.br\/implurb\/wp-json\/wp\/v2\/types\/post"}],"author":[{"embeddable":true,"href":"https:\/\/www.manaus.am.gov.br\/implurb\/wp-json\/wp\/v2\/users\/23"}],"replies":[{"embeddable":true,"href":"https:\/\/www.manaus.am.gov.br\/implurb\/wp-json\/wp\/v2\/comments?post=6330"}],"version-history":[{"count":0,"href":"https:\/\/www.manaus.am.gov.br\/implurb\/wp-json\/wp\/v2\/posts\/6330\/revisions"}],"wp:featuredmedia":[{"embeddable":true,"href":"https:\/\/www.manaus.am.gov.br\/implurb\/wp-json\/wp\/v2\/media\/6331"}],"wp:attachment":[{"href":"https:\/\/www.manaus.am.gov.br\/implurb\/wp-json\/wp\/v2\/media?parent=6330"}],"wp:term":[{"taxonomy":"category","embeddable":true,"href":"https:\/\/www.manaus.am.gov.br\/implurb\/wp-json\/wp\/v2\/categories?post=6330"},{"taxonomy":"post_tag","embeddable":true,"href":"https:\/\/www.manaus.am.gov.br\/implurb\/wp-json\/wp\/v2\/tags?post=6330"}],"curies":[{"name":"wp","href":"https:\/\/api.w.org\/{rel}","templated":true}]}}