{"id":6315,"date":"2025-07-22T13:37:10","date_gmt":"2025-07-22T17:37:10","guid":{"rendered":"https:\/\/www.manaus.am.gov.br\/implurb\/manaus-sediar-encontro-nacional-inrede\/"},"modified":"2025-07-22T13:39:13","modified_gmt":"2025-07-22T17:39:13","slug":"manaus-sediar-encontro-nacional-inrede","status":"publish","type":"post","link":"https:\/\/www.manaus.am.gov.br\/implurb\/manaus-sediar-encontro-nacional-inrede\/","title":{"rendered":"Prefeitura de Manaus vai sediar encontro nacional de institutos de planejamento, de 25 a 27 de setembro\u00a0\u00a0"},"content":{"rendered":"\n<p>De 25 a 27 de setembro, Manaus sediar\u00e1 o 11\u00ba Encontro Nacional da Rede Brasileira de Institutos de Planejamento (InRede), com o apoio da Prefeitura de Manaus, por meio do Instituto Municipal de Planejamento Urbano (Implurb). Com o tema \u201cDesenvolvimento Urbano Integrado\u201d, o evento abrir\u00e1 uma oportunidade \u00fanica para a discuss\u00e3o de quest\u00f5es ambientais, os desafios das mudan\u00e7as clim\u00e1ticas e caminhos sustent\u00e1veis para as cidades.<\/p>\n\n\n\n<p>O encontro busca engajar os munic\u00edpios na troca de experi\u00eancias e fortalecer a cultura do planejamento urbano, por meio do compartilhamento de boas pr\u00e1ticas nacionais e internacionais. O evento nacional conta com o apoio institucional do Minist\u00e9rio das Cidades, ONU-Habitat e GIZ \u2013 Ag\u00eancia Alem\u00e3 de Coopera\u00e7\u00e3o para o Desenvolvimento Sustent\u00e1vel.<\/p>\n\n\n\n<p>\u201cVamos receber em Manaus, nos dias 25, 26 e 27 de setembro, todos os institutos de planejamento urbano que comp\u00f5em a InRede, com participantes de Curitiba, Londrina, S\u00e3o Paulo, Fortaleza, Bras\u00edlia, da regi\u00e3o Norte e de outros locais do Brasil. Na pauta, abordaremos temas como o desenvolvimento urbano, planejamento urban\u00edstico, revitaliza\u00e7\u00e3o dos centros hist\u00f3ricos e sustentabilidade. Essa \u00e9 uma grande oportunidade de colocar em discuss\u00e3o demandas e solu\u00e7\u00f5es para as cidades do Brasil e, evidentemente, para a nossa querida Manaus. Sua participa\u00e7\u00e3o \u00e9 muito importante\u201d, comentou o diretor-presidente do Implurb, Carlos Valente.<\/p>\n\n\n\n<p>O&nbsp;Implurb&nbsp;foi eleito para a vice-presid\u00eancia do grupo de institutos e a presid\u00eancia tem como gestor Fortaleza, com o Instituto de Pesquisa e Planejamento de Fortaleza (Ipplan).<\/p>\n\n\n\n<p>Para participar, os interessados devem realizar inscri\u00e7\u00e3o pr\u00e9via, gratuitamente, para o dia 25\/9, primeiro dia de evento, no&nbsp;<a href=\"https:\/\/www.redus.org.br\/rede-nacional-de-institutos-de-planejamento\/formularios\/3b022014-bfef-4986-ad6c-f6f45babcea2\" target=\"_blank\" rel=\"noreferrer noopener\">link<\/a>&nbsp;j\u00e1 dispon\u00edvel. A programa\u00e7\u00e3o preliminar ser\u00e1 divulgada em breve, mas ter\u00e1 uma composi\u00e7\u00e3o de palestras, mesas de boas pr\u00e1ticas, trabalho em grupo e visita t\u00e9cnica.<\/p>\n\n\n\n<p><strong>Reuni\u00e3o<\/strong><\/p>\n\n\n\n<p>A InRede re\u00fane institutos e \u00f3rg\u00e3os de planejamento municipais com a miss\u00e3o de fortalecer o planejamento das cidades de forma institucionalizada, inovadora e cont\u00ednua. Seu compromisso \u00e9 promover cidades mais resilientes, inclusivas e sustent\u00e1veis, articulando pol\u00edticas p\u00fablicas alinhadas \u00e0s agendas globais, como a Agenda 2030 e a Nova Agenda Urbana. Tamb\u00e9m atua como uma voz ativa no di\u00e1logo com diferentes esferas de governo e organismos nacionais e internacionais, contribuindo para o desenvolvimento de um planejamento urbano mais eficiente e estrat\u00e9gico no Brasil.<\/p>\n\n\n\n<figure class=\"wp-block-image size-large\"><img decoding=\"async\" src=\"https:\/\/www.manaus.am.gov.br\/implurb\/wp-content\/uploads\/sites\/13\/2025\/07\/inrede11-1-1024x768.jpeg\" alt=\"\" class=\"wp-image-6317\" \/><\/figure>\n\n\n\n<p><strong>Objetivo<\/strong><\/p>\n\n\n\n<p>O encontro nacional busca engajar novos munic\u00edpios, promover a troca de experi\u00eancias e o fortalecimento da cultura do planejamento urbano, com o compartilhamento de boas pr\u00e1ticas nacionais e internacionais.<\/p>\n\n\n\n<p>A&nbsp;InRede&nbsp;fortalece a cultura do planejamento urbano nos munic\u00edpios brasileiros, promovendo n\u00e3o s\u00f3 a cria\u00e7\u00e3o de novos institutos, mas tamb\u00e9m o debate e o protagonismo do planejamento urbano para melhor alinhamento com agendas globais, como a Agenda 2030 e a Nova Agenda Urbana.<\/p>\n\n\n\n<p>O evento reunir\u00e1 representantes de minist\u00e9rios, especialistas, organiza\u00e7\u00f5es nacionais e internacionais, al\u00e9m de institui\u00e7\u00f5es financeiras e gestores municipais, promovendo um ambiente de interc\u00e2mbio e coopera\u00e7\u00e3o.<\/p>\n\n\n\n<figure class=\"wp-block-image size-large\"><img decoding=\"async\" src=\"https:\/\/www.manaus.am.gov.br\/implurb\/wp-content\/uploads\/sites\/13\/2025\/07\/dia25-819x1024.jpeg\" alt=\"\" class=\"wp-image-6318\" \/><\/figure>\n\n\n\n<p>&#8212; &#8212; &#8212;<\/p>\n\n\n\n<p><strong>Texto &#8211;<\/strong>&nbsp;Cl\u00e1udia do Valle\/Implurb<\/p>\n\n\n\n<p><strong>Fotos<\/strong> \u2013 Divulga\u00e7\u00e3o\/Implurb e Semcom<\/p>\n","protected":false},"excerpt":{"rendered":"","protected":false},"author":39,"featured_media":6316,"comment_status":"closed","ping_status":"closed","sticky":false,"template":"","format":"standard","meta":{"footnotes":""},"categories":[114],"tags":[1826,1827,11,15,1828],"acf":[],"yoast_head":"<!-- This site is optimized with the Yoast SEO plugin v23.0 - https:\/\/yoast.com\/wordpress\/plugins\/seo\/ -->\n<title>Manaus vai sediar encontro nacional de institutos de planejamento<\/title>\n<meta name=\"description\" content=\"Prefeitura de Manaus, por meio do Implurb, vai sediar encontro nacional de institutos de planejamento, de 25 a 27 de setembro.\" \/>\n<meta name=\"robots\" content=\"noindex, follow\" \/>\n<meta property=\"og:locale\" content=\"pt_BR\" \/>\n<meta property=\"og:type\" content=\"article\" \/>\n<meta property=\"og:title\" content=\"Manaus vai sediar encontro nacional de institutos de planejamento\" \/>\n<meta property=\"og:description\" content=\"Prefeitura de Manaus, por meio do Implurb, vai sediar encontro nacional de institutos de planejamento, de 25 a 27 de setembro.\" \/>\n<meta property=\"og:url\" content=\"https:\/\/www.manaus.am.gov.br\/implurb\/manaus-sediar-encontro-nacional-inrede\/\" \/>\n<meta property=\"og:site_name\" content=\"IMPLURB\" \/>\n<meta property=\"article:published_time\" content=\"2025-07-22T17:37:10+00:00\" \/>\n<meta property=\"article:modified_time\" content=\"2025-07-22T17:39:13+00:00\" \/>\n<meta property=\"og:image\" content=\"https:\/\/www.manaus.am.gov.br\/implurb\/wp-content\/uploads\/sites\/13\/2025\/07\/reserveDATA.jpeg\" \/>\n\t<meta property=\"og:image:width\" content=\"1280\" \/>\n\t<meta property=\"og:image:height\" content=\"1600\" \/>\n\t<meta property=\"og:image:type\" content=\"image\/jpeg\" \/>\n<meta name=\"author\" content=\"Bruna Greco\" \/>\n<meta name=\"twitter:card\" content=\"summary_large_image\" \/>\n<meta name=\"twitter:label1\" content=\"Written by\" \/>\n\t<meta name=\"twitter:data1\" content=\"Bruna Greco\" \/>\n\t<meta name=\"twitter:label2\" content=\"Est. reading time\" \/>\n\t<meta name=\"twitter:data2\" content=\"4 minutos\" \/>\n<script type=\"application\/ld+json\" class=\"yoast-schema-graph\">{\"@context\":\"https:\/\/schema.org\",\"@graph\":[{\"@type\":\"WebPage\",\"@id\":\"https:\/\/www.manaus.am.gov.br\/implurb\/manaus-sediar-encontro-nacional-inrede\/\",\"url\":\"https:\/\/www.manaus.am.gov.br\/implurb\/manaus-sediar-encontro-nacional-inrede\/\",\"name\":\"Manaus vai sediar encontro nacional de institutos de planejamento\",\"isPartOf\":{\"@id\":\"https:\/\/www.manaus.am.gov.br\/implurb\/#website\"},\"primaryImageOfPage\":{\"@id\":\"https:\/\/www.manaus.am.gov.br\/implurb\/manaus-sediar-encontro-nacional-inrede\/#primaryimage\"},\"image\":{\"@id\":\"https:\/\/www.manaus.am.gov.br\/implurb\/manaus-sediar-encontro-nacional-inrede\/#primaryimage\"},\"thumbnailUrl\":\"https:\/\/www.manaus.am.gov.br\/implurb\/wp-content\/uploads\/sites\/13\/2025\/07\/reserveDATA.jpeg\",\"datePublished\":\"2025-07-22T17:37:10+00:00\",\"dateModified\":\"2025-07-22T17:39:13+00:00\",\"author\":{\"@id\":\"https:\/\/www.manaus.am.gov.br\/implurb\/#\/schema\/person\/05d223aea2bf115f9883a6ff3683d81b\"},\"description\":\"Prefeitura de Manaus, por meio do Implurb, vai sediar encontro nacional de institutos de planejamento, de 25 a 27 de setembro.\",\"breadcrumb\":{\"@id\":\"https:\/\/www.manaus.am.gov.br\/implurb\/manaus-sediar-encontro-nacional-inrede\/#breadcrumb\"},\"inLanguage\":\"pt-BR\",\"potentialAction\":[{\"@type\":\"ReadAction\",\"target\":[\"https:\/\/www.manaus.am.gov.br\/implurb\/manaus-sediar-encontro-nacional-inrede\/\"]}]},{\"@type\":\"ImageObject\",\"inLanguage\":\"pt-BR\",\"@id\":\"https:\/\/www.manaus.am.gov.br\/implurb\/manaus-sediar-encontro-nacional-inrede\/#primaryimage\",\"url\":\"https:\/\/www.manaus.am.gov.br\/implurb\/wp-content\/uploads\/sites\/13\/2025\/07\/reserveDATA.jpeg\",\"contentUrl\":\"https:\/\/www.manaus.am.gov.br\/implurb\/wp-content\/uploads\/sites\/13\/2025\/07\/reserveDATA.jpeg\",\"width\":1280,\"height\":1600},{\"@type\":\"BreadcrumbList\",\"@id\":\"https:\/\/www.manaus.am.gov.br\/implurb\/manaus-sediar-encontro-nacional-inrede\/#breadcrumb\",\"itemListElement\":[{\"@type\":\"ListItem\",\"position\":1,\"name\":\"Home\",\"item\":\"https:\/\/www.manaus.am.gov.br\/implurb\/\"},{\"@type\":\"ListItem\",\"position\":2,\"name\":\"Prefeitura de Manaus vai sediar encontro nacional de institutos de planejamento, de 25 a 27 de setembro\u00a0\u00a0\"}]},{\"@type\":\"WebSite\",\"@id\":\"https:\/\/www.manaus.am.gov.br\/implurb\/#website\",\"url\":\"https:\/\/www.manaus.am.gov.br\/implurb\/\",\"name\":\"IMPLURB\",\"description\":\"Prefeitura de Manaus\",\"potentialAction\":[{\"@type\":\"SearchAction\",\"target\":{\"@type\":\"EntryPoint\",\"urlTemplate\":\"https:\/\/www.manaus.am.gov.br\/implurb\/?s={search_term_string}\"},\"query-input\":\"required name=search_term_string\"}],\"inLanguage\":\"pt-BR\"},{\"@type\":\"Person\",\"@id\":\"https:\/\/www.manaus.am.gov.br\/implurb\/#\/schema\/person\/05d223aea2bf115f9883a6ff3683d81b\",\"name\":\"Bruna Greco\",\"image\":{\"@type\":\"ImageObject\",\"inLanguage\":\"pt-BR\",\"@id\":\"https:\/\/www.manaus.am.gov.br\/implurb\/#\/schema\/person\/image\/\",\"url\":\"https:\/\/secure.gravatar.com\/avatar\/9c877d1a6adc2a055330e5c09a8653ce?s=96&d=mm&r=g\",\"contentUrl\":\"https:\/\/secure.gravatar.com\/avatar\/9c877d1a6adc2a055330e5c09a8653ce?s=96&d=mm&r=g\",\"caption\":\"Bruna Greco\"}}]}<\/script>\n<!-- \/ Yoast SEO plugin. -->","yoast_head_json":{"title":"Manaus vai sediar encontro nacional de institutos de planejamento","description":"Prefeitura de Manaus, por meio do Implurb, vai sediar encontro nacional de institutos de planejamento, de 25 a 27 de setembro.","robots":{"index":"noindex","follow":"follow"},"og_locale":"pt_BR","og_type":"article","og_title":"Manaus vai sediar encontro nacional de institutos de planejamento","og_description":"Prefeitura de Manaus, por meio do Implurb, vai sediar encontro nacional de institutos de planejamento, de 25 a 27 de setembro.","og_url":"https:\/\/www.manaus.am.gov.br\/implurb\/manaus-sediar-encontro-nacional-inrede\/","og_site_name":"IMPLURB","article_published_time":"2025-07-22T17:37:10+00:00","article_modified_time":"2025-07-22T17:39:13+00:00","og_image":[{"width":1280,"height":1600,"url":"https:\/\/www.manaus.am.gov.br\/implurb\/wp-content\/uploads\/sites\/13\/2025\/07\/reserveDATA.jpeg","type":"image\/jpeg"}],"author":"Bruna Greco","twitter_card":"summary_large_image","twitter_misc":{"Written by":"Bruna Greco","Est. reading time":"4 minutos"},"schema":{"@context":"https:\/\/schema.org","@graph":[{"@type":"WebPage","@id":"https:\/\/www.manaus.am.gov.br\/implurb\/manaus-sediar-encontro-nacional-inrede\/","url":"https:\/\/www.manaus.am.gov.br\/implurb\/manaus-sediar-encontro-nacional-inrede\/","name":"Manaus vai sediar encontro nacional de institutos de planejamento","isPartOf":{"@id":"https:\/\/www.manaus.am.gov.br\/implurb\/#website"},"primaryImageOfPage":{"@id":"https:\/\/www.manaus.am.gov.br\/implurb\/manaus-sediar-encontro-nacional-inrede\/#primaryimage"},"image":{"@id":"https:\/\/www.manaus.am.gov.br\/implurb\/manaus-sediar-encontro-nacional-inrede\/#primaryimage"},"thumbnailUrl":"https:\/\/www.manaus.am.gov.br\/implurb\/wp-content\/uploads\/sites\/13\/2025\/07\/reserveDATA.jpeg","datePublished":"2025-07-22T17:37:10+00:00","dateModified":"2025-07-22T17:39:13+00:00","author":{"@id":"https:\/\/www.manaus.am.gov.br\/implurb\/#\/schema\/person\/05d223aea2bf115f9883a6ff3683d81b"},"description":"Prefeitura de Manaus, por meio do Implurb, vai sediar encontro nacional de institutos de planejamento, de 25 a 27 de setembro.","breadcrumb":{"@id":"https:\/\/www.manaus.am.gov.br\/implurb\/manaus-sediar-encontro-nacional-inrede\/#breadcrumb"},"inLanguage":"pt-BR","potentialAction":[{"@type":"ReadAction","target":["https:\/\/www.manaus.am.gov.br\/implurb\/manaus-sediar-encontro-nacional-inrede\/"]}]},{"@type":"ImageObject","inLanguage":"pt-BR","@id":"https:\/\/www.manaus.am.gov.br\/implurb\/manaus-sediar-encontro-nacional-inrede\/#primaryimage","url":"https:\/\/www.manaus.am.gov.br\/implurb\/wp-content\/uploads\/sites\/13\/2025\/07\/reserveDATA.jpeg","contentUrl":"https:\/\/www.manaus.am.gov.br\/implurb\/wp-content\/uploads\/sites\/13\/2025\/07\/reserveDATA.jpeg","width":1280,"height":1600},{"@type":"BreadcrumbList","@id":"https:\/\/www.manaus.am.gov.br\/implurb\/manaus-sediar-encontro-nacional-inrede\/#breadcrumb","itemListElement":[{"@type":"ListItem","position":1,"name":"Home","item":"https:\/\/www.manaus.am.gov.br\/implurb\/"},{"@type":"ListItem","position":2,"name":"Prefeitura de Manaus vai sediar encontro nacional de institutos de planejamento, de 25 a 27 de setembro\u00a0\u00a0"}]},{"@type":"WebSite","@id":"https:\/\/www.manaus.am.gov.br\/implurb\/#website","url":"https:\/\/www.manaus.am.gov.br\/implurb\/","name":"IMPLURB","description":"Prefeitura de Manaus","potentialAction":[{"@type":"SearchAction","target":{"@type":"EntryPoint","urlTemplate":"https:\/\/www.manaus.am.gov.br\/implurb\/?s={search_term_string}"},"query-input":"required name=search_term_string"}],"inLanguage":"pt-BR"},{"@type":"Person","@id":"https:\/\/www.manaus.am.gov.br\/implurb\/#\/schema\/person\/05d223aea2bf115f9883a6ff3683d81b","name":"Bruna Greco","image":{"@type":"ImageObject","inLanguage":"pt-BR","@id":"https:\/\/www.manaus.am.gov.br\/implurb\/#\/schema\/person\/image\/","url":"https:\/\/secure.gravatar.com\/avatar\/9c877d1a6adc2a055330e5c09a8653ce?s=96&d=mm&r=g","contentUrl":"https:\/\/secure.gravatar.com\/avatar\/9c877d1a6adc2a055330e5c09a8653ce?s=96&d=mm&r=g","caption":"Bruna Greco"}}]}},"_links":{"self":[{"href":"https:\/\/www.manaus.am.gov.br\/implurb\/wp-json\/wp\/v2\/posts\/6315"}],"collection":[{"href":"https:\/\/www.manaus.am.gov.br\/implurb\/wp-json\/wp\/v2\/posts"}],"about":[{"href":"https:\/\/www.manaus.am.gov.br\/implurb\/wp-json\/wp\/v2\/types\/post"}],"author":[{"embeddable":true,"href":"https:\/\/www.manaus.am.gov.br\/implurb\/wp-json\/wp\/v2\/users\/39"}],"replies":[{"embeddable":true,"href":"https:\/\/www.manaus.am.gov.br\/implurb\/wp-json\/wp\/v2\/comments?post=6315"}],"version-history":[{"count":5,"href":"https:\/\/www.manaus.am.gov.br\/implurb\/wp-json\/wp\/v2\/posts\/6315\/revisions"}],"predecessor-version":[{"id":6324,"href":"https:\/\/www.manaus.am.gov.br\/implurb\/wp-json\/wp\/v2\/posts\/6315\/revisions\/6324"}],"wp:featuredmedia":[{"embeddable":true,"href":"https:\/\/www.manaus.am.gov.br\/implurb\/wp-json\/wp\/v2\/media\/6316"}],"wp:attachment":[{"href":"https:\/\/www.manaus.am.gov.br\/implurb\/wp-json\/wp\/v2\/media?parent=6315"}],"wp:term":[{"taxonomy":"category","embeddable":true,"href":"https:\/\/www.manaus.am.gov.br\/implurb\/wp-json\/wp\/v2\/categories?post=6315"},{"taxonomy":"post_tag","embeddable":true,"href":"https:\/\/www.manaus.am.gov.br\/implurb\/wp-json\/wp\/v2\/tags?post=6315"}],"curies":[{"name":"wp","href":"https:\/\/api.w.org\/{rel}","templated":true}]}}