{"id":6309,"date":"2025-07-21T14:41:53","date_gmt":"2025-07-21T18:41:53","guid":{"rendered":"https:\/\/www.manaus.am.gov.br\/implurb\/parque-encontro-das-aguas-david\/"},"modified":"2025-07-21T14:41:55","modified_gmt":"2025-07-21T18:41:55","slug":"parque-encontro-das-aguas-david","status":"publish","type":"post","link":"https:\/\/www.manaus.am.gov.br\/implurb\/parque-encontro-das-aguas-david\/","title":{"rendered":"Prefeito David Almeida vistoria avan\u00e7o das obras do Parque Encontro das \u00c1guas"},"content":{"rendered":"\n<p>O prefeito de <a href=\"https:\/\/www.manaus.am.gov.br\/\">Manaus<\/a>, David Almeida, esteve na manh\u00e3 desta segunda-feira, 21\/7, no canteiro de obras do parque Encontro das \u00c1guas &#8211; Rosa Almeida, localizado no bairro Col\u00f4nia Ant\u00f4nio Aleixo, na zona Leste da capital. O espa\u00e7o, com vista privilegiada para o encontro dos rios Negro e Solim\u00f5es, est\u00e1 sendo constru\u00eddo pela <a href=\"https:\/\/www.instagram.com\/prefeiturademanaus\/\">Prefeitura de Manaus<\/a> e ser\u00e1 um dos maiores marcos tur\u00edsticos e culturais da cidade.<\/p>\n\n\n\n<p>O projeto \u00e9 o \u00fanico no Amazonas assinado pelo arquiteto Oscar Niemeyer e est\u00e1 sendo executado pelo Instituto Municipal de Planejamento Urbano (Implurb). A visita do prefeito refor\u00e7a o compromisso da gest\u00e3o com a entrega de um novo equipamento p\u00fablico que vai integrar natureza, lazer e valoriza\u00e7\u00e3o da identidade amaz\u00f4nica.<\/p>\n\n\n\n<p>\u201cO mirante no Encontro das \u00c1guas \u00e9 uma obra fant\u00e1stica. Veja o tamanho do trabalho que estamos tendo aqui. \u00c9 uma interven\u00e7\u00e3o de muita t\u00e9cnica e engenharia para garantir seguran\u00e7a e estabilidade. Essa ser\u00e1 uma das maiores obras tur\u00edsticas da hist\u00f3ria da nossa cidade\u201d, destacou o prefeito David Almeida.<\/p>\n\n\n\n<p>A obra segue em ritmo acelerado, com foco atual na conten\u00e7\u00e3o do talude, etapa fundamental para garantir a seguran\u00e7a do terreno \u00e0s margens do rio. Segundo o prefeito, o regime natural das \u00e1guas da regi\u00e3o exige solu\u00e7\u00f5es de engenharia de alta complexidade.<\/p>\n\n\n\n<p>\u201cCom o nosso sistema das \u00e1guas, que num mesmo ano sobe e desce, precisamos aplicar solu\u00e7\u00f5es modernas como as estacas-pranchas met\u00e1licas e o <em>jet grout<\/em>, um concreto especial injetado sob press\u00e3o que refor\u00e7a o solo por dentro\u201d, explicou.<\/p>\n\n\n\n<p>De acordo com a equipe t\u00e9cnica respons\u00e1vel, j\u00e1 foram implantadas 166 estacas no n\u00edvel superior do terreno. A pr\u00f3xima fase contempla a instala\u00e7\u00e3o de mais 111 estacas na parte inferior, pr\u00f3ximo ao n\u00edvel do rio. Esse processo exige intensa movimenta\u00e7\u00e3o de terra at\u00e9 alcan\u00e7ar a cota exata para aplica\u00e7\u00e3o do <em>jet grout<\/em>, garantindo assim a sustenta\u00e7\u00e3o da \u00e1rea.<\/p>\n\n\n\n<p>Simultaneamente, a prefeitura j\u00e1 executa a urbaniza\u00e7\u00e3o na parte superior do terreno, com constru\u00e7\u00e3o de quiosques, drenagem, estacionamento, paisagismo e acessos.<\/p>\n\n\n\n<p><strong>Novo ponto tur\u00edstico<\/strong><\/p>\n\n\n\n<p>O parque Encontro das \u00c1guas contar\u00e1 com um mirante panor\u00e2mico voltado ao fen\u00f4meno natural do encontro dos rios, um museu em forma de oca, restaurante com vista suspensa, trilhas ecol\u00f3gicas, playground, \u00e1reas de contempla\u00e7\u00e3o, acessibilidade total e espa\u00e7os para atividades culturais.<\/p>\n\n\n\n<p>\u201cEssa \u00e9 uma obra que vai marcar a hist\u00f3ria da nossa cidade. Um legado que conecta turismo, natureza e identidade cultural. Estamos trabalhando com responsabilidade e pressa para entregar esse espa\u00e7o o quanto antes \u00e0 popula\u00e7\u00e3o de Manaus\u201d, afirmou o prefeito.<\/p>\n\n\n\n<p>A previs\u00e3o de entrega est\u00e1 prevista, inicialmente, para o dia 25 de dezembro de 2025, consolidando o parque como um dos principais cart\u00f5es-postais do Amazonas e ponto obrigat\u00f3rio para moradores e turistas.<\/p>\n\n\n\n<p>&#8212; &#8212; &#8212;<\/p>\n\n\n\n<p><strong>Texto &#8211;<\/strong> Emanuelle Baires \/ Semcom-Prefeito<\/p>\n\n\n\n<p><strong>Fotos &#8211;<\/strong> Dhyeizo Lemos \/ Semcom-Prefeito e Juan Sullivan \/ Semcom-Prefeito<\/p>\n","protected":false},"excerpt":{"rendered":"","protected":false},"author":57,"featured_media":6310,"comment_status":"closed","ping_status":"closed","sticky":false,"template":"","format":"standard","meta":{"footnotes":""},"categories":[818],"tags":[31,11,221,15],"acf":[],"yoast_head":"<!-- This site is optimized with the Yoast SEO plugin v23.0 - https:\/\/yoast.com\/wordpress\/plugins\/seo\/ -->\n<title>David vistoria avan\u00e7o das obras do Parque Encontro das \u00c1guas<\/title>\n<meta name=\"robots\" content=\"noindex, follow\" \/>\n<meta property=\"og:locale\" content=\"pt_BR\" \/>\n<meta property=\"og:type\" content=\"article\" \/>\n<meta property=\"og:title\" content=\"David vistoria avan\u00e7o das obras do Parque Encontro das \u00c1guas\" \/>\n<meta property=\"og:url\" content=\"https:\/\/www.manaus.am.gov.br\/implurb\/parque-encontro-das-aguas-david\/\" \/>\n<meta property=\"og:site_name\" content=\"IMPLURB\" \/>\n<meta property=\"article:published_time\" content=\"2025-07-21T18:41:53+00:00\" \/>\n<meta property=\"article:modified_time\" content=\"2025-07-21T18:41:55+00:00\" \/>\n<meta property=\"og:image\" content=\"https:\/\/www.manaus.am.gov.br\/implurb\/wp-content\/uploads\/sites\/13\/2025\/07\/Parque-Encontro-das-Aguas-5.jpeg\" \/>\n\t<meta property=\"og:image:width\" content=\"4160\" \/>\n\t<meta property=\"og:image:height\" content=\"2774\" \/>\n\t<meta property=\"og:image:type\" content=\"image\/jpeg\" \/>\n<meta name=\"author\" content=\"Thiago Fernando\" \/>\n<meta name=\"twitter:card\" content=\"summary_large_image\" \/>\n<meta name=\"twitter:label1\" content=\"Written by\" \/>\n\t<meta name=\"twitter:data1\" content=\"Thiago Fernando\" \/>\n\t<meta name=\"twitter:label2\" content=\"Est. reading time\" \/>\n\t<meta name=\"twitter:data2\" content=\"3 minutos\" \/>\n<script type=\"application\/ld+json\" class=\"yoast-schema-graph\">{\"@context\":\"https:\/\/schema.org\",\"@graph\":[{\"@type\":\"WebPage\",\"@id\":\"https:\/\/www.manaus.am.gov.br\/implurb\/parque-encontro-das-aguas-david\/\",\"url\":\"https:\/\/www.manaus.am.gov.br\/implurb\/parque-encontro-das-aguas-david\/\",\"name\":\"David vistoria avan\u00e7o das obras do Parque Encontro das \u00c1guas\",\"isPartOf\":{\"@id\":\"https:\/\/www.manaus.am.gov.br\/implurb\/#website\"},\"primaryImageOfPage\":{\"@id\":\"https:\/\/www.manaus.am.gov.br\/implurb\/parque-encontro-das-aguas-david\/#primaryimage\"},\"image\":{\"@id\":\"https:\/\/www.manaus.am.gov.br\/implurb\/parque-encontro-das-aguas-david\/#primaryimage\"},\"thumbnailUrl\":\"https:\/\/www.manaus.am.gov.br\/implurb\/wp-content\/uploads\/sites\/13\/2025\/07\/Parque-Encontro-das-Aguas-5.jpeg\",\"datePublished\":\"2025-07-21T18:41:53+00:00\",\"dateModified\":\"2025-07-21T18:41:55+00:00\",\"author\":{\"@id\":\"https:\/\/www.manaus.am.gov.br\/implurb\/#\/schema\/person\/a5ee5376db6e21af026374b369f30882\"},\"breadcrumb\":{\"@id\":\"https:\/\/www.manaus.am.gov.br\/implurb\/parque-encontro-das-aguas-david\/#breadcrumb\"},\"inLanguage\":\"pt-BR\",\"potentialAction\":[{\"@type\":\"ReadAction\",\"target\":[\"https:\/\/www.manaus.am.gov.br\/implurb\/parque-encontro-das-aguas-david\/\"]}]},{\"@type\":\"ImageObject\",\"inLanguage\":\"pt-BR\",\"@id\":\"https:\/\/www.manaus.am.gov.br\/implurb\/parque-encontro-das-aguas-david\/#primaryimage\",\"url\":\"https:\/\/www.manaus.am.gov.br\/implurb\/wp-content\/uploads\/sites\/13\/2025\/07\/Parque-Encontro-das-Aguas-5.jpeg\",\"contentUrl\":\"https:\/\/www.manaus.am.gov.br\/implurb\/wp-content\/uploads\/sites\/13\/2025\/07\/Parque-Encontro-das-Aguas-5.jpeg\",\"width\":4160,\"height\":2774,\"caption\":\"Parque Encontro das \u00c1guas\"},{\"@type\":\"BreadcrumbList\",\"@id\":\"https:\/\/www.manaus.am.gov.br\/implurb\/parque-encontro-das-aguas-david\/#breadcrumb\",\"itemListElement\":[{\"@type\":\"ListItem\",\"position\":1,\"name\":\"Home\",\"item\":\"https:\/\/www.manaus.am.gov.br\/implurb\/\"},{\"@type\":\"ListItem\",\"position\":2,\"name\":\"Prefeito David Almeida vistoria avan\u00e7o das obras do Parque Encontro das \u00c1guas\"}]},{\"@type\":\"WebSite\",\"@id\":\"https:\/\/www.manaus.am.gov.br\/implurb\/#website\",\"url\":\"https:\/\/www.manaus.am.gov.br\/implurb\/\",\"name\":\"IMPLURB\",\"description\":\"Prefeitura de Manaus\",\"potentialAction\":[{\"@type\":\"SearchAction\",\"target\":{\"@type\":\"EntryPoint\",\"urlTemplate\":\"https:\/\/www.manaus.am.gov.br\/implurb\/?s={search_term_string}\"},\"query-input\":\"required name=search_term_string\"}],\"inLanguage\":\"pt-BR\"},{\"@type\":\"Person\",\"@id\":\"https:\/\/www.manaus.am.gov.br\/implurb\/#\/schema\/person\/a5ee5376db6e21af026374b369f30882\",\"name\":\"Thiago Fernando\",\"image\":{\"@type\":\"ImageObject\",\"inLanguage\":\"pt-BR\",\"@id\":\"https:\/\/www.manaus.am.gov.br\/implurb\/#\/schema\/person\/image\/\",\"url\":\"https:\/\/secure.gravatar.com\/avatar\/f5aab8722444041451501c077052ac07?s=96&d=mm&r=g\",\"contentUrl\":\"https:\/\/secure.gravatar.com\/avatar\/f5aab8722444041451501c077052ac07?s=96&d=mm&r=g\",\"caption\":\"Thiago Fernando\"}}]}<\/script>\n<!-- \/ Yoast SEO plugin. -->","yoast_head_json":{"title":"David vistoria avan\u00e7o das obras do Parque Encontro das \u00c1guas","robots":{"index":"noindex","follow":"follow"},"og_locale":"pt_BR","og_type":"article","og_title":"David vistoria avan\u00e7o das obras do Parque Encontro das \u00c1guas","og_url":"https:\/\/www.manaus.am.gov.br\/implurb\/parque-encontro-das-aguas-david\/","og_site_name":"IMPLURB","article_published_time":"2025-07-21T18:41:53+00:00","article_modified_time":"2025-07-21T18:41:55+00:00","og_image":[{"width":4160,"height":2774,"url":"https:\/\/www.manaus.am.gov.br\/implurb\/wp-content\/uploads\/sites\/13\/2025\/07\/Parque-Encontro-das-Aguas-5.jpeg","type":"image\/jpeg"}],"author":"Thiago Fernando","twitter_card":"summary_large_image","twitter_misc":{"Written by":"Thiago Fernando","Est. reading time":"3 minutos"},"schema":{"@context":"https:\/\/schema.org","@graph":[{"@type":"WebPage","@id":"https:\/\/www.manaus.am.gov.br\/implurb\/parque-encontro-das-aguas-david\/","url":"https:\/\/www.manaus.am.gov.br\/implurb\/parque-encontro-das-aguas-david\/","name":"David vistoria avan\u00e7o das obras do Parque Encontro das \u00c1guas","isPartOf":{"@id":"https:\/\/www.manaus.am.gov.br\/implurb\/#website"},"primaryImageOfPage":{"@id":"https:\/\/www.manaus.am.gov.br\/implurb\/parque-encontro-das-aguas-david\/#primaryimage"},"image":{"@id":"https:\/\/www.manaus.am.gov.br\/implurb\/parque-encontro-das-aguas-david\/#primaryimage"},"thumbnailUrl":"https:\/\/www.manaus.am.gov.br\/implurb\/wp-content\/uploads\/sites\/13\/2025\/07\/Parque-Encontro-das-Aguas-5.jpeg","datePublished":"2025-07-21T18:41:53+00:00","dateModified":"2025-07-21T18:41:55+00:00","author":{"@id":"https:\/\/www.manaus.am.gov.br\/implurb\/#\/schema\/person\/a5ee5376db6e21af026374b369f30882"},"breadcrumb":{"@id":"https:\/\/www.manaus.am.gov.br\/implurb\/parque-encontro-das-aguas-david\/#breadcrumb"},"inLanguage":"pt-BR","potentialAction":[{"@type":"ReadAction","target":["https:\/\/www.manaus.am.gov.br\/implurb\/parque-encontro-das-aguas-david\/"]}]},{"@type":"ImageObject","inLanguage":"pt-BR","@id":"https:\/\/www.manaus.am.gov.br\/implurb\/parque-encontro-das-aguas-david\/#primaryimage","url":"https:\/\/www.manaus.am.gov.br\/implurb\/wp-content\/uploads\/sites\/13\/2025\/07\/Parque-Encontro-das-Aguas-5.jpeg","contentUrl":"https:\/\/www.manaus.am.gov.br\/implurb\/wp-content\/uploads\/sites\/13\/2025\/07\/Parque-Encontro-das-Aguas-5.jpeg","width":4160,"height":2774,"caption":"Parque Encontro das \u00c1guas"},{"@type":"BreadcrumbList","@id":"https:\/\/www.manaus.am.gov.br\/implurb\/parque-encontro-das-aguas-david\/#breadcrumb","itemListElement":[{"@type":"ListItem","position":1,"name":"Home","item":"https:\/\/www.manaus.am.gov.br\/implurb\/"},{"@type":"ListItem","position":2,"name":"Prefeito David Almeida vistoria avan\u00e7o das obras do Parque Encontro das \u00c1guas"}]},{"@type":"WebSite","@id":"https:\/\/www.manaus.am.gov.br\/implurb\/#website","url":"https:\/\/www.manaus.am.gov.br\/implurb\/","name":"IMPLURB","description":"Prefeitura de Manaus","potentialAction":[{"@type":"SearchAction","target":{"@type":"EntryPoint","urlTemplate":"https:\/\/www.manaus.am.gov.br\/implurb\/?s={search_term_string}"},"query-input":"required name=search_term_string"}],"inLanguage":"pt-BR"},{"@type":"Person","@id":"https:\/\/www.manaus.am.gov.br\/implurb\/#\/schema\/person\/a5ee5376db6e21af026374b369f30882","name":"Thiago Fernando","image":{"@type":"ImageObject","inLanguage":"pt-BR","@id":"https:\/\/www.manaus.am.gov.br\/implurb\/#\/schema\/person\/image\/","url":"https:\/\/secure.gravatar.com\/avatar\/f5aab8722444041451501c077052ac07?s=96&d=mm&r=g","contentUrl":"https:\/\/secure.gravatar.com\/avatar\/f5aab8722444041451501c077052ac07?s=96&d=mm&r=g","caption":"Thiago Fernando"}}]}},"_links":{"self":[{"href":"https:\/\/www.manaus.am.gov.br\/implurb\/wp-json\/wp\/v2\/posts\/6309"}],"collection":[{"href":"https:\/\/www.manaus.am.gov.br\/implurb\/wp-json\/wp\/v2\/posts"}],"about":[{"href":"https:\/\/www.manaus.am.gov.br\/implurb\/wp-json\/wp\/v2\/types\/post"}],"author":[{"embeddable":true,"href":"https:\/\/www.manaus.am.gov.br\/implurb\/wp-json\/wp\/v2\/users\/57"}],"replies":[{"embeddable":true,"href":"https:\/\/www.manaus.am.gov.br\/implurb\/wp-json\/wp\/v2\/comments?post=6309"}],"version-history":[{"count":0,"href":"https:\/\/www.manaus.am.gov.br\/implurb\/wp-json\/wp\/v2\/posts\/6309\/revisions"}],"wp:featuredmedia":[{"embeddable":true,"href":"https:\/\/www.manaus.am.gov.br\/implurb\/wp-json\/wp\/v2\/media\/6310"}],"wp:attachment":[{"href":"https:\/\/www.manaus.am.gov.br\/implurb\/wp-json\/wp\/v2\/media?parent=6309"}],"wp:term":[{"taxonomy":"category","embeddable":true,"href":"https:\/\/www.manaus.am.gov.br\/implurb\/wp-json\/wp\/v2\/categories?post=6309"},{"taxonomy":"post_tag","embeddable":true,"href":"https:\/\/www.manaus.am.gov.br\/implurb\/wp-json\/wp\/v2\/tags?post=6309"}],"curies":[{"name":"wp","href":"https:\/\/api.w.org\/{rel}","templated":true}]}}