{"id":6286,"date":"2025-07-08T17:35:50","date_gmt":"2025-07-08T21:35:50","guid":{"rendered":"https:\/\/www.manaus.am.gov.br\/implurb\/novo-sentido-de-via-na-zona-centro-oeste\/"},"modified":"2025-07-08T17:36:23","modified_gmt":"2025-07-08T21:36:23","slug":"novo-sentido-de-via-na-zona-centro-oeste","status":"publish","type":"post","link":"https:\/\/www.manaus.am.gov.br\/implurb\/novo-sentido-de-via-na-zona-centro-oeste\/","title":{"rendered":"Prefeitura de Manaus altera sentido de via na zona Centro-Oeste para melhorar fluidez do tr\u00e2nsito"},"content":{"rendered":"\n<p><br>Com objetivo de garantir maior seguran\u00e7a vi\u00e1ria e fluidez no tr\u00e2nsito da zona Centro-Oeste, a Prefeitura de Manaus, por meio do Instituto Municipal de Mobilidade Urbana (IMMU), promoveu a altera\u00e7\u00e3o de sentido na rua Acopiara, no trecho compreendido entre a rua Maria Azevedo Ramos e a rua Estrela Rajada, no bairro Reden\u00e7\u00e3o. A via passou a operar em sentido \u00fanico, no fluxo que vai da Maria Azevedo Ramos em dire\u00e7\u00e3o \u00e0 Estrela Rajada.<br><br>A decis\u00e3o foi baseada em estudos t\u00e9cnicos de campo realizados pela equipe de engenharia de tr\u00e1fego do IMMU, que contou com o envolvimento de moradores, trabalhadores e condutores que utilizam o trecho. O objetivo foi ouvir a comunidade e analisar o impacto da altera\u00e7\u00e3o na rotina local, que contou com a aprova\u00e7\u00e3o de 87% das pessoas ouvidas sobre a mudan\u00e7a.\u00a0<\/p>\n\n\n\n<figure class=\"wp-block-image size-large\"><img decoding=\"async\" src=\"https:\/\/www.manaus.am.gov.br\/implurb\/wp-content\/uploads\/sites\/13\/2025\/07\/Prefeitura-de-Manaus-altera-sentido-de-via-na-zona-Centro-Oeste-para-melhorar-fluidez-do-transito-2-1024x592.jpeg\" alt=\"\" class=\"wp-image-6289\" \/><\/figure>\n\n\n\n<p><br><br>\u201cEssas mudan\u00e7as fazem parte de um planejamento estrat\u00e9gico para melhorar a mobilidade urbana em \u00e1reas que apresentam pontos cr\u00edticos de circula\u00e7\u00e3o. A partir do di\u00e1logo com a comunidade e da an\u00e1lise t\u00e9cnica, conseguimos propor solu\u00e7\u00f5es como essa, que otimizam o fluxo e tornam o tr\u00e2nsito mais seguro\u201d, destacou o diretor de engenharia de tr\u00e2nsito do IMMU, Uaroldi Guedes.<br><br>Para garantir a adapta\u00e7\u00e3o dos condutores \u00e0 nova configura\u00e7\u00e3o da via, o IMMU implantou sinaliza\u00e7\u00e3o horizontal e vertical, incluindo placas indicativas do novo sentido, sinaliza\u00e7\u00f5es de \u201cPare\u201d, linha cont\u00ednua e demais orienta\u00e7\u00f5es regulamentares.<br><br>O IMMU refor\u00e7a que medidas como essas s\u00e3o fundamentais para reorganizar a circula\u00e7\u00e3o de ve\u00edculos em regi\u00f5es com crescimento urbano acelerado, contribuindo para a redu\u00e7\u00e3o de conflitos vi\u00e1rios e melhor desempenho do sistema de mobilidade.<br><br>A Prefeitura de Manaus segue comprometida com a\u00e7\u00f5es que visam transformar a mobilidade urbana da cidade, promovendo mais seguran\u00e7a e efici\u00eancia no tr\u00e2nsito.<\/p>\n\n\n\n<p><\/p>\n\n\n\n<p>\u2014 \u2014 \u2014<br><strong>Texto \u2013 <\/strong>Naira Nascimento \/ IMMU<br><strong>Fotos \u2013 <\/strong>Divulga\u00e7\u00e3o \/ IMMU<\/p>\n","protected":false},"excerpt":{"rendered":"","protected":false},"author":68,"featured_media":6287,"comment_status":"closed","ping_status":"closed","sticky":false,"template":"","format":"standard","meta":{"footnotes":""},"categories":[173],"tags":[377,15,1818],"acf":[],"yoast_head":"<!-- This site is optimized with the Yoast SEO plugin v23.0 - https:\/\/yoast.com\/wordpress\/plugins\/seo\/ -->\n<title>Prefeitura de Manaus altera sentido de via na zona Centro-Oeste para melhorar fluidez do tr\u00e2nsito<\/title>\n<meta name=\"description\" content=\"Com objetivo de garantir maior seguran\u00e7a vi\u00e1ria e fluidez no tr\u00e2nsito da zona Centro-Oeste, a Prefeitura de Manaus, por meio do Instituto Municipal de Mobilidade Urbana (IMMU), promoveu a altera\u00e7\u00e3o de sentido na rua Acopiara, no trecho compreendido entre a rua Maria Azevedo Ramos e a rua Estrela Rajada, no bairro Reden\u00e7\u00e3o. A via passou a operar em sentido \u00fanico, no fluxo que vai da Maria Azevedo Ramos em dire\u00e7\u00e3o \u00e0 Estrela Rajada.\" \/>\n<meta name=\"robots\" content=\"noindex, follow\" \/>\n<meta property=\"og:locale\" content=\"pt_BR\" \/>\n<meta property=\"og:type\" content=\"article\" \/>\n<meta property=\"og:title\" content=\"Prefeitura de Manaus altera sentido de via na zona Centro-Oeste para melhorar fluidez do tr\u00e2nsito\" \/>\n<meta property=\"og:description\" content=\"Com objetivo de garantir maior seguran\u00e7a vi\u00e1ria e fluidez no tr\u00e2nsito da zona Centro-Oeste, a Prefeitura de Manaus, por meio do Instituto Municipal de Mobilidade Urbana (IMMU), promoveu a altera\u00e7\u00e3o de sentido na rua Acopiara, no trecho compreendido entre a rua Maria Azevedo Ramos e a rua Estrela Rajada, no bairro Reden\u00e7\u00e3o. A via passou a operar em sentido \u00fanico, no fluxo que vai da Maria Azevedo Ramos em dire\u00e7\u00e3o \u00e0 Estrela Rajada.\" \/>\n<meta property=\"og:url\" content=\"https:\/\/www.manaus.am.gov.br\/implurb\/novo-sentido-de-via-na-zona-centro-oeste\/\" \/>\n<meta property=\"og:site_name\" content=\"IMPLURB\" \/>\n<meta property=\"article:published_time\" content=\"2025-07-08T21:35:50+00:00\" \/>\n<meta property=\"article:modified_time\" content=\"2025-07-08T21:36:23+00:00\" \/>\n<meta property=\"og:image\" content=\"https:\/\/www.manaus.am.gov.br\/implurb\/wp-content\/uploads\/sites\/13\/2025\/07\/Prefeitura-de-Manaus-altera-sentido-de-via-na-zona-Centro-Oeste-para-melhorar-fluidez-do-transito.jpeg\" \/>\n\t<meta property=\"og:image:width\" content=\"960\" \/>\n\t<meta property=\"og:image:height\" content=\"768\" \/>\n\t<meta property=\"og:image:type\" content=\"image\/jpeg\" \/>\n<meta name=\"author\" content=\"bvalente\" \/>\n<meta name=\"twitter:card\" content=\"summary_large_image\" \/>\n<meta name=\"twitter:label1\" content=\"Written by\" \/>\n\t<meta name=\"twitter:data1\" content=\"bvalente\" \/>\n\t<meta name=\"twitter:label2\" content=\"Est. reading time\" \/>\n\t<meta name=\"twitter:data2\" content=\"3 minutos\" \/>\n<script type=\"application\/ld+json\" class=\"yoast-schema-graph\">{\"@context\":\"https:\/\/schema.org\",\"@graph\":[{\"@type\":\"WebPage\",\"@id\":\"https:\/\/www.manaus.am.gov.br\/implurb\/novo-sentido-de-via-na-zona-centro-oeste\/\",\"url\":\"https:\/\/www.manaus.am.gov.br\/implurb\/novo-sentido-de-via-na-zona-centro-oeste\/\",\"name\":\"Prefeitura de Manaus altera sentido de via na zona Centro-Oeste para melhorar fluidez do tr\u00e2nsito\",\"isPartOf\":{\"@id\":\"https:\/\/www.manaus.am.gov.br\/implurb\/#website\"},\"primaryImageOfPage\":{\"@id\":\"https:\/\/www.manaus.am.gov.br\/implurb\/novo-sentido-de-via-na-zona-centro-oeste\/#primaryimage\"},\"image\":{\"@id\":\"https:\/\/www.manaus.am.gov.br\/implurb\/novo-sentido-de-via-na-zona-centro-oeste\/#primaryimage\"},\"thumbnailUrl\":\"https:\/\/www.manaus.am.gov.br\/implurb\/wp-content\/uploads\/sites\/13\/2025\/07\/Prefeitura-de-Manaus-altera-sentido-de-via-na-zona-Centro-Oeste-para-melhorar-fluidez-do-transito.jpeg\",\"datePublished\":\"2025-07-08T21:35:50+00:00\",\"dateModified\":\"2025-07-08T21:36:23+00:00\",\"author\":{\"@id\":\"https:\/\/www.manaus.am.gov.br\/implurb\/#\/schema\/person\/466a0e03ae4b6062809046bd560ac955\"},\"description\":\"Com objetivo de garantir maior seguran\u00e7a vi\u00e1ria e fluidez no tr\u00e2nsito da zona Centro-Oeste, a Prefeitura de Manaus, por meio do Instituto Municipal de Mobilidade Urbana (IMMU), promoveu a altera\u00e7\u00e3o de sentido na rua Acopiara, no trecho compreendido entre a rua Maria Azevedo Ramos e a rua Estrela Rajada, no bairro Reden\u00e7\u00e3o. A via passou a operar em sentido \u00fanico, no fluxo que vai da Maria Azevedo Ramos em dire\u00e7\u00e3o \u00e0 Estrela Rajada.\",\"breadcrumb\":{\"@id\":\"https:\/\/www.manaus.am.gov.br\/implurb\/novo-sentido-de-via-na-zona-centro-oeste\/#breadcrumb\"},\"inLanguage\":\"pt-BR\",\"potentialAction\":[{\"@type\":\"ReadAction\",\"target\":[\"https:\/\/www.manaus.am.gov.br\/implurb\/novo-sentido-de-via-na-zona-centro-oeste\/\"]}]},{\"@type\":\"ImageObject\",\"inLanguage\":\"pt-BR\",\"@id\":\"https:\/\/www.manaus.am.gov.br\/implurb\/novo-sentido-de-via-na-zona-centro-oeste\/#primaryimage\",\"url\":\"https:\/\/www.manaus.am.gov.br\/implurb\/wp-content\/uploads\/sites\/13\/2025\/07\/Prefeitura-de-Manaus-altera-sentido-de-via-na-zona-Centro-Oeste-para-melhorar-fluidez-do-transito.jpeg\",\"contentUrl\":\"https:\/\/www.manaus.am.gov.br\/implurb\/wp-content\/uploads\/sites\/13\/2025\/07\/Prefeitura-de-Manaus-altera-sentido-de-via-na-zona-Centro-Oeste-para-melhorar-fluidez-do-transito.jpeg\",\"width\":960,\"height\":768},{\"@type\":\"BreadcrumbList\",\"@id\":\"https:\/\/www.manaus.am.gov.br\/implurb\/novo-sentido-de-via-na-zona-centro-oeste\/#breadcrumb\",\"itemListElement\":[{\"@type\":\"ListItem\",\"position\":1,\"name\":\"Home\",\"item\":\"https:\/\/www.manaus.am.gov.br\/implurb\/\"},{\"@type\":\"ListItem\",\"position\":2,\"name\":\"Prefeitura de Manaus altera sentido de via na zona Centro-Oeste para melhorar fluidez do tr\u00e2nsito\"}]},{\"@type\":\"WebSite\",\"@id\":\"https:\/\/www.manaus.am.gov.br\/implurb\/#website\",\"url\":\"https:\/\/www.manaus.am.gov.br\/implurb\/\",\"name\":\"IMPLURB\",\"description\":\"Prefeitura de Manaus\",\"potentialAction\":[{\"@type\":\"SearchAction\",\"target\":{\"@type\":\"EntryPoint\",\"urlTemplate\":\"https:\/\/www.manaus.am.gov.br\/implurb\/?s={search_term_string}\"},\"query-input\":\"required name=search_term_string\"}],\"inLanguage\":\"pt-BR\"},{\"@type\":\"Person\",\"@id\":\"https:\/\/www.manaus.am.gov.br\/implurb\/#\/schema\/person\/466a0e03ae4b6062809046bd560ac955\",\"name\":\"bvalente\",\"image\":{\"@type\":\"ImageObject\",\"inLanguage\":\"pt-BR\",\"@id\":\"https:\/\/www.manaus.am.gov.br\/implurb\/#\/schema\/person\/image\/\",\"url\":\"https:\/\/secure.gravatar.com\/avatar\/3e69bc2b014bdad41adfec3a39de07d2?s=96&d=mm&r=g\",\"contentUrl\":\"https:\/\/secure.gravatar.com\/avatar\/3e69bc2b014bdad41adfec3a39de07d2?s=96&d=mm&r=g\",\"caption\":\"bvalente\"}}]}<\/script>\n<!-- \/ Yoast SEO plugin. -->","yoast_head_json":{"title":"Prefeitura de Manaus altera sentido de via na zona Centro-Oeste para melhorar fluidez do tr\u00e2nsito","description":"Com objetivo de garantir maior seguran\u00e7a vi\u00e1ria e fluidez no tr\u00e2nsito da zona Centro-Oeste, a Prefeitura de Manaus, por meio do Instituto Municipal de Mobilidade Urbana (IMMU), promoveu a altera\u00e7\u00e3o de sentido na rua Acopiara, no trecho compreendido entre a rua Maria Azevedo Ramos e a rua Estrela Rajada, no bairro Reden\u00e7\u00e3o. A via passou a operar em sentido \u00fanico, no fluxo que vai da Maria Azevedo Ramos em dire\u00e7\u00e3o \u00e0 Estrela Rajada.","robots":{"index":"noindex","follow":"follow"},"og_locale":"pt_BR","og_type":"article","og_title":"Prefeitura de Manaus altera sentido de via na zona Centro-Oeste para melhorar fluidez do tr\u00e2nsito","og_description":"Com objetivo de garantir maior seguran\u00e7a vi\u00e1ria e fluidez no tr\u00e2nsito da zona Centro-Oeste, a Prefeitura de Manaus, por meio do Instituto Municipal de Mobilidade Urbana (IMMU), promoveu a altera\u00e7\u00e3o de sentido na rua Acopiara, no trecho compreendido entre a rua Maria Azevedo Ramos e a rua Estrela Rajada, no bairro Reden\u00e7\u00e3o. A via passou a operar em sentido \u00fanico, no fluxo que vai da Maria Azevedo Ramos em dire\u00e7\u00e3o \u00e0 Estrela Rajada.","og_url":"https:\/\/www.manaus.am.gov.br\/implurb\/novo-sentido-de-via-na-zona-centro-oeste\/","og_site_name":"IMPLURB","article_published_time":"2025-07-08T21:35:50+00:00","article_modified_time":"2025-07-08T21:36:23+00:00","og_image":[{"width":960,"height":768,"url":"https:\/\/www.manaus.am.gov.br\/implurb\/wp-content\/uploads\/sites\/13\/2025\/07\/Prefeitura-de-Manaus-altera-sentido-de-via-na-zona-Centro-Oeste-para-melhorar-fluidez-do-transito.jpeg","type":"image\/jpeg"}],"author":"bvalente","twitter_card":"summary_large_image","twitter_misc":{"Written by":"bvalente","Est. reading time":"3 minutos"},"schema":{"@context":"https:\/\/schema.org","@graph":[{"@type":"WebPage","@id":"https:\/\/www.manaus.am.gov.br\/implurb\/novo-sentido-de-via-na-zona-centro-oeste\/","url":"https:\/\/www.manaus.am.gov.br\/implurb\/novo-sentido-de-via-na-zona-centro-oeste\/","name":"Prefeitura de Manaus altera sentido de via na zona Centro-Oeste para melhorar fluidez do tr\u00e2nsito","isPartOf":{"@id":"https:\/\/www.manaus.am.gov.br\/implurb\/#website"},"primaryImageOfPage":{"@id":"https:\/\/www.manaus.am.gov.br\/implurb\/novo-sentido-de-via-na-zona-centro-oeste\/#primaryimage"},"image":{"@id":"https:\/\/www.manaus.am.gov.br\/implurb\/novo-sentido-de-via-na-zona-centro-oeste\/#primaryimage"},"thumbnailUrl":"https:\/\/www.manaus.am.gov.br\/implurb\/wp-content\/uploads\/sites\/13\/2025\/07\/Prefeitura-de-Manaus-altera-sentido-de-via-na-zona-Centro-Oeste-para-melhorar-fluidez-do-transito.jpeg","datePublished":"2025-07-08T21:35:50+00:00","dateModified":"2025-07-08T21:36:23+00:00","author":{"@id":"https:\/\/www.manaus.am.gov.br\/implurb\/#\/schema\/person\/466a0e03ae4b6062809046bd560ac955"},"description":"Com objetivo de garantir maior seguran\u00e7a vi\u00e1ria e fluidez no tr\u00e2nsito da zona Centro-Oeste, a Prefeitura de Manaus, por meio do Instituto Municipal de Mobilidade Urbana (IMMU), promoveu a altera\u00e7\u00e3o de sentido na rua Acopiara, no trecho compreendido entre a rua Maria Azevedo Ramos e a rua Estrela Rajada, no bairro Reden\u00e7\u00e3o. A via passou a operar em sentido \u00fanico, no fluxo que vai da Maria Azevedo Ramos em dire\u00e7\u00e3o \u00e0 Estrela Rajada.","breadcrumb":{"@id":"https:\/\/www.manaus.am.gov.br\/implurb\/novo-sentido-de-via-na-zona-centro-oeste\/#breadcrumb"},"inLanguage":"pt-BR","potentialAction":[{"@type":"ReadAction","target":["https:\/\/www.manaus.am.gov.br\/implurb\/novo-sentido-de-via-na-zona-centro-oeste\/"]}]},{"@type":"ImageObject","inLanguage":"pt-BR","@id":"https:\/\/www.manaus.am.gov.br\/implurb\/novo-sentido-de-via-na-zona-centro-oeste\/#primaryimage","url":"https:\/\/www.manaus.am.gov.br\/implurb\/wp-content\/uploads\/sites\/13\/2025\/07\/Prefeitura-de-Manaus-altera-sentido-de-via-na-zona-Centro-Oeste-para-melhorar-fluidez-do-transito.jpeg","contentUrl":"https:\/\/www.manaus.am.gov.br\/implurb\/wp-content\/uploads\/sites\/13\/2025\/07\/Prefeitura-de-Manaus-altera-sentido-de-via-na-zona-Centro-Oeste-para-melhorar-fluidez-do-transito.jpeg","width":960,"height":768},{"@type":"BreadcrumbList","@id":"https:\/\/www.manaus.am.gov.br\/implurb\/novo-sentido-de-via-na-zona-centro-oeste\/#breadcrumb","itemListElement":[{"@type":"ListItem","position":1,"name":"Home","item":"https:\/\/www.manaus.am.gov.br\/implurb\/"},{"@type":"ListItem","position":2,"name":"Prefeitura de Manaus altera sentido de via na zona Centro-Oeste para melhorar fluidez do tr\u00e2nsito"}]},{"@type":"WebSite","@id":"https:\/\/www.manaus.am.gov.br\/implurb\/#website","url":"https:\/\/www.manaus.am.gov.br\/implurb\/","name":"IMPLURB","description":"Prefeitura de Manaus","potentialAction":[{"@type":"SearchAction","target":{"@type":"EntryPoint","urlTemplate":"https:\/\/www.manaus.am.gov.br\/implurb\/?s={search_term_string}"},"query-input":"required name=search_term_string"}],"inLanguage":"pt-BR"},{"@type":"Person","@id":"https:\/\/www.manaus.am.gov.br\/implurb\/#\/schema\/person\/466a0e03ae4b6062809046bd560ac955","name":"bvalente","image":{"@type":"ImageObject","inLanguage":"pt-BR","@id":"https:\/\/www.manaus.am.gov.br\/implurb\/#\/schema\/person\/image\/","url":"https:\/\/secure.gravatar.com\/avatar\/3e69bc2b014bdad41adfec3a39de07d2?s=96&d=mm&r=g","contentUrl":"https:\/\/secure.gravatar.com\/avatar\/3e69bc2b014bdad41adfec3a39de07d2?s=96&d=mm&r=g","caption":"bvalente"}}]}},"_links":{"self":[{"href":"https:\/\/www.manaus.am.gov.br\/implurb\/wp-json\/wp\/v2\/posts\/6286"}],"collection":[{"href":"https:\/\/www.manaus.am.gov.br\/implurb\/wp-json\/wp\/v2\/posts"}],"about":[{"href":"https:\/\/www.manaus.am.gov.br\/implurb\/wp-json\/wp\/v2\/types\/post"}],"author":[{"embeddable":true,"href":"https:\/\/www.manaus.am.gov.br\/implurb\/wp-json\/wp\/v2\/users\/68"}],"replies":[{"embeddable":true,"href":"https:\/\/www.manaus.am.gov.br\/implurb\/wp-json\/wp\/v2\/comments?post=6286"}],"version-history":[{"count":2,"href":"https:\/\/www.manaus.am.gov.br\/implurb\/wp-json\/wp\/v2\/posts\/6286\/revisions"}],"predecessor-version":[{"id":6290,"href":"https:\/\/www.manaus.am.gov.br\/implurb\/wp-json\/wp\/v2\/posts\/6286\/revisions\/6290"}],"wp:featuredmedia":[{"embeddable":true,"href":"https:\/\/www.manaus.am.gov.br\/implurb\/wp-json\/wp\/v2\/media\/6287"}],"wp:attachment":[{"href":"https:\/\/www.manaus.am.gov.br\/implurb\/wp-json\/wp\/v2\/media?parent=6286"}],"wp:term":[{"taxonomy":"category","embeddable":true,"href":"https:\/\/www.manaus.am.gov.br\/implurb\/wp-json\/wp\/v2\/categories?post=6286"},{"taxonomy":"post_tag","embeddable":true,"href":"https:\/\/www.manaus.am.gov.br\/implurb\/wp-json\/wp\/v2\/tags?post=6286"}],"curies":[{"name":"wp","href":"https:\/\/api.w.org\/{rel}","templated":true}]}}