{"id":6265,"date":"2025-07-04T14:44:41","date_gmt":"2025-07-04T18:44:41","guid":{"rendered":"https:\/\/www.manaus.am.gov.br\/implurb\/celebracao-um-ano-parque-gigantes-da-floresta\/"},"modified":"2025-07-04T14:47:52","modified_gmt":"2025-07-04T18:47:52","slug":"celebracao-um-ano-parque-gigantes-da-floresta","status":"publish","type":"post","link":"https:\/\/www.manaus.am.gov.br\/implurb\/celebracao-um-ano-parque-gigantes-da-floresta\/","title":{"rendered":"Prefeito David Almeida celebra um ano do parque Gigantes da Floresta com grande festa neste s\u00e1bado, 5\/7"},"content":{"rendered":"\n<p>Para celebrar um ano de funcionamento do parque Gigantes da Floresta, o prefeito de Manaus, David Almeida, anunciou a realiza\u00e7\u00e3o do evento \u201cGigantes na Ro\u00e7a\u201d, que acontece neste s\u00e1bado, 5\/7, a partir das 17h, com uma programa\u00e7\u00e3o especial voltada \u00e0 popula\u00e7\u00e3o. O espa\u00e7o se consolidou como um dos maiores sucessos de visita\u00e7\u00e3o da capital amazonense, com mais de 3,6 milh\u00f5es de acessos em apenas 12 meses.<\/p>\n\n\n\n<p>\u201cO parque faz anivers\u00e1rio, mas quem ganha o presente \u00e9 a popula\u00e7\u00e3o de Manaus\u201d, destacou o prefeito. \u201cAmanh\u00e3, dia 5 de julho, a partir das&nbsp;17h, teremos uma grande festa, com entrada gratuita e um show de pr\u00eamios para quem doar um quilo de alimento n\u00e3o perec\u00edvel\u201d, informou o prefeito.<\/p>\n\n\n\n<p>A celebra\u00e7\u00e3o contar\u00e1 com shows dos cantores locais Uendell Pinheiro, George Japa, Joe Guerra e John Veiga, al\u00e9m do sorteio de mais de 50 pr\u00eamios, incluindo motos, televisores e eletrodom\u00e9sticos. A cada quilo de alimento doado, o visitante recebe um cupom para participar dos sorteios, quanto mais doar, mais chances t\u00eam de ganhar.<\/p>\n\n\n\n<p>Localizado entre as zonas Leste e Norte da cidade, o parque Gigantes da Floresta \u00e9 um espa\u00e7o p\u00fablico de lazer, educa\u00e7\u00e3o ambiental e recrea\u00e7\u00e3o familiar, s\u00edmbolo da gest\u00e3o municipal voltada \u00e0 valoriza\u00e7\u00e3o da natureza e da conviv\u00eancia social.<\/p>\n\n\n\n<p>\u201cEsse parque \u00e9 um presente para a cidade. Um espa\u00e7o que promove educa\u00e7\u00e3o ambiental, qualidade de vida e momentos inesquec\u00edveis para milhares de fam\u00edlias\u201d, enfatizou o chefe do Executivo municipal.<\/p>\n\n\n\n<p>A festa de anivers\u00e1rio promete reunir milhares de pessoas e refor\u00e7a o compromisso da Prefeitura de Manaus com o lazer acess\u00edvel e a cultura popular.<\/p>\n\n\n\n<figure class=\"wp-block-image size-large\"><img decoding=\"async\" src=\"https:\/\/www.manaus.am.gov.br\/implurb\/wp-content\/uploads\/sites\/13\/2025\/07\/54632634461_44dfbf576b_k-1024x732.jpg\" alt=\"\" class=\"wp-image-6266\" \/><\/figure>\n\n\n\n<p>&#8212; &#8212; &#8212;<\/p>\n\n\n\n<p><strong>Texto &#8211;&nbsp;<\/strong>Emanuelle Baires\/Semcom-Prefeito<\/p>\n\n\n\n<p><strong>Fotos<\/strong> &#8211; Antonio Pereira\/Semcom-Prefeito<\/p>\n\n\n\n<p><strong>Dispon\u00edveis em &#8211; <\/strong><a href=\"https:\/\/flic.kr\/s\/aHBqjCkmQC\">https:\/\/flic.kr\/s\/aHBqjCkmQC<\/a><\/p>\n","protected":false},"excerpt":{"rendered":"","protected":false},"author":39,"featured_media":6267,"comment_status":"closed","ping_status":"closed","sticky":false,"template":"","format":"standard","meta":{"footnotes":""},"categories":[642],"tags":[1811,31,1812,15,1813,1814],"acf":[],"yoast_head":"<!-- This site is optimized with the Yoast SEO plugin v23.0 - https:\/\/yoast.com\/wordpress\/plugins\/seo\/ -->\n<title>Prefeito celebra um ano do parque Gigantes da Floresta<\/title>\n<meta name=\"description\" content=\"Prefeito de Manaus, David Almeida, celebra um ano do parque Gigantes da Floresta com grande festa neste s\u00e1bado, 5\/7.\" \/>\n<meta name=\"robots\" content=\"noindex, follow\" \/>\n<meta property=\"og:locale\" content=\"pt_BR\" \/>\n<meta property=\"og:type\" content=\"article\" \/>\n<meta property=\"og:title\" content=\"Prefeito celebra um ano do parque Gigantes da Floresta\" \/>\n<meta property=\"og:description\" content=\"Prefeito de Manaus, David Almeida, celebra um ano do parque Gigantes da Floresta com grande festa neste s\u00e1bado, 5\/7.\" \/>\n<meta property=\"og:url\" content=\"https:\/\/www.manaus.am.gov.br\/implurb\/celebracao-um-ano-parque-gigantes-da-floresta\/\" \/>\n<meta property=\"og:site_name\" content=\"IMPLURB\" \/>\n<meta property=\"article:published_time\" content=\"2025-07-04T18:44:41+00:00\" \/>\n<meta property=\"article:modified_time\" content=\"2025-07-04T18:47:52+00:00\" \/>\n<meta property=\"og:image\" content=\"https:\/\/www.manaus.am.gov.br\/implurb\/wp-content\/uploads\/sites\/13\/2025\/07\/54632634441_3c1ebda49f_k.jpg\" \/>\n\t<meta property=\"og:image:width\" content=\"2048\" \/>\n\t<meta property=\"og:image:height\" content=\"1463\" \/>\n\t<meta property=\"og:image:type\" content=\"image\/jpeg\" \/>\n<meta name=\"author\" content=\"Bruna Greco\" \/>\n<meta name=\"twitter:card\" content=\"summary_large_image\" \/>\n<meta name=\"twitter:label1\" content=\"Written by\" \/>\n\t<meta name=\"twitter:data1\" content=\"Bruna Greco\" \/>\n\t<meta name=\"twitter:label2\" content=\"Est. reading time\" \/>\n\t<meta name=\"twitter:data2\" content=\"2 minutos\" \/>\n<script type=\"application\/ld+json\" class=\"yoast-schema-graph\">{\"@context\":\"https:\/\/schema.org\",\"@graph\":[{\"@type\":\"WebPage\",\"@id\":\"https:\/\/www.manaus.am.gov.br\/implurb\/celebracao-um-ano-parque-gigantes-da-floresta\/\",\"url\":\"https:\/\/www.manaus.am.gov.br\/implurb\/celebracao-um-ano-parque-gigantes-da-floresta\/\",\"name\":\"Prefeito celebra um ano do parque Gigantes da Floresta\",\"isPartOf\":{\"@id\":\"https:\/\/www.manaus.am.gov.br\/implurb\/#website\"},\"primaryImageOfPage\":{\"@id\":\"https:\/\/www.manaus.am.gov.br\/implurb\/celebracao-um-ano-parque-gigantes-da-floresta\/#primaryimage\"},\"image\":{\"@id\":\"https:\/\/www.manaus.am.gov.br\/implurb\/celebracao-um-ano-parque-gigantes-da-floresta\/#primaryimage\"},\"thumbnailUrl\":\"https:\/\/www.manaus.am.gov.br\/implurb\/wp-content\/uploads\/sites\/13\/2025\/07\/54632634441_3c1ebda49f_k.jpg\",\"datePublished\":\"2025-07-04T18:44:41+00:00\",\"dateModified\":\"2025-07-04T18:47:52+00:00\",\"author\":{\"@id\":\"https:\/\/www.manaus.am.gov.br\/implurb\/#\/schema\/person\/05d223aea2bf115f9883a6ff3683d81b\"},\"description\":\"Prefeito de Manaus, David Almeida, celebra um ano do parque Gigantes da Floresta com grande festa neste s\u00e1bado, 5\/7.\",\"breadcrumb\":{\"@id\":\"https:\/\/www.manaus.am.gov.br\/implurb\/celebracao-um-ano-parque-gigantes-da-floresta\/#breadcrumb\"},\"inLanguage\":\"pt-BR\",\"potentialAction\":[{\"@type\":\"ReadAction\",\"target\":[\"https:\/\/www.manaus.am.gov.br\/implurb\/celebracao-um-ano-parque-gigantes-da-floresta\/\"]}]},{\"@type\":\"ImageObject\",\"inLanguage\":\"pt-BR\",\"@id\":\"https:\/\/www.manaus.am.gov.br\/implurb\/celebracao-um-ano-parque-gigantes-da-floresta\/#primaryimage\",\"url\":\"https:\/\/www.manaus.am.gov.br\/implurb\/wp-content\/uploads\/sites\/13\/2025\/07\/54632634441_3c1ebda49f_k.jpg\",\"contentUrl\":\"https:\/\/www.manaus.am.gov.br\/implurb\/wp-content\/uploads\/sites\/13\/2025\/07\/54632634441_3c1ebda49f_k.jpg\",\"width\":2048,\"height\":1463,\"caption\":\"#paratodosverem - Prefeito de Manaus, David Almeida, visita parque Gigantes da Floreste para anunciar comemora\u00e7\u00e3o de um ano de funcionamento do espa\u00e7o\"},{\"@type\":\"BreadcrumbList\",\"@id\":\"https:\/\/www.manaus.am.gov.br\/implurb\/celebracao-um-ano-parque-gigantes-da-floresta\/#breadcrumb\",\"itemListElement\":[{\"@type\":\"ListItem\",\"position\":1,\"name\":\"Home\",\"item\":\"https:\/\/www.manaus.am.gov.br\/implurb\/\"},{\"@type\":\"ListItem\",\"position\":2,\"name\":\"Prefeito David Almeida celebra um ano do parque Gigantes da Floresta com grande festa neste s\u00e1bado, 5\/7\"}]},{\"@type\":\"WebSite\",\"@id\":\"https:\/\/www.manaus.am.gov.br\/implurb\/#website\",\"url\":\"https:\/\/www.manaus.am.gov.br\/implurb\/\",\"name\":\"IMPLURB\",\"description\":\"Prefeitura de Manaus\",\"potentialAction\":[{\"@type\":\"SearchAction\",\"target\":{\"@type\":\"EntryPoint\",\"urlTemplate\":\"https:\/\/www.manaus.am.gov.br\/implurb\/?s={search_term_string}\"},\"query-input\":\"required name=search_term_string\"}],\"inLanguage\":\"pt-BR\"},{\"@type\":\"Person\",\"@id\":\"https:\/\/www.manaus.am.gov.br\/implurb\/#\/schema\/person\/05d223aea2bf115f9883a6ff3683d81b\",\"name\":\"Bruna Greco\",\"image\":{\"@type\":\"ImageObject\",\"inLanguage\":\"pt-BR\",\"@id\":\"https:\/\/www.manaus.am.gov.br\/implurb\/#\/schema\/person\/image\/\",\"url\":\"https:\/\/secure.gravatar.com\/avatar\/9c877d1a6adc2a055330e5c09a8653ce?s=96&d=mm&r=g\",\"contentUrl\":\"https:\/\/secure.gravatar.com\/avatar\/9c877d1a6adc2a055330e5c09a8653ce?s=96&d=mm&r=g\",\"caption\":\"Bruna Greco\"}}]}<\/script>\n<!-- \/ Yoast SEO plugin. -->","yoast_head_json":{"title":"Prefeito celebra um ano do parque Gigantes da Floresta","description":"Prefeito de Manaus, David Almeida, celebra um ano do parque Gigantes da Floresta com grande festa neste s\u00e1bado, 5\/7.","robots":{"index":"noindex","follow":"follow"},"og_locale":"pt_BR","og_type":"article","og_title":"Prefeito celebra um ano do parque Gigantes da Floresta","og_description":"Prefeito de Manaus, David Almeida, celebra um ano do parque Gigantes da Floresta com grande festa neste s\u00e1bado, 5\/7.","og_url":"https:\/\/www.manaus.am.gov.br\/implurb\/celebracao-um-ano-parque-gigantes-da-floresta\/","og_site_name":"IMPLURB","article_published_time":"2025-07-04T18:44:41+00:00","article_modified_time":"2025-07-04T18:47:52+00:00","og_image":[{"width":2048,"height":1463,"url":"https:\/\/www.manaus.am.gov.br\/implurb\/wp-content\/uploads\/sites\/13\/2025\/07\/54632634441_3c1ebda49f_k.jpg","type":"image\/jpeg"}],"author":"Bruna Greco","twitter_card":"summary_large_image","twitter_misc":{"Written by":"Bruna Greco","Est. reading time":"2 minutos"},"schema":{"@context":"https:\/\/schema.org","@graph":[{"@type":"WebPage","@id":"https:\/\/www.manaus.am.gov.br\/implurb\/celebracao-um-ano-parque-gigantes-da-floresta\/","url":"https:\/\/www.manaus.am.gov.br\/implurb\/celebracao-um-ano-parque-gigantes-da-floresta\/","name":"Prefeito celebra um ano do parque Gigantes da Floresta","isPartOf":{"@id":"https:\/\/www.manaus.am.gov.br\/implurb\/#website"},"primaryImageOfPage":{"@id":"https:\/\/www.manaus.am.gov.br\/implurb\/celebracao-um-ano-parque-gigantes-da-floresta\/#primaryimage"},"image":{"@id":"https:\/\/www.manaus.am.gov.br\/implurb\/celebracao-um-ano-parque-gigantes-da-floresta\/#primaryimage"},"thumbnailUrl":"https:\/\/www.manaus.am.gov.br\/implurb\/wp-content\/uploads\/sites\/13\/2025\/07\/54632634441_3c1ebda49f_k.jpg","datePublished":"2025-07-04T18:44:41+00:00","dateModified":"2025-07-04T18:47:52+00:00","author":{"@id":"https:\/\/www.manaus.am.gov.br\/implurb\/#\/schema\/person\/05d223aea2bf115f9883a6ff3683d81b"},"description":"Prefeito de Manaus, David Almeida, celebra um ano do parque Gigantes da Floresta com grande festa neste s\u00e1bado, 5\/7.","breadcrumb":{"@id":"https:\/\/www.manaus.am.gov.br\/implurb\/celebracao-um-ano-parque-gigantes-da-floresta\/#breadcrumb"},"inLanguage":"pt-BR","potentialAction":[{"@type":"ReadAction","target":["https:\/\/www.manaus.am.gov.br\/implurb\/celebracao-um-ano-parque-gigantes-da-floresta\/"]}]},{"@type":"ImageObject","inLanguage":"pt-BR","@id":"https:\/\/www.manaus.am.gov.br\/implurb\/celebracao-um-ano-parque-gigantes-da-floresta\/#primaryimage","url":"https:\/\/www.manaus.am.gov.br\/implurb\/wp-content\/uploads\/sites\/13\/2025\/07\/54632634441_3c1ebda49f_k.jpg","contentUrl":"https:\/\/www.manaus.am.gov.br\/implurb\/wp-content\/uploads\/sites\/13\/2025\/07\/54632634441_3c1ebda49f_k.jpg","width":2048,"height":1463,"caption":"#paratodosverem - Prefeito de Manaus, David Almeida, visita parque Gigantes da Floreste para anunciar comemora\u00e7\u00e3o de um ano de funcionamento do espa\u00e7o"},{"@type":"BreadcrumbList","@id":"https:\/\/www.manaus.am.gov.br\/implurb\/celebracao-um-ano-parque-gigantes-da-floresta\/#breadcrumb","itemListElement":[{"@type":"ListItem","position":1,"name":"Home","item":"https:\/\/www.manaus.am.gov.br\/implurb\/"},{"@type":"ListItem","position":2,"name":"Prefeito David Almeida celebra um ano do parque Gigantes da Floresta com grande festa neste s\u00e1bado, 5\/7"}]},{"@type":"WebSite","@id":"https:\/\/www.manaus.am.gov.br\/implurb\/#website","url":"https:\/\/www.manaus.am.gov.br\/implurb\/","name":"IMPLURB","description":"Prefeitura de Manaus","potentialAction":[{"@type":"SearchAction","target":{"@type":"EntryPoint","urlTemplate":"https:\/\/www.manaus.am.gov.br\/implurb\/?s={search_term_string}"},"query-input":"required name=search_term_string"}],"inLanguage":"pt-BR"},{"@type":"Person","@id":"https:\/\/www.manaus.am.gov.br\/implurb\/#\/schema\/person\/05d223aea2bf115f9883a6ff3683d81b","name":"Bruna Greco","image":{"@type":"ImageObject","inLanguage":"pt-BR","@id":"https:\/\/www.manaus.am.gov.br\/implurb\/#\/schema\/person\/image\/","url":"https:\/\/secure.gravatar.com\/avatar\/9c877d1a6adc2a055330e5c09a8653ce?s=96&d=mm&r=g","contentUrl":"https:\/\/secure.gravatar.com\/avatar\/9c877d1a6adc2a055330e5c09a8653ce?s=96&d=mm&r=g","caption":"Bruna Greco"}}]}},"_links":{"self":[{"href":"https:\/\/www.manaus.am.gov.br\/implurb\/wp-json\/wp\/v2\/posts\/6265"}],"collection":[{"href":"https:\/\/www.manaus.am.gov.br\/implurb\/wp-json\/wp\/v2\/posts"}],"about":[{"href":"https:\/\/www.manaus.am.gov.br\/implurb\/wp-json\/wp\/v2\/types\/post"}],"author":[{"embeddable":true,"href":"https:\/\/www.manaus.am.gov.br\/implurb\/wp-json\/wp\/v2\/users\/39"}],"replies":[{"embeddable":true,"href":"https:\/\/www.manaus.am.gov.br\/implurb\/wp-json\/wp\/v2\/comments?post=6265"}],"version-history":[{"count":5,"href":"https:\/\/www.manaus.am.gov.br\/implurb\/wp-json\/wp\/v2\/posts\/6265\/revisions"}],"predecessor-version":[{"id":6272,"href":"https:\/\/www.manaus.am.gov.br\/implurb\/wp-json\/wp\/v2\/posts\/6265\/revisions\/6272"}],"wp:featuredmedia":[{"embeddable":true,"href":"https:\/\/www.manaus.am.gov.br\/implurb\/wp-json\/wp\/v2\/media\/6267"}],"wp:attachment":[{"href":"https:\/\/www.manaus.am.gov.br\/implurb\/wp-json\/wp\/v2\/media?parent=6265"}],"wp:term":[{"taxonomy":"category","embeddable":true,"href":"https:\/\/www.manaus.am.gov.br\/implurb\/wp-json\/wp\/v2\/categories?post=6265"},{"taxonomy":"post_tag","embeddable":true,"href":"https:\/\/www.manaus.am.gov.br\/implurb\/wp-json\/wp\/v2\/tags?post=6265"}],"curies":[{"name":"wp","href":"https:\/\/api.w.org\/{rel}","templated":true}]}}