{"id":6261,"date":"2025-07-04T12:33:07","date_gmt":"2025-07-04T16:33:07","guid":{"rendered":"https:\/\/www.manaus.am.gov.br\/implurb\/acoes-urbanas-fiscalizacao-areas-publicas-comercio-fixo\/"},"modified":"2025-07-04T12:33:07","modified_gmt":"2025-07-04T16:33:07","slug":"acoes-urbanas-fiscalizacao-areas-publicas-comercio-fixo","status":"publish","type":"post","link":"https:\/\/www.manaus.am.gov.br\/implurb\/acoes-urbanas-fiscalizacao-areas-publicas-comercio-fixo\/","title":{"rendered":"Prefeitura de Manaus refor\u00e7a a\u00e7\u00f5es urbanas e fiscaliza\u00e7\u00e3o de \u00e1reas p\u00fablicas e com\u00e9rcio fixo na cidade\u00a0"},"content":{"rendered":"\n<p>A zona central da cidade \u00e9 concentrada por 15% das atividades econ\u00f4micas fixas em \u00e1reas p\u00fablicas e para garantir que esses espa\u00e7os sejam ocupados de forma ordenada, segura e dentro da legisla\u00e7\u00e3o em vigor, a Prefeitura de Manaus, por meio do Instituto Municipal de Planejamento Urbano (Implurb), via Ger\u00eancia de Com\u00e9rcio Fixo em \u00c1reas P\u00fablicas (GFAP), intensifica o trabalho de regulariza\u00e7\u00e3o e fiscaliza\u00e7\u00e3o de com\u00e9rcios, como quiosques, lanchonetes, bancas, floriculturas,&nbsp;<em>food trucks<\/em>&nbsp;e outras estruturas espalhadas por logradouros da capital.<\/p>\n\n\n\n<p>Atualmente, Manaus conta com mais de 700 atividades com mobili\u00e1rios urbanos licenciados de com\u00e9rcio fixo em \u00e1reas p\u00fablicas, evidenciando o alcance e a import\u00e2ncia desse trabalho. A iniciativa desenvolvida pela ger\u00eancia \u00e9 essencial para o ordenamento urbano, promovendo o uso consciente e regulamentado dos espa\u00e7os p\u00fablicos.<\/p>\n\n\n\n<p>Desde o primeiro contato com o empreendedor\/requerente, a GFAP oferece orienta\u00e7\u00f5es sobre os procedimentos necess\u00e1rios para a regulariza\u00e7\u00e3o do mobili\u00e1rio urbano, incluindo documentos exigidos e vistoria t\u00e9cnica nos locais indicados. Caso tudo esteja em conformidade, \u00e9 emitida autoriza\u00e7\u00e3o de permiss\u00e3o de uso prec\u00e1rio para o funcionamento.<\/p>\n\n\n\n<p>Al\u00e9m disso, o setor atua na fiscaliza\u00e7\u00e3o de usos irregulares, podendo aplicar advert\u00eancias, notifica\u00e7\u00f5es ou, em situa\u00e7\u00f5es mais graves, realizar a remo\u00e7\u00e3o das estruturas. O uso prec\u00e1rio indica que a permiss\u00e3o pode ser revogada a qualquer momento de acordo com interesse do poder p\u00fablico. Por lei, n\u00e3o \u00e9 permitida a venda de&nbsp;permiss\u00e3o&nbsp;de&nbsp;uso&nbsp;a terceiros.<\/p>\n\n\n\n<p><strong>Bens p\u00fablicos<\/strong><\/p>\n\n\n\n<p>\u201cOs bens p\u00fablicos, mesmo quando utilizados por permission\u00e1rios, continuam sendo de propriedade do munic\u00edpio, e somente este pode determinar a quem ser\u00e1 dada a sua nova&nbsp;permiss\u00e3o&nbsp;de&nbsp;uso, o que se faz somente por licita\u00e7\u00e3o. O repasse da&nbsp;permiss\u00e3o&nbsp;pelo particular a terceiros \u00e9 um ato ilegal e resulta na retomada ou, no caso, na demoli\u00e7\u00e3o do bem, que n\u00e3o mais atendia ao interesse p\u00fablico\u201d, explicou o assessor t\u00e9cnico da Procuradoria Jur\u00eddica (Projur) do Implurb, Saulo Frota.<\/p>\n\n\n\n<p>D\u00favidas sobre mobili\u00e1rios p\u00fablicos e permiss\u00f5es podem ser tiradas junto \u00e0 GFAP, que tem atendimento presencial de segunda a sexta-feira, das 8h \u00e0s 14h, na sede do Implurb. Durante esse hor\u00e1rio, os interessados recebem suporte completo para dar entrada no processo de licenciamento, com orienta\u00e7\u00f5es, entrega de documentos e acompanhamento at\u00e9 a emiss\u00e3o da autoriza\u00e7\u00e3o.<\/p>\n\n\n\n<p>A atua\u00e7\u00e3o da GFAP fortalece o uso respons\u00e1vel e seguro dos espa\u00e7os urbanos, promovendo oportunidades econ\u00f4micas dentro da legalidade, com respeito \u00e0 paisagem da cidade, \u00e0 legisla\u00e7\u00e3o vigente e \u00e0 mobilidade da popula\u00e7\u00e3o. Para mais informa\u00e7\u00f5es, os interessados podem entrar em contato ainda pelo e-mail&nbsp;<a href=\"mailto:gfap.implurb@manaus.am.gov.br\" target=\"_blank\" rel=\"noreferrer noopener\">gfap.implurb@manaus.am.gov.br<\/a>&nbsp;ou pelos telefones (92) 98855-1643 e (92) 3625-4436.<\/p>\n\n\n\n<p><strong>Parques de divers\u00e3o<\/strong><\/p>\n\n\n\n<p>A ger\u00eancia tamb\u00e9m \u00e9 respons\u00e1vel por dar autoriza\u00e7\u00f5es para o funcionamento de parques de divers\u00e3o. O respons\u00e1vel pelo&nbsp;parque&nbsp;de&nbsp;divers\u00f5es&nbsp;deve apresentar Auto&nbsp;de&nbsp;Vistoria do Corpo&nbsp;de&nbsp;Bombeiros (AVCB), ART do engenheiro, laudo t\u00e9cnico&nbsp;de&nbsp;instala\u00e7\u00e3o, laudo t\u00e9cnico dos brinquedos, croqui&nbsp;de&nbsp;montagem dos equipamentos e ART do Conselho Regional de Engenharia do Amazonas (Crea-AM).<\/p>\n\n\n\n<p>\u201cCom a documenta\u00e7\u00e3o, o interessado pode dar entrada no pedido&nbsp;de&nbsp;regulariza\u00e7\u00e3o junto \u00e0 Prefeitura&nbsp;de&nbsp;Manaus. O funcionamento regular s\u00f3 \u00e9 permitido ap\u00f3s a autoriza\u00e7\u00e3o ser liberada\u201d, explicou o gerente da&nbsp;GFAP, Roberto Carvalho.<\/p>\n\n\n\n<p>Somente ap\u00f3s a an\u00e1lise completa desses documentos e a vistoria in loco, a Prefeitura libera o funcionamento do empreendimento. Atualmente, Manaus conta com tr\u00eas parques de divers\u00f5es licenciados e um circo em funcionamento regular, todos autorizados.<\/p>\n\n\n\n<p>Den\u00fancias sobre\u00a0mobili\u00e1rios irregulares, parques sem licen\u00e7a, obras\u00a0clandestinas e afins s\u00e3o atendidas pelo n\u00famero do\u00a0Disque\u00a0Den\u00fancia, pelo 3673-9305 (segunda a sexta-feira, das 8h \u00e0s 14h, exceto feriados e pontos facultativos), ou pelo\u00a0161\u00a0(segunda a sexta-feira, das 8h \u00e0s 14h), ou pelo e-mail\u00a0<a href=\"mailto:disquedenuncia.implurb@manaus.am.gov.br\" target=\"_blank\" rel=\"noreferrer noopener\">disquedenuncia.implurb@manaus.am.gov.br<\/a>.<\/p>\n\n\n\n<figure class=\"wp-block-image size-large\"><img decoding=\"async\" src=\"https:\/\/www.manaus.am.gov.br\/implurb\/wp-content\/uploads\/sites\/13\/2025\/07\/GFAP-7-1024x768.jpeg\" alt=\"\" class=\"wp-image-6262\" \/><\/figure>\n\n\n\n<p>&#8212; &#8212; &#8212;<\/p>\n\n\n\n<p><strong>Texto&nbsp;<\/strong>\u2013 Yasmim Ferreira\/Implurb<\/p>\n\n\n\n<p><strong>Fotos<\/strong> &#8211; Maxwell Oliveira\/Implurb<\/p>\n","protected":false},"excerpt":{"rendered":"","protected":false},"author":39,"featured_media":6263,"comment_status":"closed","ping_status":"closed","sticky":false,"template":"","format":"standard","meta":{"footnotes":""},"categories":[173],"tags":[1277,1809,1810,11,15],"acf":[],"yoast_head":"<!-- This site is optimized with the Yoast SEO plugin v23.0 - https:\/\/yoast.com\/wordpress\/plugins\/seo\/ -->\n<title>A\u00e7\u00f5es urbanas e fiscaliza\u00e7\u00e3o de \u00e1reas p\u00fablicas e com\u00e9rcio fixo<\/title>\n<meta name=\"description\" content=\"Prefeitura de Manaus, por meio do Implurb, refor\u00e7a a\u00e7\u00f5es urbanas e fiscaliza\u00e7\u00e3o de \u00e1reas p\u00fablicas e com\u00e9rcio fixo na cidade.\" \/>\n<meta name=\"robots\" content=\"noindex, follow\" \/>\n<meta property=\"og:locale\" content=\"pt_BR\" \/>\n<meta property=\"og:type\" content=\"article\" \/>\n<meta property=\"og:title\" content=\"A\u00e7\u00f5es urbanas e fiscaliza\u00e7\u00e3o de \u00e1reas p\u00fablicas e com\u00e9rcio fixo\" \/>\n<meta property=\"og:description\" content=\"Prefeitura de Manaus, por meio do Implurb, refor\u00e7a a\u00e7\u00f5es urbanas e fiscaliza\u00e7\u00e3o de \u00e1reas p\u00fablicas e com\u00e9rcio fixo na cidade.\" \/>\n<meta property=\"og:url\" content=\"https:\/\/www.manaus.am.gov.br\/implurb\/acoes-urbanas-fiscalizacao-areas-publicas-comercio-fixo\/\" \/>\n<meta property=\"og:site_name\" content=\"IMPLURB\" \/>\n<meta property=\"article:published_time\" content=\"2025-07-04T16:33:07+00:00\" \/>\n<meta property=\"og:image\" content=\"https:\/\/www.manaus.am.gov.br\/implurb\/wp-content\/uploads\/sites\/13\/2025\/07\/GFAP-1.jpeg\" \/>\n\t<meta property=\"og:image:width\" content=\"1600\" \/>\n\t<meta property=\"og:image:height\" content=\"1200\" \/>\n\t<meta property=\"og:image:type\" content=\"image\/jpeg\" \/>\n<meta name=\"author\" content=\"Bruna Greco\" \/>\n<meta name=\"twitter:card\" content=\"summary_large_image\" \/>\n<meta name=\"twitter:label1\" content=\"Written by\" \/>\n\t<meta name=\"twitter:data1\" content=\"Bruna Greco\" \/>\n\t<meta name=\"twitter:label2\" content=\"Est. reading time\" \/>\n\t<meta name=\"twitter:data2\" content=\"4 minutos\" \/>\n<script type=\"application\/ld+json\" class=\"yoast-schema-graph\">{\"@context\":\"https:\/\/schema.org\",\"@graph\":[{\"@type\":\"WebPage\",\"@id\":\"https:\/\/www.manaus.am.gov.br\/implurb\/acoes-urbanas-fiscalizacao-areas-publicas-comercio-fixo\/\",\"url\":\"https:\/\/www.manaus.am.gov.br\/implurb\/acoes-urbanas-fiscalizacao-areas-publicas-comercio-fixo\/\",\"name\":\"A\u00e7\u00f5es urbanas e fiscaliza\u00e7\u00e3o de \u00e1reas p\u00fablicas e com\u00e9rcio fixo\",\"isPartOf\":{\"@id\":\"https:\/\/www.manaus.am.gov.br\/implurb\/#website\"},\"primaryImageOfPage\":{\"@id\":\"https:\/\/www.manaus.am.gov.br\/implurb\/acoes-urbanas-fiscalizacao-areas-publicas-comercio-fixo\/#primaryimage\"},\"image\":{\"@id\":\"https:\/\/www.manaus.am.gov.br\/implurb\/acoes-urbanas-fiscalizacao-areas-publicas-comercio-fixo\/#primaryimage\"},\"thumbnailUrl\":\"https:\/\/www.manaus.am.gov.br\/implurb\/wp-content\/uploads\/sites\/13\/2025\/07\/GFAP-1.jpeg\",\"datePublished\":\"2025-07-04T16:33:07+00:00\",\"dateModified\":\"2025-07-04T16:33:07+00:00\",\"author\":{\"@id\":\"https:\/\/www.manaus.am.gov.br\/implurb\/#\/schema\/person\/05d223aea2bf115f9883a6ff3683d81b\"},\"description\":\"Prefeitura de Manaus, por meio do Implurb, refor\u00e7a a\u00e7\u00f5es urbanas e fiscaliza\u00e7\u00e3o de \u00e1reas p\u00fablicas e com\u00e9rcio fixo na cidade.\",\"breadcrumb\":{\"@id\":\"https:\/\/www.manaus.am.gov.br\/implurb\/acoes-urbanas-fiscalizacao-areas-publicas-comercio-fixo\/#breadcrumb\"},\"inLanguage\":\"pt-BR\",\"potentialAction\":[{\"@type\":\"ReadAction\",\"target\":[\"https:\/\/www.manaus.am.gov.br\/implurb\/acoes-urbanas-fiscalizacao-areas-publicas-comercio-fixo\/\"]}]},{\"@type\":\"ImageObject\",\"inLanguage\":\"pt-BR\",\"@id\":\"https:\/\/www.manaus.am.gov.br\/implurb\/acoes-urbanas-fiscalizacao-areas-publicas-comercio-fixo\/#primaryimage\",\"url\":\"https:\/\/www.manaus.am.gov.br\/implurb\/wp-content\/uploads\/sites\/13\/2025\/07\/GFAP-1.jpeg\",\"contentUrl\":\"https:\/\/www.manaus.am.gov.br\/implurb\/wp-content\/uploads\/sites\/13\/2025\/07\/GFAP-1.jpeg\",\"width\":1600,\"height\":1200,\"caption\":\"#paratodosverem - Servidor da Ger\u00eancia de Com\u00e9rcio Fixo em \u00c1reas P\u00fablicas (GFAP), do Implurb\"},{\"@type\":\"BreadcrumbList\",\"@id\":\"https:\/\/www.manaus.am.gov.br\/implurb\/acoes-urbanas-fiscalizacao-areas-publicas-comercio-fixo\/#breadcrumb\",\"itemListElement\":[{\"@type\":\"ListItem\",\"position\":1,\"name\":\"Home\",\"item\":\"https:\/\/www.manaus.am.gov.br\/implurb\/\"},{\"@type\":\"ListItem\",\"position\":2,\"name\":\"Prefeitura de Manaus refor\u00e7a a\u00e7\u00f5es urbanas e fiscaliza\u00e7\u00e3o de \u00e1reas p\u00fablicas e com\u00e9rcio fixo na cidade\u00a0\"}]},{\"@type\":\"WebSite\",\"@id\":\"https:\/\/www.manaus.am.gov.br\/implurb\/#website\",\"url\":\"https:\/\/www.manaus.am.gov.br\/implurb\/\",\"name\":\"IMPLURB\",\"description\":\"Prefeitura de Manaus\",\"potentialAction\":[{\"@type\":\"SearchAction\",\"target\":{\"@type\":\"EntryPoint\",\"urlTemplate\":\"https:\/\/www.manaus.am.gov.br\/implurb\/?s={search_term_string}\"},\"query-input\":\"required name=search_term_string\"}],\"inLanguage\":\"pt-BR\"},{\"@type\":\"Person\",\"@id\":\"https:\/\/www.manaus.am.gov.br\/implurb\/#\/schema\/person\/05d223aea2bf115f9883a6ff3683d81b\",\"name\":\"Bruna Greco\",\"image\":{\"@type\":\"ImageObject\",\"inLanguage\":\"pt-BR\",\"@id\":\"https:\/\/www.manaus.am.gov.br\/implurb\/#\/schema\/person\/image\/\",\"url\":\"https:\/\/secure.gravatar.com\/avatar\/9c877d1a6adc2a055330e5c09a8653ce?s=96&d=mm&r=g\",\"contentUrl\":\"https:\/\/secure.gravatar.com\/avatar\/9c877d1a6adc2a055330e5c09a8653ce?s=96&d=mm&r=g\",\"caption\":\"Bruna Greco\"}}]}<\/script>\n<!-- \/ Yoast SEO plugin. -->","yoast_head_json":{"title":"A\u00e7\u00f5es urbanas e fiscaliza\u00e7\u00e3o de \u00e1reas p\u00fablicas e com\u00e9rcio fixo","description":"Prefeitura de Manaus, por meio do Implurb, refor\u00e7a a\u00e7\u00f5es urbanas e fiscaliza\u00e7\u00e3o de \u00e1reas p\u00fablicas e com\u00e9rcio fixo na cidade.","robots":{"index":"noindex","follow":"follow"},"og_locale":"pt_BR","og_type":"article","og_title":"A\u00e7\u00f5es urbanas e fiscaliza\u00e7\u00e3o de \u00e1reas p\u00fablicas e com\u00e9rcio fixo","og_description":"Prefeitura de Manaus, por meio do Implurb, refor\u00e7a a\u00e7\u00f5es urbanas e fiscaliza\u00e7\u00e3o de \u00e1reas p\u00fablicas e com\u00e9rcio fixo na cidade.","og_url":"https:\/\/www.manaus.am.gov.br\/implurb\/acoes-urbanas-fiscalizacao-areas-publicas-comercio-fixo\/","og_site_name":"IMPLURB","article_published_time":"2025-07-04T16:33:07+00:00","og_image":[{"width":1600,"height":1200,"url":"https:\/\/www.manaus.am.gov.br\/implurb\/wp-content\/uploads\/sites\/13\/2025\/07\/GFAP-1.jpeg","type":"image\/jpeg"}],"author":"Bruna Greco","twitter_card":"summary_large_image","twitter_misc":{"Written by":"Bruna Greco","Est. reading time":"4 minutos"},"schema":{"@context":"https:\/\/schema.org","@graph":[{"@type":"WebPage","@id":"https:\/\/www.manaus.am.gov.br\/implurb\/acoes-urbanas-fiscalizacao-areas-publicas-comercio-fixo\/","url":"https:\/\/www.manaus.am.gov.br\/implurb\/acoes-urbanas-fiscalizacao-areas-publicas-comercio-fixo\/","name":"A\u00e7\u00f5es urbanas e fiscaliza\u00e7\u00e3o de \u00e1reas p\u00fablicas e com\u00e9rcio fixo","isPartOf":{"@id":"https:\/\/www.manaus.am.gov.br\/implurb\/#website"},"primaryImageOfPage":{"@id":"https:\/\/www.manaus.am.gov.br\/implurb\/acoes-urbanas-fiscalizacao-areas-publicas-comercio-fixo\/#primaryimage"},"image":{"@id":"https:\/\/www.manaus.am.gov.br\/implurb\/acoes-urbanas-fiscalizacao-areas-publicas-comercio-fixo\/#primaryimage"},"thumbnailUrl":"https:\/\/www.manaus.am.gov.br\/implurb\/wp-content\/uploads\/sites\/13\/2025\/07\/GFAP-1.jpeg","datePublished":"2025-07-04T16:33:07+00:00","dateModified":"2025-07-04T16:33:07+00:00","author":{"@id":"https:\/\/www.manaus.am.gov.br\/implurb\/#\/schema\/person\/05d223aea2bf115f9883a6ff3683d81b"},"description":"Prefeitura de Manaus, por meio do Implurb, refor\u00e7a a\u00e7\u00f5es urbanas e fiscaliza\u00e7\u00e3o de \u00e1reas p\u00fablicas e com\u00e9rcio fixo na cidade.","breadcrumb":{"@id":"https:\/\/www.manaus.am.gov.br\/implurb\/acoes-urbanas-fiscalizacao-areas-publicas-comercio-fixo\/#breadcrumb"},"inLanguage":"pt-BR","potentialAction":[{"@type":"ReadAction","target":["https:\/\/www.manaus.am.gov.br\/implurb\/acoes-urbanas-fiscalizacao-areas-publicas-comercio-fixo\/"]}]},{"@type":"ImageObject","inLanguage":"pt-BR","@id":"https:\/\/www.manaus.am.gov.br\/implurb\/acoes-urbanas-fiscalizacao-areas-publicas-comercio-fixo\/#primaryimage","url":"https:\/\/www.manaus.am.gov.br\/implurb\/wp-content\/uploads\/sites\/13\/2025\/07\/GFAP-1.jpeg","contentUrl":"https:\/\/www.manaus.am.gov.br\/implurb\/wp-content\/uploads\/sites\/13\/2025\/07\/GFAP-1.jpeg","width":1600,"height":1200,"caption":"#paratodosverem - Servidor da Ger\u00eancia de Com\u00e9rcio Fixo em \u00c1reas P\u00fablicas (GFAP), do Implurb"},{"@type":"BreadcrumbList","@id":"https:\/\/www.manaus.am.gov.br\/implurb\/acoes-urbanas-fiscalizacao-areas-publicas-comercio-fixo\/#breadcrumb","itemListElement":[{"@type":"ListItem","position":1,"name":"Home","item":"https:\/\/www.manaus.am.gov.br\/implurb\/"},{"@type":"ListItem","position":2,"name":"Prefeitura de Manaus refor\u00e7a a\u00e7\u00f5es urbanas e fiscaliza\u00e7\u00e3o de \u00e1reas p\u00fablicas e com\u00e9rcio fixo na cidade\u00a0"}]},{"@type":"WebSite","@id":"https:\/\/www.manaus.am.gov.br\/implurb\/#website","url":"https:\/\/www.manaus.am.gov.br\/implurb\/","name":"IMPLURB","description":"Prefeitura de Manaus","potentialAction":[{"@type":"SearchAction","target":{"@type":"EntryPoint","urlTemplate":"https:\/\/www.manaus.am.gov.br\/implurb\/?s={search_term_string}"},"query-input":"required name=search_term_string"}],"inLanguage":"pt-BR"},{"@type":"Person","@id":"https:\/\/www.manaus.am.gov.br\/implurb\/#\/schema\/person\/05d223aea2bf115f9883a6ff3683d81b","name":"Bruna Greco","image":{"@type":"ImageObject","inLanguage":"pt-BR","@id":"https:\/\/www.manaus.am.gov.br\/implurb\/#\/schema\/person\/image\/","url":"https:\/\/secure.gravatar.com\/avatar\/9c877d1a6adc2a055330e5c09a8653ce?s=96&d=mm&r=g","contentUrl":"https:\/\/secure.gravatar.com\/avatar\/9c877d1a6adc2a055330e5c09a8653ce?s=96&d=mm&r=g","caption":"Bruna Greco"}}]}},"_links":{"self":[{"href":"https:\/\/www.manaus.am.gov.br\/implurb\/wp-json\/wp\/v2\/posts\/6261"}],"collection":[{"href":"https:\/\/www.manaus.am.gov.br\/implurb\/wp-json\/wp\/v2\/posts"}],"about":[{"href":"https:\/\/www.manaus.am.gov.br\/implurb\/wp-json\/wp\/v2\/types\/post"}],"author":[{"embeddable":true,"href":"https:\/\/www.manaus.am.gov.br\/implurb\/wp-json\/wp\/v2\/users\/39"}],"replies":[{"embeddable":true,"href":"https:\/\/www.manaus.am.gov.br\/implurb\/wp-json\/wp\/v2\/comments?post=6261"}],"version-history":[{"count":1,"href":"https:\/\/www.manaus.am.gov.br\/implurb\/wp-json\/wp\/v2\/posts\/6261\/revisions"}],"predecessor-version":[{"id":6264,"href":"https:\/\/www.manaus.am.gov.br\/implurb\/wp-json\/wp\/v2\/posts\/6261\/revisions\/6264"}],"wp:featuredmedia":[{"embeddable":true,"href":"https:\/\/www.manaus.am.gov.br\/implurb\/wp-json\/wp\/v2\/media\/6263"}],"wp:attachment":[{"href":"https:\/\/www.manaus.am.gov.br\/implurb\/wp-json\/wp\/v2\/media?parent=6261"}],"wp:term":[{"taxonomy":"category","embeddable":true,"href":"https:\/\/www.manaus.am.gov.br\/implurb\/wp-json\/wp\/v2\/categories?post=6261"},{"taxonomy":"post_tag","embeddable":true,"href":"https:\/\/www.manaus.am.gov.br\/implurb\/wp-json\/wp\/v2\/tags?post=6261"}],"curies":[{"name":"wp","href":"https:\/\/api.w.org\/{rel}","templated":true}]}}