{"id":6256,"date":"2025-07-04T11:48:28","date_gmt":"2025-07-04T15:48:28","guid":{"rendered":"https:\/\/www.manaus.am.gov.br\/implurb\/trabalhos-tecnicos-revisao-plano-diretor\/"},"modified":"2025-07-04T11:48:28","modified_gmt":"2025-07-04T15:48:28","slug":"trabalhos-tecnicos-revisao-plano-diretor","status":"publish","type":"post","link":"https:\/\/www.manaus.am.gov.br\/implurb\/trabalhos-tecnicos-revisao-plano-diretor\/","title":{"rendered":"Prefeitura de Manaus avan\u00e7a com trabalhos t\u00e9cnicos para in\u00edcio da revis\u00e3o do Plano Diretor da cidade"},"content":{"rendered":"\n<p>A Prefeitura de Manaus segue com os primeiros passos para revisar o Plano Diretor da cidade, instrumento essencial para orientar o crescimento urbano e garantir uma capital mais organizada, inclusiva e sustent\u00e1vel. Com um cronograma ajustado, a pr\u00f3xima etapa \u00e9 a publica\u00e7\u00e3o de um decreto municipal, que ser\u00e1 assinado pelo prefeito David Almeida, oficializando a comiss\u00e3o t\u00e9cnica respons\u00e1vel por conduzir os trabalhos.<\/p>\n\n\n\n<p>Todas as secretarias e autarquias direta e indiretamente envolvidas no processo est\u00e3o sendo convidadas a indicar nomes de suas equipes para compor os trabalhos. As a\u00e7\u00f5es s\u00e3o coordenadas pelo Instituto Municipal de Planejamento Urbano (Implurb).<\/p>\n\n\n\n<p>\u201cEste \u00e9 um primeiro est\u00e1gio, no qual os t\u00e9cnicos da prefeitura apresentam suas considera\u00e7\u00f5es e propostas iniciais, visando consolidar uma vers\u00e3o preliminar para a revis\u00e3o. Internamente, equipes do Implurb j\u00e1 trabalham nas suas contribui\u00e7\u00f5es, nas ger\u00eancias e diretorias, porque est\u00e3o em contato diariamente com a legisla\u00e7\u00e3o, tendo uma experi\u00eancia e expertise singulares\u201d, disse o diretor-presidente do Implurb, Carlos Valente.<\/p>\n\n\n\n<p>O Plano Diretor re\u00fane regras e diretrizes que v\u00e3o nortear o desenvolvimento da cidade pelos pr\u00f3ximos anos. Entre os principais eixos da proposta, est\u00e3o o est\u00edmulo ao adensamento populacional ao longo dos corredores de transporte p\u00fablico e a promo\u00e7\u00e3o de edif\u00edcios de uso misto \u2014 com fachadas ativas voltadas para os espa\u00e7os p\u00fablicos.<\/p>\n\n\n\n<p>A ideia \u00e9 favorecer uma cidade mais conectada, viva e acess\u00edvel para os cidad\u00e3os. A pauta ambiental tamb\u00e9m ganha destaque, com a\u00e7\u00f5es voltadas \u00e0 amplia\u00e7\u00e3o e preserva\u00e7\u00e3o de \u00e1reas verdes, cria\u00e7\u00e3o de novos parques e recupera\u00e7\u00e3o de \u00e1reas de preserva\u00e7\u00e3o permanente, inclusive com instrumentos que incentivem a prote\u00e7\u00e3o de \u00e1reas privadas.<\/p>\n\n\n\n<p>Formada por profissionais qualificados de diversos \u00f3rg\u00e3os da administra\u00e7\u00e3o municipal, a comiss\u00e3o t\u00e9cnica ser\u00e1 respons\u00e1vel por elaborar uma vers\u00e3o preliminar do novo Plano Diretor, reunindo diagn\u00f3sticos, propostas e diretrizes que refletem os desafios e as potencialidades da capital amazonense.<\/p>\n\n\n\n<p>Com a vers\u00e3o preliminar, o documento ser\u00e1 disponibilizado \u00e0s entidades da sociedade civil organizada e diversos setores da economia, ind\u00fastria, com\u00e9rcio, entidades, institui\u00e7\u00f5es acad\u00eamicas, universidades e afins, para que fa\u00e7am an\u00e1lise e apresentem contribui\u00e7\u00f5es, cr\u00edticas e sugest\u00f5es.<\/p>\n\n\n\n<p>\u201cEsta etapa envolver\u00e1 a intera\u00e7\u00e3o direta com a sociedade, com amplo chamamento p\u00fablico, notadamente por meio de audi\u00eancias p\u00fablicas que ser\u00e3o realizadas em todas as regi\u00f5es da capital, proporcionando um espa\u00e7o para que a proposta seja amplamente discutida, questionada e para que novas sugest\u00f5es sejam apresentadas pelos cidad\u00e3os. Conclu\u00eddos esses est\u00e1gios, ser\u00e1 feita a consolida\u00e7\u00e3o da vers\u00e3o final, que servir\u00e1 como base para o projeto de lei a ser encaminhado \u00e0 C\u00e2mara Municipal de Manaus (CMM) pelo prefeito David Almeida\u201d, comentou o diretor-presidente.<\/p>\n\n\n\n<figure class=\"wp-block-image size-large\"><img decoding=\"async\" src=\"https:\/\/www.manaus.am.gov.br\/implurb\/wp-content\/uploads\/sites\/13\/2025\/07\/escola-1024x683.jpeg\" alt=\"\" class=\"wp-image-6258\" \/><\/figure>\n\n\n\n<p><strong>Di\u00e1logos<\/strong><\/p>\n\n\n\n<p>Diversas entidades j\u00e1 t\u00eam realizado di\u00e1logos com o Implurb sobre a revis\u00e3o do Plano Diretor, se colocando \u00e0 disposi\u00e7\u00e3o para colabora\u00e7\u00f5es e a\u00e7\u00f5es participativas, como o Minist\u00e9rio P\u00fablico do Estado do Amazonas (MP-AM), Servi\u00e7o Brasileiro de Apoio \u00e0s Micro e Pequenas Empresas (Sebrae-AM) Amazonas, Defensoria P\u00fablica do Estado Amazonas (DPE-AM), C\u00e2mara de Dirigentes Lojistas (CDL Manaus), entre outros.<\/p>\n\n\n\n<p><strong>Comiss\u00e3o<\/strong><\/p>\n\n\n\n<p>Caber\u00e1 \u00e0 comiss\u00e3o executiva atender todos os ritos previstos em lei e pelo&nbsp;Estatuto&nbsp;das&nbsp;Cidades, incluindo consultas e audi\u00eancias p\u00fablicas e pautas que emergiram na \u00faltima d\u00e9cada para o planejamento sustent\u00e1vel e gest\u00e3o do territ\u00f3rio no munic\u00edpio.&nbsp;<\/p>\n\n\n\n<p>O&nbsp;Estatuto&nbsp;das&nbsp;Cidades&nbsp;\u00e9 de 2001 (lei 10.257) e o&nbsp;Plano&nbsp;Diretor&nbsp;de Manaus \u00e9 de 2002, tendo sua primeira revis\u00e3o em 2014. Partindo da experi\u00eancia acumulada e considerando os recentes desafios impostos \u00e0s&nbsp;cidades&nbsp;e novas agendas, perspectivas e avan\u00e7os para enfrent\u00e1-los, a futura legisla\u00e7\u00e3o manter\u00e1 ainda em pauta os Objetivos de Desenvolvimento Sustent\u00e1vel (ODS), a Nova Agenda Urbana (NAU) e o pacto clim\u00e1tico do Acordo de Paris.<\/p>\n\n\n\n<p>O Plano Diretor&nbsp;da capital teve atualiza\u00e7\u00f5es em diversas leis feitas em 2016 e 2019, tendo hoje um documento consolidado com as mudan\u00e7as em vers\u00e3o digital dispon\u00edvel para consulta p\u00fablica. Com 203 p\u00e1ginas, est\u00e1 dispon\u00edvel para consulta a edi\u00e7\u00e3o interativa e digital do livro &#8220;Legisla\u00e7\u00e3o Urban\u00edstica Municipal &#8211;&nbsp;Plano&nbsp;Diretor&nbsp;Urbano e Ambiental de Manaus e Suas Leis Complementares&#8221;, reunindo as revis\u00f5es e altera\u00e7\u00f5es consolidadas realizadas nos anos de 2014, 2016 e 2019.<\/p>\n\n\n\n<p>A obra \u00e9 uma das a\u00e7\u00f5es da gest\u00e3o do prefeito David Almeida, com o objetivo de aperfei\u00e7oar a legisla\u00e7\u00e3o em vigor, reunindo as leis consolidadas e unificadas em um s\u00f3 documento, de f\u00e1cil acesso, voltado para o desenvolvimento de uma cidade mais equilibrada, justa, includente e sustent\u00e1vel urbanisticamente.<\/p>\n\n\n\n<p>No site do Implurb est\u00e1 dispon\u00edvel a vers\u00e3o para consulta e download (<a href=\"http:\/\/implurb.manaus.am.gov.br\/\" target=\"_blank\" rel=\"noreferrer noopener\">implurb.manaus.am.gov.br<\/a>), em PDF interativo, para acesso pelos sistemas iOS, Android e Windows. Nesta vers\u00e3o, o usu\u00e1rio pode fazer download ainda dos nove mapas da cidade por categoria e das tabelas do\u00a0Plano\u00a0Diretor\u00a0e suas leis, em separado. No site, a edi\u00e7\u00e3o pode ser encontrada no banner colorido e na plataforma\u00a0ISSU, assim como na barra \u201cO Implurb\u201d, dentro de \u201cLegisla\u00e7\u00e3o\u201d.<\/p>\n\n\n\n<figure class=\"wp-block-image size-large\"><img decoding=\"async\" src=\"https:\/\/www.manaus.am.gov.br\/implurb\/wp-content\/uploads\/sites\/13\/2025\/07\/plano-1024x768.jpeg\" alt=\"\" class=\"wp-image-6257\" \/><\/figure>\n\n\n\n<p>&#8212; &#8212; &#8212;<\/p>\n\n\n\n<p><strong>Texto &#8211;\u00a0<\/strong>Cl\u00e1udia do Valle\/Implurb<\/p>\n\n\n\n<p><strong>Fotos<\/strong>\u00a0\u2013 Maxwell Oliveira\/Implurb e Divulga\u00e7\u00e3o\/Semcom<\/p>\n","protected":false},"excerpt":{"rendered":"","protected":false},"author":39,"featured_media":6259,"comment_status":"closed","ping_status":"closed","sticky":false,"template":"","format":"standard","meta":{"footnotes":""},"categories":[9],"tags":[250,1026,11,15,672,1808],"acf":[],"yoast_head":"<!-- This site is optimized with the Yoast SEO plugin v23.0 - https:\/\/yoast.com\/wordpress\/plugins\/seo\/ -->\n<title>Avan\u00e7a com trabalhos t\u00e9cnicos para revis\u00e3o do Plano Diretor<\/title>\n<meta name=\"description\" content=\"Prefeitura de Manaus, por meio do Implurb, avan\u00e7a com trabalhos t\u00e9cnicos para in\u00edcio da revis\u00e3o do Plano Diretor da cidade.\" \/>\n<meta name=\"robots\" content=\"noindex, follow\" \/>\n<meta property=\"og:locale\" content=\"pt_BR\" \/>\n<meta property=\"og:type\" content=\"article\" \/>\n<meta property=\"og:title\" content=\"Avan\u00e7a com trabalhos t\u00e9cnicos para revis\u00e3o do Plano Diretor\" \/>\n<meta property=\"og:description\" content=\"Prefeitura de Manaus, por meio do Implurb, avan\u00e7a com trabalhos t\u00e9cnicos para in\u00edcio da revis\u00e3o do Plano Diretor da cidade.\" \/>\n<meta property=\"og:url\" content=\"https:\/\/www.manaus.am.gov.br\/implurb\/trabalhos-tecnicos-revisao-plano-diretor\/\" \/>\n<meta property=\"og:site_name\" content=\"IMPLURB\" \/>\n<meta property=\"article:published_time\" content=\"2025-07-04T15:48:28+00:00\" \/>\n<meta property=\"og:image\" content=\"https:\/\/www.manaus.am.gov.br\/implurb\/wp-content\/uploads\/sites\/13\/2025\/07\/centro3.jpg\" \/>\n\t<meta property=\"og:image:width\" content=\"4160\" \/>\n\t<meta property=\"og:image:height\" content=\"2340\" \/>\n\t<meta property=\"og:image:type\" content=\"image\/jpeg\" \/>\n<meta name=\"author\" content=\"Bruna Greco\" \/>\n<meta name=\"twitter:card\" content=\"summary_large_image\" \/>\n<meta name=\"twitter:label1\" content=\"Written by\" \/>\n\t<meta name=\"twitter:data1\" content=\"Bruna Greco\" \/>\n\t<meta name=\"twitter:label2\" content=\"Est. reading time\" \/>\n\t<meta name=\"twitter:data2\" content=\"5 minutos\" \/>\n<script type=\"application\/ld+json\" class=\"yoast-schema-graph\">{\"@context\":\"https:\/\/schema.org\",\"@graph\":[{\"@type\":\"WebPage\",\"@id\":\"https:\/\/www.manaus.am.gov.br\/implurb\/trabalhos-tecnicos-revisao-plano-diretor\/\",\"url\":\"https:\/\/www.manaus.am.gov.br\/implurb\/trabalhos-tecnicos-revisao-plano-diretor\/\",\"name\":\"Avan\u00e7a com trabalhos t\u00e9cnicos para revis\u00e3o do Plano Diretor\",\"isPartOf\":{\"@id\":\"https:\/\/www.manaus.am.gov.br\/implurb\/#website\"},\"primaryImageOfPage\":{\"@id\":\"https:\/\/www.manaus.am.gov.br\/implurb\/trabalhos-tecnicos-revisao-plano-diretor\/#primaryimage\"},\"image\":{\"@id\":\"https:\/\/www.manaus.am.gov.br\/implurb\/trabalhos-tecnicos-revisao-plano-diretor\/#primaryimage\"},\"thumbnailUrl\":\"https:\/\/www.manaus.am.gov.br\/implurb\/wp-content\/uploads\/sites\/13\/2025\/07\/centro3.jpg\",\"datePublished\":\"2025-07-04T15:48:28+00:00\",\"dateModified\":\"2025-07-04T15:48:28+00:00\",\"author\":{\"@id\":\"https:\/\/www.manaus.am.gov.br\/implurb\/#\/schema\/person\/05d223aea2bf115f9883a6ff3683d81b\"},\"description\":\"Prefeitura de Manaus, por meio do Implurb, avan\u00e7a com trabalhos t\u00e9cnicos para in\u00edcio da revis\u00e3o do Plano Diretor da cidade.\",\"breadcrumb\":{\"@id\":\"https:\/\/www.manaus.am.gov.br\/implurb\/trabalhos-tecnicos-revisao-plano-diretor\/#breadcrumb\"},\"inLanguage\":\"pt-BR\",\"potentialAction\":[{\"@type\":\"ReadAction\",\"target\":[\"https:\/\/www.manaus.am.gov.br\/implurb\/trabalhos-tecnicos-revisao-plano-diretor\/\"]}]},{\"@type\":\"ImageObject\",\"inLanguage\":\"pt-BR\",\"@id\":\"https:\/\/www.manaus.am.gov.br\/implurb\/trabalhos-tecnicos-revisao-plano-diretor\/#primaryimage\",\"url\":\"https:\/\/www.manaus.am.gov.br\/implurb\/wp-content\/uploads\/sites\/13\/2025\/07\/centro3.jpg\",\"contentUrl\":\"https:\/\/www.manaus.am.gov.br\/implurb\/wp-content\/uploads\/sites\/13\/2025\/07\/centro3.jpg\",\"width\":4160,\"height\":2340,\"caption\":\"#paratodosverem - Imagem a\u00e9rea da cidade de Manaus\"},{\"@type\":\"BreadcrumbList\",\"@id\":\"https:\/\/www.manaus.am.gov.br\/implurb\/trabalhos-tecnicos-revisao-plano-diretor\/#breadcrumb\",\"itemListElement\":[{\"@type\":\"ListItem\",\"position\":1,\"name\":\"Home\",\"item\":\"https:\/\/www.manaus.am.gov.br\/implurb\/\"},{\"@type\":\"ListItem\",\"position\":2,\"name\":\"Prefeitura de Manaus avan\u00e7a com trabalhos t\u00e9cnicos para in\u00edcio da revis\u00e3o do Plano Diretor da cidade\"}]},{\"@type\":\"WebSite\",\"@id\":\"https:\/\/www.manaus.am.gov.br\/implurb\/#website\",\"url\":\"https:\/\/www.manaus.am.gov.br\/implurb\/\",\"name\":\"IMPLURB\",\"description\":\"Prefeitura de Manaus\",\"potentialAction\":[{\"@type\":\"SearchAction\",\"target\":{\"@type\":\"EntryPoint\",\"urlTemplate\":\"https:\/\/www.manaus.am.gov.br\/implurb\/?s={search_term_string}\"},\"query-input\":\"required name=search_term_string\"}],\"inLanguage\":\"pt-BR\"},{\"@type\":\"Person\",\"@id\":\"https:\/\/www.manaus.am.gov.br\/implurb\/#\/schema\/person\/05d223aea2bf115f9883a6ff3683d81b\",\"name\":\"Bruna Greco\",\"image\":{\"@type\":\"ImageObject\",\"inLanguage\":\"pt-BR\",\"@id\":\"https:\/\/www.manaus.am.gov.br\/implurb\/#\/schema\/person\/image\/\",\"url\":\"https:\/\/secure.gravatar.com\/avatar\/9c877d1a6adc2a055330e5c09a8653ce?s=96&d=mm&r=g\",\"contentUrl\":\"https:\/\/secure.gravatar.com\/avatar\/9c877d1a6adc2a055330e5c09a8653ce?s=96&d=mm&r=g\",\"caption\":\"Bruna Greco\"}}]}<\/script>\n<!-- \/ Yoast SEO plugin. -->","yoast_head_json":{"title":"Avan\u00e7a com trabalhos t\u00e9cnicos para revis\u00e3o do Plano Diretor","description":"Prefeitura de Manaus, por meio do Implurb, avan\u00e7a com trabalhos t\u00e9cnicos para in\u00edcio da revis\u00e3o do Plano Diretor da cidade.","robots":{"index":"noindex","follow":"follow"},"og_locale":"pt_BR","og_type":"article","og_title":"Avan\u00e7a com trabalhos t\u00e9cnicos para revis\u00e3o do Plano Diretor","og_description":"Prefeitura de Manaus, por meio do Implurb, avan\u00e7a com trabalhos t\u00e9cnicos para in\u00edcio da revis\u00e3o do Plano Diretor da cidade.","og_url":"https:\/\/www.manaus.am.gov.br\/implurb\/trabalhos-tecnicos-revisao-plano-diretor\/","og_site_name":"IMPLURB","article_published_time":"2025-07-04T15:48:28+00:00","og_image":[{"width":4160,"height":2340,"url":"https:\/\/www.manaus.am.gov.br\/implurb\/wp-content\/uploads\/sites\/13\/2025\/07\/centro3.jpg","type":"image\/jpeg"}],"author":"Bruna Greco","twitter_card":"summary_large_image","twitter_misc":{"Written by":"Bruna Greco","Est. reading time":"5 minutos"},"schema":{"@context":"https:\/\/schema.org","@graph":[{"@type":"WebPage","@id":"https:\/\/www.manaus.am.gov.br\/implurb\/trabalhos-tecnicos-revisao-plano-diretor\/","url":"https:\/\/www.manaus.am.gov.br\/implurb\/trabalhos-tecnicos-revisao-plano-diretor\/","name":"Avan\u00e7a com trabalhos t\u00e9cnicos para revis\u00e3o do Plano Diretor","isPartOf":{"@id":"https:\/\/www.manaus.am.gov.br\/implurb\/#website"},"primaryImageOfPage":{"@id":"https:\/\/www.manaus.am.gov.br\/implurb\/trabalhos-tecnicos-revisao-plano-diretor\/#primaryimage"},"image":{"@id":"https:\/\/www.manaus.am.gov.br\/implurb\/trabalhos-tecnicos-revisao-plano-diretor\/#primaryimage"},"thumbnailUrl":"https:\/\/www.manaus.am.gov.br\/implurb\/wp-content\/uploads\/sites\/13\/2025\/07\/centro3.jpg","datePublished":"2025-07-04T15:48:28+00:00","dateModified":"2025-07-04T15:48:28+00:00","author":{"@id":"https:\/\/www.manaus.am.gov.br\/implurb\/#\/schema\/person\/05d223aea2bf115f9883a6ff3683d81b"},"description":"Prefeitura de Manaus, por meio do Implurb, avan\u00e7a com trabalhos t\u00e9cnicos para in\u00edcio da revis\u00e3o do Plano Diretor da cidade.","breadcrumb":{"@id":"https:\/\/www.manaus.am.gov.br\/implurb\/trabalhos-tecnicos-revisao-plano-diretor\/#breadcrumb"},"inLanguage":"pt-BR","potentialAction":[{"@type":"ReadAction","target":["https:\/\/www.manaus.am.gov.br\/implurb\/trabalhos-tecnicos-revisao-plano-diretor\/"]}]},{"@type":"ImageObject","inLanguage":"pt-BR","@id":"https:\/\/www.manaus.am.gov.br\/implurb\/trabalhos-tecnicos-revisao-plano-diretor\/#primaryimage","url":"https:\/\/www.manaus.am.gov.br\/implurb\/wp-content\/uploads\/sites\/13\/2025\/07\/centro3.jpg","contentUrl":"https:\/\/www.manaus.am.gov.br\/implurb\/wp-content\/uploads\/sites\/13\/2025\/07\/centro3.jpg","width":4160,"height":2340,"caption":"#paratodosverem - Imagem a\u00e9rea da cidade de Manaus"},{"@type":"BreadcrumbList","@id":"https:\/\/www.manaus.am.gov.br\/implurb\/trabalhos-tecnicos-revisao-plano-diretor\/#breadcrumb","itemListElement":[{"@type":"ListItem","position":1,"name":"Home","item":"https:\/\/www.manaus.am.gov.br\/implurb\/"},{"@type":"ListItem","position":2,"name":"Prefeitura de Manaus avan\u00e7a com trabalhos t\u00e9cnicos para in\u00edcio da revis\u00e3o do Plano Diretor da cidade"}]},{"@type":"WebSite","@id":"https:\/\/www.manaus.am.gov.br\/implurb\/#website","url":"https:\/\/www.manaus.am.gov.br\/implurb\/","name":"IMPLURB","description":"Prefeitura de Manaus","potentialAction":[{"@type":"SearchAction","target":{"@type":"EntryPoint","urlTemplate":"https:\/\/www.manaus.am.gov.br\/implurb\/?s={search_term_string}"},"query-input":"required name=search_term_string"}],"inLanguage":"pt-BR"},{"@type":"Person","@id":"https:\/\/www.manaus.am.gov.br\/implurb\/#\/schema\/person\/05d223aea2bf115f9883a6ff3683d81b","name":"Bruna Greco","image":{"@type":"ImageObject","inLanguage":"pt-BR","@id":"https:\/\/www.manaus.am.gov.br\/implurb\/#\/schema\/person\/image\/","url":"https:\/\/secure.gravatar.com\/avatar\/9c877d1a6adc2a055330e5c09a8653ce?s=96&d=mm&r=g","contentUrl":"https:\/\/secure.gravatar.com\/avatar\/9c877d1a6adc2a055330e5c09a8653ce?s=96&d=mm&r=g","caption":"Bruna Greco"}}]}},"_links":{"self":[{"href":"https:\/\/www.manaus.am.gov.br\/implurb\/wp-json\/wp\/v2\/posts\/6256"}],"collection":[{"href":"https:\/\/www.manaus.am.gov.br\/implurb\/wp-json\/wp\/v2\/posts"}],"about":[{"href":"https:\/\/www.manaus.am.gov.br\/implurb\/wp-json\/wp\/v2\/types\/post"}],"author":[{"embeddable":true,"href":"https:\/\/www.manaus.am.gov.br\/implurb\/wp-json\/wp\/v2\/users\/39"}],"replies":[{"embeddable":true,"href":"https:\/\/www.manaus.am.gov.br\/implurb\/wp-json\/wp\/v2\/comments?post=6256"}],"version-history":[{"count":1,"href":"https:\/\/www.manaus.am.gov.br\/implurb\/wp-json\/wp\/v2\/posts\/6256\/revisions"}],"predecessor-version":[{"id":6260,"href":"https:\/\/www.manaus.am.gov.br\/implurb\/wp-json\/wp\/v2\/posts\/6256\/revisions\/6260"}],"wp:featuredmedia":[{"embeddable":true,"href":"https:\/\/www.manaus.am.gov.br\/implurb\/wp-json\/wp\/v2\/media\/6259"}],"wp:attachment":[{"href":"https:\/\/www.manaus.am.gov.br\/implurb\/wp-json\/wp\/v2\/media?parent=6256"}],"wp:term":[{"taxonomy":"category","embeddable":true,"href":"https:\/\/www.manaus.am.gov.br\/implurb\/wp-json\/wp\/v2\/categories?post=6256"},{"taxonomy":"post_tag","embeddable":true,"href":"https:\/\/www.manaus.am.gov.br\/implurb\/wp-json\/wp\/v2\/tags?post=6256"}],"curies":[{"name":"wp","href":"https:\/\/api.w.org\/{rel}","templated":true}]}}