{"id":6233,"date":"2025-06-27T11:04:36","date_gmt":"2025-06-27T15:04:36","guid":{"rendered":"https:\/\/www.manaus.am.gov.br\/implurb\/prefeitura-implurb-alta-alvaras\/"},"modified":"2025-06-27T11:04:37","modified_gmt":"2025-06-27T15:04:37","slug":"prefeitura-implurb-alta-alvaras","status":"publish","type":"post","link":"https:\/\/www.manaus.am.gov.br\/implurb\/prefeitura-implurb-alta-alvaras\/","title":{"rendered":"Prefeitura de Manaus tem alta de 7% no n\u00famero de novos alvar\u00e1s de constru\u00e7\u00e3o expedidos de janeiro a maio"},"content":{"rendered":"\n<p>De janeiro a maio de 2025, a Prefeitura de Manaus, via Instituto Municipal de Planejamento Urbano (Implurb), registrou alta de 7% no n\u00famero de alvar\u00e1s de constru\u00e7\u00e3o expedidos, totalizando 283 documentos, contra 265 do ano anterior.<\/p>\n\n\n\n<p>Em maio, foram emitidos mais 76 alvar\u00e1s de constru\u00e7\u00e3o, incluindo os novos do sistema autodeclarat\u00f3rio (Alvar\u00e1 de Constru\u00e7\u00e3o Mais F\u00e1cil).<\/p>\n\n\n\n<p>Em toda a gest\u00e3o do prefeito David Almeida, de janeiro de 2021 a maio de 2025, o Implurb soma 3.860 alvar\u00e1s, totalizando mais de 5 milh\u00f5es de metros quadrados em \u00e1reas licenciadas, sendo 302 mil metros quadrados deste ano.<\/p>\n\n\n\n<p>\u201cSeguimos atuando com a capacidade de inova\u00e7\u00e3o e de crescimento. O setor da constru\u00e7\u00e3o civil mant\u00e9m perspectivas positivas, tamb\u00e9m tendo o impulsionamento de programas habitacionais, como o \u2018Minha Casa, Minha Vida\u2019, grandes investimentos em infraestrutura e os nossos n\u00fameros mostram o trabalho de uma equipe t\u00e9cnica de compet\u00eancia, tanto nos atendimentos on-line quanto no presencial. \u00c9 uma a\u00e7\u00e3o que os servidores do&nbsp;Implurb&nbsp;oferecem e desenvolvem para a popula\u00e7\u00e3o da cidade de Manaus, com reflexo na gera\u00e7\u00e3o de emprego e renda no setor da&nbsp;constru\u00e7\u00e3o&nbsp;civil\u201d, contabilizou o diretor-presidente da autarquia, Carlos Valente.<\/p>\n\n\n\n<p>Mercado aquecido<\/p>\n\n\n\n<p>Os dados refletem ainda a expectativa do setor da&nbsp;constru\u00e7\u00e3o&nbsp;civil no Brasil, que tem apresentado evolu\u00e7\u00e3o consistente nos \u00faltimos anos. As proje\u00e7\u00f5es para 2025 indicam a continuidade dessa expans\u00e3o.<\/p>\n\n\n\n<p>De acordo com a C\u00e2mara Brasileira da Ind\u00fastria da Constru\u00e7\u00e3o (Cbic), a expectativa \u00e9 de um aumento de 2,3%, refletindo um mercado ainda aquecido, com empresas, com\u00e9rcios e ind\u00fastrias buscando oportunidades significativas em projetos inovadores e personalizados, alavancando solu\u00e7\u00f5es que promovem sustentabilidade e efici\u00eancia.<\/p>\n\n\n\n<p>Mais alvar\u00e1s de&nbsp;constru\u00e7\u00e3o&nbsp;significam mais obras regularizadas e resultam na busca do servi\u00e7o de licenciamento pela popula\u00e7\u00e3o, levando mais seguran\u00e7a a seus projetos e edifica\u00e7\u00f5es.<\/p>\n\n\n\n<p>Em rela\u00e7\u00e3o aos n\u00fameros de&nbsp;alvar\u00e1s, de acordo com os par\u00e2metros da Cbic, a prefeitura impactou na gera\u00e7\u00e3o de mais de 35 mil empregos diretos e indiretos&nbsp;no&nbsp;<em>construbusiness<\/em>&nbsp;em Manaus, desde obras, servi\u00e7os e at\u00e9 fornecimento de materiais e insumos.<\/p>\n\n\n\n<p>&#8212; &#8212; &#8212;<\/p>\n\n\n\n<p><strong>Texto <\/strong>&#8211;\u00a0Cl\u00e1udia do Valle\/Implurb <\/p>\n\n\n\n<p><strong>Fotos\u00a0<\/strong>&#8211; Arquivo\/Semcom<\/p>\n","protected":false},"excerpt":{"rendered":"","protected":false},"author":23,"featured_media":6234,"comment_status":"closed","ping_status":"closed","sticky":false,"template":"","format":"standard","meta":{"footnotes":""},"categories":[33],"tags":[259,804,11,1507,1633,15],"acf":[],"yoast_head":"<!-- This site is optimized with the Yoast SEO plugin v23.0 - https:\/\/yoast.com\/wordpress\/plugins\/seo\/ -->\n<title>Prefeitura de Manaus tem alta de 7% no n\u00famero de novos alvar\u00e1s de constru\u00e7\u00e3o expedidos de janeiro a maio<\/title>\n<meta name=\"description\" content=\"De janeiro a maio de 2025, a Prefeitura de Manaus, via Instituto Municipal de Planejamento Urbano (Implurb), registrou alta de 7% no n\u00famero de alvar\u00e1s de constru\u00e7\u00e3o expedidos, totalizando 283 documentos, contra 265 do ano anterior.\" \/>\n<meta name=\"robots\" content=\"noindex, follow\" \/>\n<meta property=\"og:locale\" content=\"pt_BR\" \/>\n<meta property=\"og:type\" content=\"article\" \/>\n<meta property=\"og:title\" content=\"Prefeitura de Manaus tem alta de 7% no n\u00famero de novos alvar\u00e1s de constru\u00e7\u00e3o expedidos de janeiro a maio\" \/>\n<meta property=\"og:description\" content=\"De janeiro a maio de 2025, a Prefeitura de Manaus, via Instituto Municipal de Planejamento Urbano (Implurb), registrou alta de 7% no n\u00famero de alvar\u00e1s de constru\u00e7\u00e3o expedidos, totalizando 283 documentos, contra 265 do ano anterior.\" \/>\n<meta property=\"og:url\" content=\"https:\/\/www.manaus.am.gov.br\/implurb\/prefeitura-implurb-alta-alvaras\/\" \/>\n<meta property=\"og:site_name\" content=\"IMPLURB\" \/>\n<meta property=\"article:published_time\" content=\"2025-06-27T15:04:36+00:00\" \/>\n<meta property=\"article:modified_time\" content=\"2025-06-27T15:04:37+00:00\" \/>\n<meta property=\"og:image\" content=\"https:\/\/www.manaus.am.gov.br\/implurb\/wp-content\/uploads\/sites\/13\/2025\/06\/WhatsApp-Image-2025-06-27-at-11.03.33.jpeg\" \/>\n\t<meta property=\"og:image:width\" content=\"1600\" \/>\n\t<meta property=\"og:image:height\" content=\"900\" \/>\n\t<meta property=\"og:image:type\" content=\"image\/jpeg\" \/>\n<meta name=\"author\" content=\"Adriana Costa\" \/>\n<meta name=\"twitter:card\" content=\"summary_large_image\" \/>\n<meta name=\"twitter:label1\" content=\"Written by\" \/>\n\t<meta name=\"twitter:data1\" content=\"Adriana Costa\" \/>\n\t<meta name=\"twitter:label2\" content=\"Est. reading time\" \/>\n\t<meta name=\"twitter:data2\" content=\"2 minutos\" \/>\n<script type=\"application\/ld+json\" class=\"yoast-schema-graph\">{\"@context\":\"https:\/\/schema.org\",\"@graph\":[{\"@type\":\"WebPage\",\"@id\":\"https:\/\/www.manaus.am.gov.br\/implurb\/prefeitura-implurb-alta-alvaras\/\",\"url\":\"https:\/\/www.manaus.am.gov.br\/implurb\/prefeitura-implurb-alta-alvaras\/\",\"name\":\"Prefeitura de Manaus tem alta de 7% no n\u00famero de novos alvar\u00e1s de constru\u00e7\u00e3o expedidos de janeiro a maio\",\"isPartOf\":{\"@id\":\"https:\/\/www.manaus.am.gov.br\/implurb\/#website\"},\"primaryImageOfPage\":{\"@id\":\"https:\/\/www.manaus.am.gov.br\/implurb\/prefeitura-implurb-alta-alvaras\/#primaryimage\"},\"image\":{\"@id\":\"https:\/\/www.manaus.am.gov.br\/implurb\/prefeitura-implurb-alta-alvaras\/#primaryimage\"},\"thumbnailUrl\":\"https:\/\/www.manaus.am.gov.br\/implurb\/wp-content\/uploads\/sites\/13\/2025\/06\/WhatsApp-Image-2025-06-27-at-11.03.33.jpeg\",\"datePublished\":\"2025-06-27T15:04:36+00:00\",\"dateModified\":\"2025-06-27T15:04:37+00:00\",\"author\":{\"@id\":\"https:\/\/www.manaus.am.gov.br\/implurb\/#\/schema\/person\/4e49f4e267757a06ca072ec61b2b9968\"},\"description\":\"De janeiro a maio de 2025, a Prefeitura de Manaus, via Instituto Municipal de Planejamento Urbano (Implurb), registrou alta de 7% no n\u00famero de alvar\u00e1s de constru\u00e7\u00e3o expedidos, totalizando 283 documentos, contra 265 do ano anterior.\",\"breadcrumb\":{\"@id\":\"https:\/\/www.manaus.am.gov.br\/implurb\/prefeitura-implurb-alta-alvaras\/#breadcrumb\"},\"inLanguage\":\"pt-BR\",\"potentialAction\":[{\"@type\":\"ReadAction\",\"target\":[\"https:\/\/www.manaus.am.gov.br\/implurb\/prefeitura-implurb-alta-alvaras\/\"]}]},{\"@type\":\"ImageObject\",\"inLanguage\":\"pt-BR\",\"@id\":\"https:\/\/www.manaus.am.gov.br\/implurb\/prefeitura-implurb-alta-alvaras\/#primaryimage\",\"url\":\"https:\/\/www.manaus.am.gov.br\/implurb\/wp-content\/uploads\/sites\/13\/2025\/06\/WhatsApp-Image-2025-06-27-at-11.03.33.jpeg\",\"contentUrl\":\"https:\/\/www.manaus.am.gov.br\/implurb\/wp-content\/uploads\/sites\/13\/2025\/06\/WhatsApp-Image-2025-06-27-at-11.03.33.jpeg\",\"width\":1600,\"height\":900},{\"@type\":\"BreadcrumbList\",\"@id\":\"https:\/\/www.manaus.am.gov.br\/implurb\/prefeitura-implurb-alta-alvaras\/#breadcrumb\",\"itemListElement\":[{\"@type\":\"ListItem\",\"position\":1,\"name\":\"Home\",\"item\":\"https:\/\/www.manaus.am.gov.br\/implurb\/\"},{\"@type\":\"ListItem\",\"position\":2,\"name\":\"Prefeitura de Manaus tem alta de 7% no n\u00famero de novos alvar\u00e1s de constru\u00e7\u00e3o expedidos de janeiro a maio\"}]},{\"@type\":\"WebSite\",\"@id\":\"https:\/\/www.manaus.am.gov.br\/implurb\/#website\",\"url\":\"https:\/\/www.manaus.am.gov.br\/implurb\/\",\"name\":\"IMPLURB\",\"description\":\"Prefeitura de Manaus\",\"potentialAction\":[{\"@type\":\"SearchAction\",\"target\":{\"@type\":\"EntryPoint\",\"urlTemplate\":\"https:\/\/www.manaus.am.gov.br\/implurb\/?s={search_term_string}\"},\"query-input\":\"required name=search_term_string\"}],\"inLanguage\":\"pt-BR\"},{\"@type\":\"Person\",\"@id\":\"https:\/\/www.manaus.am.gov.br\/implurb\/#\/schema\/person\/4e49f4e267757a06ca072ec61b2b9968\",\"name\":\"Adriana Costa\",\"image\":{\"@type\":\"ImageObject\",\"inLanguage\":\"pt-BR\",\"@id\":\"https:\/\/www.manaus.am.gov.br\/implurb\/#\/schema\/person\/image\/\",\"url\":\"https:\/\/secure.gravatar.com\/avatar\/576258617ef7194f718179e766d57bd4?s=96&d=mm&r=g\",\"contentUrl\":\"https:\/\/secure.gravatar.com\/avatar\/576258617ef7194f718179e766d57bd4?s=96&d=mm&r=g\",\"caption\":\"Adriana Costa\"}}]}<\/script>\n<!-- \/ Yoast SEO plugin. -->","yoast_head_json":{"title":"Prefeitura de Manaus tem alta de 7% no n\u00famero de novos alvar\u00e1s de constru\u00e7\u00e3o expedidos de janeiro a maio","description":"De janeiro a maio de 2025, a Prefeitura de Manaus, via Instituto Municipal de Planejamento Urbano (Implurb), registrou alta de 7% no n\u00famero de alvar\u00e1s de constru\u00e7\u00e3o expedidos, totalizando 283 documentos, contra 265 do ano anterior.","robots":{"index":"noindex","follow":"follow"},"og_locale":"pt_BR","og_type":"article","og_title":"Prefeitura de Manaus tem alta de 7% no n\u00famero de novos alvar\u00e1s de constru\u00e7\u00e3o expedidos de janeiro a maio","og_description":"De janeiro a maio de 2025, a Prefeitura de Manaus, via Instituto Municipal de Planejamento Urbano (Implurb), registrou alta de 7% no n\u00famero de alvar\u00e1s de constru\u00e7\u00e3o expedidos, totalizando 283 documentos, contra 265 do ano anterior.","og_url":"https:\/\/www.manaus.am.gov.br\/implurb\/prefeitura-implurb-alta-alvaras\/","og_site_name":"IMPLURB","article_published_time":"2025-06-27T15:04:36+00:00","article_modified_time":"2025-06-27T15:04:37+00:00","og_image":[{"width":1600,"height":900,"url":"https:\/\/www.manaus.am.gov.br\/implurb\/wp-content\/uploads\/sites\/13\/2025\/06\/WhatsApp-Image-2025-06-27-at-11.03.33.jpeg","type":"image\/jpeg"}],"author":"Adriana Costa","twitter_card":"summary_large_image","twitter_misc":{"Written by":"Adriana Costa","Est. reading time":"2 minutos"},"schema":{"@context":"https:\/\/schema.org","@graph":[{"@type":"WebPage","@id":"https:\/\/www.manaus.am.gov.br\/implurb\/prefeitura-implurb-alta-alvaras\/","url":"https:\/\/www.manaus.am.gov.br\/implurb\/prefeitura-implurb-alta-alvaras\/","name":"Prefeitura de Manaus tem alta de 7% no n\u00famero de novos alvar\u00e1s de constru\u00e7\u00e3o expedidos de janeiro a maio","isPartOf":{"@id":"https:\/\/www.manaus.am.gov.br\/implurb\/#website"},"primaryImageOfPage":{"@id":"https:\/\/www.manaus.am.gov.br\/implurb\/prefeitura-implurb-alta-alvaras\/#primaryimage"},"image":{"@id":"https:\/\/www.manaus.am.gov.br\/implurb\/prefeitura-implurb-alta-alvaras\/#primaryimage"},"thumbnailUrl":"https:\/\/www.manaus.am.gov.br\/implurb\/wp-content\/uploads\/sites\/13\/2025\/06\/WhatsApp-Image-2025-06-27-at-11.03.33.jpeg","datePublished":"2025-06-27T15:04:36+00:00","dateModified":"2025-06-27T15:04:37+00:00","author":{"@id":"https:\/\/www.manaus.am.gov.br\/implurb\/#\/schema\/person\/4e49f4e267757a06ca072ec61b2b9968"},"description":"De janeiro a maio de 2025, a Prefeitura de Manaus, via Instituto Municipal de Planejamento Urbano (Implurb), registrou alta de 7% no n\u00famero de alvar\u00e1s de constru\u00e7\u00e3o expedidos, totalizando 283 documentos, contra 265 do ano anterior.","breadcrumb":{"@id":"https:\/\/www.manaus.am.gov.br\/implurb\/prefeitura-implurb-alta-alvaras\/#breadcrumb"},"inLanguage":"pt-BR","potentialAction":[{"@type":"ReadAction","target":["https:\/\/www.manaus.am.gov.br\/implurb\/prefeitura-implurb-alta-alvaras\/"]}]},{"@type":"ImageObject","inLanguage":"pt-BR","@id":"https:\/\/www.manaus.am.gov.br\/implurb\/prefeitura-implurb-alta-alvaras\/#primaryimage","url":"https:\/\/www.manaus.am.gov.br\/implurb\/wp-content\/uploads\/sites\/13\/2025\/06\/WhatsApp-Image-2025-06-27-at-11.03.33.jpeg","contentUrl":"https:\/\/www.manaus.am.gov.br\/implurb\/wp-content\/uploads\/sites\/13\/2025\/06\/WhatsApp-Image-2025-06-27-at-11.03.33.jpeg","width":1600,"height":900},{"@type":"BreadcrumbList","@id":"https:\/\/www.manaus.am.gov.br\/implurb\/prefeitura-implurb-alta-alvaras\/#breadcrumb","itemListElement":[{"@type":"ListItem","position":1,"name":"Home","item":"https:\/\/www.manaus.am.gov.br\/implurb\/"},{"@type":"ListItem","position":2,"name":"Prefeitura de Manaus tem alta de 7% no n\u00famero de novos alvar\u00e1s de constru\u00e7\u00e3o expedidos de janeiro a maio"}]},{"@type":"WebSite","@id":"https:\/\/www.manaus.am.gov.br\/implurb\/#website","url":"https:\/\/www.manaus.am.gov.br\/implurb\/","name":"IMPLURB","description":"Prefeitura de Manaus","potentialAction":[{"@type":"SearchAction","target":{"@type":"EntryPoint","urlTemplate":"https:\/\/www.manaus.am.gov.br\/implurb\/?s={search_term_string}"},"query-input":"required name=search_term_string"}],"inLanguage":"pt-BR"},{"@type":"Person","@id":"https:\/\/www.manaus.am.gov.br\/implurb\/#\/schema\/person\/4e49f4e267757a06ca072ec61b2b9968","name":"Adriana Costa","image":{"@type":"ImageObject","inLanguage":"pt-BR","@id":"https:\/\/www.manaus.am.gov.br\/implurb\/#\/schema\/person\/image\/","url":"https:\/\/secure.gravatar.com\/avatar\/576258617ef7194f718179e766d57bd4?s=96&d=mm&r=g","contentUrl":"https:\/\/secure.gravatar.com\/avatar\/576258617ef7194f718179e766d57bd4?s=96&d=mm&r=g","caption":"Adriana Costa"}}]}},"_links":{"self":[{"href":"https:\/\/www.manaus.am.gov.br\/implurb\/wp-json\/wp\/v2\/posts\/6233"}],"collection":[{"href":"https:\/\/www.manaus.am.gov.br\/implurb\/wp-json\/wp\/v2\/posts"}],"about":[{"href":"https:\/\/www.manaus.am.gov.br\/implurb\/wp-json\/wp\/v2\/types\/post"}],"author":[{"embeddable":true,"href":"https:\/\/www.manaus.am.gov.br\/implurb\/wp-json\/wp\/v2\/users\/23"}],"replies":[{"embeddable":true,"href":"https:\/\/www.manaus.am.gov.br\/implurb\/wp-json\/wp\/v2\/comments?post=6233"}],"version-history":[{"count":0,"href":"https:\/\/www.manaus.am.gov.br\/implurb\/wp-json\/wp\/v2\/posts\/6233\/revisions"}],"wp:featuredmedia":[{"embeddable":true,"href":"https:\/\/www.manaus.am.gov.br\/implurb\/wp-json\/wp\/v2\/media\/6234"}],"wp:attachment":[{"href":"https:\/\/www.manaus.am.gov.br\/implurb\/wp-json\/wp\/v2\/media?parent=6233"}],"wp:term":[{"taxonomy":"category","embeddable":true,"href":"https:\/\/www.manaus.am.gov.br\/implurb\/wp-json\/wp\/v2\/categories?post=6233"},{"taxonomy":"post_tag","embeddable":true,"href":"https:\/\/www.manaus.am.gov.br\/implurb\/wp-json\/wp\/v2\/tags?post=6233"}],"curies":[{"name":"wp","href":"https:\/\/api.w.org\/{rel}","templated":true}]}}