{"id":6225,"date":"2025-06-18T16:47:34","date_gmt":"2025-06-18T20:47:34","guid":{"rendered":"https:\/\/www.manaus.am.gov.br\/implurb\/construcoes-irregulares\/"},"modified":"2025-06-18T16:47:36","modified_gmt":"2025-06-18T20:47:36","slug":"construcoes-irregulares","status":"publish","type":"post","link":"https:\/\/www.manaus.am.gov.br\/implurb\/construcoes-irregulares\/","title":{"rendered":"Prefeitura de Manaus vai iniciar notifica\u00e7\u00e3o em conjunto para moradores demolirem constru\u00e7\u00f5es irregulares"},"content":{"rendered":"\n<p>Cumprindo uma decis\u00e3o judicial da 1\u00aa Vara da Fazenda P\u00fablica do Amazonas, a Prefeitura de Manaus, por meio do Instituto Municipal de Planejamento Urbano (Implurb), come\u00e7a a cumprir senten\u00e7a condenat\u00f3ria de obriga\u00e7\u00e3o de fazer na pr\u00f3xima segunda-feira, 23\/6, notificando moradores de um conjunto residencial na zona Norte, por diversas constru\u00e7\u00f5es irregulares em \u00e1reas p\u00fablicas como cal\u00e7adas, espa\u00e7os comuns e logradouros.<\/p>\n\n\n\n<p>As notifica\u00e7\u00f5es ser\u00e3o entregues para os moradores e residentes fazerem as demoli\u00e7\u00f5es volunt\u00e1rias de estruturas como garagens cobertas, boxes de metal e de alvenaria, avan\u00e7os e similares constru\u00eddos \u00e0 revelia da legisla\u00e7\u00e3o urbana, ocupando \u00e1reas p\u00fablicas como se fossem bens privados.<\/p>\n\n\n\n<p>A demoli\u00e7\u00e3o espont\u00e2nea \u00e9 o melhor para as situa\u00e7\u00f5es de desconformidades encontradas no conjunto, na qual o propriet\u00e1rio faz a retirada dos avan\u00e7os e n\u00e3o gera \u00f4nus ao poder p\u00fablico.<\/p>\n\n\n\n<p>Em anos anteriores, de 2015 a 2023, a prefeitura fez demoli\u00e7\u00f5es semelhantes, tamb\u00e9m cumprindo senten\u00e7a judicial, nos conjuntos Yael, Ayapu\u00e1, Cidade Jardim, Jo\u00e3o Bosco e Eldorado, por exemplo. No Yael, as edifica\u00e7\u00f5es constru\u00eddas n\u00e3o apenas descaracterizavam o residencial, como comprometiam a seguran\u00e7a, j\u00e1 que foi encontrada at\u00e9 uma piscina no telhado de um dos apartamentos e acr\u00e9scimos de novos andares.<\/p>\n\n\n\n<p><strong>Demoli\u00e7\u00e3o volunt\u00e1ria<\/strong><\/p>\n\n\n\n<p>Em caso de n\u00e3o cumprimento \u00e0 demoli\u00e7\u00e3o volunt\u00e1ria, a prefeitura ter\u00e1 que realizar a demoli\u00e7\u00e3o administrativa para recuperar as \u00e1reas p\u00fablicas do conjunto. Conforme decis\u00e3o judicial, a senten\u00e7a visa permitir o tr\u00e2nsito regular de pessoas e o estacionamento de ve\u00edculos em suas respectivas vagas, \u201csob pena de ado\u00e7\u00e3o de medidas coercitivas para assegurar a efetividade desta decis\u00e3o\u201d. Nenhuma das estruturas f\u00edsicas constru\u00eddas est\u00e3o no projeto original do residencial.<\/p>\n\n\n\n<p>Hoje, no Implurb, equipes da fiscaliza\u00e7\u00e3o e de opera\u00e7\u00e3o estiveram reunidas para alinhar o cronograma de a\u00e7\u00e3o para que seja feita a ampla notifica\u00e7\u00e3o e informa\u00e7\u00e3o aos moradores.<\/p>\n\n\n\n<p>\u201cFoi uma a\u00e7\u00e3o movida pelo Minist\u00e9rio P\u00fablico do Amazonas, que acionou a Justi\u00e7a em desfavor do munic\u00edpio. Agora \u00e9 uma decis\u00e3o de cumprimento de senten\u00e7a. Fizemos a reuni\u00e3o com a nossa equipe para montar a opera\u00e7\u00e3o que visa retirar constru\u00e7\u00f5es irregulares e feitas por particulares em \u00e1reas p\u00fablicas e \u00e1reas comuns a todos no conjunto. Nenhuma das \u00e1reas \u00e9 pass\u00edvel de regulariza\u00e7\u00e3o\u201d, afirmou o vice-presidente do Implurb, Ant\u00f4nio Peixoto.<\/p>\n\n\n\n<p>Para Peixoto, \u00e9 importante que a popula\u00e7\u00e3o entenda n\u00e3o ser poss\u00edvel ocupar espa\u00e7os p\u00fablicos, como cal\u00e7adas e at\u00e9 mesmo vias, com constru\u00e7\u00f5es privadas, tomando para si \u00e1reas que n\u00e3o s\u00e3o privadas, mas de uso geral, para todos.<\/p>\n\n\n\n<p>\u201cVamos fazer a primeira notifica\u00e7\u00e3o e a gente espera que eles possam cumprir voluntariamente essa demoli\u00e7\u00e3o e retirada. \u00c9 importante que todos compreendam a necessidade da demoli\u00e7\u00e3o e remo\u00e7\u00e3o de estruturas constru\u00eddas ao arrepio da lei. A prefeitura reitera o seu compromisso de atuar em prol do direito coletivo\u201d, contou.<\/p>\n\n\n\n<p>&#8212; &#8212; &#8212;<\/p>\n\n\n\n<p><strong>Texto &#8211;<\/strong>&nbsp;Claudia do Valle \/ Implurb<\/p>\n\n\n\n<p><strong>Fotos&nbsp;\u2013<\/strong> Maxwell Oliveira\/ Implurb<\/p>\n","protected":false},"excerpt":{"rendered":"","protected":false},"author":57,"featured_media":6226,"comment_status":"closed","ping_status":"closed","sticky":false,"template":"","format":"standard","meta":{"footnotes":""},"categories":[33],"tags":[1069,11,15],"acf":[],"yoast_head":"<!-- This site is optimized with the Yoast SEO plugin v23.0 - https:\/\/yoast.com\/wordpress\/plugins\/seo\/ -->\n<title>PMM vai iniciar notifica\u00e7\u00e3o contra constru\u00e7\u00f5es irregulares<\/title>\n<meta name=\"description\" content=\"A PMM come\u00e7a a cumprir senten\u00e7a condenat\u00f3ria de obriga\u00e7\u00e3o notificando moradores de um conjunto residencial por constru\u00e7\u00f5es irregulares.\" \/>\n<meta name=\"robots\" content=\"noindex, follow\" \/>\n<meta property=\"og:locale\" content=\"pt_BR\" \/>\n<meta property=\"og:type\" content=\"article\" \/>\n<meta property=\"og:title\" content=\"PMM vai iniciar notifica\u00e7\u00e3o contra constru\u00e7\u00f5es irregulares\" \/>\n<meta property=\"og:description\" content=\"A PMM come\u00e7a a cumprir senten\u00e7a condenat\u00f3ria de obriga\u00e7\u00e3o notificando moradores de um conjunto residencial por constru\u00e7\u00f5es irregulares.\" \/>\n<meta property=\"og:url\" content=\"https:\/\/www.manaus.am.gov.br\/implurb\/construcoes-irregulares\/\" \/>\n<meta property=\"og:site_name\" content=\"IMPLURB\" \/>\n<meta property=\"article:published_time\" content=\"2025-06-18T20:47:34+00:00\" \/>\n<meta property=\"article:modified_time\" content=\"2025-06-18T20:47:36+00:00\" \/>\n<meta property=\"og:image\" content=\"https:\/\/www.manaus.am.gov.br\/implurb\/wp-content\/uploads\/sites\/13\/2025\/06\/construcoes-irregulares-1.jpeg\" \/>\n\t<meta property=\"og:image:width\" content=\"4160\" \/>\n\t<meta property=\"og:image:height\" content=\"3120\" \/>\n\t<meta property=\"og:image:type\" content=\"image\/jpeg\" \/>\n<meta name=\"author\" content=\"Thiago Fernando\" \/>\n<meta name=\"twitter:card\" content=\"summary_large_image\" \/>\n<meta name=\"twitter:label1\" content=\"Written by\" \/>\n\t<meta name=\"twitter:data1\" content=\"Thiago Fernando\" \/>\n\t<meta name=\"twitter:label2\" content=\"Est. reading time\" \/>\n\t<meta name=\"twitter:data2\" content=\"3 minutos\" \/>\n<script type=\"application\/ld+json\" class=\"yoast-schema-graph\">{\"@context\":\"https:\/\/schema.org\",\"@graph\":[{\"@type\":\"WebPage\",\"@id\":\"https:\/\/www.manaus.am.gov.br\/implurb\/construcoes-irregulares\/\",\"url\":\"https:\/\/www.manaus.am.gov.br\/implurb\/construcoes-irregulares\/\",\"name\":\"PMM vai iniciar notifica\u00e7\u00e3o contra constru\u00e7\u00f5es irregulares\",\"isPartOf\":{\"@id\":\"https:\/\/www.manaus.am.gov.br\/implurb\/#website\"},\"primaryImageOfPage\":{\"@id\":\"https:\/\/www.manaus.am.gov.br\/implurb\/construcoes-irregulares\/#primaryimage\"},\"image\":{\"@id\":\"https:\/\/www.manaus.am.gov.br\/implurb\/construcoes-irregulares\/#primaryimage\"},\"thumbnailUrl\":\"https:\/\/www.manaus.am.gov.br\/implurb\/wp-content\/uploads\/sites\/13\/2025\/06\/construcoes-irregulares-1.jpeg\",\"datePublished\":\"2025-06-18T20:47:34+00:00\",\"dateModified\":\"2025-06-18T20:47:36+00:00\",\"author\":{\"@id\":\"https:\/\/www.manaus.am.gov.br\/implurb\/#\/schema\/person\/a5ee5376db6e21af026374b369f30882\"},\"description\":\"A PMM come\u00e7a a cumprir senten\u00e7a condenat\u00f3ria de obriga\u00e7\u00e3o notificando moradores de um conjunto residencial por constru\u00e7\u00f5es irregulares.\",\"breadcrumb\":{\"@id\":\"https:\/\/www.manaus.am.gov.br\/implurb\/construcoes-irregulares\/#breadcrumb\"},\"inLanguage\":\"pt-BR\",\"potentialAction\":[{\"@type\":\"ReadAction\",\"target\":[\"https:\/\/www.manaus.am.gov.br\/implurb\/construcoes-irregulares\/\"]}]},{\"@type\":\"ImageObject\",\"inLanguage\":\"pt-BR\",\"@id\":\"https:\/\/www.manaus.am.gov.br\/implurb\/construcoes-irregulares\/#primaryimage\",\"url\":\"https:\/\/www.manaus.am.gov.br\/implurb\/wp-content\/uploads\/sites\/13\/2025\/06\/construcoes-irregulares-1.jpeg\",\"contentUrl\":\"https:\/\/www.manaus.am.gov.br\/implurb\/wp-content\/uploads\/sites\/13\/2025\/06\/construcoes-irregulares-1.jpeg\",\"width\":4160,\"height\":3120,\"caption\":\"constru\u00e7\u00f5es irregulares\"},{\"@type\":\"BreadcrumbList\",\"@id\":\"https:\/\/www.manaus.am.gov.br\/implurb\/construcoes-irregulares\/#breadcrumb\",\"itemListElement\":[{\"@type\":\"ListItem\",\"position\":1,\"name\":\"Home\",\"item\":\"https:\/\/www.manaus.am.gov.br\/implurb\/\"},{\"@type\":\"ListItem\",\"position\":2,\"name\":\"Prefeitura de Manaus vai iniciar notifica\u00e7\u00e3o em conjunto para moradores demolirem constru\u00e7\u00f5es irregulares\"}]},{\"@type\":\"WebSite\",\"@id\":\"https:\/\/www.manaus.am.gov.br\/implurb\/#website\",\"url\":\"https:\/\/www.manaus.am.gov.br\/implurb\/\",\"name\":\"IMPLURB\",\"description\":\"Prefeitura de Manaus\",\"potentialAction\":[{\"@type\":\"SearchAction\",\"target\":{\"@type\":\"EntryPoint\",\"urlTemplate\":\"https:\/\/www.manaus.am.gov.br\/implurb\/?s={search_term_string}\"},\"query-input\":\"required name=search_term_string\"}],\"inLanguage\":\"pt-BR\"},{\"@type\":\"Person\",\"@id\":\"https:\/\/www.manaus.am.gov.br\/implurb\/#\/schema\/person\/a5ee5376db6e21af026374b369f30882\",\"name\":\"Thiago Fernando\",\"image\":{\"@type\":\"ImageObject\",\"inLanguage\":\"pt-BR\",\"@id\":\"https:\/\/www.manaus.am.gov.br\/implurb\/#\/schema\/person\/image\/\",\"url\":\"https:\/\/secure.gravatar.com\/avatar\/f5aab8722444041451501c077052ac07?s=96&d=mm&r=g\",\"contentUrl\":\"https:\/\/secure.gravatar.com\/avatar\/f5aab8722444041451501c077052ac07?s=96&d=mm&r=g\",\"caption\":\"Thiago Fernando\"}}]}<\/script>\n<!-- \/ Yoast SEO plugin. -->","yoast_head_json":{"title":"PMM vai iniciar notifica\u00e7\u00e3o contra constru\u00e7\u00f5es irregulares","description":"A PMM come\u00e7a a cumprir senten\u00e7a condenat\u00f3ria de obriga\u00e7\u00e3o notificando moradores de um conjunto residencial por constru\u00e7\u00f5es irregulares.","robots":{"index":"noindex","follow":"follow"},"og_locale":"pt_BR","og_type":"article","og_title":"PMM vai iniciar notifica\u00e7\u00e3o contra constru\u00e7\u00f5es irregulares","og_description":"A PMM come\u00e7a a cumprir senten\u00e7a condenat\u00f3ria de obriga\u00e7\u00e3o notificando moradores de um conjunto residencial por constru\u00e7\u00f5es irregulares.","og_url":"https:\/\/www.manaus.am.gov.br\/implurb\/construcoes-irregulares\/","og_site_name":"IMPLURB","article_published_time":"2025-06-18T20:47:34+00:00","article_modified_time":"2025-06-18T20:47:36+00:00","og_image":[{"width":4160,"height":3120,"url":"https:\/\/www.manaus.am.gov.br\/implurb\/wp-content\/uploads\/sites\/13\/2025\/06\/construcoes-irregulares-1.jpeg","type":"image\/jpeg"}],"author":"Thiago Fernando","twitter_card":"summary_large_image","twitter_misc":{"Written by":"Thiago Fernando","Est. reading time":"3 minutos"},"schema":{"@context":"https:\/\/schema.org","@graph":[{"@type":"WebPage","@id":"https:\/\/www.manaus.am.gov.br\/implurb\/construcoes-irregulares\/","url":"https:\/\/www.manaus.am.gov.br\/implurb\/construcoes-irregulares\/","name":"PMM vai iniciar notifica\u00e7\u00e3o contra constru\u00e7\u00f5es irregulares","isPartOf":{"@id":"https:\/\/www.manaus.am.gov.br\/implurb\/#website"},"primaryImageOfPage":{"@id":"https:\/\/www.manaus.am.gov.br\/implurb\/construcoes-irregulares\/#primaryimage"},"image":{"@id":"https:\/\/www.manaus.am.gov.br\/implurb\/construcoes-irregulares\/#primaryimage"},"thumbnailUrl":"https:\/\/www.manaus.am.gov.br\/implurb\/wp-content\/uploads\/sites\/13\/2025\/06\/construcoes-irregulares-1.jpeg","datePublished":"2025-06-18T20:47:34+00:00","dateModified":"2025-06-18T20:47:36+00:00","author":{"@id":"https:\/\/www.manaus.am.gov.br\/implurb\/#\/schema\/person\/a5ee5376db6e21af026374b369f30882"},"description":"A PMM come\u00e7a a cumprir senten\u00e7a condenat\u00f3ria de obriga\u00e7\u00e3o notificando moradores de um conjunto residencial por constru\u00e7\u00f5es irregulares.","breadcrumb":{"@id":"https:\/\/www.manaus.am.gov.br\/implurb\/construcoes-irregulares\/#breadcrumb"},"inLanguage":"pt-BR","potentialAction":[{"@type":"ReadAction","target":["https:\/\/www.manaus.am.gov.br\/implurb\/construcoes-irregulares\/"]}]},{"@type":"ImageObject","inLanguage":"pt-BR","@id":"https:\/\/www.manaus.am.gov.br\/implurb\/construcoes-irregulares\/#primaryimage","url":"https:\/\/www.manaus.am.gov.br\/implurb\/wp-content\/uploads\/sites\/13\/2025\/06\/construcoes-irregulares-1.jpeg","contentUrl":"https:\/\/www.manaus.am.gov.br\/implurb\/wp-content\/uploads\/sites\/13\/2025\/06\/construcoes-irregulares-1.jpeg","width":4160,"height":3120,"caption":"constru\u00e7\u00f5es irregulares"},{"@type":"BreadcrumbList","@id":"https:\/\/www.manaus.am.gov.br\/implurb\/construcoes-irregulares\/#breadcrumb","itemListElement":[{"@type":"ListItem","position":1,"name":"Home","item":"https:\/\/www.manaus.am.gov.br\/implurb\/"},{"@type":"ListItem","position":2,"name":"Prefeitura de Manaus vai iniciar notifica\u00e7\u00e3o em conjunto para moradores demolirem constru\u00e7\u00f5es irregulares"}]},{"@type":"WebSite","@id":"https:\/\/www.manaus.am.gov.br\/implurb\/#website","url":"https:\/\/www.manaus.am.gov.br\/implurb\/","name":"IMPLURB","description":"Prefeitura de Manaus","potentialAction":[{"@type":"SearchAction","target":{"@type":"EntryPoint","urlTemplate":"https:\/\/www.manaus.am.gov.br\/implurb\/?s={search_term_string}"},"query-input":"required name=search_term_string"}],"inLanguage":"pt-BR"},{"@type":"Person","@id":"https:\/\/www.manaus.am.gov.br\/implurb\/#\/schema\/person\/a5ee5376db6e21af026374b369f30882","name":"Thiago Fernando","image":{"@type":"ImageObject","inLanguage":"pt-BR","@id":"https:\/\/www.manaus.am.gov.br\/implurb\/#\/schema\/person\/image\/","url":"https:\/\/secure.gravatar.com\/avatar\/f5aab8722444041451501c077052ac07?s=96&d=mm&r=g","contentUrl":"https:\/\/secure.gravatar.com\/avatar\/f5aab8722444041451501c077052ac07?s=96&d=mm&r=g","caption":"Thiago Fernando"}}]}},"_links":{"self":[{"href":"https:\/\/www.manaus.am.gov.br\/implurb\/wp-json\/wp\/v2\/posts\/6225"}],"collection":[{"href":"https:\/\/www.manaus.am.gov.br\/implurb\/wp-json\/wp\/v2\/posts"}],"about":[{"href":"https:\/\/www.manaus.am.gov.br\/implurb\/wp-json\/wp\/v2\/types\/post"}],"author":[{"embeddable":true,"href":"https:\/\/www.manaus.am.gov.br\/implurb\/wp-json\/wp\/v2\/users\/57"}],"replies":[{"embeddable":true,"href":"https:\/\/www.manaus.am.gov.br\/implurb\/wp-json\/wp\/v2\/comments?post=6225"}],"version-history":[{"count":0,"href":"https:\/\/www.manaus.am.gov.br\/implurb\/wp-json\/wp\/v2\/posts\/6225\/revisions"}],"wp:featuredmedia":[{"embeddable":true,"href":"https:\/\/www.manaus.am.gov.br\/implurb\/wp-json\/wp\/v2\/media\/6226"}],"wp:attachment":[{"href":"https:\/\/www.manaus.am.gov.br\/implurb\/wp-json\/wp\/v2\/media?parent=6225"}],"wp:term":[{"taxonomy":"category","embeddable":true,"href":"https:\/\/www.manaus.am.gov.br\/implurb\/wp-json\/wp\/v2\/categories?post=6225"},{"taxonomy":"post_tag","embeddable":true,"href":"https:\/\/www.manaus.am.gov.br\/implurb\/wp-json\/wp\/v2\/tags?post=6225"}],"curies":[{"name":"wp","href":"https:\/\/api.w.org\/{rel}","templated":true}]}}